{"id":43887,"date":"2021-02-05T17:02:18","date_gmt":"2021-02-05T20:02:18","guid":{"rendered":"http:\/\/maringapost.com.br\/orlandogonzalez\/?p=43887"},"modified":"2021-02-05T17:05:34","modified_gmt":"2021-02-05T20:05:34","slug":"selecao-de-polo-aquatico-consegue-liberacao-e-viaja-ao-pre-olimpico","status":"publish","type":"post","link":"https:\/\/maringapost.com.br\/orlandogonzalez\/2021\/02\/05\/selecao-de-polo-aquatico-consegue-liberacao-e-viaja-ao-pre-olimpico\/","title":{"rendered":"R\u00c1DIO MARING\u00c1 &#8211; Sele\u00e7\u00e3o Brasileira de Polo Aqu\u00e1tico consegue libera\u00e7\u00e3o e viaja ao Pr\u00e9-Ol\u00edmpico"},"content":{"rendered":"<p>A Sele\u00e7\u00e3o Brasileira de Polo Aqu\u00e1tico vai viajar \u00e0 Holanda na segunda-feira (8) para participar no torneio pr\u00e9-ol\u00edmpico da modalidade. A confirma\u00e7\u00e3o veio nesta sexta-feira (5) atrav\u00e9s de um acordo do Comit\u00ea Ol\u00edmpico do Brasil (COB) e da Confedera\u00e7\u00e3o Brasileira de Desportos Aqu\u00e1ticos (CBDA) com o governo holand\u00eas.<br \/>\n<img decoding=\"async\" src=\"https:\/\/agenciabrasil.ebc.com.br\/ebc.gif?id=1400673&amp;o=node\" \/><\/p>\n<p>As autoridades do pa\u00edses europeu concederam uma carta especial de entrada \u00e0 equipe nacional no territ\u00f3rio da Holanda. A autoriza\u00e7\u00e3o foi necess\u00e1ria depois da equipe verde e amarela\u00a0<a href=\"http:\/\/agenciabrasil.ebc.com.br\/esportes\/noticia\/2021-01\/polo-aquatico-barrada-no-aeroporto-selecao-ve-ameacado-pre-olimpico\">ter sido barrada<\/a>\u00a0no embarque \u00e0 Alemanha no s\u00e1bado (30). O an\u00fancio da proibi\u00e7\u00e3o do embarque foi feito quando o grupo j\u00e1 estava no Aeroporto Internacional do Gale\u00e3o no Rio\u00a0de Janeiro. O voo ainda tinha uma escala prevista em Lisboa antes de chegar na Alemanha, onde o Brasil faria a etapa final de prepara\u00e7\u00e3o para o classificat\u00f3rio ol\u00edmpico.<\/p>\n<p>As restri\u00e7\u00f5es, causadas pela pandemia do novo coronav\u00edrus (covid-19) e o surgimento de novas variantes do v\u00edrus, come\u00e7aram no dia 29, quando o governo portugu\u00eas anunciou a proibi\u00e7\u00e3o de voos tendo o Brasil como origem ou destino. Depois do pa\u00eds ib\u00e9rico,\u00a0outras na\u00e7\u00f5es europeias tamb\u00e9m proibiram a entrada de brasileiros.<\/p>\n<p>O Pr\u00e9-Ol\u00edmpico de Polo Aqu\u00e1tico est\u00e1 previsto para ocorrer entre os dias 14 e\u00a021 de fevereiro\u00a0em Roterd\u00e3, na Holanda. Doze sele\u00e7\u00f5es participar\u00e3o do torneio, que dar\u00e1 tr\u00eas vagas \u00e0 Olimp\u00edada de T\u00f3quio. O grupo da equipe nacional tem Turquia, Ge\u00f3rgia, Montenegro, Gr\u00e9cia e Canad\u00e1. Os quatro primeiros da chave avan\u00e7am \u00e0s quartas de final. Nesta fase, os confrontos ser\u00e3o contra sele\u00e7\u00f5es do outro grupo, que tem Holanda, Alemanha, Cro\u00e1cia, Rom\u00eania, Fran\u00e7a e R\u00fassia.<br \/>\nAntes da estreia no classificat\u00f3rio ol\u00edmpico, o time do t\u00e9cnico Andr\u00e9 Avallone far\u00e1 quatro amistosos contra a sele\u00e7\u00e3o da Holanda na cidade de Zeist.<\/p>\n<p>(Ag\u00eancia Brasil)<\/p>\n","protected":false},"excerpt":{"rendered":"<p>A Sele\u00e7\u00e3o Brasileira de Polo Aqu\u00e1tico vai viajar \u00e0 Holanda na segunda-feira (8) para participar no torneio pr\u00e9-ol\u00edmpico da modalidade. A confirma\u00e7\u00e3o veio nesta sexta-feira (5) atrav\u00e9s de um acordo do Comit\u00ea Ol\u00edmpico do Brasil (COB) e da Confedera\u00e7\u00e3o Brasileira de Desportos Aqu\u00e1ticos (CBDA) com o governo holand\u00eas. As autoridades do pa\u00edses europeu concederam uma [&hellip;]<\/p>\n","protected":false},"author":6307,"featured_media":43888,"comment_status":"closed","ping_status":"open","sticky":false,"template":"","format":"standard","meta":{"_exactmetrics_skip_tracking":false,"_exactmetrics_sitenote_active":false,"_exactmetrics_sitenote_note":"","_exactmetrics_sitenote_category":0,"footnotes":""},"categories":[1052],"tags":[7334,9348],"yoast_head":"<!-- This site is optimized with the Yoast SEO Premium plugin v22.7 (Yoast SEO v22.7) - https:\/\/yoast.com\/wordpress\/plugins\/seo\/ -->\n<title>R\u00c1DIO MARING\u00c1 - Sele\u00e7\u00e3o Brasileira de Polo Aqu\u00e1tico consegue libera\u00e7\u00e3o e viaja ao Pr\u00e9-Ol\u00edmpico - Orlando Gonzalez<\/title>\n<meta name=\"robots\" content=\"index, follow, max-snippet:-1, max-image-preview:large, max-video-preview:-1\" \/>\n<link rel=\"canonical\" href=\"https:\/\/maringapost.com.br\/orlandogonzalez\/2021\/02\/05\/selecao-de-polo-aquatico-consegue-liberacao-e-viaja-ao-pre-olimpico\/\" \/>\n<meta property=\"og:locale\" content=\"pt_BR\" \/>\n<meta property=\"og:type\" content=\"article\" \/>\n<meta property=\"og:title\" content=\"R\u00c1DIO MARING\u00c1 - Sele\u00e7\u00e3o Brasileira de Polo Aqu\u00e1tico consegue libera\u00e7\u00e3o e viaja ao Pr\u00e9-Ol\u00edmpico\" \/>\n<meta property=\"og:description\" content=\"A Sele\u00e7\u00e3o Brasileira de Polo Aqu\u00e1tico vai viajar \u00e0 Holanda na segunda-feira (8) para participar no torneio pr\u00e9-ol\u00edmpico da modalidade. A confirma\u00e7\u00e3o veio nesta sexta-feira (5) atrav\u00e9s de um acordo do Comit\u00ea Ol\u00edmpico do Brasil (COB) e da Confedera\u00e7\u00e3o Brasileira de Desportos Aqu\u00e1ticos (CBDA) com o governo holand\u00eas. As autoridades do pa\u00edses europeu concederam uma [&hellip;]\" \/>\n<meta property=\"og:url\" content=\"https:\/\/maringapost.com.br\/orlandogonzalez\/2021\/02\/05\/selecao-de-polo-aquatico-consegue-liberacao-e-viaja-ao-pre-olimpico\/\" \/>\n<meta property=\"og:site_name\" content=\"Orlando Gonzalez\" \/>\n<meta property=\"article:author\" content=\"https:\/\/www.facebook.com\/profile.php?id=100011095815065\" \/>\n<meta property=\"article:published_time\" content=\"2021-02-05T20:02:18+00:00\" \/>\n<meta property=\"article:modified_time\" content=\"2021-02-05T20:05:34+00:00\" \/>\n<meta property=\"og:image\" content=\"https:\/\/maringapost.com.br\/orlandogonzalez\/wp-content\/uploads\/sites\/17\/2021\/02\/polobrasil.jpg\" \/>\n\t<meta property=\"og:image:width\" content=\"1170\" \/>\n\t<meta property=\"og:image:height\" content=\"700\" \/>\n\t<meta property=\"og:image:type\" content=\"image\/jpeg\" \/>\n<meta name=\"author\" content=\"Orlando Gonzalez\" \/>\n<meta name=\"twitter:card\" content=\"summary_large_image\" \/>\n<meta name=\"twitter:creator\" content=\"@gonzalezorlando\" \/>\n<meta name=\"twitter:label1\" content=\"Escrito por\" \/>\n\t<meta name=\"twitter:data1\" content=\"\" \/>\n\t<meta name=\"twitter:label2\" content=\"Est. tempo de leitura\" \/>\n\t<meta name=\"twitter:data2\" content=\"2 minutos\" \/>\n<script type=\"application\/ld+json\" class=\"yoast-schema-graph\">{\"@context\":\"https:\/\/schema.org\",\"@graph\":[{\"@type\":\"WebPage\",\"@id\":\"https:\/\/maringapost.com.br\/orlandogonzalez\/2021\/02\/05\/selecao-de-polo-aquatico-consegue-liberacao-e-viaja-ao-pre-olimpico\/\",\"url\":\"https:\/\/maringapost.com.br\/orlandogonzalez\/2021\/02\/05\/selecao-de-polo-aquatico-consegue-liberacao-e-viaja-ao-pre-olimpico\/\",\"name\":\"R\u00c1DIO MARING\u00c1 - Sele\u00e7\u00e3o Brasileira de Polo Aqu\u00e1tico consegue libera\u00e7\u00e3o e viaja ao Pr\u00e9-Ol\u00edmpico - Orlando Gonzalez\",\"isPartOf\":{\"@id\":\"https:\/\/maringapost.com.br\/orlandogonzalez\/#website\"},\"primaryImageOfPage\":{\"@id\":\"https:\/\/maringapost.com.br\/orlandogonzalez\/2021\/02\/05\/selecao-de-polo-aquatico-consegue-liberacao-e-viaja-ao-pre-olimpico\/#primaryimage\"},\"image\":{\"@id\":\"https:\/\/maringapost.com.br\/orlandogonzalez\/2021\/02\/05\/selecao-de-polo-aquatico-consegue-liberacao-e-viaja-ao-pre-olimpico\/#primaryimage\"},\"thumbnailUrl\":\"https:\/\/maringapost.com.br\/orlandogonzalez\/wp-content\/uploads\/sites\/17\/2021\/02\/polobrasil.jpg\",\"datePublished\":\"2021-02-05T20:02:18+00:00\",\"dateModified\":\"2021-02-05T20:05:34+00:00\",\"author\":{\"@id\":\"https:\/\/maringapost.com.br\/orlandogonzalez\/#\/schema\/person\/5cbe6257d08edea6afc9ebaa613b0633\"},\"inLanguage\":\"pt-BR\",\"potentialAction\":[{\"@type\":\"ReadAction\",\"target\":[\"https:\/\/maringapost.com.br\/orlandogonzalez\/2021\/02\/05\/selecao-de-polo-aquatico-consegue-liberacao-e-viaja-ao-pre-olimpico\/\"]}]},{\"@type\":\"ImageObject\",\"inLanguage\":\"pt-BR\",\"@id\":\"https:\/\/maringapost.com.br\/orlandogonzalez\/2021\/02\/05\/selecao-de-polo-aquatico-consegue-liberacao-e-viaja-ao-pre-olimpico\/#primaryimage\",\"url\":\"https:\/\/maringapost.com.br\/orlandogonzalez\/wp-content\/uploads\/sites\/17\/2021\/02\/polobrasil.jpg\",\"contentUrl\":\"https:\/\/maringapost.com.br\/orlandogonzalez\/wp-content\/uploads\/sites\/17\/2021\/02\/polobrasil.jpg\",\"width\":1170,\"height\":700},{\"@type\":\"WebSite\",\"@id\":\"https:\/\/maringapost.com.br\/orlandogonzalez\/#website\",\"url\":\"https:\/\/maringapost.com.br\/orlandogonzalez\/\",\"name\":\"Orlando Gonzalez\",\"description\":\"Destaca o esporte de Maring\u00e1! Destaca o esporte do Paran\u00e1! Destaca o esporte do Brasil!\",\"potentialAction\":[{\"@type\":\"SearchAction\",\"target\":{\"@type\":\"EntryPoint\",\"urlTemplate\":\"https:\/\/maringapost.com.br\/orlandogonzalez\/?s={search_term_string}\"},\"query-input\":\"required name=search_term_string\"}],\"inLanguage\":\"pt-BR\"},{\"@type\":\"Person\",\"@id\":\"https:\/\/maringapost.com.br\/orlandogonzalez\/#\/schema\/person\/5cbe6257d08edea6afc9ebaa613b0633\",\"name\":\"Orlando Gonzalez\",\"image\":{\"@type\":\"ImageObject\",\"inLanguage\":\"pt-BR\",\"@id\":\"https:\/\/maringapost.com.br\/orlandogonzalez\/#\/schema\/person\/image\/\",\"url\":\"https:\/\/secure.gravatar.com\/avatar\/ecef9d1c9afe5ebdafadde8369065ba5?s=96&d=mm&r=g\",\"contentUrl\":\"https:\/\/secure.gravatar.com\/avatar\/ecef9d1c9afe5ebdafadde8369065ba5?s=96&d=mm&r=g\",\"caption\":\"Orlando Gonzalez\"},\"description\":\"H\u00e1 29 anos na cobertura do esporte de Maring\u00e1. Plant\u00e3o e narrador esportivo. Presta\u00e7\u00e3o de assessoria de imprensa esportiva, cobertura e transmiss\u00f5es ao vivo de eventos esportivos. E-mail: orlandogonzalez.assessoria@gmail.com WhatsApp: (44) 9 9126-6119\",\"sameAs\":[\"http:\/\/www.radiomaringa.com.br\/\",\"https:\/\/www.facebook.com\/profile.php?id=100011095815065\",\"https:\/\/www.instagram.com\/orlandomgonzalez\/\",\"https:\/\/br.pinterest.com\/ogonzalez0530\/\",\"https:\/\/x.com\/gonzalezorlando\",\"https:\/\/www.youtube.com\/channel\/UCvFpl55btth8wjnKiSS1ibA\",\"https:\/\/radiomaringaweb.tumblr.com\/\"],\"url\":\"https:\/\/maringapost.com.br\/orlandogonzalez\/author\/orlando\/\"}]}<\/script>\n<!-- \/ Yoast SEO Premium plugin. -->","yoast_head_json":{"title":"R\u00c1DIO MARING\u00c1 - Sele\u00e7\u00e3o Brasileira de Polo Aqu\u00e1tico consegue libera\u00e7\u00e3o e viaja ao Pr\u00e9-Ol\u00edmpico - Orlando Gonzalez","robots":{"index":"index","follow":"follow","max-snippet":"max-snippet:-1","max-image-preview":"max-image-preview:large","max-video-preview":"max-video-preview:-1"},"canonical":"https:\/\/maringapost.com.br\/orlandogonzalez\/2021\/02\/05\/selecao-de-polo-aquatico-consegue-liberacao-e-viaja-ao-pre-olimpico\/","og_locale":"pt_BR","og_type":"article","og_title":"R\u00c1DIO MARING\u00c1 - Sele\u00e7\u00e3o Brasileira de Polo Aqu\u00e1tico consegue libera\u00e7\u00e3o e viaja ao Pr\u00e9-Ol\u00edmpico","og_description":"A Sele\u00e7\u00e3o Brasileira de Polo Aqu\u00e1tico vai viajar \u00e0 Holanda na segunda-feira (8) para participar no torneio pr\u00e9-ol\u00edmpico da modalidade. A confirma\u00e7\u00e3o veio nesta sexta-feira (5) atrav\u00e9s de um acordo do Comit\u00ea Ol\u00edmpico do Brasil (COB) e da Confedera\u00e7\u00e3o Brasileira de Desportos Aqu\u00e1ticos (CBDA) com o governo holand\u00eas. As autoridades do pa\u00edses europeu concederam uma [&hellip;]","og_url":"https:\/\/maringapost.com.br\/orlandogonzalez\/2021\/02\/05\/selecao-de-polo-aquatico-consegue-liberacao-e-viaja-ao-pre-olimpico\/","og_site_name":"Orlando Gonzalez","article_author":"https:\/\/www.facebook.com\/profile.php?id=100011095815065","article_published_time":"2021-02-05T20:02:18+00:00","article_modified_time":"2021-02-05T20:05:34+00:00","og_image":[{"width":1170,"height":700,"url":"https:\/\/maringapost.com.br\/orlandogonzalez\/wp-content\/uploads\/sites\/17\/2021\/02\/polobrasil.jpg","type":"image\/jpeg"}],"author":"Orlando Gonzalez","twitter_card":"summary_large_image","twitter_creator":"@gonzalezorlando","twitter_misc":{"Escrito por":false,"Est. tempo de leitura":"2 minutos"},"schema":{"@context":"https:\/\/schema.org","@graph":[{"@type":"WebPage","@id":"https:\/\/maringapost.com.br\/orlandogonzalez\/2021\/02\/05\/selecao-de-polo-aquatico-consegue-liberacao-e-viaja-ao-pre-olimpico\/","url":"https:\/\/maringapost.com.br\/orlandogonzalez\/2021\/02\/05\/selecao-de-polo-aquatico-consegue-liberacao-e-viaja-ao-pre-olimpico\/","name":"R\u00c1DIO MARING\u00c1 - Sele\u00e7\u00e3o Brasileira de Polo Aqu\u00e1tico consegue libera\u00e7\u00e3o e viaja ao Pr\u00e9-Ol\u00edmpico - Orlando Gonzalez","isPartOf":{"@id":"https:\/\/maringapost.com.br\/orlandogonzalez\/#website"},"primaryImageOfPage":{"@id":"https:\/\/maringapost.com.br\/orlandogonzalez\/2021\/02\/05\/selecao-de-polo-aquatico-consegue-liberacao-e-viaja-ao-pre-olimpico\/#primaryimage"},"image":{"@id":"https:\/\/maringapost.com.br\/orlandogonzalez\/2021\/02\/05\/selecao-de-polo-aquatico-consegue-liberacao-e-viaja-ao-pre-olimpico\/#primaryimage"},"thumbnailUrl":"https:\/\/maringapost.com.br\/orlandogonzalez\/wp-content\/uploads\/sites\/17\/2021\/02\/polobrasil.jpg","datePublished":"2021-02-05T20:02:18+00:00","dateModified":"2021-02-05T20:05:34+00:00","author":{"@id":"https:\/\/maringapost.com.br\/orlandogonzalez\/#\/schema\/person\/5cbe6257d08edea6afc9ebaa613b0633"},"inLanguage":"pt-BR","potentialAction":[{"@type":"ReadAction","target":["https:\/\/maringapost.com.br\/orlandogonzalez\/2021\/02\/05\/selecao-de-polo-aquatico-consegue-liberacao-e-viaja-ao-pre-olimpico\/"]}]},{"@type":"ImageObject","inLanguage":"pt-BR","@id":"https:\/\/maringapost.com.br\/orlandogonzalez\/2021\/02\/05\/selecao-de-polo-aquatico-consegue-liberacao-e-viaja-ao-pre-olimpico\/#primaryimage","url":"https:\/\/maringapost.com.br\/orlandogonzalez\/wp-content\/uploads\/sites\/17\/2021\/02\/polobrasil.jpg","contentUrl":"https:\/\/maringapost.com.br\/orlandogonzalez\/wp-content\/uploads\/sites\/17\/2021\/02\/polobrasil.jpg","width":1170,"height":700},{"@type":"WebSite","@id":"https:\/\/maringapost.com.br\/orlandogonzalez\/#website","url":"https:\/\/maringapost.com.br\/orlandogonzalez\/","name":"Orlando Gonzalez","description":"Destaca o esporte de Maring\u00e1! Destaca o esporte do Paran\u00e1! Destaca o esporte do Brasil!","potentialAction":[{"@type":"SearchAction","target":{"@type":"EntryPoint","urlTemplate":"https:\/\/maringapost.com.br\/orlandogonzalez\/?s={search_term_string}"},"query-input":"required name=search_term_string"}],"inLanguage":"pt-BR"},{"@type":"Person","@id":"https:\/\/maringapost.com.br\/orlandogonzalez\/#\/schema\/person\/5cbe6257d08edea6afc9ebaa613b0633","name":"Orlando Gonzalez","image":{"@type":"ImageObject","inLanguage":"pt-BR","@id":"https:\/\/maringapost.com.br\/orlandogonzalez\/#\/schema\/person\/image\/","url":"https:\/\/secure.gravatar.com\/avatar\/ecef9d1c9afe5ebdafadde8369065ba5?s=96&d=mm&r=g","contentUrl":"https:\/\/secure.gravatar.com\/avatar\/ecef9d1c9afe5ebdafadde8369065ba5?s=96&d=mm&r=g","caption":"Orlando Gonzalez"},"description":"H\u00e1 29 anos na cobertura do esporte de Maring\u00e1. Plant\u00e3o e narrador esportivo. Presta\u00e7\u00e3o de assessoria de imprensa esportiva, cobertura e transmiss\u00f5es ao vivo de eventos esportivos. E-mail: orlandogonzalez.assessoria@gmail.com WhatsApp: (44) 9 9126-6119","sameAs":["http:\/\/www.radiomaringa.com.br\/","https:\/\/www.facebook.com\/profile.php?id=100011095815065","https:\/\/www.instagram.com\/orlandomgonzalez\/","https:\/\/br.pinterest.com\/ogonzalez0530\/","https:\/\/x.com\/gonzalezorlando","https:\/\/www.youtube.com\/channel\/UCvFpl55btth8wjnKiSS1ibA","https:\/\/radiomaringaweb.tumblr.com\/"],"url":"https:\/\/maringapost.com.br\/orlandogonzalez\/author\/orlando\/"}]}},"_links":{"self":[{"href":"https:\/\/maringapost.com.br\/orlandogonzalez\/wp-json\/wp\/v2\/posts\/43887"}],"collection":[{"href":"https:\/\/maringapost.com.br\/orlandogonzalez\/wp-json\/wp\/v2\/posts"}],"about":[{"href":"https:\/\/maringapost.com.br\/orlandogonzalez\/wp-json\/wp\/v2\/types\/post"}],"author":[{"embeddable":true,"href":"https:\/\/maringapost.com.br\/orlandogonzalez\/wp-json\/wp\/v2\/users\/6307"}],"replies":[{"embeddable":true,"href":"https:\/\/maringapost.com.br\/orlandogonzalez\/wp-json\/wp\/v2\/comments?post=43887"}],"version-history":[{"count":4,"href":"https:\/\/maringapost.com.br\/orlandogonzalez\/wp-json\/wp\/v2\/posts\/43887\/revisions"}],"predecessor-version":[{"id":43892,"href":"https:\/\/maringapost.com.br\/orlandogonzalez\/wp-json\/wp\/v2\/posts\/43887\/revisions\/43892"}],"wp:featuredmedia":[{"embeddable":true,"href":"https:\/\/maringapost.com.br\/orlandogonzalez\/wp-json\/wp\/v2\/media\/43888"}],"wp:attachment":[{"href":"https:\/\/maringapost.com.br\/orlandogonzalez\/wp-json\/wp\/v2\/media?parent=43887"}],"wp:term":[{"taxonomy":"category","embeddable":true,"href":"https:\/\/maringapost.com.br\/orlandogonzalez\/wp-json\/wp\/v2\/categories?post=43887"},{"taxonomy":"post_tag","embeddable":true,"href":"https:\/\/maringapost.com.br\/orlandogonzalez\/wp-json\/wp\/v2\/tags?post=43887"}],"curies":[{"name":"wp","href":"https:\/\/api.w.org\/{rel}","templated":true}]}}