{"id":43817,"date":"2021-02-04T19:22:14","date_gmt":"2021-02-04T22:22:14","guid":{"rendered":"http:\/\/maringapost.com.br\/orlandogonzalez\/?p=43817"},"modified":"2021-02-04T19:22:21","modified_gmt":"2021-02-04T22:22:21","slug":"radio-maringa-melo-e-tecau-estreiam-na-madrugada-desta-sexta-na-australia","status":"publish","type":"post","link":"https:\/\/maringapost.com.br\/orlandogonzalez\/2021\/02\/04\/radio-maringa-melo-e-tecau-estreiam-na-madrugada-desta-sexta-na-australia\/","title":{"rendered":"R\u00c1DIO MARING\u00c1 &#8211; Melo e Tecau estreiam na madrugada desta sexta na Austr\u00e1lia"},"content":{"rendered":"<p>A temporada 2021 come\u00e7a na madrugada desta\u00a0sexta-feira (5) para o mineiro Marcelo Melo. Por volta da 1h (hor\u00e1rio de Bras\u00edlia), ele e o parceiro romeno Horia Tecau entram em quadra para enfrentar os norte-americanos Nicholas Monroe e Frances Tiafoe, na estreia no Murray River Open, um dos dois ATP 250 programados para Melbourne, no Melbourne Park.<img decoding=\"async\" src=\"https:\/\/agenciabrasil.ebc.com.br\/ebc.png?id=1400573&amp;o=node\" \/><img decoding=\"async\" src=\"https:\/\/agenciabrasil.ebc.com.br\/ebc.gif?id=1400573&amp;o=node\" \/><\/p>\n<p>Depois de folgar na primeira rodada, a dupla, que \u00e9 cabe\u00e7a de chave 4, j\u00e1 come\u00e7a o torneio jogando as oitavas de final. Os dois ATP 250 desta semana s\u00e3o preparat\u00f3rios para o Australian Open, Grand Slam marcado para o per\u00edodo entre segunda-feira (8) e o dia\u00a021 de fevereiro. Os jogos ser\u00e3o retomados nesta\u00a0sexta\u00a0ap\u00f3s a rodada de\u00a0quinta-feira (4)\u00a0ter\u00a0sido cancelada, depois que um funcion\u00e1rio de um dos hot\u00e9is em que os tenistas cumpriram quarentena testou positivo para Covid-19.<\/p>\n<p>\u201cVamos com tudo, passo a passo, visando um bom resultado no Australian Open. Foram v\u00e1rios dias treinando junto com o Tecau\u201d, afirmou Marcelo. Se passarem, o brasileiro e o romemo\u00a0ter\u00e3o pela frente Ariel Behar (Uruguai) e Gonzalo Escobar (Equador). Essa partida ainda n\u00e3o tem data confirmada pela organiza\u00e7\u00e3o do torneio.\u00a0Melo jogar\u00e1 os dois torneios com Tecau j\u00e1 que seu novo parceiro a partir de 2021, o holand\u00eas Jean-Julien Rojer, ser\u00e1 pai em fevereiro e n\u00e3o viajou para a Austr\u00e1lia. Assim, iniciar\u00e3o a parceria ap\u00f3s o Australian Open. No ano passado, ao lado do polon\u00eas Lukasz Kubot, com quem formou dupla at\u00e9 o final da temporada 2020, parou na\u00a0segunda\u00a0rodada no Grand Slam.<\/p>\n<p>No ranking mundial individual de duplas, Melo aparece na nona coloca\u00e7\u00e3o, com 5.880 pontos. Tecau \u00e9 o 22\u00ba, com 4.205, e Rojer o 24\u00ba, com 4.160 pontos.<\/p>\n","protected":false},"excerpt":{"rendered":"<p>A temporada 2021 come\u00e7a na madrugada desta\u00a0sexta-feira (5) para o mineiro Marcelo Melo. Por volta da 1h (hor\u00e1rio de Bras\u00edlia), ele e o parceiro romeno Horia Tecau entram em quadra para enfrentar os norte-americanos Nicholas Monroe e Frances Tiafoe, na estreia no Murray River Open, um dos dois ATP 250 programados para Melbourne, no Melbourne [&hellip;]<\/p>\n","protected":false},"author":6307,"featured_media":43818,"comment_status":"closed","ping_status":"open","sticky":false,"template":"","format":"standard","meta":{"_exactmetrics_skip_tracking":false,"_exactmetrics_sitenote_active":false,"_exactmetrics_sitenote_note":"","_exactmetrics_sitenote_category":0,"footnotes":""},"categories":[2544],"tags":[47,7912],"yoast_head":"<!-- This site is optimized with the Yoast SEO Premium plugin v22.7 (Yoast SEO v22.7) - https:\/\/yoast.com\/wordpress\/plugins\/seo\/ -->\n<title>R\u00c1DIO MARING\u00c1 - Melo e Tecau estreiam na madrugada desta sexta na Austr\u00e1lia - Orlando Gonzalez<\/title>\n<meta name=\"robots\" content=\"index, follow, max-snippet:-1, max-image-preview:large, max-video-preview:-1\" \/>\n<link rel=\"canonical\" href=\"https:\/\/maringapost.com.br\/orlandogonzalez\/2021\/02\/04\/radio-maringa-melo-e-tecau-estreiam-na-madrugada-desta-sexta-na-australia\/\" \/>\n<meta property=\"og:locale\" content=\"pt_BR\" \/>\n<meta property=\"og:type\" content=\"article\" \/>\n<meta property=\"og:title\" content=\"R\u00c1DIO MARING\u00c1 - Melo e Tecau estreiam na madrugada desta sexta na Austr\u00e1lia\" \/>\n<meta property=\"og:description\" content=\"A temporada 2021 come\u00e7a na madrugada desta\u00a0sexta-feira (5) para o mineiro Marcelo Melo. Por volta da 1h (hor\u00e1rio de Bras\u00edlia), ele e o parceiro romeno Horia Tecau entram em quadra para enfrentar os norte-americanos Nicholas Monroe e Frances Tiafoe, na estreia no Murray River Open, um dos dois ATP 250 programados para Melbourne, no Melbourne [&hellip;]\" \/>\n<meta property=\"og:url\" content=\"https:\/\/maringapost.com.br\/orlandogonzalez\/2021\/02\/04\/radio-maringa-melo-e-tecau-estreiam-na-madrugada-desta-sexta-na-australia\/\" \/>\n<meta property=\"og:site_name\" content=\"Orlando Gonzalez\" \/>\n<meta property=\"article:author\" content=\"https:\/\/www.facebook.com\/profile.php?id=100011095815065\" \/>\n<meta property=\"article:published_time\" content=\"2021-02-04T22:22:14+00:00\" \/>\n<meta property=\"article:modified_time\" content=\"2021-02-04T22:22:21+00:00\" \/>\n<meta property=\"og:image\" content=\"https:\/\/maringapost.com.br\/orlandogonzalez\/wp-content\/uploads\/sites\/17\/2021\/02\/melo.jpg\" \/>\n\t<meta property=\"og:image:width\" content=\"1170\" \/>\n\t<meta property=\"og:image:height\" content=\"700\" \/>\n\t<meta property=\"og:image:type\" content=\"image\/jpeg\" \/>\n<meta name=\"author\" content=\"Orlando Gonzalez\" \/>\n<meta name=\"twitter:card\" content=\"summary_large_image\" \/>\n<meta name=\"twitter:creator\" content=\"@gonzalezorlando\" \/>\n<meta name=\"twitter:label1\" content=\"Escrito por\" \/>\n\t<meta name=\"twitter:data1\" content=\"\" \/>\n\t<meta name=\"twitter:label2\" content=\"Est. tempo de leitura\" \/>\n\t<meta name=\"twitter:data2\" content=\"2 minutos\" \/>\n<script type=\"application\/ld+json\" class=\"yoast-schema-graph\">{\"@context\":\"https:\/\/schema.org\",\"@graph\":[{\"@type\":\"WebPage\",\"@id\":\"https:\/\/maringapost.com.br\/orlandogonzalez\/2021\/02\/04\/radio-maringa-melo-e-tecau-estreiam-na-madrugada-desta-sexta-na-australia\/\",\"url\":\"https:\/\/maringapost.com.br\/orlandogonzalez\/2021\/02\/04\/radio-maringa-melo-e-tecau-estreiam-na-madrugada-desta-sexta-na-australia\/\",\"name\":\"R\u00c1DIO MARING\u00c1 - Melo e Tecau estreiam na madrugada desta sexta na Austr\u00e1lia - Orlando Gonzalez\",\"isPartOf\":{\"@id\":\"https:\/\/maringapost.com.br\/orlandogonzalez\/#website\"},\"primaryImageOfPage\":{\"@id\":\"https:\/\/maringapost.com.br\/orlandogonzalez\/2021\/02\/04\/radio-maringa-melo-e-tecau-estreiam-na-madrugada-desta-sexta-na-australia\/#primaryimage\"},\"image\":{\"@id\":\"https:\/\/maringapost.com.br\/orlandogonzalez\/2021\/02\/04\/radio-maringa-melo-e-tecau-estreiam-na-madrugada-desta-sexta-na-australia\/#primaryimage\"},\"thumbnailUrl\":\"https:\/\/maringapost.com.br\/orlandogonzalez\/wp-content\/uploads\/sites\/17\/2021\/02\/melo.jpg\",\"datePublished\":\"2021-02-04T22:22:14+00:00\",\"dateModified\":\"2021-02-04T22:22:21+00:00\",\"author\":{\"@id\":\"https:\/\/maringapost.com.br\/orlandogonzalez\/#\/schema\/person\/5cbe6257d08edea6afc9ebaa613b0633\"},\"inLanguage\":\"pt-BR\",\"potentialAction\":[{\"@type\":\"ReadAction\",\"target\":[\"https:\/\/maringapost.com.br\/orlandogonzalez\/2021\/02\/04\/radio-maringa-melo-e-tecau-estreiam-na-madrugada-desta-sexta-na-australia\/\"]}]},{\"@type\":\"ImageObject\",\"inLanguage\":\"pt-BR\",\"@id\":\"https:\/\/maringapost.com.br\/orlandogonzalez\/2021\/02\/04\/radio-maringa-melo-e-tecau-estreiam-na-madrugada-desta-sexta-na-australia\/#primaryimage\",\"url\":\"https:\/\/maringapost.com.br\/orlandogonzalez\/wp-content\/uploads\/sites\/17\/2021\/02\/melo.jpg\",\"contentUrl\":\"https:\/\/maringapost.com.br\/orlandogonzalez\/wp-content\/uploads\/sites\/17\/2021\/02\/melo.jpg\",\"width\":1170,\"height\":700},{\"@type\":\"WebSite\",\"@id\":\"https:\/\/maringapost.com.br\/orlandogonzalez\/#website\",\"url\":\"https:\/\/maringapost.com.br\/orlandogonzalez\/\",\"name\":\"Orlando Gonzalez\",\"description\":\"Destaca o esporte de Maring\u00e1! Destaca o esporte do Paran\u00e1! Destaca o esporte do Brasil!\",\"potentialAction\":[{\"@type\":\"SearchAction\",\"target\":{\"@type\":\"EntryPoint\",\"urlTemplate\":\"https:\/\/maringapost.com.br\/orlandogonzalez\/?s={search_term_string}\"},\"query-input\":\"required name=search_term_string\"}],\"inLanguage\":\"pt-BR\"},{\"@type\":\"Person\",\"@id\":\"https:\/\/maringapost.com.br\/orlandogonzalez\/#\/schema\/person\/5cbe6257d08edea6afc9ebaa613b0633\",\"name\":\"Orlando Gonzalez\",\"image\":{\"@type\":\"ImageObject\",\"inLanguage\":\"pt-BR\",\"@id\":\"https:\/\/maringapost.com.br\/orlandogonzalez\/#\/schema\/person\/image\/\",\"url\":\"https:\/\/secure.gravatar.com\/avatar\/ecef9d1c9afe5ebdafadde8369065ba5?s=96&d=mm&r=g\",\"contentUrl\":\"https:\/\/secure.gravatar.com\/avatar\/ecef9d1c9afe5ebdafadde8369065ba5?s=96&d=mm&r=g\",\"caption\":\"Orlando Gonzalez\"},\"description\":\"H\u00e1 29 anos na cobertura do esporte de Maring\u00e1. Plant\u00e3o e narrador esportivo. Presta\u00e7\u00e3o de assessoria de imprensa esportiva, cobertura e transmiss\u00f5es ao vivo de eventos esportivos. E-mail: orlandogonzalez.assessoria@gmail.com WhatsApp: (44) 9 9126-6119\",\"sameAs\":[\"http:\/\/www.radiomaringa.com.br\/\",\"https:\/\/www.facebook.com\/profile.php?id=100011095815065\",\"https:\/\/www.instagram.com\/orlandomgonzalez\/\",\"https:\/\/br.pinterest.com\/ogonzalez0530\/\",\"https:\/\/x.com\/gonzalezorlando\",\"https:\/\/www.youtube.com\/channel\/UCvFpl55btth8wjnKiSS1ibA\",\"https:\/\/radiomaringaweb.tumblr.com\/\"],\"url\":\"https:\/\/maringapost.com.br\/orlandogonzalez\/author\/orlando\/\"}]}<\/script>\n<!-- \/ Yoast SEO Premium plugin. -->","yoast_head_json":{"title":"R\u00c1DIO MARING\u00c1 - Melo e Tecau estreiam na madrugada desta sexta na Austr\u00e1lia - Orlando Gonzalez","robots":{"index":"index","follow":"follow","max-snippet":"max-snippet:-1","max-image-preview":"max-image-preview:large","max-video-preview":"max-video-preview:-1"},"canonical":"https:\/\/maringapost.com.br\/orlandogonzalez\/2021\/02\/04\/radio-maringa-melo-e-tecau-estreiam-na-madrugada-desta-sexta-na-australia\/","og_locale":"pt_BR","og_type":"article","og_title":"R\u00c1DIO MARING\u00c1 - Melo e Tecau estreiam na madrugada desta sexta na Austr\u00e1lia","og_description":"A temporada 2021 come\u00e7a na madrugada desta\u00a0sexta-feira (5) para o mineiro Marcelo Melo. Por volta da 1h (hor\u00e1rio de Bras\u00edlia), ele e o parceiro romeno Horia Tecau entram em quadra para enfrentar os norte-americanos Nicholas Monroe e Frances Tiafoe, na estreia no Murray River Open, um dos dois ATP 250 programados para Melbourne, no Melbourne [&hellip;]","og_url":"https:\/\/maringapost.com.br\/orlandogonzalez\/2021\/02\/04\/radio-maringa-melo-e-tecau-estreiam-na-madrugada-desta-sexta-na-australia\/","og_site_name":"Orlando Gonzalez","article_author":"https:\/\/www.facebook.com\/profile.php?id=100011095815065","article_published_time":"2021-02-04T22:22:14+00:00","article_modified_time":"2021-02-04T22:22:21+00:00","og_image":[{"width":1170,"height":700,"url":"https:\/\/maringapost.com.br\/orlandogonzalez\/wp-content\/uploads\/sites\/17\/2021\/02\/melo.jpg","type":"image\/jpeg"}],"author":"Orlando Gonzalez","twitter_card":"summary_large_image","twitter_creator":"@gonzalezorlando","twitter_misc":{"Escrito por":false,"Est. tempo de leitura":"2 minutos"},"schema":{"@context":"https:\/\/schema.org","@graph":[{"@type":"WebPage","@id":"https:\/\/maringapost.com.br\/orlandogonzalez\/2021\/02\/04\/radio-maringa-melo-e-tecau-estreiam-na-madrugada-desta-sexta-na-australia\/","url":"https:\/\/maringapost.com.br\/orlandogonzalez\/2021\/02\/04\/radio-maringa-melo-e-tecau-estreiam-na-madrugada-desta-sexta-na-australia\/","name":"R\u00c1DIO MARING\u00c1 - Melo e Tecau estreiam na madrugada desta sexta na Austr\u00e1lia - Orlando Gonzalez","isPartOf":{"@id":"https:\/\/maringapost.com.br\/orlandogonzalez\/#website"},"primaryImageOfPage":{"@id":"https:\/\/maringapost.com.br\/orlandogonzalez\/2021\/02\/04\/radio-maringa-melo-e-tecau-estreiam-na-madrugada-desta-sexta-na-australia\/#primaryimage"},"image":{"@id":"https:\/\/maringapost.com.br\/orlandogonzalez\/2021\/02\/04\/radio-maringa-melo-e-tecau-estreiam-na-madrugada-desta-sexta-na-australia\/#primaryimage"},"thumbnailUrl":"https:\/\/maringapost.com.br\/orlandogonzalez\/wp-content\/uploads\/sites\/17\/2021\/02\/melo.jpg","datePublished":"2021-02-04T22:22:14+00:00","dateModified":"2021-02-04T22:22:21+00:00","author":{"@id":"https:\/\/maringapost.com.br\/orlandogonzalez\/#\/schema\/person\/5cbe6257d08edea6afc9ebaa613b0633"},"inLanguage":"pt-BR","potentialAction":[{"@type":"ReadAction","target":["https:\/\/maringapost.com.br\/orlandogonzalez\/2021\/02\/04\/radio-maringa-melo-e-tecau-estreiam-na-madrugada-desta-sexta-na-australia\/"]}]},{"@type":"ImageObject","inLanguage":"pt-BR","@id":"https:\/\/maringapost.com.br\/orlandogonzalez\/2021\/02\/04\/radio-maringa-melo-e-tecau-estreiam-na-madrugada-desta-sexta-na-australia\/#primaryimage","url":"https:\/\/maringapost.com.br\/orlandogonzalez\/wp-content\/uploads\/sites\/17\/2021\/02\/melo.jpg","contentUrl":"https:\/\/maringapost.com.br\/orlandogonzalez\/wp-content\/uploads\/sites\/17\/2021\/02\/melo.jpg","width":1170,"height":700},{"@type":"WebSite","@id":"https:\/\/maringapost.com.br\/orlandogonzalez\/#website","url":"https:\/\/maringapost.com.br\/orlandogonzalez\/","name":"Orlando Gonzalez","description":"Destaca o esporte de Maring\u00e1! Destaca o esporte do Paran\u00e1! Destaca o esporte do Brasil!","potentialAction":[{"@type":"SearchAction","target":{"@type":"EntryPoint","urlTemplate":"https:\/\/maringapost.com.br\/orlandogonzalez\/?s={search_term_string}"},"query-input":"required name=search_term_string"}],"inLanguage":"pt-BR"},{"@type":"Person","@id":"https:\/\/maringapost.com.br\/orlandogonzalez\/#\/schema\/person\/5cbe6257d08edea6afc9ebaa613b0633","name":"Orlando Gonzalez","image":{"@type":"ImageObject","inLanguage":"pt-BR","@id":"https:\/\/maringapost.com.br\/orlandogonzalez\/#\/schema\/person\/image\/","url":"https:\/\/secure.gravatar.com\/avatar\/ecef9d1c9afe5ebdafadde8369065ba5?s=96&d=mm&r=g","contentUrl":"https:\/\/secure.gravatar.com\/avatar\/ecef9d1c9afe5ebdafadde8369065ba5?s=96&d=mm&r=g","caption":"Orlando Gonzalez"},"description":"H\u00e1 29 anos na cobertura do esporte de Maring\u00e1. Plant\u00e3o e narrador esportivo. Presta\u00e7\u00e3o de assessoria de imprensa esportiva, cobertura e transmiss\u00f5es ao vivo de eventos esportivos. E-mail: orlandogonzalez.assessoria@gmail.com WhatsApp: (44) 9 9126-6119","sameAs":["http:\/\/www.radiomaringa.com.br\/","https:\/\/www.facebook.com\/profile.php?id=100011095815065","https:\/\/www.instagram.com\/orlandomgonzalez\/","https:\/\/br.pinterest.com\/ogonzalez0530\/","https:\/\/x.com\/gonzalezorlando","https:\/\/www.youtube.com\/channel\/UCvFpl55btth8wjnKiSS1ibA","https:\/\/radiomaringaweb.tumblr.com\/"],"url":"https:\/\/maringapost.com.br\/orlandogonzalez\/author\/orlando\/"}]}},"_links":{"self":[{"href":"https:\/\/maringapost.com.br\/orlandogonzalez\/wp-json\/wp\/v2\/posts\/43817"}],"collection":[{"href":"https:\/\/maringapost.com.br\/orlandogonzalez\/wp-json\/wp\/v2\/posts"}],"about":[{"href":"https:\/\/maringapost.com.br\/orlandogonzalez\/wp-json\/wp\/v2\/types\/post"}],"author":[{"embeddable":true,"href":"https:\/\/maringapost.com.br\/orlandogonzalez\/wp-json\/wp\/v2\/users\/6307"}],"replies":[{"embeddable":true,"href":"https:\/\/maringapost.com.br\/orlandogonzalez\/wp-json\/wp\/v2\/comments?post=43817"}],"version-history":[{"count":1,"href":"https:\/\/maringapost.com.br\/orlandogonzalez\/wp-json\/wp\/v2\/posts\/43817\/revisions"}],"predecessor-version":[{"id":43819,"href":"https:\/\/maringapost.com.br\/orlandogonzalez\/wp-json\/wp\/v2\/posts\/43817\/revisions\/43819"}],"wp:featuredmedia":[{"embeddable":true,"href":"https:\/\/maringapost.com.br\/orlandogonzalez\/wp-json\/wp\/v2\/media\/43818"}],"wp:attachment":[{"href":"https:\/\/maringapost.com.br\/orlandogonzalez\/wp-json\/wp\/v2\/media?parent=43817"}],"wp:term":[{"taxonomy":"category","embeddable":true,"href":"https:\/\/maringapost.com.br\/orlandogonzalez\/wp-json\/wp\/v2\/categories?post=43817"},{"taxonomy":"post_tag","embeddable":true,"href":"https:\/\/maringapost.com.br\/orlandogonzalez\/wp-json\/wp\/v2\/tags?post=43817"}],"curies":[{"name":"wp","href":"https:\/\/api.w.org\/{rel}","templated":true}]}}