{"id":43740,"date":"2021-02-01T07:24:53","date_gmt":"2021-02-01T10:24:53","guid":{"rendered":"http:\/\/maringapost.com.br\/orlandogonzalez\/?p=43740"},"modified":"2021-02-01T07:25:03","modified_gmt":"2021-02-01T10:25:03","slug":"radio-maringa-atletismo-brasileiro-da-largada-a-preparacao-olimpica-com-camping-de-revezamentos","status":"publish","type":"post","link":"https:\/\/maringapost.com.br\/orlandogonzalez\/2021\/02\/01\/radio-maringa-atletismo-brasileiro-da-largada-a-preparacao-olimpica-com-camping-de-revezamentos\/","title":{"rendered":"R\u00c1DIO MARING\u00c1 &#8211; Atletismo brasileiro d\u00e1 largada \u00e0 prepara\u00e7\u00e3o ol\u00edmpica com camping de revezamentos"},"content":{"rendered":"<p style=\"margin-top: 0px;margin-bottom: -15px;font-family: Arimo, sans-serif;font-size: 16px;color: #232323;line-height: 28px\"><span style=\"font-size: 18px\">O 4&#215;100 m masculino, campe\u00e3o mundial de revezamentos, e o 4&#215;400 m misto j\u00e1 est\u00e3o com vaga assegurada na Olimp\u00edada. J\u00e1 o 4&#215;100 m feminino entraria neste momento pelo Ranking Mundial. A equipe vai tentar confirmar a vaga, de fato, no Campeonato Mundial de Sil\u00e9sia, previsto para os dias 1\u00ba e 2 de maio, na Pol\u00f4nia. Dentro do programa ol\u00edmpico iniciado em 2019 a temporada come\u00e7ou com o Camping Nacional de Treinamento de Provas de Revezamento, de quinta-feira (28\/1) e domingo (31\/1), no Centro Nacional de Desenvolvimento do Atletismo (CNDA), em Bragan\u00e7a Paulista (SP), com a participa\u00e7\u00e3o de 23 atletas \u2013 12 no masculino e 11 no feminino<a href=\"https:\/\/radiomaringa.com.br\/\" target=\"_blank\" rel=\"noopener\">.<\/a><\/span><\/p>\n<p><br style=\"color: #000000;font-family: Arimo, sans-serif;font-size: 16px\" \/><br style=\"color: #000000;font-family: Arimo, sans-serif;font-size: 16px\" \/><\/p>\n<p style=\"margin-top: 0px;margin-bottom: -15px;font-family: Arimo, sans-serif;font-size: 16px;color: #232323;line-height: 28px\"><span style=\"font-size: 18px\">O encontro, realizado pela Confedera\u00e7\u00e3o Brasileira de Atletismo (CBAt) e pelo Comit\u00ea Ol\u00edmpico do Brasil (COB), teve o objetivo de reunir o grupo de atletas que pode representar o Pa\u00eds nas provas do 4&#215;100 m masculino e feminino e no 4&#215;400 m misto para os Jogos Ol\u00edmpicos de T\u00f3quio.<\/span><\/p>\n<p><br style=\"color: #000000;font-family: Arimo, sans-serif;font-size: 16px\" \/><br style=\"color: #000000;font-family: Arimo, sans-serif;font-size: 16px\" \/><\/p>\n<p style=\"margin-top: 0px;margin-bottom: -15px;font-family: Arimo, sans-serif;font-size: 16px;color: #232323;line-height: 28px\"><span style=\"font-size: 18px\">Al\u00e9m dos atletas chamados pela coloca\u00e7\u00e3o no Ranking Brasileiro de 2020 e por indica\u00e7\u00e3o dos respons\u00e1veis pelas equipes, o Camping contou com a participa\u00e7\u00e3o dos treinadores individuais de todos os convocados com a inten\u00e7\u00e3o uniformizar a prepara\u00e7\u00e3o dos atletas fora da sele\u00e7\u00e3o. \u201cPassamos orienta\u00e7\u00f5es importantes no sentido de identificar problemas e colocar algumas no\u00e7\u00f5es do que deve ser realizado no dia a dia dos participantes\u201d, disse o treinador Felipe de Siqueira, que ao lado de Carlos Camilo de Oliveira, lidera o grupo do 4&#215;100 m masculino. \u201cNosso planejamento est\u00e1 sendo feito desde antes do Mundial de Yokohama, em 2019, e o nosso grupo ganhou a participa\u00e7\u00e3o de boas surpresas da velocidade, que chegaram para refor\u00e7ar a equipe.\u201d<\/span><\/p>\n<p><br style=\"color: #000000;font-family: Arimo, sans-serif;font-size: 16px\" \/><br style=\"color: #000000;font-family: Arimo, sans-serif;font-size: 16px\" \/><\/p>\n<p style=\"margin-top: 0px;margin-bottom: -15px;font-family: Arimo, sans-serif;font-size: 16px;color: #232323;line-height: 28px\"><span style=\"font-size: 18px\">Al\u00e9m de treinos espec\u00edficos de acelera\u00e7\u00e3o, aproxima\u00e7\u00e3o, rea\u00e7\u00e3o visual e habilidades nas trocas de bast\u00e3o, os atletas passaram por uma bateria de testes, exames e avalia\u00e7\u00f5es promovidas pelo Laborat\u00f3rio Ol\u00edmpico nas \u00e1reas da Bioqu\u00edmica, Fisiologia, Biomec\u00e2nica, m\u00e9dica, entre outras.<\/span><\/p>\n<p><br style=\"color: #000000;font-family: Arimo, sans-serif;font-size: 16px\" \/><br style=\"color: #000000;font-family: Arimo, sans-serif;font-size: 16px\" \/><\/p>\n<p style=\"margin-top: 0px;margin-bottom: -15px;font-family: Arimo, sans-serif;font-size: 16px;color: #232323;line-height: 28px\"><span style=\"font-size: 18px\">Os atletas fizeram, por exemplo, exames de sangue (uma vez) e de urina (quatro vezes) para avalia\u00e7\u00f5es biol\u00f3gicas. Participaram tamb\u00e9m de palestras, reuni\u00f5es e coaching. Ao todo, 13 pessoas do COB trabalharam nos quatro dias. As atletas ainda fizeram exames ginecol\u00f3gicos em S\u00e3o Paulo (os \u00fanicos realizados fora de Bragan\u00e7a Paulista).<\/span><\/p>\n<p><br style=\"color: #000000;font-family: Arimo, sans-serif;font-size: 16px\" \/><br style=\"color: #000000;font-family: Arimo, sans-serif;font-size: 16px\" \/><\/p>\n<p style=\"margin-top: 0px;margin-bottom: -15px;font-family: Arimo, sans-serif;font-size: 16px;color: #232323;line-height: 28px\"><span style=\"font-size: 18px\">\u201cFizemos um trabalho mais completo agora do que o realizado no ano passado em Portugal\u201d, lembrou Carlos Alberto Cavalheiro, representante do COB, coordenador geral dos revezamentos e respons\u00e1vel, junto com Katsuhico Nakaya, pela equipe feminina do 4&#215;100 m, referindo-se ao Camping Internacional Caixa \u2013 Miss\u00e3o Europa, realizado na cidade de Rio Maior. \u201cA programa\u00e7\u00e3o prev\u00ea novo encontro entre 12 e 14 de mar\u00e7o no Rio de Janeiro e novo camping de 16 de mar\u00e7o a 24 de abril, em Chula Vista, nos Estados Unidos. Claro que tudo isso \u00e9 previsto por causa dos problemas provocados pela pandemia.\u201d<\/span><\/p>\n<p><br style=\"color: #000000;font-family: Arimo, sans-serif;font-size: 16px\" \/><br style=\"color: #000000;font-family: Arimo, sans-serif;font-size: 16px\" \/><\/p>\n<p style=\"margin-top: 0px;margin-bottom: -15px;font-family: Arimo, sans-serif;font-size: 16px;color: #232323;line-height: 28px\"><span style=\"font-size: 18px\">No per\u00edodo de treinamento na Calif\u00f3rnia, os atletas devem participar de quatro ou cinco competi\u00e7\u00f5es individuais e por equipes (4&#215;100 m e 4&#215;400 m), saindo dos Estados Unidos direto para o Mundial de Sil\u00e9sia.<\/span><\/p>\n<p><br style=\"color: #000000;font-family: Arimo, sans-serif;font-size: 16px\" \/><br style=\"color: #000000;font-family: Arimo, sans-serif;font-size: 16px\" \/><\/p>\n<p style=\"margin-top: 0px;margin-bottom: -15px;font-family: Arimo, sans-serif;font-size: 16px;color: #232323;line-height: 28px\"><span style=\"font-size: 18px\">\u201cAs atividades est\u00e3o sendo muito interessantes\u201d, avaliou o velocista Felipe Bardi (SESI-SP), l\u00edder do Ranking Sul-Americano dos 100 m, com 10.11. \u201cTivemos diversos compromissos e a grande oportunidade de reunir o grupo que pode estar na Olimp\u00edada de T\u00f3quio\u201d, completou o velocista, que tirou apenas duas semanas de f\u00e9rias ap\u00f3s o Trof\u00e9u Brasil Caixa de Atletismo, disputado em dezembro, em S\u00e3o Paulo. \u201cN\u00e3o d\u00e1 para perder muito a forma num ano t\u00e3o importante.\u201d<\/span><\/p>\n<p><br style=\"color: #000000;font-family: Arimo, sans-serif;font-size: 16px\" \/><br style=\"color: #000000;font-family: Arimo, sans-serif;font-size: 16px\" \/><\/p>\n<p style=\"margin-top: 0px;margin-bottom: -15px;font-family: Arimo, sans-serif;font-size: 16px;color: #232323;line-height: 28px\"><span style=\"font-size: 18px\">Para Evandro Lazzari, treinador respons\u00e1vel pelo 4&#215;400 m misto, o encontro foi muito positivo. \u201c\u00c9 sempre uma oportunidade especial reunir o grupo que j\u00e1 participou de outras competi\u00e7\u00f5es, e de conhecer alguns atletas que nunca participaram da equipe, como os meninos do Maranh\u00e3o\u201d, disse, referindo-se a Jo\u00e3o Henrique Falc\u00e3o Cabral e Marcos Vin\u00edcius Moraes.\u00a0<\/span><\/p>\n<p><br style=\"color: #000000;font-family: Arimo, sans-serif;font-size: 16px\" \/><br style=\"color: #000000;font-family: Arimo, sans-serif;font-size: 16px\" \/><\/p>\n<p style=\"margin-top: 0px;margin-bottom: -15px;font-family: Arimo, sans-serif;font-size: 16px;color: #232323;line-height: 28px\"><span style=\"font-size: 18px\">Os seguintes atletas participaram das atividades no CNDA por prova: 4&#215;100 m masculino &#8211; Paulo Andr\u00e9 Camilo de Oliveira, Aldemir Gomes Junior, Lu\u00eds Gabriel Pereira, Derick de Souza, Jorge Henrique Vides, Erik Felipe Cardoso e Felipe Bardi; 4&#215;100 m\u00a0feminino \u2013 Vitoria Rosa, Ana Carolina Azevedo, Bruna Farias, Andressa Moreira Fid\u00e9lis, Ana Claudia Lemos e Vida Aurora Caetano; e 4&#215;400 m misto &#8211; Anderson Henriques, Jo\u00e3o Henrique Falc\u00e3o Cabral, Pedro Burmann, Marcos Vin\u00edcius Moraes, Lucas Carvalho, Tiffani Marinho, T\u00e1bata Vitorino de Carvalho, Cristiane dos Santos, Maria Victoria Sena e J\u00e9ssica Roberti da Silva.<\/span><\/p>\n<p style=\"margin-top: 0px;margin-bottom: -15px;font-family: Arimo, sans-serif;font-size: 16px;color: #232323;line-height: 28px\"><span style=\"font-size: 18px\">(Texto e foto: CBAt)<\/span><\/p>\n","protected":false},"excerpt":{"rendered":"<p>O 4&#215;100 m masculino, campe\u00e3o mundial de revezamentos, e o 4&#215;400 m misto j\u00e1 est\u00e3o com vaga assegurada na Olimp\u00edada. J\u00e1 o 4&#215;100 m feminino entraria neste momento pelo Ranking Mundial. A equipe vai tentar confirmar a vaga, de fato, no Campeonato Mundial de Sil\u00e9sia, previsto para os dias 1\u00ba e 2 de maio, na [&hellip;]<\/p>\n","protected":false},"author":6307,"featured_media":43741,"comment_status":"closed","ping_status":"open","sticky":false,"template":"","format":"standard","meta":{"_exactmetrics_skip_tracking":false,"_exactmetrics_sitenote_active":false,"_exactmetrics_sitenote_note":"","_exactmetrics_sitenote_category":0,"footnotes":""},"categories":[962],"tags":[7306,47],"yoast_head":"<!-- This site is optimized with the Yoast SEO Premium plugin v22.7 (Yoast SEO v22.7) - https:\/\/yoast.com\/wordpress\/plugins\/seo\/ -->\n<title>R\u00c1DIO MARING\u00c1 - Atletismo brasileiro d\u00e1 largada \u00e0 prepara\u00e7\u00e3o ol\u00edmpica com camping de revezamentos - Orlando Gonzalez<\/title>\n<meta name=\"robots\" content=\"index, follow, max-snippet:-1, max-image-preview:large, max-video-preview:-1\" \/>\n<link rel=\"canonical\" href=\"https:\/\/maringapost.com.br\/orlandogonzalez\/2021\/02\/01\/radio-maringa-atletismo-brasileiro-da-largada-a-preparacao-olimpica-com-camping-de-revezamentos\/\" \/>\n<meta property=\"og:locale\" content=\"pt_BR\" \/>\n<meta property=\"og:type\" content=\"article\" \/>\n<meta property=\"og:title\" content=\"R\u00c1DIO MARING\u00c1 - Atletismo brasileiro d\u00e1 largada \u00e0 prepara\u00e7\u00e3o ol\u00edmpica com camping de revezamentos\" \/>\n<meta property=\"og:description\" content=\"O 4&#215;100 m masculino, campe\u00e3o mundial de revezamentos, e o 4&#215;400 m misto j\u00e1 est\u00e3o com vaga assegurada na Olimp\u00edada. J\u00e1 o 4&#215;100 m feminino entraria neste momento pelo Ranking Mundial. A equipe vai tentar confirmar a vaga, de fato, no Campeonato Mundial de Sil\u00e9sia, previsto para os dias 1\u00ba e 2 de maio, na [&hellip;]\" \/>\n<meta property=\"og:url\" content=\"https:\/\/maringapost.com.br\/orlandogonzalez\/2021\/02\/01\/radio-maringa-atletismo-brasileiro-da-largada-a-preparacao-olimpica-com-camping-de-revezamentos\/\" \/>\n<meta property=\"og:site_name\" content=\"Orlando Gonzalez\" \/>\n<meta property=\"article:author\" content=\"https:\/\/www.facebook.com\/profile.php?id=100011095815065\" \/>\n<meta property=\"article:published_time\" content=\"2021-02-01T10:24:53+00:00\" \/>\n<meta property=\"article:modified_time\" content=\"2021-02-01T10:25:03+00:00\" \/>\n<meta property=\"og:image\" content=\"https:\/\/maringapost.com.br\/orlandogonzalez\/wp-content\/uploads\/sites\/17\/2021\/02\/tabatavitorino.jpg\" \/>\n\t<meta property=\"og:image:width\" content=\"1237\" \/>\n\t<meta property=\"og:image:height\" content=\"758\" \/>\n\t<meta property=\"og:image:type\" content=\"image\/jpeg\" \/>\n<meta name=\"author\" content=\"Orlando Gonzalez\" \/>\n<meta name=\"twitter:card\" content=\"summary_large_image\" \/>\n<meta name=\"twitter:creator\" content=\"@gonzalezorlando\" \/>\n<meta name=\"twitter:label1\" content=\"Escrito por\" \/>\n\t<meta name=\"twitter:data1\" content=\"\" \/>\n\t<meta name=\"twitter:label2\" content=\"Est. tempo de leitura\" \/>\n\t<meta name=\"twitter:data2\" content=\"4 minutos\" \/>\n<script type=\"application\/ld+json\" class=\"yoast-schema-graph\">{\"@context\":\"https:\/\/schema.org\",\"@graph\":[{\"@type\":\"WebPage\",\"@id\":\"https:\/\/maringapost.com.br\/orlandogonzalez\/2021\/02\/01\/radio-maringa-atletismo-brasileiro-da-largada-a-preparacao-olimpica-com-camping-de-revezamentos\/\",\"url\":\"https:\/\/maringapost.com.br\/orlandogonzalez\/2021\/02\/01\/radio-maringa-atletismo-brasileiro-da-largada-a-preparacao-olimpica-com-camping-de-revezamentos\/\",\"name\":\"R\u00c1DIO MARING\u00c1 - Atletismo brasileiro d\u00e1 largada \u00e0 prepara\u00e7\u00e3o ol\u00edmpica com camping de revezamentos - Orlando Gonzalez\",\"isPartOf\":{\"@id\":\"https:\/\/maringapost.com.br\/orlandogonzalez\/#website\"},\"primaryImageOfPage\":{\"@id\":\"https:\/\/maringapost.com.br\/orlandogonzalez\/2021\/02\/01\/radio-maringa-atletismo-brasileiro-da-largada-a-preparacao-olimpica-com-camping-de-revezamentos\/#primaryimage\"},\"image\":{\"@id\":\"https:\/\/maringapost.com.br\/orlandogonzalez\/2021\/02\/01\/radio-maringa-atletismo-brasileiro-da-largada-a-preparacao-olimpica-com-camping-de-revezamentos\/#primaryimage\"},\"thumbnailUrl\":\"https:\/\/maringapost.com.br\/orlandogonzalez\/wp-content\/uploads\/sites\/17\/2021\/02\/tabatavitorino.jpg\",\"datePublished\":\"2021-02-01T10:24:53+00:00\",\"dateModified\":\"2021-02-01T10:25:03+00:00\",\"author\":{\"@id\":\"https:\/\/maringapost.com.br\/orlandogonzalez\/#\/schema\/person\/5cbe6257d08edea6afc9ebaa613b0633\"},\"inLanguage\":\"pt-BR\",\"potentialAction\":[{\"@type\":\"ReadAction\",\"target\":[\"https:\/\/maringapost.com.br\/orlandogonzalez\/2021\/02\/01\/radio-maringa-atletismo-brasileiro-da-largada-a-preparacao-olimpica-com-camping-de-revezamentos\/\"]}]},{\"@type\":\"ImageObject\",\"inLanguage\":\"pt-BR\",\"@id\":\"https:\/\/maringapost.com.br\/orlandogonzalez\/2021\/02\/01\/radio-maringa-atletismo-brasileiro-da-largada-a-preparacao-olimpica-com-camping-de-revezamentos\/#primaryimage\",\"url\":\"https:\/\/maringapost.com.br\/orlandogonzalez\/wp-content\/uploads\/sites\/17\/2021\/02\/tabatavitorino.jpg\",\"contentUrl\":\"https:\/\/maringapost.com.br\/orlandogonzalez\/wp-content\/uploads\/sites\/17\/2021\/02\/tabatavitorino.jpg\",\"width\":1237,\"height\":758},{\"@type\":\"WebSite\",\"@id\":\"https:\/\/maringapost.com.br\/orlandogonzalez\/#website\",\"url\":\"https:\/\/maringapost.com.br\/orlandogonzalez\/\",\"name\":\"Orlando Gonzalez\",\"description\":\"Destaca o esporte de Maring\u00e1! Destaca o esporte do Paran\u00e1! Destaca o esporte do Brasil!\",\"potentialAction\":[{\"@type\":\"SearchAction\",\"target\":{\"@type\":\"EntryPoint\",\"urlTemplate\":\"https:\/\/maringapost.com.br\/orlandogonzalez\/?s={search_term_string}\"},\"query-input\":\"required name=search_term_string\"}],\"inLanguage\":\"pt-BR\"},{\"@type\":\"Person\",\"@id\":\"https:\/\/maringapost.com.br\/orlandogonzalez\/#\/schema\/person\/5cbe6257d08edea6afc9ebaa613b0633\",\"name\":\"Orlando Gonzalez\",\"image\":{\"@type\":\"ImageObject\",\"inLanguage\":\"pt-BR\",\"@id\":\"https:\/\/maringapost.com.br\/orlandogonzalez\/#\/schema\/person\/image\/\",\"url\":\"https:\/\/secure.gravatar.com\/avatar\/ecef9d1c9afe5ebdafadde8369065ba5?s=96&d=mm&r=g\",\"contentUrl\":\"https:\/\/secure.gravatar.com\/avatar\/ecef9d1c9afe5ebdafadde8369065ba5?s=96&d=mm&r=g\",\"caption\":\"Orlando Gonzalez\"},\"description\":\"H\u00e1 29 anos na cobertura do esporte de Maring\u00e1. Plant\u00e3o e narrador esportivo. Presta\u00e7\u00e3o de assessoria de imprensa esportiva, cobertura e transmiss\u00f5es ao vivo de eventos esportivos. E-mail: orlandogonzalez.assessoria@gmail.com WhatsApp: (44) 9 9126-6119\",\"sameAs\":[\"http:\/\/www.radiomaringa.com.br\/\",\"https:\/\/www.facebook.com\/profile.php?id=100011095815065\",\"https:\/\/www.instagram.com\/orlandomgonzalez\/\",\"https:\/\/br.pinterest.com\/ogonzalez0530\/\",\"https:\/\/x.com\/gonzalezorlando\",\"https:\/\/www.youtube.com\/channel\/UCvFpl55btth8wjnKiSS1ibA\",\"https:\/\/radiomaringaweb.tumblr.com\/\"],\"url\":\"https:\/\/maringapost.com.br\/orlandogonzalez\/author\/orlando\/\"}]}<\/script>\n<!-- \/ Yoast SEO Premium plugin. -->","yoast_head_json":{"title":"R\u00c1DIO MARING\u00c1 - Atletismo brasileiro d\u00e1 largada \u00e0 prepara\u00e7\u00e3o ol\u00edmpica com camping de revezamentos - Orlando Gonzalez","robots":{"index":"index","follow":"follow","max-snippet":"max-snippet:-1","max-image-preview":"max-image-preview:large","max-video-preview":"max-video-preview:-1"},"canonical":"https:\/\/maringapost.com.br\/orlandogonzalez\/2021\/02\/01\/radio-maringa-atletismo-brasileiro-da-largada-a-preparacao-olimpica-com-camping-de-revezamentos\/","og_locale":"pt_BR","og_type":"article","og_title":"R\u00c1DIO MARING\u00c1 - Atletismo brasileiro d\u00e1 largada \u00e0 prepara\u00e7\u00e3o ol\u00edmpica com camping de revezamentos","og_description":"O 4&#215;100 m masculino, campe\u00e3o mundial de revezamentos, e o 4&#215;400 m misto j\u00e1 est\u00e3o com vaga assegurada na Olimp\u00edada. J\u00e1 o 4&#215;100 m feminino entraria neste momento pelo Ranking Mundial. A equipe vai tentar confirmar a vaga, de fato, no Campeonato Mundial de Sil\u00e9sia, previsto para os dias 1\u00ba e 2 de maio, na [&hellip;]","og_url":"https:\/\/maringapost.com.br\/orlandogonzalez\/2021\/02\/01\/radio-maringa-atletismo-brasileiro-da-largada-a-preparacao-olimpica-com-camping-de-revezamentos\/","og_site_name":"Orlando Gonzalez","article_author":"https:\/\/www.facebook.com\/profile.php?id=100011095815065","article_published_time":"2021-02-01T10:24:53+00:00","article_modified_time":"2021-02-01T10:25:03+00:00","og_image":[{"width":1237,"height":758,"url":"https:\/\/maringapost.com.br\/orlandogonzalez\/wp-content\/uploads\/sites\/17\/2021\/02\/tabatavitorino.jpg","type":"image\/jpeg"}],"author":"Orlando Gonzalez","twitter_card":"summary_large_image","twitter_creator":"@gonzalezorlando","twitter_misc":{"Escrito por":false,"Est. tempo de leitura":"4 minutos"},"schema":{"@context":"https:\/\/schema.org","@graph":[{"@type":"WebPage","@id":"https:\/\/maringapost.com.br\/orlandogonzalez\/2021\/02\/01\/radio-maringa-atletismo-brasileiro-da-largada-a-preparacao-olimpica-com-camping-de-revezamentos\/","url":"https:\/\/maringapost.com.br\/orlandogonzalez\/2021\/02\/01\/radio-maringa-atletismo-brasileiro-da-largada-a-preparacao-olimpica-com-camping-de-revezamentos\/","name":"R\u00c1DIO MARING\u00c1 - Atletismo brasileiro d\u00e1 largada \u00e0 prepara\u00e7\u00e3o ol\u00edmpica com camping de revezamentos - Orlando Gonzalez","isPartOf":{"@id":"https:\/\/maringapost.com.br\/orlandogonzalez\/#website"},"primaryImageOfPage":{"@id":"https:\/\/maringapost.com.br\/orlandogonzalez\/2021\/02\/01\/radio-maringa-atletismo-brasileiro-da-largada-a-preparacao-olimpica-com-camping-de-revezamentos\/#primaryimage"},"image":{"@id":"https:\/\/maringapost.com.br\/orlandogonzalez\/2021\/02\/01\/radio-maringa-atletismo-brasileiro-da-largada-a-preparacao-olimpica-com-camping-de-revezamentos\/#primaryimage"},"thumbnailUrl":"https:\/\/maringapost.com.br\/orlandogonzalez\/wp-content\/uploads\/sites\/17\/2021\/02\/tabatavitorino.jpg","datePublished":"2021-02-01T10:24:53+00:00","dateModified":"2021-02-01T10:25:03+00:00","author":{"@id":"https:\/\/maringapost.com.br\/orlandogonzalez\/#\/schema\/person\/5cbe6257d08edea6afc9ebaa613b0633"},"inLanguage":"pt-BR","potentialAction":[{"@type":"ReadAction","target":["https:\/\/maringapost.com.br\/orlandogonzalez\/2021\/02\/01\/radio-maringa-atletismo-brasileiro-da-largada-a-preparacao-olimpica-com-camping-de-revezamentos\/"]}]},{"@type":"ImageObject","inLanguage":"pt-BR","@id":"https:\/\/maringapost.com.br\/orlandogonzalez\/2021\/02\/01\/radio-maringa-atletismo-brasileiro-da-largada-a-preparacao-olimpica-com-camping-de-revezamentos\/#primaryimage","url":"https:\/\/maringapost.com.br\/orlandogonzalez\/wp-content\/uploads\/sites\/17\/2021\/02\/tabatavitorino.jpg","contentUrl":"https:\/\/maringapost.com.br\/orlandogonzalez\/wp-content\/uploads\/sites\/17\/2021\/02\/tabatavitorino.jpg","width":1237,"height":758},{"@type":"WebSite","@id":"https:\/\/maringapost.com.br\/orlandogonzalez\/#website","url":"https:\/\/maringapost.com.br\/orlandogonzalez\/","name":"Orlando Gonzalez","description":"Destaca o esporte de Maring\u00e1! Destaca o esporte do Paran\u00e1! Destaca o esporte do Brasil!","potentialAction":[{"@type":"SearchAction","target":{"@type":"EntryPoint","urlTemplate":"https:\/\/maringapost.com.br\/orlandogonzalez\/?s={search_term_string}"},"query-input":"required name=search_term_string"}],"inLanguage":"pt-BR"},{"@type":"Person","@id":"https:\/\/maringapost.com.br\/orlandogonzalez\/#\/schema\/person\/5cbe6257d08edea6afc9ebaa613b0633","name":"Orlando Gonzalez","image":{"@type":"ImageObject","inLanguage":"pt-BR","@id":"https:\/\/maringapost.com.br\/orlandogonzalez\/#\/schema\/person\/image\/","url":"https:\/\/secure.gravatar.com\/avatar\/ecef9d1c9afe5ebdafadde8369065ba5?s=96&d=mm&r=g","contentUrl":"https:\/\/secure.gravatar.com\/avatar\/ecef9d1c9afe5ebdafadde8369065ba5?s=96&d=mm&r=g","caption":"Orlando Gonzalez"},"description":"H\u00e1 29 anos na cobertura do esporte de Maring\u00e1. Plant\u00e3o e narrador esportivo. Presta\u00e7\u00e3o de assessoria de imprensa esportiva, cobertura e transmiss\u00f5es ao vivo de eventos esportivos. E-mail: orlandogonzalez.assessoria@gmail.com WhatsApp: (44) 9 9126-6119","sameAs":["http:\/\/www.radiomaringa.com.br\/","https:\/\/www.facebook.com\/profile.php?id=100011095815065","https:\/\/www.instagram.com\/orlandomgonzalez\/","https:\/\/br.pinterest.com\/ogonzalez0530\/","https:\/\/x.com\/gonzalezorlando","https:\/\/www.youtube.com\/channel\/UCvFpl55btth8wjnKiSS1ibA","https:\/\/radiomaringaweb.tumblr.com\/"],"url":"https:\/\/maringapost.com.br\/orlandogonzalez\/author\/orlando\/"}]}},"_links":{"self":[{"href":"https:\/\/maringapost.com.br\/orlandogonzalez\/wp-json\/wp\/v2\/posts\/43740"}],"collection":[{"href":"https:\/\/maringapost.com.br\/orlandogonzalez\/wp-json\/wp\/v2\/posts"}],"about":[{"href":"https:\/\/maringapost.com.br\/orlandogonzalez\/wp-json\/wp\/v2\/types\/post"}],"author":[{"embeddable":true,"href":"https:\/\/maringapost.com.br\/orlandogonzalez\/wp-json\/wp\/v2\/users\/6307"}],"replies":[{"embeddable":true,"href":"https:\/\/maringapost.com.br\/orlandogonzalez\/wp-json\/wp\/v2\/comments?post=43740"}],"version-history":[{"count":1,"href":"https:\/\/maringapost.com.br\/orlandogonzalez\/wp-json\/wp\/v2\/posts\/43740\/revisions"}],"predecessor-version":[{"id":43742,"href":"https:\/\/maringapost.com.br\/orlandogonzalez\/wp-json\/wp\/v2\/posts\/43740\/revisions\/43742"}],"wp:featuredmedia":[{"embeddable":true,"href":"https:\/\/maringapost.com.br\/orlandogonzalez\/wp-json\/wp\/v2\/media\/43741"}],"wp:attachment":[{"href":"https:\/\/maringapost.com.br\/orlandogonzalez\/wp-json\/wp\/v2\/media?parent=43740"}],"wp:term":[{"taxonomy":"category","embeddable":true,"href":"https:\/\/maringapost.com.br\/orlandogonzalez\/wp-json\/wp\/v2\/categories?post=43740"},{"taxonomy":"post_tag","embeddable":true,"href":"https:\/\/maringapost.com.br\/orlandogonzalez\/wp-json\/wp\/v2\/tags?post=43740"}],"curies":[{"name":"wp","href":"https:\/\/api.w.org\/{rel}","templated":true}]}}