{"id":43727,"date":"2021-01-31T21:40:09","date_gmt":"2021-02-01T00:40:09","guid":{"rendered":"http:\/\/maringapost.com.br\/orlandogonzalez\/?p=43727"},"modified":"2021-01-31T21:40:18","modified_gmt":"2021-02-01T00:40:18","slug":"radio-maringa-tenistas-carol-meligeni-e-ingrid-martins-estao-nas-quartas-na-turquia","status":"publish","type":"post","link":"https:\/\/maringapost.com.br\/orlandogonzalez\/2021\/01\/31\/radio-maringa-tenistas-carol-meligeni-e-ingrid-martins-estao-nas-quartas-na-turquia\/","title":{"rendered":"R\u00c1DIO MARING\u00c1 &#8211; Tenistas Carol Meligeni e Ingrid Martins est\u00e3o nas quartas na Turquia"},"content":{"rendered":"<p><span style=\"font-size: 18px\"><span style=\"color: #495057;font-family: 'Source Serif Pro', serif;background-color: #f7f8f9\">Carol Alves Meligeni, 371\u00aa\u00a0do mundo e terceira melhor do Brasil, emplacou, neste\u00a0domingo\u00a0(31), a sua\u00a0segunda\u00a0vit\u00f3ria no torneio ITF de Ant\u00e1lia, na Turquia. A tenista verde e amarela superou a russa Erika Andreeva, de 16 anos, por 7\/6 (7\/0) 6\/0. Foi uma revanche, j\u00e1 que Andreeva havia derrotado a brasileira na final de um torneio no Cairo, no Egito, em novembro do ano passado. Nesta\u00a0segunda-feira (1\u00ba), Carol encara a italiana Mathilde Paoleti por vaga na semifinal. &#8220;Foi um primeiro set bem lutado, mas consegui sair com a vit\u00f3ria no tiebreak. No segundo set, administrei bem, me impus um pouco mais e n\u00e3o dei chances a ela\u201d, disse Carol que analisou a pr\u00f3xima rival: &#8220;Nunca a vi jogar, mas vou seguir fazendo meu jogo, pensando passo a passo\u201d, disse a tenista brasileira que somou a s\u00e9tima vit\u00f3ria seguida e 16\u00aa nos \u00faltimos 17 jogos. No fim de 2020 foram dois t\u00edtulos em tr\u00eas finais em Cairo, no Egito<a href=\"https:\/\/radiomaringa.com.br\/\" target=\"_blank\" rel=\"noopener\">.<\/a><\/span><img decoding=\"async\" style=\"border: 0px none;vertical-align: middle;height: 1px;color: #495057;font-family: 'Source Serif Pro', serif;font-size: 16px;background-color: #f7f8f9;width: 1px\" src=\"https:\/\/agenciabrasil.ebc.com.br\/ebc.png?id=1400173&amp;o=node\" \/><img decoding=\"async\" style=\"border: 0px none;vertical-align: middle;height: 1px;color: #495057;font-family: 'Source Serif Pro', serif;font-size: 16px;background-color: #f7f8f9;width: 1px\" src=\"https:\/\/agenciabrasil.ebc.com.br\/ebc.gif?id=1400173&amp;o=node\" \/><\/span><\/p>\n<p style=\"margin: 0px 0px 1.3rem;color: #495057;font-family: 'Source Serif Pro', serif;font-size: 16px;background-color: #f7f8f9\"><span style=\"font-size: 18px\">A outra brasileira que avan\u00e7ou \u00e0s quartas \u00e9 Ingrid Martins. Ela disputou duas partidas neste\u00a0domingo\u00a0(31). Venceu a japonesa Mei Yamaguchi com um duplo 6\/4 e a romena Miriam Bulgaru por 7\/5, 2\/6 e 10\/8 no super tie-break. Nas quartas de final, tamb\u00e9m nesta\u00a0segunda\u00a0(1\u00ba), ela\u00a0ter\u00e1 pela frente a americana Jessie Aney, que eliminou a tamb\u00e9m brasileira Gabriela C\u00e9 na etapa anterior. Em caso de vit\u00f3rias brasileiras nas quartas de final, Meligeni e Martins ir\u00e3o se enfrentar na semifinal em data ainda a ser definida.<\/span><\/p>\n<h2 style=\"margin-top: 0px;margin-bottom: 0.5rem;font-family: 'Open Sans', sans-serif;font-weight: 500;line-height: 1.2;color: #343a40;font-size: 32px;background-color: #f7f8f9\"><span style=\"font-size: 18px\">Jo\u00e3o Menezes estreia nesta\u00a0segunda\u00a0(1\u00ba) no Challenger de Ant\u00e1lia<\/span><\/h2>\n<p style=\"margin: 0px 0px 1.3rem;color: #495057;font-family: 'Source Serif Pro', serif;font-size: 16px;background-color: #f7f8f9\"><span style=\"font-size: 18px\">O tenista Jo\u00e3o Menezes, n\u00famero 3 do Brasil e 186 do mundo, estreia nesta\u00a0segunda-feira (1\u00ba), no Challenger de Ant\u00e1lia, na Turquia. A partida contra o s\u00e9rvio Danilo Petrovic, 149\u00ba no ranking, est\u00e1 prevista para come\u00e7ar a partir das 7h30 (hor\u00e1rio de Bras\u00edlia). Este ser\u00e1 o segundo torneio seguido do atleta mineiro na cidade turca e o terceiro no pa\u00eds. Anteriormente, nas quadras duras e cobertas de Istambul, Menezes saiu do quali e chegou \u00e0s oitavas de final, subindo sete posi\u00e7\u00f5es no ranking mundial. No saibro de Ant\u00e1lia, ele parou na primeira rodada do torneio passado, ap\u00f3s v\u00e1rios adiamentos por causa das chuvas que atrasaram toda a programa\u00e7\u00e3o na cidade. \u201cJ\u00e1 joguei aqui na semana passada. Agora \u00e9 usar essa experi\u00eancia em busca de bons resultados neste segundo torneio\u201d, explicou Menezes.<\/span><\/p>\n<p style=\"margin: 0px 0px 1.3rem;color: #495057;font-family: 'Source Serif Pro', serif;font-size: 16px;background-color: #f7f8f9\"><span style=\"font-size: 18px\">(Texto: Juliano Justo\/Ag\u00eancia Brasil. Foto: Pedro Ramos\/Rede do Esporte)<\/span><\/p>\n","protected":false},"excerpt":{"rendered":"<p>Carol Alves Meligeni, 371\u00aa\u00a0do mundo e terceira melhor do Brasil, emplacou, neste\u00a0domingo\u00a0(31), a sua\u00a0segunda\u00a0vit\u00f3ria no torneio ITF de Ant\u00e1lia, na Turquia. A tenista verde e amarela superou a russa Erika Andreeva, de 16 anos, por 7\/6 (7\/0) 6\/0. Foi uma revanche, j\u00e1 que Andreeva havia derrotado a brasileira na final de um torneio no Cairo, [&hellip;]<\/p>\n","protected":false},"author":6307,"featured_media":43728,"comment_status":"closed","ping_status":"open","sticky":false,"template":"","format":"standard","meta":{"_exactmetrics_skip_tracking":false,"_exactmetrics_sitenote_active":false,"_exactmetrics_sitenote_note":"","_exactmetrics_sitenote_category":0,"footnotes":""},"categories":[2544],"tags":[47,13870],"yoast_head":"<!-- This site is optimized with the Yoast SEO Premium plugin v22.7 (Yoast SEO v22.7) - https:\/\/yoast.com\/wordpress\/plugins\/seo\/ -->\n<title>R\u00c1DIO MARING\u00c1 - Tenistas Carol Meligeni e Ingrid Martins est\u00e3o nas quartas na Turquia - Orlando Gonzalez<\/title>\n<meta name=\"robots\" content=\"index, follow, max-snippet:-1, max-image-preview:large, max-video-preview:-1\" \/>\n<link rel=\"canonical\" href=\"https:\/\/maringapost.com.br\/orlandogonzalez\/2021\/01\/31\/radio-maringa-tenistas-carol-meligeni-e-ingrid-martins-estao-nas-quartas-na-turquia\/\" \/>\n<meta property=\"og:locale\" content=\"pt_BR\" \/>\n<meta property=\"og:type\" content=\"article\" \/>\n<meta property=\"og:title\" content=\"R\u00c1DIO MARING\u00c1 - Tenistas Carol Meligeni e Ingrid Martins est\u00e3o nas quartas na Turquia\" \/>\n<meta property=\"og:description\" content=\"Carol Alves Meligeni, 371\u00aa\u00a0do mundo e terceira melhor do Brasil, emplacou, neste\u00a0domingo\u00a0(31), a sua\u00a0segunda\u00a0vit\u00f3ria no torneio ITF de Ant\u00e1lia, na Turquia. A tenista verde e amarela superou a russa Erika Andreeva, de 16 anos, por 7\/6 (7\/0) 6\/0. Foi uma revanche, j\u00e1 que Andreeva havia derrotado a brasileira na final de um torneio no Cairo, [&hellip;]\" \/>\n<meta property=\"og:url\" content=\"https:\/\/maringapost.com.br\/orlandogonzalez\/2021\/01\/31\/radio-maringa-tenistas-carol-meligeni-e-ingrid-martins-estao-nas-quartas-na-turquia\/\" \/>\n<meta property=\"og:site_name\" content=\"Orlando Gonzalez\" \/>\n<meta property=\"article:author\" content=\"https:\/\/www.facebook.com\/profile.php?id=100011095815065\" \/>\n<meta property=\"article:published_time\" content=\"2021-02-01T00:40:09+00:00\" \/>\n<meta property=\"article:modified_time\" content=\"2021-02-01T00:40:18+00:00\" \/>\n<meta property=\"og:image\" content=\"https:\/\/maringapost.com.br\/orlandogonzalez\/wp-content\/uploads\/sites\/17\/2021\/01\/tenistas-1.jpg\" \/>\n\t<meta property=\"og:image:width\" content=\"1170\" \/>\n\t<meta property=\"og:image:height\" content=\"700\" \/>\n\t<meta property=\"og:image:type\" content=\"image\/jpeg\" \/>\n<meta name=\"author\" content=\"Orlando Gonzalez\" \/>\n<meta name=\"twitter:card\" content=\"summary_large_image\" \/>\n<meta name=\"twitter:creator\" content=\"@gonzalezorlando\" \/>\n<meta name=\"twitter:label1\" content=\"Escrito por\" \/>\n\t<meta name=\"twitter:data1\" content=\"\" \/>\n\t<meta name=\"twitter:label2\" content=\"Est. tempo de leitura\" \/>\n\t<meta name=\"twitter:data2\" content=\"3 minutos\" \/>\n<script type=\"application\/ld+json\" class=\"yoast-schema-graph\">{\"@context\":\"https:\/\/schema.org\",\"@graph\":[{\"@type\":\"WebPage\",\"@id\":\"https:\/\/maringapost.com.br\/orlandogonzalez\/2021\/01\/31\/radio-maringa-tenistas-carol-meligeni-e-ingrid-martins-estao-nas-quartas-na-turquia\/\",\"url\":\"https:\/\/maringapost.com.br\/orlandogonzalez\/2021\/01\/31\/radio-maringa-tenistas-carol-meligeni-e-ingrid-martins-estao-nas-quartas-na-turquia\/\",\"name\":\"R\u00c1DIO MARING\u00c1 - Tenistas Carol Meligeni e Ingrid Martins est\u00e3o nas quartas na Turquia - Orlando Gonzalez\",\"isPartOf\":{\"@id\":\"https:\/\/maringapost.com.br\/orlandogonzalez\/#website\"},\"primaryImageOfPage\":{\"@id\":\"https:\/\/maringapost.com.br\/orlandogonzalez\/2021\/01\/31\/radio-maringa-tenistas-carol-meligeni-e-ingrid-martins-estao-nas-quartas-na-turquia\/#primaryimage\"},\"image\":{\"@id\":\"https:\/\/maringapost.com.br\/orlandogonzalez\/2021\/01\/31\/radio-maringa-tenistas-carol-meligeni-e-ingrid-martins-estao-nas-quartas-na-turquia\/#primaryimage\"},\"thumbnailUrl\":\"https:\/\/maringapost.com.br\/orlandogonzalez\/wp-content\/uploads\/sites\/17\/2021\/01\/tenistas-1.jpg\",\"datePublished\":\"2021-02-01T00:40:09+00:00\",\"dateModified\":\"2021-02-01T00:40:18+00:00\",\"author\":{\"@id\":\"https:\/\/maringapost.com.br\/orlandogonzalez\/#\/schema\/person\/5cbe6257d08edea6afc9ebaa613b0633\"},\"inLanguage\":\"pt-BR\",\"potentialAction\":[{\"@type\":\"ReadAction\",\"target\":[\"https:\/\/maringapost.com.br\/orlandogonzalez\/2021\/01\/31\/radio-maringa-tenistas-carol-meligeni-e-ingrid-martins-estao-nas-quartas-na-turquia\/\"]}]},{\"@type\":\"ImageObject\",\"inLanguage\":\"pt-BR\",\"@id\":\"https:\/\/maringapost.com.br\/orlandogonzalez\/2021\/01\/31\/radio-maringa-tenistas-carol-meligeni-e-ingrid-martins-estao-nas-quartas-na-turquia\/#primaryimage\",\"url\":\"https:\/\/maringapost.com.br\/orlandogonzalez\/wp-content\/uploads\/sites\/17\/2021\/01\/tenistas-1.jpg\",\"contentUrl\":\"https:\/\/maringapost.com.br\/orlandogonzalez\/wp-content\/uploads\/sites\/17\/2021\/01\/tenistas-1.jpg\",\"width\":1170,\"height\":700},{\"@type\":\"WebSite\",\"@id\":\"https:\/\/maringapost.com.br\/orlandogonzalez\/#website\",\"url\":\"https:\/\/maringapost.com.br\/orlandogonzalez\/\",\"name\":\"Orlando Gonzalez\",\"description\":\"Destaca o esporte de Maring\u00e1! Destaca o esporte do Paran\u00e1! Destaca o esporte do Brasil!\",\"potentialAction\":[{\"@type\":\"SearchAction\",\"target\":{\"@type\":\"EntryPoint\",\"urlTemplate\":\"https:\/\/maringapost.com.br\/orlandogonzalez\/?s={search_term_string}\"},\"query-input\":\"required name=search_term_string\"}],\"inLanguage\":\"pt-BR\"},{\"@type\":\"Person\",\"@id\":\"https:\/\/maringapost.com.br\/orlandogonzalez\/#\/schema\/person\/5cbe6257d08edea6afc9ebaa613b0633\",\"name\":\"Orlando Gonzalez\",\"image\":{\"@type\":\"ImageObject\",\"inLanguage\":\"pt-BR\",\"@id\":\"https:\/\/maringapost.com.br\/orlandogonzalez\/#\/schema\/person\/image\/\",\"url\":\"https:\/\/secure.gravatar.com\/avatar\/ecef9d1c9afe5ebdafadde8369065ba5?s=96&d=mm&r=g\",\"contentUrl\":\"https:\/\/secure.gravatar.com\/avatar\/ecef9d1c9afe5ebdafadde8369065ba5?s=96&d=mm&r=g\",\"caption\":\"Orlando Gonzalez\"},\"description\":\"H\u00e1 29 anos na cobertura do esporte de Maring\u00e1. Plant\u00e3o e narrador esportivo. Presta\u00e7\u00e3o de assessoria de imprensa esportiva, cobertura e transmiss\u00f5es ao vivo de eventos esportivos. E-mail: orlandogonzalez.assessoria@gmail.com WhatsApp: (44) 9 9126-6119\",\"sameAs\":[\"http:\/\/www.radiomaringa.com.br\/\",\"https:\/\/www.facebook.com\/profile.php?id=100011095815065\",\"https:\/\/www.instagram.com\/orlandomgonzalez\/\",\"https:\/\/br.pinterest.com\/ogonzalez0530\/\",\"https:\/\/x.com\/gonzalezorlando\",\"https:\/\/www.youtube.com\/channel\/UCvFpl55btth8wjnKiSS1ibA\",\"https:\/\/radiomaringaweb.tumblr.com\/\"],\"url\":\"https:\/\/maringapost.com.br\/orlandogonzalez\/author\/orlando\/\"}]}<\/script>\n<!-- \/ Yoast SEO Premium plugin. -->","yoast_head_json":{"title":"R\u00c1DIO MARING\u00c1 - Tenistas Carol Meligeni e Ingrid Martins est\u00e3o nas quartas na Turquia - Orlando Gonzalez","robots":{"index":"index","follow":"follow","max-snippet":"max-snippet:-1","max-image-preview":"max-image-preview:large","max-video-preview":"max-video-preview:-1"},"canonical":"https:\/\/maringapost.com.br\/orlandogonzalez\/2021\/01\/31\/radio-maringa-tenistas-carol-meligeni-e-ingrid-martins-estao-nas-quartas-na-turquia\/","og_locale":"pt_BR","og_type":"article","og_title":"R\u00c1DIO MARING\u00c1 - Tenistas Carol Meligeni e Ingrid Martins est\u00e3o nas quartas na Turquia","og_description":"Carol Alves Meligeni, 371\u00aa\u00a0do mundo e terceira melhor do Brasil, emplacou, neste\u00a0domingo\u00a0(31), a sua\u00a0segunda\u00a0vit\u00f3ria no torneio ITF de Ant\u00e1lia, na Turquia. A tenista verde e amarela superou a russa Erika Andreeva, de 16 anos, por 7\/6 (7\/0) 6\/0. Foi uma revanche, j\u00e1 que Andreeva havia derrotado a brasileira na final de um torneio no Cairo, [&hellip;]","og_url":"https:\/\/maringapost.com.br\/orlandogonzalez\/2021\/01\/31\/radio-maringa-tenistas-carol-meligeni-e-ingrid-martins-estao-nas-quartas-na-turquia\/","og_site_name":"Orlando Gonzalez","article_author":"https:\/\/www.facebook.com\/profile.php?id=100011095815065","article_published_time":"2021-02-01T00:40:09+00:00","article_modified_time":"2021-02-01T00:40:18+00:00","og_image":[{"width":1170,"height":700,"url":"https:\/\/maringapost.com.br\/orlandogonzalez\/wp-content\/uploads\/sites\/17\/2021\/01\/tenistas-1.jpg","type":"image\/jpeg"}],"author":"Orlando Gonzalez","twitter_card":"summary_large_image","twitter_creator":"@gonzalezorlando","twitter_misc":{"Escrito por":false,"Est. tempo de leitura":"3 minutos"},"schema":{"@context":"https:\/\/schema.org","@graph":[{"@type":"WebPage","@id":"https:\/\/maringapost.com.br\/orlandogonzalez\/2021\/01\/31\/radio-maringa-tenistas-carol-meligeni-e-ingrid-martins-estao-nas-quartas-na-turquia\/","url":"https:\/\/maringapost.com.br\/orlandogonzalez\/2021\/01\/31\/radio-maringa-tenistas-carol-meligeni-e-ingrid-martins-estao-nas-quartas-na-turquia\/","name":"R\u00c1DIO MARING\u00c1 - Tenistas Carol Meligeni e Ingrid Martins est\u00e3o nas quartas na Turquia - Orlando Gonzalez","isPartOf":{"@id":"https:\/\/maringapost.com.br\/orlandogonzalez\/#website"},"primaryImageOfPage":{"@id":"https:\/\/maringapost.com.br\/orlandogonzalez\/2021\/01\/31\/radio-maringa-tenistas-carol-meligeni-e-ingrid-martins-estao-nas-quartas-na-turquia\/#primaryimage"},"image":{"@id":"https:\/\/maringapost.com.br\/orlandogonzalez\/2021\/01\/31\/radio-maringa-tenistas-carol-meligeni-e-ingrid-martins-estao-nas-quartas-na-turquia\/#primaryimage"},"thumbnailUrl":"https:\/\/maringapost.com.br\/orlandogonzalez\/wp-content\/uploads\/sites\/17\/2021\/01\/tenistas-1.jpg","datePublished":"2021-02-01T00:40:09+00:00","dateModified":"2021-02-01T00:40:18+00:00","author":{"@id":"https:\/\/maringapost.com.br\/orlandogonzalez\/#\/schema\/person\/5cbe6257d08edea6afc9ebaa613b0633"},"inLanguage":"pt-BR","potentialAction":[{"@type":"ReadAction","target":["https:\/\/maringapost.com.br\/orlandogonzalez\/2021\/01\/31\/radio-maringa-tenistas-carol-meligeni-e-ingrid-martins-estao-nas-quartas-na-turquia\/"]}]},{"@type":"ImageObject","inLanguage":"pt-BR","@id":"https:\/\/maringapost.com.br\/orlandogonzalez\/2021\/01\/31\/radio-maringa-tenistas-carol-meligeni-e-ingrid-martins-estao-nas-quartas-na-turquia\/#primaryimage","url":"https:\/\/maringapost.com.br\/orlandogonzalez\/wp-content\/uploads\/sites\/17\/2021\/01\/tenistas-1.jpg","contentUrl":"https:\/\/maringapost.com.br\/orlandogonzalez\/wp-content\/uploads\/sites\/17\/2021\/01\/tenistas-1.jpg","width":1170,"height":700},{"@type":"WebSite","@id":"https:\/\/maringapost.com.br\/orlandogonzalez\/#website","url":"https:\/\/maringapost.com.br\/orlandogonzalez\/","name":"Orlando Gonzalez","description":"Destaca o esporte de Maring\u00e1! Destaca o esporte do Paran\u00e1! Destaca o esporte do Brasil!","potentialAction":[{"@type":"SearchAction","target":{"@type":"EntryPoint","urlTemplate":"https:\/\/maringapost.com.br\/orlandogonzalez\/?s={search_term_string}"},"query-input":"required name=search_term_string"}],"inLanguage":"pt-BR"},{"@type":"Person","@id":"https:\/\/maringapost.com.br\/orlandogonzalez\/#\/schema\/person\/5cbe6257d08edea6afc9ebaa613b0633","name":"Orlando Gonzalez","image":{"@type":"ImageObject","inLanguage":"pt-BR","@id":"https:\/\/maringapost.com.br\/orlandogonzalez\/#\/schema\/person\/image\/","url":"https:\/\/secure.gravatar.com\/avatar\/ecef9d1c9afe5ebdafadde8369065ba5?s=96&d=mm&r=g","contentUrl":"https:\/\/secure.gravatar.com\/avatar\/ecef9d1c9afe5ebdafadde8369065ba5?s=96&d=mm&r=g","caption":"Orlando Gonzalez"},"description":"H\u00e1 29 anos na cobertura do esporte de Maring\u00e1. Plant\u00e3o e narrador esportivo. Presta\u00e7\u00e3o de assessoria de imprensa esportiva, cobertura e transmiss\u00f5es ao vivo de eventos esportivos. E-mail: orlandogonzalez.assessoria@gmail.com WhatsApp: (44) 9 9126-6119","sameAs":["http:\/\/www.radiomaringa.com.br\/","https:\/\/www.facebook.com\/profile.php?id=100011095815065","https:\/\/www.instagram.com\/orlandomgonzalez\/","https:\/\/br.pinterest.com\/ogonzalez0530\/","https:\/\/x.com\/gonzalezorlando","https:\/\/www.youtube.com\/channel\/UCvFpl55btth8wjnKiSS1ibA","https:\/\/radiomaringaweb.tumblr.com\/"],"url":"https:\/\/maringapost.com.br\/orlandogonzalez\/author\/orlando\/"}]}},"_links":{"self":[{"href":"https:\/\/maringapost.com.br\/orlandogonzalez\/wp-json\/wp\/v2\/posts\/43727"}],"collection":[{"href":"https:\/\/maringapost.com.br\/orlandogonzalez\/wp-json\/wp\/v2\/posts"}],"about":[{"href":"https:\/\/maringapost.com.br\/orlandogonzalez\/wp-json\/wp\/v2\/types\/post"}],"author":[{"embeddable":true,"href":"https:\/\/maringapost.com.br\/orlandogonzalez\/wp-json\/wp\/v2\/users\/6307"}],"replies":[{"embeddable":true,"href":"https:\/\/maringapost.com.br\/orlandogonzalez\/wp-json\/wp\/v2\/comments?post=43727"}],"version-history":[{"count":1,"href":"https:\/\/maringapost.com.br\/orlandogonzalez\/wp-json\/wp\/v2\/posts\/43727\/revisions"}],"predecessor-version":[{"id":43729,"href":"https:\/\/maringapost.com.br\/orlandogonzalez\/wp-json\/wp\/v2\/posts\/43727\/revisions\/43729"}],"wp:featuredmedia":[{"embeddable":true,"href":"https:\/\/maringapost.com.br\/orlandogonzalez\/wp-json\/wp\/v2\/media\/43728"}],"wp:attachment":[{"href":"https:\/\/maringapost.com.br\/orlandogonzalez\/wp-json\/wp\/v2\/media?parent=43727"}],"wp:term":[{"taxonomy":"category","embeddable":true,"href":"https:\/\/maringapost.com.br\/orlandogonzalez\/wp-json\/wp\/v2\/categories?post=43727"},{"taxonomy":"post_tag","embeddable":true,"href":"https:\/\/maringapost.com.br\/orlandogonzalez\/wp-json\/wp\/v2\/tags?post=43727"}],"curies":[{"name":"wp","href":"https:\/\/api.w.org\/{rel}","templated":true}]}}