{"id":43615,"date":"2021-01-27T23:34:04","date_gmt":"2021-01-28T02:34:04","guid":{"rendered":"http:\/\/maringapost.com.br\/orlandogonzalez\/?p=43615"},"modified":"2021-01-27T23:34:13","modified_gmt":"2021-01-28T02:34:13","slug":"radio-maringa-com-jovens-talentos-selecao-brasileira-de-natacao-e-convocada-para-sul-americano","status":"publish","type":"post","link":"https:\/\/maringapost.com.br\/orlandogonzalez\/2021\/01\/27\/radio-maringa-com-jovens-talentos-selecao-brasileira-de-natacao-e-convocada-para-sul-americano\/","title":{"rendered":"R\u00c1DIO MARING\u00c1 &#8211; Com jovens talentos, sele\u00e7\u00e3o brasileira de nata\u00e7\u00e3o \u00e9 convocada para Sul-Americano"},"content":{"rendered":"<p>Nesta\u00a0quarta-feira (27), a Confedera\u00e7\u00e3o Brasileira de Desportos Aqu\u00e1ticos (CBDA) confirmou a convoca\u00e7\u00e3o da sele\u00e7\u00e3o brasileira que disputar\u00e1 o Campeonato Sul-Americano de Nata\u00e7\u00e3o, marcado para mar\u00e7o, em Buenos Aires. Foram convocados 28 atletas (14 mulheres e 14 homens), com idade inferior a 21 anos. \u201cA CBDA ficou bastante satisfeita pela decis\u00e3o em conjunto com o Conselho T\u00e9cnico Nacional de Nata\u00e7\u00e3o de Alto Rendimento em optar por selecionar atletas que s\u00e3o jovens promessas e que, provavelmente, estar\u00e3o na disputa por vagas nos Jogos Ol\u00edmpicos de 2024\u201d, disse o diretor de Nata\u00e7\u00e3o da CBDA, Eduardo Fischer<a href=\"https:\/\/radiomaringa.com.br\/\" target=\"_blank\" rel=\"noopener\">.<\/a><img decoding=\"async\" src=\"https:\/\/agenciabrasil.ebc.com.br\/ebc.png?id=1399858&amp;o=node\" \/><img decoding=\"async\" src=\"https:\/\/agenciabrasil.ebc.com.br\/ebc.gif?id=1399858&amp;o=node\" \/><\/p>\n<p>O Brasil vai em busca da manuten\u00e7\u00e3o da hegemonia em Campeonatos Sul-Americanos. Em 2018, no Peru, o pa\u00eds sagrou-se campe\u00e3o geral com 52 medalhas. Agora, a miss\u00e3o \u00e9 da nova gera\u00e7\u00e3o, composta por nomes como Murilo Sartori, Fernanda Goeij, Rafaela Raurich, Lucas Peixoto e Maria Luiza Pessanha, que brilharam tr\u00eas anos atr\u00e1s nesta mesma piscina, durante os Jogos Ol\u00edmpicos da Juventude. \u201cTemos neste ano uma sele\u00e7\u00e3o bastante heterog\u00eanea e que vai nadar todas as provas, chegando forte tamb\u00e9m nos revezamentos. A nossa expectativa \u00e9 a melhor poss\u00edvel e temos a certeza que esses jovens v\u00e3o fazer bonito em Buenos Aires\u201d, completou Fischer.<\/p>\n<p>Veja os convocados:<\/p>\n<p>Feminino<br \/>\n1 Alexia Tavares Assun\u00e7\u00e3o<br \/>\n2 Beatriz Pimentel Dizotti<br \/>\n3 Bruna Monteiro Leme<br \/>\n4 Fernanda Andrade<br \/>\n5 Fernanda de Goeij<br \/>\n6 Fernanda Gomes Celid\u00f4nio<br \/>\n7 Gabrielle Assis da Silva<br \/>\n8 Giulia Salesi Chicon<br \/>\n9 Julia Karla Goes<br \/>\n10 Luanna Nunes Martins de Oliveira<br \/>\n11 Maria Luiza Pessanha<br \/>\n12 Mariana Santos Figueiredo<br \/>\n13 Rafaela Trevisan Raurich<br \/>\n14 Sofia Garuffi Rondel<\/p>\n<p>Masculino<br \/>\n1 Davi Martins Mour\u00e3o<br \/>\n2 Eduardo Oliveira Moraes<br \/>\n3 Gabriel Perseguin Dias<br \/>\n4 Guilherme Caribe Santos<br \/>\n5 Gustavo Francisco Saldo<br \/>\n6 Lucas Peixoto<br \/>\n7 Murilo Setin Sartori<br \/>\n8 Pablo Henrique Vieira<br \/>\n9 Pedro Guastelli Farias<br \/>\n10 Pedro Henrique Motta<br \/>\n11 Pedro Muschioni Cristo<br \/>\n12 Victor Guimar\u00e3es Alcar\u00e1<br \/>\n13 Victor Melo Baganha<br \/>\n14 Vin\u00edcius Assun\u00e7\u00e3o<\/p>\n<p>Comiss\u00e3o t\u00e9cnica<br \/>\nRafael Spinola \u2013 CEPE\/BA<br \/>\nAndr\u00e9 Cordeiro \u2013 Minas T\u00eanis Clube<br \/>\nDiego Pena \u2013 Clube Curitibano\/PR<br \/>\nFabio Cremonez \u2013 Nata\u00e7\u00e3o Americana\/SP<\/p>\n<p>(Ag\u00eancia Brasil)<\/p>\n","protected":false},"excerpt":{"rendered":"<p>Nesta\u00a0quarta-feira (27), a Confedera\u00e7\u00e3o Brasileira de Desportos Aqu\u00e1ticos (CBDA) confirmou a convoca\u00e7\u00e3o da sele\u00e7\u00e3o brasileira que disputar\u00e1 o Campeonato Sul-Americano de Nata\u00e7\u00e3o, marcado para mar\u00e7o, em Buenos Aires. Foram convocados 28 atletas (14 mulheres e 14 homens), com idade inferior a 21 anos. \u201cA CBDA ficou bastante satisfeita pela decis\u00e3o em conjunto com o Conselho [&hellip;]<\/p>\n","protected":false},"author":6307,"featured_media":43616,"comment_status":"closed","ping_status":"open","sticky":false,"template":"","format":"standard","meta":{"_exactmetrics_skip_tracking":false,"_exactmetrics_sitenote_active":false,"_exactmetrics_sitenote_note":"","_exactmetrics_sitenote_category":0,"footnotes":""},"categories":[1052],"tags":[7334,47],"yoast_head":"<!-- This site is optimized with the Yoast SEO Premium plugin v22.7 (Yoast SEO v22.7) - https:\/\/yoast.com\/wordpress\/plugins\/seo\/ -->\n<title>R\u00c1DIO MARING\u00c1 - Com jovens talentos, sele\u00e7\u00e3o brasileira de nata\u00e7\u00e3o \u00e9 convocada para Sul-Americano - Orlando Gonzalez<\/title>\n<meta name=\"robots\" content=\"index, follow, max-snippet:-1, max-image-preview:large, max-video-preview:-1\" \/>\n<link rel=\"canonical\" href=\"https:\/\/maringapost.com.br\/orlandogonzalez\/2021\/01\/27\/radio-maringa-com-jovens-talentos-selecao-brasileira-de-natacao-e-convocada-para-sul-americano\/\" \/>\n<meta property=\"og:locale\" content=\"pt_BR\" \/>\n<meta property=\"og:type\" content=\"article\" \/>\n<meta property=\"og:title\" content=\"R\u00c1DIO MARING\u00c1 - Com jovens talentos, sele\u00e7\u00e3o brasileira de nata\u00e7\u00e3o \u00e9 convocada para Sul-Americano\" \/>\n<meta property=\"og:description\" content=\"Nesta\u00a0quarta-feira (27), a Confedera\u00e7\u00e3o Brasileira de Desportos Aqu\u00e1ticos (CBDA) confirmou a convoca\u00e7\u00e3o da sele\u00e7\u00e3o brasileira que disputar\u00e1 o Campeonato Sul-Americano de Nata\u00e7\u00e3o, marcado para mar\u00e7o, em Buenos Aires. Foram convocados 28 atletas (14 mulheres e 14 homens), com idade inferior a 21 anos. \u201cA CBDA ficou bastante satisfeita pela decis\u00e3o em conjunto com o Conselho [&hellip;]\" \/>\n<meta property=\"og:url\" content=\"https:\/\/maringapost.com.br\/orlandogonzalez\/2021\/01\/27\/radio-maringa-com-jovens-talentos-selecao-brasileira-de-natacao-e-convocada-para-sul-americano\/\" \/>\n<meta property=\"og:site_name\" content=\"Orlando Gonzalez\" \/>\n<meta property=\"article:author\" content=\"https:\/\/www.facebook.com\/profile.php?id=100011095815065\" \/>\n<meta property=\"article:published_time\" content=\"2021-01-28T02:34:04+00:00\" \/>\n<meta property=\"article:modified_time\" content=\"2021-01-28T02:34:13+00:00\" \/>\n<meta property=\"og:image\" content=\"https:\/\/maringapost.com.br\/orlandogonzalez\/wp-content\/uploads\/sites\/17\/2021\/01\/natacao66.jpg\" \/>\n\t<meta property=\"og:image:width\" content=\"1170\" \/>\n\t<meta property=\"og:image:height\" content=\"700\" \/>\n\t<meta property=\"og:image:type\" content=\"image\/jpeg\" \/>\n<meta name=\"author\" content=\"Orlando Gonzalez\" \/>\n<meta name=\"twitter:card\" content=\"summary_large_image\" \/>\n<meta name=\"twitter:creator\" content=\"@gonzalezorlando\" \/>\n<meta name=\"twitter:label1\" content=\"Escrito por\" \/>\n\t<meta name=\"twitter:data1\" content=\"\" \/>\n\t<meta name=\"twitter:label2\" content=\"Est. tempo de leitura\" \/>\n\t<meta name=\"twitter:data2\" content=\"2 minutos\" \/>\n<script type=\"application\/ld+json\" class=\"yoast-schema-graph\">{\"@context\":\"https:\/\/schema.org\",\"@graph\":[{\"@type\":\"WebPage\",\"@id\":\"https:\/\/maringapost.com.br\/orlandogonzalez\/2021\/01\/27\/radio-maringa-com-jovens-talentos-selecao-brasileira-de-natacao-e-convocada-para-sul-americano\/\",\"url\":\"https:\/\/maringapost.com.br\/orlandogonzalez\/2021\/01\/27\/radio-maringa-com-jovens-talentos-selecao-brasileira-de-natacao-e-convocada-para-sul-americano\/\",\"name\":\"R\u00c1DIO MARING\u00c1 - Com jovens talentos, sele\u00e7\u00e3o brasileira de nata\u00e7\u00e3o \u00e9 convocada para Sul-Americano - Orlando Gonzalez\",\"isPartOf\":{\"@id\":\"https:\/\/maringapost.com.br\/orlandogonzalez\/#website\"},\"primaryImageOfPage\":{\"@id\":\"https:\/\/maringapost.com.br\/orlandogonzalez\/2021\/01\/27\/radio-maringa-com-jovens-talentos-selecao-brasileira-de-natacao-e-convocada-para-sul-americano\/#primaryimage\"},\"image\":{\"@id\":\"https:\/\/maringapost.com.br\/orlandogonzalez\/2021\/01\/27\/radio-maringa-com-jovens-talentos-selecao-brasileira-de-natacao-e-convocada-para-sul-americano\/#primaryimage\"},\"thumbnailUrl\":\"https:\/\/maringapost.com.br\/orlandogonzalez\/wp-content\/uploads\/sites\/17\/2021\/01\/natacao66.jpg\",\"datePublished\":\"2021-01-28T02:34:04+00:00\",\"dateModified\":\"2021-01-28T02:34:13+00:00\",\"author\":{\"@id\":\"https:\/\/maringapost.com.br\/orlandogonzalez\/#\/schema\/person\/5cbe6257d08edea6afc9ebaa613b0633\"},\"inLanguage\":\"pt-BR\",\"potentialAction\":[{\"@type\":\"ReadAction\",\"target\":[\"https:\/\/maringapost.com.br\/orlandogonzalez\/2021\/01\/27\/radio-maringa-com-jovens-talentos-selecao-brasileira-de-natacao-e-convocada-para-sul-americano\/\"]}]},{\"@type\":\"ImageObject\",\"inLanguage\":\"pt-BR\",\"@id\":\"https:\/\/maringapost.com.br\/orlandogonzalez\/2021\/01\/27\/radio-maringa-com-jovens-talentos-selecao-brasileira-de-natacao-e-convocada-para-sul-americano\/#primaryimage\",\"url\":\"https:\/\/maringapost.com.br\/orlandogonzalez\/wp-content\/uploads\/sites\/17\/2021\/01\/natacao66.jpg\",\"contentUrl\":\"https:\/\/maringapost.com.br\/orlandogonzalez\/wp-content\/uploads\/sites\/17\/2021\/01\/natacao66.jpg\",\"width\":1170,\"height\":700,\"caption\":\"Liga de Nata\u00e7\u00e3o: Guilherme Guido brilha na abertura da semifinal\"},{\"@type\":\"WebSite\",\"@id\":\"https:\/\/maringapost.com.br\/orlandogonzalez\/#website\",\"url\":\"https:\/\/maringapost.com.br\/orlandogonzalez\/\",\"name\":\"Orlando Gonzalez\",\"description\":\"Destaca o esporte de Maring\u00e1! Destaca o esporte do Paran\u00e1! Destaca o esporte do Brasil!\",\"potentialAction\":[{\"@type\":\"SearchAction\",\"target\":{\"@type\":\"EntryPoint\",\"urlTemplate\":\"https:\/\/maringapost.com.br\/orlandogonzalez\/?s={search_term_string}\"},\"query-input\":\"required name=search_term_string\"}],\"inLanguage\":\"pt-BR\"},{\"@type\":\"Person\",\"@id\":\"https:\/\/maringapost.com.br\/orlandogonzalez\/#\/schema\/person\/5cbe6257d08edea6afc9ebaa613b0633\",\"name\":\"Orlando Gonzalez\",\"image\":{\"@type\":\"ImageObject\",\"inLanguage\":\"pt-BR\",\"@id\":\"https:\/\/maringapost.com.br\/orlandogonzalez\/#\/schema\/person\/image\/\",\"url\":\"https:\/\/secure.gravatar.com\/avatar\/ecef9d1c9afe5ebdafadde8369065ba5?s=96&d=mm&r=g\",\"contentUrl\":\"https:\/\/secure.gravatar.com\/avatar\/ecef9d1c9afe5ebdafadde8369065ba5?s=96&d=mm&r=g\",\"caption\":\"Orlando Gonzalez\"},\"description\":\"H\u00e1 29 anos na cobertura do esporte de Maring\u00e1. Plant\u00e3o e narrador esportivo. Presta\u00e7\u00e3o de assessoria de imprensa esportiva, cobertura e transmiss\u00f5es ao vivo de eventos esportivos. E-mail: orlandogonzalez.assessoria@gmail.com WhatsApp: (44) 9 9126-6119\",\"sameAs\":[\"http:\/\/www.radiomaringa.com.br\/\",\"https:\/\/www.facebook.com\/profile.php?id=100011095815065\",\"https:\/\/www.instagram.com\/orlandomgonzalez\/\",\"https:\/\/br.pinterest.com\/ogonzalez0530\/\",\"https:\/\/x.com\/gonzalezorlando\",\"https:\/\/www.youtube.com\/channel\/UCvFpl55btth8wjnKiSS1ibA\",\"https:\/\/radiomaringaweb.tumblr.com\/\"],\"url\":\"https:\/\/maringapost.com.br\/orlandogonzalez\/author\/orlando\/\"}]}<\/script>\n<!-- \/ Yoast SEO Premium plugin. -->","yoast_head_json":{"title":"R\u00c1DIO MARING\u00c1 - Com jovens talentos, sele\u00e7\u00e3o brasileira de nata\u00e7\u00e3o \u00e9 convocada para Sul-Americano - Orlando Gonzalez","robots":{"index":"index","follow":"follow","max-snippet":"max-snippet:-1","max-image-preview":"max-image-preview:large","max-video-preview":"max-video-preview:-1"},"canonical":"https:\/\/maringapost.com.br\/orlandogonzalez\/2021\/01\/27\/radio-maringa-com-jovens-talentos-selecao-brasileira-de-natacao-e-convocada-para-sul-americano\/","og_locale":"pt_BR","og_type":"article","og_title":"R\u00c1DIO MARING\u00c1 - Com jovens talentos, sele\u00e7\u00e3o brasileira de nata\u00e7\u00e3o \u00e9 convocada para Sul-Americano","og_description":"Nesta\u00a0quarta-feira (27), a Confedera\u00e7\u00e3o Brasileira de Desportos Aqu\u00e1ticos (CBDA) confirmou a convoca\u00e7\u00e3o da sele\u00e7\u00e3o brasileira que disputar\u00e1 o Campeonato Sul-Americano de Nata\u00e7\u00e3o, marcado para mar\u00e7o, em Buenos Aires. Foram convocados 28 atletas (14 mulheres e 14 homens), com idade inferior a 21 anos. \u201cA CBDA ficou bastante satisfeita pela decis\u00e3o em conjunto com o Conselho [&hellip;]","og_url":"https:\/\/maringapost.com.br\/orlandogonzalez\/2021\/01\/27\/radio-maringa-com-jovens-talentos-selecao-brasileira-de-natacao-e-convocada-para-sul-americano\/","og_site_name":"Orlando Gonzalez","article_author":"https:\/\/www.facebook.com\/profile.php?id=100011095815065","article_published_time":"2021-01-28T02:34:04+00:00","article_modified_time":"2021-01-28T02:34:13+00:00","og_image":[{"width":1170,"height":700,"url":"https:\/\/maringapost.com.br\/orlandogonzalez\/wp-content\/uploads\/sites\/17\/2021\/01\/natacao66.jpg","type":"image\/jpeg"}],"author":"Orlando Gonzalez","twitter_card":"summary_large_image","twitter_creator":"@gonzalezorlando","twitter_misc":{"Escrito por":false,"Est. tempo de leitura":"2 minutos"},"schema":{"@context":"https:\/\/schema.org","@graph":[{"@type":"WebPage","@id":"https:\/\/maringapost.com.br\/orlandogonzalez\/2021\/01\/27\/radio-maringa-com-jovens-talentos-selecao-brasileira-de-natacao-e-convocada-para-sul-americano\/","url":"https:\/\/maringapost.com.br\/orlandogonzalez\/2021\/01\/27\/radio-maringa-com-jovens-talentos-selecao-brasileira-de-natacao-e-convocada-para-sul-americano\/","name":"R\u00c1DIO MARING\u00c1 - Com jovens talentos, sele\u00e7\u00e3o brasileira de nata\u00e7\u00e3o \u00e9 convocada para Sul-Americano - Orlando Gonzalez","isPartOf":{"@id":"https:\/\/maringapost.com.br\/orlandogonzalez\/#website"},"primaryImageOfPage":{"@id":"https:\/\/maringapost.com.br\/orlandogonzalez\/2021\/01\/27\/radio-maringa-com-jovens-talentos-selecao-brasileira-de-natacao-e-convocada-para-sul-americano\/#primaryimage"},"image":{"@id":"https:\/\/maringapost.com.br\/orlandogonzalez\/2021\/01\/27\/radio-maringa-com-jovens-talentos-selecao-brasileira-de-natacao-e-convocada-para-sul-americano\/#primaryimage"},"thumbnailUrl":"https:\/\/maringapost.com.br\/orlandogonzalez\/wp-content\/uploads\/sites\/17\/2021\/01\/natacao66.jpg","datePublished":"2021-01-28T02:34:04+00:00","dateModified":"2021-01-28T02:34:13+00:00","author":{"@id":"https:\/\/maringapost.com.br\/orlandogonzalez\/#\/schema\/person\/5cbe6257d08edea6afc9ebaa613b0633"},"inLanguage":"pt-BR","potentialAction":[{"@type":"ReadAction","target":["https:\/\/maringapost.com.br\/orlandogonzalez\/2021\/01\/27\/radio-maringa-com-jovens-talentos-selecao-brasileira-de-natacao-e-convocada-para-sul-americano\/"]}]},{"@type":"ImageObject","inLanguage":"pt-BR","@id":"https:\/\/maringapost.com.br\/orlandogonzalez\/2021\/01\/27\/radio-maringa-com-jovens-talentos-selecao-brasileira-de-natacao-e-convocada-para-sul-americano\/#primaryimage","url":"https:\/\/maringapost.com.br\/orlandogonzalez\/wp-content\/uploads\/sites\/17\/2021\/01\/natacao66.jpg","contentUrl":"https:\/\/maringapost.com.br\/orlandogonzalez\/wp-content\/uploads\/sites\/17\/2021\/01\/natacao66.jpg","width":1170,"height":700,"caption":"Liga de Nata\u00e7\u00e3o: Guilherme Guido brilha na abertura da semifinal"},{"@type":"WebSite","@id":"https:\/\/maringapost.com.br\/orlandogonzalez\/#website","url":"https:\/\/maringapost.com.br\/orlandogonzalez\/","name":"Orlando Gonzalez","description":"Destaca o esporte de Maring\u00e1! Destaca o esporte do Paran\u00e1! Destaca o esporte do Brasil!","potentialAction":[{"@type":"SearchAction","target":{"@type":"EntryPoint","urlTemplate":"https:\/\/maringapost.com.br\/orlandogonzalez\/?s={search_term_string}"},"query-input":"required name=search_term_string"}],"inLanguage":"pt-BR"},{"@type":"Person","@id":"https:\/\/maringapost.com.br\/orlandogonzalez\/#\/schema\/person\/5cbe6257d08edea6afc9ebaa613b0633","name":"Orlando Gonzalez","image":{"@type":"ImageObject","inLanguage":"pt-BR","@id":"https:\/\/maringapost.com.br\/orlandogonzalez\/#\/schema\/person\/image\/","url":"https:\/\/secure.gravatar.com\/avatar\/ecef9d1c9afe5ebdafadde8369065ba5?s=96&d=mm&r=g","contentUrl":"https:\/\/secure.gravatar.com\/avatar\/ecef9d1c9afe5ebdafadde8369065ba5?s=96&d=mm&r=g","caption":"Orlando Gonzalez"},"description":"H\u00e1 29 anos na cobertura do esporte de Maring\u00e1. Plant\u00e3o e narrador esportivo. Presta\u00e7\u00e3o de assessoria de imprensa esportiva, cobertura e transmiss\u00f5es ao vivo de eventos esportivos. E-mail: orlandogonzalez.assessoria@gmail.com WhatsApp: (44) 9 9126-6119","sameAs":["http:\/\/www.radiomaringa.com.br\/","https:\/\/www.facebook.com\/profile.php?id=100011095815065","https:\/\/www.instagram.com\/orlandomgonzalez\/","https:\/\/br.pinterest.com\/ogonzalez0530\/","https:\/\/x.com\/gonzalezorlando","https:\/\/www.youtube.com\/channel\/UCvFpl55btth8wjnKiSS1ibA","https:\/\/radiomaringaweb.tumblr.com\/"],"url":"https:\/\/maringapost.com.br\/orlandogonzalez\/author\/orlando\/"}]}},"_links":{"self":[{"href":"https:\/\/maringapost.com.br\/orlandogonzalez\/wp-json\/wp\/v2\/posts\/43615"}],"collection":[{"href":"https:\/\/maringapost.com.br\/orlandogonzalez\/wp-json\/wp\/v2\/posts"}],"about":[{"href":"https:\/\/maringapost.com.br\/orlandogonzalez\/wp-json\/wp\/v2\/types\/post"}],"author":[{"embeddable":true,"href":"https:\/\/maringapost.com.br\/orlandogonzalez\/wp-json\/wp\/v2\/users\/6307"}],"replies":[{"embeddable":true,"href":"https:\/\/maringapost.com.br\/orlandogonzalez\/wp-json\/wp\/v2\/comments?post=43615"}],"version-history":[{"count":1,"href":"https:\/\/maringapost.com.br\/orlandogonzalez\/wp-json\/wp\/v2\/posts\/43615\/revisions"}],"predecessor-version":[{"id":43617,"href":"https:\/\/maringapost.com.br\/orlandogonzalez\/wp-json\/wp\/v2\/posts\/43615\/revisions\/43617"}],"wp:featuredmedia":[{"embeddable":true,"href":"https:\/\/maringapost.com.br\/orlandogonzalez\/wp-json\/wp\/v2\/media\/43616"}],"wp:attachment":[{"href":"https:\/\/maringapost.com.br\/orlandogonzalez\/wp-json\/wp\/v2\/media?parent=43615"}],"wp:term":[{"taxonomy":"category","embeddable":true,"href":"https:\/\/maringapost.com.br\/orlandogonzalez\/wp-json\/wp\/v2\/categories?post=43615"},{"taxonomy":"post_tag","embeddable":true,"href":"https:\/\/maringapost.com.br\/orlandogonzalez\/wp-json\/wp\/v2\/tags?post=43615"}],"curies":[{"name":"wp","href":"https:\/\/api.w.org\/{rel}","templated":true}]}}