{"id":43437,"date":"2021-01-25T12:48:51","date_gmt":"2021-01-25T15:48:51","guid":{"rendered":"http:\/\/maringapost.com.br\/orlandogonzalez\/?p=43437"},"modified":"2021-01-25T12:58:06","modified_gmt":"2021-01-25T15:58:06","slug":"radio-maringa-etiene-medeiros-participa-de-live-sobre-racismo-e-ausencia-de-atletas-negros-na-natacao","status":"publish","type":"post","link":"https:\/\/maringapost.com.br\/orlandogonzalez\/2021\/01\/25\/radio-maringa-etiene-medeiros-participa-de-live-sobre-racismo-e-ausencia-de-atletas-negros-na-natacao\/","title":{"rendered":"R\u00c1DIO MARING\u00c1 &#8211; Etiene Medeiros participa de live sobre racismo e aus\u00eancia de atletas negros na nata\u00e7\u00e3o"},"content":{"rendered":"<p>A pernambucana Etiene Medeiros participa na manh\u00e3 desta ter\u00e7a-feira (26) de um bate-papo para\u00a0tratar sobre um tema que sente, literalmente, na pele: a participa\u00e7\u00e3o de atletas negros na nata\u00e7\u00e3o. Assuntos como a\u00a0luta contra o racismo, preconceito dentro e fora do esporte, inclus\u00e3o, entre outros, estar\u00e3o na pauta. A live,\u00a0realizada pelo Sesc Guarulhos, ter\u00e1 in\u00edcio \u00e0s 11h e contar\u00e1 com transmiss\u00e3o ao vivo pelo Canal do YouTube\u00a0<a href=\"https:\/\/click.presskit.com.br\/url\/78380438d9\/6361139f815\" target=\"_blank\" rel=\"noopener\" data-saferedirecturl=\"https:\/\/www.google.com\/url?q=https:\/\/click.presskit.com.br\/url\/78380438d9\/6361139f815&amp;source=gmail&amp;ust=1611675875709000&amp;usg=AFQjCNG6d-9QtvRMSnwaX255mrV3qkAHiQ\">https:\/\/www.youtube.com\/channel\/SescGuarulhos<\/a>. Etiene estar\u00e1 ao lado da jornalista Eliana Alves Cruz, que ser\u00e1 respons\u00e1vel por conduzir a conversa<a href=\"https:\/\/radiomaringa.com.br\/\" target=\"_blank\" rel=\"noopener\">.<\/a><\/p>\n<p>Intitulado &#8220;Raias Negras&#8221;, o bate-papo ao vivo vai abordar os principais fatos que, historicamente, afastaram os negros da nata\u00e7\u00e3o. A jornalista falar\u00e1 sobre dados, estat\u00edsticas, pol\u00edticas e costumes sobre o tema e a nadadora dar\u00e1 depoimento sobre as dificuldades que encontra numa modalidade com hist\u00f3rico de ter rar\u00edssimos competidores negros.<\/p>\n<p>&#8220;N\u00e3o pensei duas vezes\u00a0ao aceitar o convite do Sesc Guarulhos para participar deste bate-papo com a Eliana. Este \u00e9 um tema que sempre me interessa debater e que considero importante\u00a0levar\u00a0as pessoas \u00e0 reflex\u00e3o. Por isso, convido a todos para participar na manh\u00e3 de ter\u00e7a&#8221;, comenta Etiene, que \u00e9 atleta do Sesi-SP e integra o programa ol\u00edmpico da Marinha do Brasil. A nadadora\u00a0tem apoio de Adidas, Nescau, Bolsa Atleta e Time Pernambuco.<\/p>\n<p><strong>Etiene Medeiros<\/strong>\u00a0&#8211;\u00a0Primeira brasileira a conquistar uma medalha de ouro em um Mundial de Nata\u00e7\u00e3o, Etiene est\u00e1 entre as melhores do mundo nos 50 metros costas h\u00e1 seis anos. Antes do t\u00edtulo em 2017, em Budapeste (HUN),\u00a0foi quarta colocada no Mundial em Barcelona 2013 e bronze em Kazan 2015. Ela tamb\u00e9m \u00e9 bicampe\u00e3 do mundo em piscina curta (Doha\/2014, quando bateu o recorde mundial, e Windsor\/2016), al\u00e9m da vit\u00f3ria no revezamento medley misto em 2014.<\/p>\n<p>Em 2019 acrescentou mais uma medalha em Mundiais, a prata nos 50 m costas. \u00danica brasileira bicampe\u00e3 pan-americana de nata\u00e7\u00e3o &#8211; ganhou ouro nos 100 m costas em Toronto, em 2015, e nos 50 m livre em Lima, em 2019 -, Etiene soma nove medalhas no Pan, sendo quatro no Canad\u00e1 e cinco no Peru.<\/p>\n<p>(Assessoria)<\/p>\n","protected":false},"excerpt":{"rendered":"<p>A pernambucana Etiene Medeiros participa na manh\u00e3 desta ter\u00e7a-feira (26) de um bate-papo para\u00a0tratar sobre um tema que sente, literalmente, na pele: a participa\u00e7\u00e3o de atletas negros na nata\u00e7\u00e3o. Assuntos como a\u00a0luta contra o racismo, preconceito dentro e fora do esporte, inclus\u00e3o, entre outros, estar\u00e3o na pauta. A live,\u00a0realizada pelo Sesc Guarulhos, ter\u00e1 in\u00edcio \u00e0s [&hellip;]<\/p>\n","protected":false},"author":6307,"featured_media":43438,"comment_status":"closed","ping_status":"open","sticky":false,"template":"","format":"standard","meta":{"_exactmetrics_skip_tracking":false,"_exactmetrics_sitenote_active":false,"_exactmetrics_sitenote_note":"","_exactmetrics_sitenote_category":0,"footnotes":""},"categories":[1052],"tags":[7334,47],"yoast_head":"<!-- This site is optimized with the Yoast SEO Premium plugin v22.7 (Yoast SEO v22.7) - https:\/\/yoast.com\/wordpress\/plugins\/seo\/ -->\n<title>R\u00c1DIO MARING\u00c1 - Etiene Medeiros participa de live sobre racismo e aus\u00eancia de atletas negros na nata\u00e7\u00e3o - Orlando Gonzalez<\/title>\n<meta name=\"robots\" content=\"index, follow, max-snippet:-1, max-image-preview:large, max-video-preview:-1\" \/>\n<link rel=\"canonical\" href=\"https:\/\/maringapost.com.br\/orlandogonzalez\/2021\/01\/25\/radio-maringa-etiene-medeiros-participa-de-live-sobre-racismo-e-ausencia-de-atletas-negros-na-natacao\/\" \/>\n<meta property=\"og:locale\" content=\"pt_BR\" \/>\n<meta property=\"og:type\" content=\"article\" \/>\n<meta property=\"og:title\" content=\"R\u00c1DIO MARING\u00c1 - Etiene Medeiros participa de live sobre racismo e aus\u00eancia de atletas negros na nata\u00e7\u00e3o\" \/>\n<meta property=\"og:description\" content=\"A pernambucana Etiene Medeiros participa na manh\u00e3 desta ter\u00e7a-feira (26) de um bate-papo para\u00a0tratar sobre um tema que sente, literalmente, na pele: a participa\u00e7\u00e3o de atletas negros na nata\u00e7\u00e3o. Assuntos como a\u00a0luta contra o racismo, preconceito dentro e fora do esporte, inclus\u00e3o, entre outros, estar\u00e3o na pauta. A live,\u00a0realizada pelo Sesc Guarulhos, ter\u00e1 in\u00edcio \u00e0s [&hellip;]\" \/>\n<meta property=\"og:url\" content=\"https:\/\/maringapost.com.br\/orlandogonzalez\/2021\/01\/25\/radio-maringa-etiene-medeiros-participa-de-live-sobre-racismo-e-ausencia-de-atletas-negros-na-natacao\/\" \/>\n<meta property=\"og:site_name\" content=\"Orlando Gonzalez\" \/>\n<meta property=\"article:author\" content=\"https:\/\/www.facebook.com\/profile.php?id=100011095815065\" \/>\n<meta property=\"article:published_time\" content=\"2021-01-25T15:48:51+00:00\" \/>\n<meta property=\"article:modified_time\" content=\"2021-01-25T15:58:06+00:00\" \/>\n<meta property=\"og:image\" content=\"https:\/\/maringapost.com.br\/orlandogonzalez\/wp-content\/uploads\/sites\/17\/2021\/01\/388310_961344_etiene_medeiros_pedro_menezes__7_web_.jpg\" \/>\n\t<meta property=\"og:image:width\" content=\"600\" \/>\n\t<meta property=\"og:image:height\" content=\"400\" \/>\n\t<meta property=\"og:image:type\" content=\"image\/jpeg\" \/>\n<meta name=\"author\" content=\"Orlando Gonzalez\" \/>\n<meta name=\"twitter:card\" content=\"summary_large_image\" \/>\n<meta name=\"twitter:creator\" content=\"@gonzalezorlando\" \/>\n<meta name=\"twitter:label1\" content=\"Escrito por\" \/>\n\t<meta name=\"twitter:data1\" content=\"\" \/>\n\t<meta name=\"twitter:label2\" content=\"Est. tempo de leitura\" \/>\n\t<meta name=\"twitter:data2\" content=\"2 minutos\" \/>\n<script type=\"application\/ld+json\" class=\"yoast-schema-graph\">{\"@context\":\"https:\/\/schema.org\",\"@graph\":[{\"@type\":\"WebPage\",\"@id\":\"https:\/\/maringapost.com.br\/orlandogonzalez\/2021\/01\/25\/radio-maringa-etiene-medeiros-participa-de-live-sobre-racismo-e-ausencia-de-atletas-negros-na-natacao\/\",\"url\":\"https:\/\/maringapost.com.br\/orlandogonzalez\/2021\/01\/25\/radio-maringa-etiene-medeiros-participa-de-live-sobre-racismo-e-ausencia-de-atletas-negros-na-natacao\/\",\"name\":\"R\u00c1DIO MARING\u00c1 - Etiene Medeiros participa de live sobre racismo e aus\u00eancia de atletas negros na nata\u00e7\u00e3o - Orlando Gonzalez\",\"isPartOf\":{\"@id\":\"https:\/\/maringapost.com.br\/orlandogonzalez\/#website\"},\"primaryImageOfPage\":{\"@id\":\"https:\/\/maringapost.com.br\/orlandogonzalez\/2021\/01\/25\/radio-maringa-etiene-medeiros-participa-de-live-sobre-racismo-e-ausencia-de-atletas-negros-na-natacao\/#primaryimage\"},\"image\":{\"@id\":\"https:\/\/maringapost.com.br\/orlandogonzalez\/2021\/01\/25\/radio-maringa-etiene-medeiros-participa-de-live-sobre-racismo-e-ausencia-de-atletas-negros-na-natacao\/#primaryimage\"},\"thumbnailUrl\":\"https:\/\/maringapost.com.br\/orlandogonzalez\/wp-content\/uploads\/sites\/17\/2021\/01\/388310_961344_etiene_medeiros_pedro_menezes__7_web_.jpg\",\"datePublished\":\"2021-01-25T15:48:51+00:00\",\"dateModified\":\"2021-01-25T15:58:06+00:00\",\"author\":{\"@id\":\"https:\/\/maringapost.com.br\/orlandogonzalez\/#\/schema\/person\/5cbe6257d08edea6afc9ebaa613b0633\"},\"inLanguage\":\"pt-BR\",\"potentialAction\":[{\"@type\":\"ReadAction\",\"target\":[\"https:\/\/maringapost.com.br\/orlandogonzalez\/2021\/01\/25\/radio-maringa-etiene-medeiros-participa-de-live-sobre-racismo-e-ausencia-de-atletas-negros-na-natacao\/\"]}]},{\"@type\":\"ImageObject\",\"inLanguage\":\"pt-BR\",\"@id\":\"https:\/\/maringapost.com.br\/orlandogonzalez\/2021\/01\/25\/radio-maringa-etiene-medeiros-participa-de-live-sobre-racismo-e-ausencia-de-atletas-negros-na-natacao\/#primaryimage\",\"url\":\"https:\/\/maringapost.com.br\/orlandogonzalez\/wp-content\/uploads\/sites\/17\/2021\/01\/388310_961344_etiene_medeiros_pedro_menezes__7_web_.jpg\",\"contentUrl\":\"https:\/\/maringapost.com.br\/orlandogonzalez\/wp-content\/uploads\/sites\/17\/2021\/01\/388310_961344_etiene_medeiros_pedro_menezes__7_web_.jpg\",\"width\":600,\"height\":400},{\"@type\":\"WebSite\",\"@id\":\"https:\/\/maringapost.com.br\/orlandogonzalez\/#website\",\"url\":\"https:\/\/maringapost.com.br\/orlandogonzalez\/\",\"name\":\"Orlando Gonzalez\",\"description\":\"Destaca o esporte de Maring\u00e1! Destaca o esporte do Paran\u00e1! Destaca o esporte do Brasil!\",\"potentialAction\":[{\"@type\":\"SearchAction\",\"target\":{\"@type\":\"EntryPoint\",\"urlTemplate\":\"https:\/\/maringapost.com.br\/orlandogonzalez\/?s={search_term_string}\"},\"query-input\":\"required name=search_term_string\"}],\"inLanguage\":\"pt-BR\"},{\"@type\":\"Person\",\"@id\":\"https:\/\/maringapost.com.br\/orlandogonzalez\/#\/schema\/person\/5cbe6257d08edea6afc9ebaa613b0633\",\"name\":\"Orlando Gonzalez\",\"image\":{\"@type\":\"ImageObject\",\"inLanguage\":\"pt-BR\",\"@id\":\"https:\/\/maringapost.com.br\/orlandogonzalez\/#\/schema\/person\/image\/\",\"url\":\"https:\/\/secure.gravatar.com\/avatar\/ecef9d1c9afe5ebdafadde8369065ba5?s=96&d=mm&r=g\",\"contentUrl\":\"https:\/\/secure.gravatar.com\/avatar\/ecef9d1c9afe5ebdafadde8369065ba5?s=96&d=mm&r=g\",\"caption\":\"Orlando Gonzalez\"},\"description\":\"H\u00e1 29 anos na cobertura do esporte de Maring\u00e1. Plant\u00e3o e narrador esportivo. Presta\u00e7\u00e3o de assessoria de imprensa esportiva, cobertura e transmiss\u00f5es ao vivo de eventos esportivos. E-mail: orlandogonzalez.assessoria@gmail.com WhatsApp: (44) 9 9126-6119\",\"sameAs\":[\"http:\/\/www.radiomaringa.com.br\/\",\"https:\/\/www.facebook.com\/profile.php?id=100011095815065\",\"https:\/\/www.instagram.com\/orlandomgonzalez\/\",\"https:\/\/br.pinterest.com\/ogonzalez0530\/\",\"https:\/\/x.com\/gonzalezorlando\",\"https:\/\/www.youtube.com\/channel\/UCvFpl55btth8wjnKiSS1ibA\",\"https:\/\/radiomaringaweb.tumblr.com\/\"],\"url\":\"https:\/\/maringapost.com.br\/orlandogonzalez\/author\/orlando\/\"}]}<\/script>\n<!-- \/ Yoast SEO Premium plugin. -->","yoast_head_json":{"title":"R\u00c1DIO MARING\u00c1 - Etiene Medeiros participa de live sobre racismo e aus\u00eancia de atletas negros na nata\u00e7\u00e3o - Orlando Gonzalez","robots":{"index":"index","follow":"follow","max-snippet":"max-snippet:-1","max-image-preview":"max-image-preview:large","max-video-preview":"max-video-preview:-1"},"canonical":"https:\/\/maringapost.com.br\/orlandogonzalez\/2021\/01\/25\/radio-maringa-etiene-medeiros-participa-de-live-sobre-racismo-e-ausencia-de-atletas-negros-na-natacao\/","og_locale":"pt_BR","og_type":"article","og_title":"R\u00c1DIO MARING\u00c1 - Etiene Medeiros participa de live sobre racismo e aus\u00eancia de atletas negros na nata\u00e7\u00e3o","og_description":"A pernambucana Etiene Medeiros participa na manh\u00e3 desta ter\u00e7a-feira (26) de um bate-papo para\u00a0tratar sobre um tema que sente, literalmente, na pele: a participa\u00e7\u00e3o de atletas negros na nata\u00e7\u00e3o. Assuntos como a\u00a0luta contra o racismo, preconceito dentro e fora do esporte, inclus\u00e3o, entre outros, estar\u00e3o na pauta. A live,\u00a0realizada pelo Sesc Guarulhos, ter\u00e1 in\u00edcio \u00e0s [&hellip;]","og_url":"https:\/\/maringapost.com.br\/orlandogonzalez\/2021\/01\/25\/radio-maringa-etiene-medeiros-participa-de-live-sobre-racismo-e-ausencia-de-atletas-negros-na-natacao\/","og_site_name":"Orlando Gonzalez","article_author":"https:\/\/www.facebook.com\/profile.php?id=100011095815065","article_published_time":"2021-01-25T15:48:51+00:00","article_modified_time":"2021-01-25T15:58:06+00:00","og_image":[{"width":600,"height":400,"url":"https:\/\/maringapost.com.br\/orlandogonzalez\/wp-content\/uploads\/sites\/17\/2021\/01\/388310_961344_etiene_medeiros_pedro_menezes__7_web_.jpg","type":"image\/jpeg"}],"author":"Orlando Gonzalez","twitter_card":"summary_large_image","twitter_creator":"@gonzalezorlando","twitter_misc":{"Escrito por":false,"Est. tempo de leitura":"2 minutos"},"schema":{"@context":"https:\/\/schema.org","@graph":[{"@type":"WebPage","@id":"https:\/\/maringapost.com.br\/orlandogonzalez\/2021\/01\/25\/radio-maringa-etiene-medeiros-participa-de-live-sobre-racismo-e-ausencia-de-atletas-negros-na-natacao\/","url":"https:\/\/maringapost.com.br\/orlandogonzalez\/2021\/01\/25\/radio-maringa-etiene-medeiros-participa-de-live-sobre-racismo-e-ausencia-de-atletas-negros-na-natacao\/","name":"R\u00c1DIO MARING\u00c1 - Etiene Medeiros participa de live sobre racismo e aus\u00eancia de atletas negros na nata\u00e7\u00e3o - Orlando Gonzalez","isPartOf":{"@id":"https:\/\/maringapost.com.br\/orlandogonzalez\/#website"},"primaryImageOfPage":{"@id":"https:\/\/maringapost.com.br\/orlandogonzalez\/2021\/01\/25\/radio-maringa-etiene-medeiros-participa-de-live-sobre-racismo-e-ausencia-de-atletas-negros-na-natacao\/#primaryimage"},"image":{"@id":"https:\/\/maringapost.com.br\/orlandogonzalez\/2021\/01\/25\/radio-maringa-etiene-medeiros-participa-de-live-sobre-racismo-e-ausencia-de-atletas-negros-na-natacao\/#primaryimage"},"thumbnailUrl":"https:\/\/maringapost.com.br\/orlandogonzalez\/wp-content\/uploads\/sites\/17\/2021\/01\/388310_961344_etiene_medeiros_pedro_menezes__7_web_.jpg","datePublished":"2021-01-25T15:48:51+00:00","dateModified":"2021-01-25T15:58:06+00:00","author":{"@id":"https:\/\/maringapost.com.br\/orlandogonzalez\/#\/schema\/person\/5cbe6257d08edea6afc9ebaa613b0633"},"inLanguage":"pt-BR","potentialAction":[{"@type":"ReadAction","target":["https:\/\/maringapost.com.br\/orlandogonzalez\/2021\/01\/25\/radio-maringa-etiene-medeiros-participa-de-live-sobre-racismo-e-ausencia-de-atletas-negros-na-natacao\/"]}]},{"@type":"ImageObject","inLanguage":"pt-BR","@id":"https:\/\/maringapost.com.br\/orlandogonzalez\/2021\/01\/25\/radio-maringa-etiene-medeiros-participa-de-live-sobre-racismo-e-ausencia-de-atletas-negros-na-natacao\/#primaryimage","url":"https:\/\/maringapost.com.br\/orlandogonzalez\/wp-content\/uploads\/sites\/17\/2021\/01\/388310_961344_etiene_medeiros_pedro_menezes__7_web_.jpg","contentUrl":"https:\/\/maringapost.com.br\/orlandogonzalez\/wp-content\/uploads\/sites\/17\/2021\/01\/388310_961344_etiene_medeiros_pedro_menezes__7_web_.jpg","width":600,"height":400},{"@type":"WebSite","@id":"https:\/\/maringapost.com.br\/orlandogonzalez\/#website","url":"https:\/\/maringapost.com.br\/orlandogonzalez\/","name":"Orlando Gonzalez","description":"Destaca o esporte de Maring\u00e1! Destaca o esporte do Paran\u00e1! Destaca o esporte do Brasil!","potentialAction":[{"@type":"SearchAction","target":{"@type":"EntryPoint","urlTemplate":"https:\/\/maringapost.com.br\/orlandogonzalez\/?s={search_term_string}"},"query-input":"required name=search_term_string"}],"inLanguage":"pt-BR"},{"@type":"Person","@id":"https:\/\/maringapost.com.br\/orlandogonzalez\/#\/schema\/person\/5cbe6257d08edea6afc9ebaa613b0633","name":"Orlando Gonzalez","image":{"@type":"ImageObject","inLanguage":"pt-BR","@id":"https:\/\/maringapost.com.br\/orlandogonzalez\/#\/schema\/person\/image\/","url":"https:\/\/secure.gravatar.com\/avatar\/ecef9d1c9afe5ebdafadde8369065ba5?s=96&d=mm&r=g","contentUrl":"https:\/\/secure.gravatar.com\/avatar\/ecef9d1c9afe5ebdafadde8369065ba5?s=96&d=mm&r=g","caption":"Orlando Gonzalez"},"description":"H\u00e1 29 anos na cobertura do esporte de Maring\u00e1. Plant\u00e3o e narrador esportivo. Presta\u00e7\u00e3o de assessoria de imprensa esportiva, cobertura e transmiss\u00f5es ao vivo de eventos esportivos. E-mail: orlandogonzalez.assessoria@gmail.com WhatsApp: (44) 9 9126-6119","sameAs":["http:\/\/www.radiomaringa.com.br\/","https:\/\/www.facebook.com\/profile.php?id=100011095815065","https:\/\/www.instagram.com\/orlandomgonzalez\/","https:\/\/br.pinterest.com\/ogonzalez0530\/","https:\/\/x.com\/gonzalezorlando","https:\/\/www.youtube.com\/channel\/UCvFpl55btth8wjnKiSS1ibA","https:\/\/radiomaringaweb.tumblr.com\/"],"url":"https:\/\/maringapost.com.br\/orlandogonzalez\/author\/orlando\/"}]}},"_links":{"self":[{"href":"https:\/\/maringapost.com.br\/orlandogonzalez\/wp-json\/wp\/v2\/posts\/43437"}],"collection":[{"href":"https:\/\/maringapost.com.br\/orlandogonzalez\/wp-json\/wp\/v2\/posts"}],"about":[{"href":"https:\/\/maringapost.com.br\/orlandogonzalez\/wp-json\/wp\/v2\/types\/post"}],"author":[{"embeddable":true,"href":"https:\/\/maringapost.com.br\/orlandogonzalez\/wp-json\/wp\/v2\/users\/6307"}],"replies":[{"embeddable":true,"href":"https:\/\/maringapost.com.br\/orlandogonzalez\/wp-json\/wp\/v2\/comments?post=43437"}],"version-history":[{"count":1,"href":"https:\/\/maringapost.com.br\/orlandogonzalez\/wp-json\/wp\/v2\/posts\/43437\/revisions"}],"predecessor-version":[{"id":43439,"href":"https:\/\/maringapost.com.br\/orlandogonzalez\/wp-json\/wp\/v2\/posts\/43437\/revisions\/43439"}],"wp:featuredmedia":[{"embeddable":true,"href":"https:\/\/maringapost.com.br\/orlandogonzalez\/wp-json\/wp\/v2\/media\/43438"}],"wp:attachment":[{"href":"https:\/\/maringapost.com.br\/orlandogonzalez\/wp-json\/wp\/v2\/media?parent=43437"}],"wp:term":[{"taxonomy":"category","embeddable":true,"href":"https:\/\/maringapost.com.br\/orlandogonzalez\/wp-json\/wp\/v2\/categories?post=43437"},{"taxonomy":"post_tag","embeddable":true,"href":"https:\/\/maringapost.com.br\/orlandogonzalez\/wp-json\/wp\/v2\/tags?post=43437"}],"curies":[{"name":"wp","href":"https:\/\/api.w.org\/{rel}","templated":true}]}}