{"id":43392,"date":"2021-01-25T00:03:16","date_gmt":"2021-01-25T03:03:16","guid":{"rendered":"http:\/\/maringapost.com.br\/orlandogonzalez\/?p=43392"},"modified":"2021-01-25T00:03:25","modified_gmt":"2021-01-25T03:03:25","slug":"radio-maringa-inter-vence-gremio-e-abre-vantagem-na-lideranca-do-brasileirao","status":"publish","type":"post","link":"https:\/\/maringapost.com.br\/orlandogonzalez\/2021\/01\/25\/radio-maringa-inter-vence-gremio-e-abre-vantagem-na-lideranca-do-brasileirao\/","title":{"rendered":"R\u00c1DIO MARING\u00c1 &#8211; Inter vence Gr\u00eamio e abre vantagem na lideran\u00e7a do Brasileir\u00e3o"},"content":{"rendered":"<p style=\"margin: 0px 0px 20px;line-height: 30px;font-size: 16px;color: #343434;font-family: Poppins, sans-serif\"><span style=\"font-size: 18px\">Neste domingo (24), o cl\u00e1ssico ga\u00facho entre\u00a0Internacional\u00a0e\u00a0Gr\u00eamio\u00a0movimentou a 32\u00aa rodada do\u00a0Brasileir\u00e3o Assa\u00ed. No Beira-Rio, o Tricolor saiu na frente com Jean Pyerre, e o Colorado conseguiu a virada com gols de Abel Hern\u00e1ndez e Eden\u00edlson j\u00e1 no final do segundo tempoa: 2 a 1.<\/span><\/p>\n<p style=\"margin: 0px 0px 20px;line-height: 30px;font-size: 16px;color: #343434;font-family: Poppins, sans-serif\"><span style=\"font-size: 18px\">Com o resultado, o Inter segue firme na lideran\u00e7a da S\u00e9rie A, agora com 62 pontos. O Gr\u00eamio, com 51, aparece na sexta posi\u00e7\u00e3o.<\/span><\/p>\n<p style=\"margin: 0px 0px 20px;line-height: 30px;font-size: 16px;color: #343434;font-family: Poppins, sans-serif\"><span style=\"font-size: 18px\">\u00a0<\/span><\/p>\n<p style=\"margin: 0px 0px 20px;line-height: 30px;font-size: 16px;color: #343434;font-family: Poppins, sans-serif\"><span style=\"font-weight: bold;font-size: 18px\">\u00a0<a style=\"background-color: transparent;color: #2dc733\" href=\"https:\/\/www.cbf.com.br\/futebol-brasileiro\/competicoes\/campeonato-brasileiro-serie-a\" target=\"_blank\" rel=\"noopener noreferrer\">+Confira a tabela completa do Brasileir\u00e3o Assa\u00ed!<\/a><\/span><\/p>\n<p style=\"margin: 0px 0px 20px;line-height: 30px;font-size: 16px;color: #343434;font-family: Poppins, sans-serif\"><span style=\"font-weight: bold;font-size: 18px\">O jogo<\/span><\/p>\n<p style=\"margin: 0px 0px 20px;line-height: 30px;font-size: 16px;color: #343434;font-family: Poppins, sans-serif\"><span style=\"font-size: 18px\"><span style=\"font-weight: bold\">\u00a0<\/span>O cl\u00e1ssico Gre-Nal come\u00e7ou sem muitas emo\u00e7\u00f5es no Beira-Rio. Aos dois minutos, o Internacional chegou com perigo em chute forte de Praxedes, que viu Vanderlei espalmar. Depois, o Gr\u00eamio at\u00e9 teve a posse de bola, mas n\u00e3o foi criativo para tentar abrir o placar. O Colorado, esperando os contra-ataques para sair em velocidade, teve a melhor oportunidade j\u00e1 na marca dos 34. Yuri Alberto finalizou de dentro da \u00e1rea e mandou a bola no travess\u00e3o. Trocando passes nos instantes finais, as equipes mantiveram o equil\u00edbrio e foram para o intervalo sem balan\u00e7ar as redes em Porto Alegre.<\/span><\/p>\n<p style=\"margin: 0px 0px 20px;line-height: 30px;font-size: 16px;color: #343434;font-family: Poppins, sans-serif\"><span style=\"font-size: 18px\">O ritmo no segundo tempo ficou mais movimentado, com as duas equipes se lan\u00e7ando mais ao ataque. Do lado do Inter, Peglow e Eden\u00edlson levaram perigo nos primeiros minutos. J\u00e1 o Gr\u00eamio, que passou a ficar mais com a posse de bola, teve chances com Lucas Silva e Diego Souza. O Tricolor seguiu mais ofensivo e, aos 30 minutos, conseguiu abrir o placar no cl\u00e1ssico. Ap\u00f3s sa\u00edda errada de Lucas Ribeiro, Diogo Barbosa saiu em velocidade para o ataque e passou para Diego Souza. O atacante deixou Jean Pyerre livre para deslocar Marcelo Lomba: 1 a 0.\u00a0<\/span><\/p>\n<p style=\"margin: 0px 0px 20px;line-height: 30px;font-size: 16px;color: #343434;font-family: Poppins, sans-serif\"><span style=\"font-size: 18px\">Atr\u00e1s no marcador, o Colorado passou a levar mais perigo nos minutos finais e conseguiu a virada. Aos 44, Cuesta cruzou na cabe\u00e7a de Abel Hern\u00e1ndez, que descolou Vanderlei e empatou o jogo. Depois, j\u00e1 aos 52, Eden\u00edlson cobrou p\u00eanalti e mandou no canto esquerdo para decretar a vit\u00f3ria por 2 a 1 do Inter.<\/span><\/p>\n<p style=\"margin: 0px 0px 20px;line-height: 30px;font-size: 16px;color: #343434;font-family: Poppins, sans-serif\"><span style=\"font-size: 18px\">(Texto: CBF. Foto: Pedro Tesch\/AGIF)<\/span><\/p>\n","protected":false},"excerpt":{"rendered":"<p>Neste domingo (24), o cl\u00e1ssico ga\u00facho entre\u00a0Internacional\u00a0e\u00a0Gr\u00eamio\u00a0movimentou a 32\u00aa rodada do\u00a0Brasileir\u00e3o Assa\u00ed. No Beira-Rio, o Tricolor saiu na frente com Jean Pyerre, e o Colorado conseguiu a virada com gols de Abel Hern\u00e1ndez e Eden\u00edlson j\u00e1 no final do segundo tempoa: 2 a 1. Com o resultado, o Inter segue firme na lideran\u00e7a da S\u00e9rie [&hellip;]<\/p>\n","protected":false},"author":6307,"featured_media":43393,"comment_status":"closed","ping_status":"open","sticky":false,"template":"","format":"standard","meta":{"_exactmetrics_skip_tracking":false,"_exactmetrics_sitenote_active":false,"_exactmetrics_sitenote_note":"","_exactmetrics_sitenote_category":0,"footnotes":""},"categories":[5083],"tags":[11084,5489,4838,9348],"yoast_head":"<!-- This site is optimized with the Yoast SEO Premium plugin v22.7 (Yoast SEO v22.7) - https:\/\/yoast.com\/wordpress\/plugins\/seo\/ -->\n<title>R\u00c1DIO MARING\u00c1 - Inter vence Gr\u00eamio e abre vantagem na lideran\u00e7a do Brasileir\u00e3o - Orlando Gonzalez<\/title>\n<meta name=\"robots\" content=\"index, follow, max-snippet:-1, max-image-preview:large, max-video-preview:-1\" \/>\n<link rel=\"canonical\" href=\"https:\/\/maringapost.com.br\/orlandogonzalez\/2021\/01\/25\/radio-maringa-inter-vence-gremio-e-abre-vantagem-na-lideranca-do-brasileirao\/\" \/>\n<meta property=\"og:locale\" content=\"pt_BR\" \/>\n<meta property=\"og:type\" content=\"article\" \/>\n<meta property=\"og:title\" content=\"R\u00c1DIO MARING\u00c1 - Inter vence Gr\u00eamio e abre vantagem na lideran\u00e7a do Brasileir\u00e3o\" \/>\n<meta property=\"og:description\" content=\"Neste domingo (24), o cl\u00e1ssico ga\u00facho entre\u00a0Internacional\u00a0e\u00a0Gr\u00eamio\u00a0movimentou a 32\u00aa rodada do\u00a0Brasileir\u00e3o Assa\u00ed. No Beira-Rio, o Tricolor saiu na frente com Jean Pyerre, e o Colorado conseguiu a virada com gols de Abel Hern\u00e1ndez e Eden\u00edlson j\u00e1 no final do segundo tempoa: 2 a 1. Com o resultado, o Inter segue firme na lideran\u00e7a da S\u00e9rie [&hellip;]\" \/>\n<meta property=\"og:url\" content=\"https:\/\/maringapost.com.br\/orlandogonzalez\/2021\/01\/25\/radio-maringa-inter-vence-gremio-e-abre-vantagem-na-lideranca-do-brasileirao\/\" \/>\n<meta property=\"og:site_name\" content=\"Orlando Gonzalez\" \/>\n<meta property=\"article:author\" content=\"https:\/\/www.facebook.com\/profile.php?id=100011095815065\" \/>\n<meta property=\"article:published_time\" content=\"2021-01-25T03:03:16+00:00\" \/>\n<meta property=\"article:modified_time\" content=\"2021-01-25T03:03:25+00:00\" \/>\n<meta property=\"og:image\" content=\"https:\/\/maringapost.com.br\/orlandogonzalez\/wp-content\/uploads\/sites\/17\/2021\/01\/gremioperde.jpeg\" \/>\n\t<meta property=\"og:image:width\" content=\"910\" \/>\n\t<meta property=\"og:image:height\" content=\"455\" \/>\n\t<meta property=\"og:image:type\" content=\"image\/jpeg\" \/>\n<meta name=\"author\" content=\"Orlando Gonzalez\" \/>\n<meta name=\"twitter:card\" content=\"summary_large_image\" \/>\n<meta name=\"twitter:creator\" content=\"@gonzalezorlando\" \/>\n<meta name=\"twitter:label1\" content=\"Escrito por\" \/>\n\t<meta name=\"twitter:data1\" content=\"\" \/>\n\t<meta name=\"twitter:label2\" content=\"Est. tempo de leitura\" \/>\n\t<meta name=\"twitter:data2\" content=\"2 minutos\" \/>\n<script type=\"application\/ld+json\" class=\"yoast-schema-graph\">{\"@context\":\"https:\/\/schema.org\",\"@graph\":[{\"@type\":\"WebPage\",\"@id\":\"https:\/\/maringapost.com.br\/orlandogonzalez\/2021\/01\/25\/radio-maringa-inter-vence-gremio-e-abre-vantagem-na-lideranca-do-brasileirao\/\",\"url\":\"https:\/\/maringapost.com.br\/orlandogonzalez\/2021\/01\/25\/radio-maringa-inter-vence-gremio-e-abre-vantagem-na-lideranca-do-brasileirao\/\",\"name\":\"R\u00c1DIO MARING\u00c1 - Inter vence Gr\u00eamio e abre vantagem na lideran\u00e7a do Brasileir\u00e3o - Orlando Gonzalez\",\"isPartOf\":{\"@id\":\"https:\/\/maringapost.com.br\/orlandogonzalez\/#website\"},\"primaryImageOfPage\":{\"@id\":\"https:\/\/maringapost.com.br\/orlandogonzalez\/2021\/01\/25\/radio-maringa-inter-vence-gremio-e-abre-vantagem-na-lideranca-do-brasileirao\/#primaryimage\"},\"image\":{\"@id\":\"https:\/\/maringapost.com.br\/orlandogonzalez\/2021\/01\/25\/radio-maringa-inter-vence-gremio-e-abre-vantagem-na-lideranca-do-brasileirao\/#primaryimage\"},\"thumbnailUrl\":\"https:\/\/maringapost.com.br\/orlandogonzalez\/wp-content\/uploads\/sites\/17\/2021\/01\/gremioperde.jpeg\",\"datePublished\":\"2021-01-25T03:03:16+00:00\",\"dateModified\":\"2021-01-25T03:03:25+00:00\",\"author\":{\"@id\":\"https:\/\/maringapost.com.br\/orlandogonzalez\/#\/schema\/person\/5cbe6257d08edea6afc9ebaa613b0633\"},\"inLanguage\":\"pt-BR\",\"potentialAction\":[{\"@type\":\"ReadAction\",\"target\":[\"https:\/\/maringapost.com.br\/orlandogonzalez\/2021\/01\/25\/radio-maringa-inter-vence-gremio-e-abre-vantagem-na-lideranca-do-brasileirao\/\"]}]},{\"@type\":\"ImageObject\",\"inLanguage\":\"pt-BR\",\"@id\":\"https:\/\/maringapost.com.br\/orlandogonzalez\/2021\/01\/25\/radio-maringa-inter-vence-gremio-e-abre-vantagem-na-lideranca-do-brasileirao\/#primaryimage\",\"url\":\"https:\/\/maringapost.com.br\/orlandogonzalez\/wp-content\/uploads\/sites\/17\/2021\/01\/gremioperde.jpeg\",\"contentUrl\":\"https:\/\/maringapost.com.br\/orlandogonzalez\/wp-content\/uploads\/sites\/17\/2021\/01\/gremioperde.jpeg\",\"width\":910,\"height\":455},{\"@type\":\"WebSite\",\"@id\":\"https:\/\/maringapost.com.br\/orlandogonzalez\/#website\",\"url\":\"https:\/\/maringapost.com.br\/orlandogonzalez\/\",\"name\":\"Orlando Gonzalez\",\"description\":\"Destaca o esporte de Maring\u00e1! Destaca o esporte do Paran\u00e1! Destaca o esporte do Brasil!\",\"potentialAction\":[{\"@type\":\"SearchAction\",\"target\":{\"@type\":\"EntryPoint\",\"urlTemplate\":\"https:\/\/maringapost.com.br\/orlandogonzalez\/?s={search_term_string}\"},\"query-input\":\"required name=search_term_string\"}],\"inLanguage\":\"pt-BR\"},{\"@type\":\"Person\",\"@id\":\"https:\/\/maringapost.com.br\/orlandogonzalez\/#\/schema\/person\/5cbe6257d08edea6afc9ebaa613b0633\",\"name\":\"Orlando Gonzalez\",\"image\":{\"@type\":\"ImageObject\",\"inLanguage\":\"pt-BR\",\"@id\":\"https:\/\/maringapost.com.br\/orlandogonzalez\/#\/schema\/person\/image\/\",\"url\":\"https:\/\/secure.gravatar.com\/avatar\/ecef9d1c9afe5ebdafadde8369065ba5?s=96&d=mm&r=g\",\"contentUrl\":\"https:\/\/secure.gravatar.com\/avatar\/ecef9d1c9afe5ebdafadde8369065ba5?s=96&d=mm&r=g\",\"caption\":\"Orlando Gonzalez\"},\"description\":\"H\u00e1 29 anos na cobertura do esporte de Maring\u00e1. Plant\u00e3o e narrador esportivo. Presta\u00e7\u00e3o de assessoria de imprensa esportiva, cobertura e transmiss\u00f5es ao vivo de eventos esportivos. E-mail: orlandogonzalez.assessoria@gmail.com WhatsApp: (44) 9 9126-6119\",\"sameAs\":[\"http:\/\/www.radiomaringa.com.br\/\",\"https:\/\/www.facebook.com\/profile.php?id=100011095815065\",\"https:\/\/www.instagram.com\/orlandomgonzalez\/\",\"https:\/\/br.pinterest.com\/ogonzalez0530\/\",\"https:\/\/x.com\/gonzalezorlando\",\"https:\/\/www.youtube.com\/channel\/UCvFpl55btth8wjnKiSS1ibA\",\"https:\/\/radiomaringaweb.tumblr.com\/\"],\"url\":\"https:\/\/maringapost.com.br\/orlandogonzalez\/author\/orlando\/\"}]}<\/script>\n<!-- \/ Yoast SEO Premium plugin. -->","yoast_head_json":{"title":"R\u00c1DIO MARING\u00c1 - Inter vence Gr\u00eamio e abre vantagem na lideran\u00e7a do Brasileir\u00e3o - Orlando Gonzalez","robots":{"index":"index","follow":"follow","max-snippet":"max-snippet:-1","max-image-preview":"max-image-preview:large","max-video-preview":"max-video-preview:-1"},"canonical":"https:\/\/maringapost.com.br\/orlandogonzalez\/2021\/01\/25\/radio-maringa-inter-vence-gremio-e-abre-vantagem-na-lideranca-do-brasileirao\/","og_locale":"pt_BR","og_type":"article","og_title":"R\u00c1DIO MARING\u00c1 - Inter vence Gr\u00eamio e abre vantagem na lideran\u00e7a do Brasileir\u00e3o","og_description":"Neste domingo (24), o cl\u00e1ssico ga\u00facho entre\u00a0Internacional\u00a0e\u00a0Gr\u00eamio\u00a0movimentou a 32\u00aa rodada do\u00a0Brasileir\u00e3o Assa\u00ed. No Beira-Rio, o Tricolor saiu na frente com Jean Pyerre, e o Colorado conseguiu a virada com gols de Abel Hern\u00e1ndez e Eden\u00edlson j\u00e1 no final do segundo tempoa: 2 a 1. Com o resultado, o Inter segue firme na lideran\u00e7a da S\u00e9rie [&hellip;]","og_url":"https:\/\/maringapost.com.br\/orlandogonzalez\/2021\/01\/25\/radio-maringa-inter-vence-gremio-e-abre-vantagem-na-lideranca-do-brasileirao\/","og_site_name":"Orlando Gonzalez","article_author":"https:\/\/www.facebook.com\/profile.php?id=100011095815065","article_published_time":"2021-01-25T03:03:16+00:00","article_modified_time":"2021-01-25T03:03:25+00:00","og_image":[{"width":910,"height":455,"url":"https:\/\/maringapost.com.br\/orlandogonzalez\/wp-content\/uploads\/sites\/17\/2021\/01\/gremioperde.jpeg","type":"image\/jpeg"}],"author":"Orlando Gonzalez","twitter_card":"summary_large_image","twitter_creator":"@gonzalezorlando","twitter_misc":{"Escrito por":false,"Est. tempo de leitura":"2 minutos"},"schema":{"@context":"https:\/\/schema.org","@graph":[{"@type":"WebPage","@id":"https:\/\/maringapost.com.br\/orlandogonzalez\/2021\/01\/25\/radio-maringa-inter-vence-gremio-e-abre-vantagem-na-lideranca-do-brasileirao\/","url":"https:\/\/maringapost.com.br\/orlandogonzalez\/2021\/01\/25\/radio-maringa-inter-vence-gremio-e-abre-vantagem-na-lideranca-do-brasileirao\/","name":"R\u00c1DIO MARING\u00c1 - Inter vence Gr\u00eamio e abre vantagem na lideran\u00e7a do Brasileir\u00e3o - Orlando Gonzalez","isPartOf":{"@id":"https:\/\/maringapost.com.br\/orlandogonzalez\/#website"},"primaryImageOfPage":{"@id":"https:\/\/maringapost.com.br\/orlandogonzalez\/2021\/01\/25\/radio-maringa-inter-vence-gremio-e-abre-vantagem-na-lideranca-do-brasileirao\/#primaryimage"},"image":{"@id":"https:\/\/maringapost.com.br\/orlandogonzalez\/2021\/01\/25\/radio-maringa-inter-vence-gremio-e-abre-vantagem-na-lideranca-do-brasileirao\/#primaryimage"},"thumbnailUrl":"https:\/\/maringapost.com.br\/orlandogonzalez\/wp-content\/uploads\/sites\/17\/2021\/01\/gremioperde.jpeg","datePublished":"2021-01-25T03:03:16+00:00","dateModified":"2021-01-25T03:03:25+00:00","author":{"@id":"https:\/\/maringapost.com.br\/orlandogonzalez\/#\/schema\/person\/5cbe6257d08edea6afc9ebaa613b0633"},"inLanguage":"pt-BR","potentialAction":[{"@type":"ReadAction","target":["https:\/\/maringapost.com.br\/orlandogonzalez\/2021\/01\/25\/radio-maringa-inter-vence-gremio-e-abre-vantagem-na-lideranca-do-brasileirao\/"]}]},{"@type":"ImageObject","inLanguage":"pt-BR","@id":"https:\/\/maringapost.com.br\/orlandogonzalez\/2021\/01\/25\/radio-maringa-inter-vence-gremio-e-abre-vantagem-na-lideranca-do-brasileirao\/#primaryimage","url":"https:\/\/maringapost.com.br\/orlandogonzalez\/wp-content\/uploads\/sites\/17\/2021\/01\/gremioperde.jpeg","contentUrl":"https:\/\/maringapost.com.br\/orlandogonzalez\/wp-content\/uploads\/sites\/17\/2021\/01\/gremioperde.jpeg","width":910,"height":455},{"@type":"WebSite","@id":"https:\/\/maringapost.com.br\/orlandogonzalez\/#website","url":"https:\/\/maringapost.com.br\/orlandogonzalez\/","name":"Orlando Gonzalez","description":"Destaca o esporte de Maring\u00e1! Destaca o esporte do Paran\u00e1! Destaca o esporte do Brasil!","potentialAction":[{"@type":"SearchAction","target":{"@type":"EntryPoint","urlTemplate":"https:\/\/maringapost.com.br\/orlandogonzalez\/?s={search_term_string}"},"query-input":"required name=search_term_string"}],"inLanguage":"pt-BR"},{"@type":"Person","@id":"https:\/\/maringapost.com.br\/orlandogonzalez\/#\/schema\/person\/5cbe6257d08edea6afc9ebaa613b0633","name":"Orlando Gonzalez","image":{"@type":"ImageObject","inLanguage":"pt-BR","@id":"https:\/\/maringapost.com.br\/orlandogonzalez\/#\/schema\/person\/image\/","url":"https:\/\/secure.gravatar.com\/avatar\/ecef9d1c9afe5ebdafadde8369065ba5?s=96&d=mm&r=g","contentUrl":"https:\/\/secure.gravatar.com\/avatar\/ecef9d1c9afe5ebdafadde8369065ba5?s=96&d=mm&r=g","caption":"Orlando Gonzalez"},"description":"H\u00e1 29 anos na cobertura do esporte de Maring\u00e1. Plant\u00e3o e narrador esportivo. Presta\u00e7\u00e3o de assessoria de imprensa esportiva, cobertura e transmiss\u00f5es ao vivo de eventos esportivos. E-mail: orlandogonzalez.assessoria@gmail.com WhatsApp: (44) 9 9126-6119","sameAs":["http:\/\/www.radiomaringa.com.br\/","https:\/\/www.facebook.com\/profile.php?id=100011095815065","https:\/\/www.instagram.com\/orlandomgonzalez\/","https:\/\/br.pinterest.com\/ogonzalez0530\/","https:\/\/x.com\/gonzalezorlando","https:\/\/www.youtube.com\/channel\/UCvFpl55btth8wjnKiSS1ibA","https:\/\/radiomaringaweb.tumblr.com\/"],"url":"https:\/\/maringapost.com.br\/orlandogonzalez\/author\/orlando\/"}]}},"_links":{"self":[{"href":"https:\/\/maringapost.com.br\/orlandogonzalez\/wp-json\/wp\/v2\/posts\/43392"}],"collection":[{"href":"https:\/\/maringapost.com.br\/orlandogonzalez\/wp-json\/wp\/v2\/posts"}],"about":[{"href":"https:\/\/maringapost.com.br\/orlandogonzalez\/wp-json\/wp\/v2\/types\/post"}],"author":[{"embeddable":true,"href":"https:\/\/maringapost.com.br\/orlandogonzalez\/wp-json\/wp\/v2\/users\/6307"}],"replies":[{"embeddable":true,"href":"https:\/\/maringapost.com.br\/orlandogonzalez\/wp-json\/wp\/v2\/comments?post=43392"}],"version-history":[{"count":2,"href":"https:\/\/maringapost.com.br\/orlandogonzalez\/wp-json\/wp\/v2\/posts\/43392\/revisions"}],"predecessor-version":[{"id":43395,"href":"https:\/\/maringapost.com.br\/orlandogonzalez\/wp-json\/wp\/v2\/posts\/43392\/revisions\/43395"}],"wp:featuredmedia":[{"embeddable":true,"href":"https:\/\/maringapost.com.br\/orlandogonzalez\/wp-json\/wp\/v2\/media\/43393"}],"wp:attachment":[{"href":"https:\/\/maringapost.com.br\/orlandogonzalez\/wp-json\/wp\/v2\/media?parent=43392"}],"wp:term":[{"taxonomy":"category","embeddable":true,"href":"https:\/\/maringapost.com.br\/orlandogonzalez\/wp-json\/wp\/v2\/categories?post=43392"},{"taxonomy":"post_tag","embeddable":true,"href":"https:\/\/maringapost.com.br\/orlandogonzalez\/wp-json\/wp\/v2\/tags?post=43392"}],"curies":[{"name":"wp","href":"https:\/\/api.w.org\/{rel}","templated":true}]}}