{"id":43068,"date":"2021-01-19T08:00:45","date_gmt":"2021-01-19T11:00:45","guid":{"rendered":"http:\/\/maringapost.com.br\/orlandogonzalez\/?p=43068"},"modified":"2021-01-19T08:00:45","modified_gmt":"2021-01-19T11:00:45","slug":"radio-maringa-brasil-tera-caras-novas-em-jogos-finais-das-eliminatorias-da-americup","status":"publish","type":"post","link":"https:\/\/maringapost.com.br\/orlandogonzalez\/2021\/01\/19\/radio-maringa-brasil-tera-caras-novas-em-jogos-finais-das-eliminatorias-da-americup\/","title":{"rendered":"R\u00c1DIO MARING\u00c1 &#8211; Brasil ter\u00e1 caras novas em jogos finais das eliminat\u00f3rias da AmeriCup"},"content":{"rendered":"<p>A sele\u00e7\u00e3o brasileira masculina de basquete foi convocada para os dois jogos contra Panam\u00e1 e Paraguai, em Cali (Col\u00f4mbia), que encerram as eliminat\u00f3rias da AmeriCup (Copa Am\u00e9rica) de 2022. O Brasil garantiu classifica\u00e7\u00e3o antecipada ao torneio continental em novembro. A rela\u00e7\u00e3o tem 17 atletas, que dever\u00e3o cumprir os protocolos sanit\u00e1rios da Federa\u00e7\u00e3o Internacional de Basquete (Fiba).\u00a0Doze ser\u00e3o selecionados para viajar<a href=\"https:\/\/radiomaringa.com.br\/\" target=\"_blank\" rel=\"noopener\">.<\/a><img decoding=\"async\" src=\"https:\/\/agenciabrasil.ebc.com.br\/ebc.png?id=1399024&amp;o=node\" \/><img decoding=\"async\" src=\"https:\/\/agenciabrasil.ebc.com.br\/ebc.gif?id=1399024&amp;o=node\" \/><\/p>\n<p>A lista do t\u00e9cnico Alexsandar Petrovic re\u00fane\u00a0sete caras novas: o piv\u00f4 Vin\u00edcius L\u00facio (Joventut Badalona, da Espanha), o armador Felipe Ruivo (Paulistano), os alas Anderson Barbosa (Paulistano), Dimitri Sousa (Scandone Avellino, da It\u00e1lia) e Tulio da Silva (Caxias do Sul) e os ala-piv\u00f4s Renan Lenz (S\u00e3o Paulo) e Gruber (Mogi das Cruzes). A maioria dos onvocados est\u00e1 na faixa dos 20 anos.<\/p>\n<p>&#8220;Mais do que ganhar os jogos, para mim \u00e9 importante provar alguns jogadores. Depois do Pr\u00e9-Ol\u00edmpico [em junho, na Cro\u00e1cia] e Jogos Ol\u00edmpicos [de T\u00f3quio, no Jap\u00e3o], teremos a sa\u00edda de alguns jogadores. O Brasil precisa de novos jogadores. Nesta janela, o mais importante \u00e9\u00a0ter\u00a0alguns nomes para cobrir a posi\u00e7\u00e3o tr\u00eas [ala] no futuro. E tamb\u00e9m, h\u00e1 alguns atletas que est\u00e3o sempre nas listas, que j\u00e1 conhe\u00e7o. Agora quero dar oportunidade para todos&#8221;, explicou Petrovic.<\/p>\n<p>&#8220;N\u00e3o \u00e9 que tenho d\u00favidas. Quero ver como se comportam. Temos nomes novos, mas sempre quatro, cinco atletas\u00a0que t\u00eam\u00a0mais experi\u00eancia. N\u00e3o podemos usar todos os\u00a012 jogadores jovens. Essa lista n\u00e3o tem qualquer liga\u00e7\u00e3o com Pr\u00e9-Ol\u00edmpico ou Olimp\u00edada. Para isso, tenho tudo muito claro. Essa lista \u00e9 pensando tamb\u00e9m nos pr\u00f3ximos anos&#8221;, completou o treinador croata.<\/p>\n<p>A convoca\u00e7\u00e3o tem o retorno do ala\/piv\u00f4 L\u00e9o Dem\u00e9trio, do ala Jhonatan (ambos do Flamengo) e do armador Rafa Luz (Murcia, da Espanha). Os demais nomes estiveram presentes na \u00faltima lista. O protocolo da Fiba prev\u00ea que os atletas fa\u00e7am exames de PCR. Apenas os jogadores que testarem negativo para o novo coronav\u00edrus (covid-19) estar\u00e3o aptos a viajar. A delega\u00e7\u00e3o vai para Cali em\u00a016 de fevereiro. O duelo contra o Panam\u00e1 ser\u00e1 no dia 21, enquanto o jogo com o Paraguai ocorre no dia seguinte.<\/p>\n<p>A pr\u00f3xima AmeriCup seria disputada em 2021, mas foi adiada para\u00a0o pr\u00f3ximo ano devido \u00e0 pandemia\u00a0da covid-19. O torneio ainda n\u00e3o tem sede definida.<\/p>\n<h2>Os convocados<\/h2>\n<p><strong>Armadores:<\/strong>\u00a0Georginho (S\u00e3o Paulo), Felipe Ruivo (Paulistano), Caio Pacheco (Bah\u00eda Basket, da Argentina) e Rafa Luz (Murcia, da Espanha)<\/p>\n<p><strong>Alas:<\/strong>\u00a0Gui Santos (Minas), Jhonatan (Flamengo), Anderson Barbosa (Paulistano), Dimitri Sousa (Scandone Avellino, da It\u00e1lia) e Tulio da Silva (Caxias do Sul)<\/p>\n<p><strong>Ala\/piv\u00f4s<\/strong>:\u00a0Lucas Dias (Sesi Franca), M\u00e1rcio (Sesi Franca), L\u00e9o Dem\u00e9trio (Flamengo) e Renan Lenz (S\u00e3o Paulo)<\/p>\n<p><strong>Piv\u00f4s:<\/strong>\u00a0Lucas Mariano (S\u00e3o Paulo), Vin\u00edcius L\u00facio (Joventut Badalona, da Espanha), Rafael Mineiro (Flamengo) e Gruber (Mogi das Cruzes)<\/p>\n<p>(Texto: Lincoln Chaves\/Ag\u00eancia Brasil. Foto: Fiba Am\u00e9ricas)<\/p>\n","protected":false},"excerpt":{"rendered":"<p>A sele\u00e7\u00e3o brasileira masculina de basquete foi convocada para os dois jogos contra Panam\u00e1 e Paraguai, em Cali (Col\u00f4mbia), que encerram as eliminat\u00f3rias da AmeriCup (Copa Am\u00e9rica) de 2022. O Brasil garantiu classifica\u00e7\u00e3o antecipada ao torneio continental em novembro. A rela\u00e7\u00e3o tem 17 atletas, que dever\u00e3o cumprir os protocolos sanit\u00e1rios da Federa\u00e7\u00e3o Internacional de Basquete [&hellip;]<\/p>\n","protected":false},"author":6307,"featured_media":43069,"comment_status":"closed","ping_status":"open","sticky":false,"template":"","format":"standard","meta":{"_exactmetrics_skip_tracking":false,"_exactmetrics_sitenote_active":false,"_exactmetrics_sitenote_note":"","_exactmetrics_sitenote_category":0,"footnotes":""},"categories":[1067],"tags":[13884,47],"yoast_head":"<!-- This site is optimized with the Yoast SEO Premium plugin v22.7 (Yoast SEO v22.7) - https:\/\/yoast.com\/wordpress\/plugins\/seo\/ -->\n<title>R\u00c1DIO MARING\u00c1 - Brasil ter\u00e1 caras novas em jogos finais das eliminat\u00f3rias da AmeriCup - Orlando Gonzalez<\/title>\n<meta name=\"robots\" content=\"index, follow, max-snippet:-1, max-image-preview:large, max-video-preview:-1\" \/>\n<link rel=\"canonical\" href=\"https:\/\/maringapost.com.br\/orlandogonzalez\/2021\/01\/19\/radio-maringa-brasil-tera-caras-novas-em-jogos-finais-das-eliminatorias-da-americup\/\" \/>\n<meta property=\"og:locale\" content=\"pt_BR\" \/>\n<meta property=\"og:type\" content=\"article\" \/>\n<meta property=\"og:title\" content=\"R\u00c1DIO MARING\u00c1 - Brasil ter\u00e1 caras novas em jogos finais das eliminat\u00f3rias da AmeriCup\" \/>\n<meta property=\"og:description\" content=\"A sele\u00e7\u00e3o brasileira masculina de basquete foi convocada para os dois jogos contra Panam\u00e1 e Paraguai, em Cali (Col\u00f4mbia), que encerram as eliminat\u00f3rias da AmeriCup (Copa Am\u00e9rica) de 2022. O Brasil garantiu classifica\u00e7\u00e3o antecipada ao torneio continental em novembro. A rela\u00e7\u00e3o tem 17 atletas, que dever\u00e3o cumprir os protocolos sanit\u00e1rios da Federa\u00e7\u00e3o Internacional de Basquete [&hellip;]\" \/>\n<meta property=\"og:url\" content=\"https:\/\/maringapost.com.br\/orlandogonzalez\/2021\/01\/19\/radio-maringa-brasil-tera-caras-novas-em-jogos-finais-das-eliminatorias-da-americup\/\" \/>\n<meta property=\"og:site_name\" content=\"Orlando Gonzalez\" \/>\n<meta property=\"article:author\" content=\"https:\/\/www.facebook.com\/profile.php?id=100011095815065\" \/>\n<meta property=\"article:published_time\" content=\"2021-01-19T11:00:45+00:00\" \/>\n<meta property=\"og:image\" content=\"https:\/\/maringapost.com.br\/orlandogonzalez\/wp-content\/uploads\/sites\/17\/2021\/01\/basquetebrasil-1.jpg\" \/>\n\t<meta property=\"og:image:width\" content=\"1170\" \/>\n\t<meta property=\"og:image:height\" content=\"700\" \/>\n\t<meta property=\"og:image:type\" content=\"image\/jpeg\" \/>\n<meta name=\"author\" content=\"Orlando Gonzalez\" \/>\n<meta name=\"twitter:card\" content=\"summary_large_image\" \/>\n<meta name=\"twitter:creator\" content=\"@gonzalezorlando\" \/>\n<meta name=\"twitter:label1\" content=\"Escrito por\" \/>\n\t<meta name=\"twitter:data1\" content=\"\" \/>\n\t<meta name=\"twitter:label2\" content=\"Est. tempo de leitura\" \/>\n\t<meta name=\"twitter:data2\" content=\"3 minutos\" \/>\n<script type=\"application\/ld+json\" class=\"yoast-schema-graph\">{\"@context\":\"https:\/\/schema.org\",\"@graph\":[{\"@type\":\"WebPage\",\"@id\":\"https:\/\/maringapost.com.br\/orlandogonzalez\/2021\/01\/19\/radio-maringa-brasil-tera-caras-novas-em-jogos-finais-das-eliminatorias-da-americup\/\",\"url\":\"https:\/\/maringapost.com.br\/orlandogonzalez\/2021\/01\/19\/radio-maringa-brasil-tera-caras-novas-em-jogos-finais-das-eliminatorias-da-americup\/\",\"name\":\"R\u00c1DIO MARING\u00c1 - Brasil ter\u00e1 caras novas em jogos finais das eliminat\u00f3rias da AmeriCup - Orlando Gonzalez\",\"isPartOf\":{\"@id\":\"https:\/\/maringapost.com.br\/orlandogonzalez\/#website\"},\"primaryImageOfPage\":{\"@id\":\"https:\/\/maringapost.com.br\/orlandogonzalez\/2021\/01\/19\/radio-maringa-brasil-tera-caras-novas-em-jogos-finais-das-eliminatorias-da-americup\/#primaryimage\"},\"image\":{\"@id\":\"https:\/\/maringapost.com.br\/orlandogonzalez\/2021\/01\/19\/radio-maringa-brasil-tera-caras-novas-em-jogos-finais-das-eliminatorias-da-americup\/#primaryimage\"},\"thumbnailUrl\":\"https:\/\/maringapost.com.br\/orlandogonzalez\/wp-content\/uploads\/sites\/17\/2021\/01\/basquetebrasil-1.jpg\",\"datePublished\":\"2021-01-19T11:00:45+00:00\",\"dateModified\":\"2021-01-19T11:00:45+00:00\",\"author\":{\"@id\":\"https:\/\/maringapost.com.br\/orlandogonzalez\/#\/schema\/person\/5cbe6257d08edea6afc9ebaa613b0633\"},\"inLanguage\":\"pt-BR\",\"potentialAction\":[{\"@type\":\"ReadAction\",\"target\":[\"https:\/\/maringapost.com.br\/orlandogonzalez\/2021\/01\/19\/radio-maringa-brasil-tera-caras-novas-em-jogos-finais-das-eliminatorias-da-americup\/\"]}]},{\"@type\":\"ImageObject\",\"inLanguage\":\"pt-BR\",\"@id\":\"https:\/\/maringapost.com.br\/orlandogonzalez\/2021\/01\/19\/radio-maringa-brasil-tera-caras-novas-em-jogos-finais-das-eliminatorias-da-americup\/#primaryimage\",\"url\":\"https:\/\/maringapost.com.br\/orlandogonzalez\/wp-content\/uploads\/sites\/17\/2021\/01\/basquetebrasil-1.jpg\",\"contentUrl\":\"https:\/\/maringapost.com.br\/orlandogonzalez\/wp-content\/uploads\/sites\/17\/2021\/01\/basquetebrasil-1.jpg\",\"width\":1170,\"height\":700},{\"@type\":\"WebSite\",\"@id\":\"https:\/\/maringapost.com.br\/orlandogonzalez\/#website\",\"url\":\"https:\/\/maringapost.com.br\/orlandogonzalez\/\",\"name\":\"Orlando Gonzalez\",\"description\":\"Destaca o esporte de Maring\u00e1! Destaca o esporte do Paran\u00e1! Destaca o esporte do Brasil!\",\"potentialAction\":[{\"@type\":\"SearchAction\",\"target\":{\"@type\":\"EntryPoint\",\"urlTemplate\":\"https:\/\/maringapost.com.br\/orlandogonzalez\/?s={search_term_string}\"},\"query-input\":\"required name=search_term_string\"}],\"inLanguage\":\"pt-BR\"},{\"@type\":\"Person\",\"@id\":\"https:\/\/maringapost.com.br\/orlandogonzalez\/#\/schema\/person\/5cbe6257d08edea6afc9ebaa613b0633\",\"name\":\"Orlando Gonzalez\",\"image\":{\"@type\":\"ImageObject\",\"inLanguage\":\"pt-BR\",\"@id\":\"https:\/\/maringapost.com.br\/orlandogonzalez\/#\/schema\/person\/image\/\",\"url\":\"https:\/\/secure.gravatar.com\/avatar\/ecef9d1c9afe5ebdafadde8369065ba5?s=96&d=mm&r=g\",\"contentUrl\":\"https:\/\/secure.gravatar.com\/avatar\/ecef9d1c9afe5ebdafadde8369065ba5?s=96&d=mm&r=g\",\"caption\":\"Orlando Gonzalez\"},\"description\":\"H\u00e1 29 anos na cobertura do esporte de Maring\u00e1. Plant\u00e3o e narrador esportivo. Presta\u00e7\u00e3o de assessoria de imprensa esportiva, cobertura e transmiss\u00f5es ao vivo de eventos esportivos. E-mail: orlandogonzalez.assessoria@gmail.com WhatsApp: (44) 9 9126-6119\",\"sameAs\":[\"http:\/\/www.radiomaringa.com.br\/\",\"https:\/\/www.facebook.com\/profile.php?id=100011095815065\",\"https:\/\/www.instagram.com\/orlandomgonzalez\/\",\"https:\/\/br.pinterest.com\/ogonzalez0530\/\",\"https:\/\/x.com\/gonzalezorlando\",\"https:\/\/www.youtube.com\/channel\/UCvFpl55btth8wjnKiSS1ibA\",\"https:\/\/radiomaringaweb.tumblr.com\/\"],\"url\":\"https:\/\/maringapost.com.br\/orlandogonzalez\/author\/orlando\/\"}]}<\/script>\n<!-- \/ Yoast SEO Premium plugin. -->","yoast_head_json":{"title":"R\u00c1DIO MARING\u00c1 - Brasil ter\u00e1 caras novas em jogos finais das eliminat\u00f3rias da AmeriCup - Orlando Gonzalez","robots":{"index":"index","follow":"follow","max-snippet":"max-snippet:-1","max-image-preview":"max-image-preview:large","max-video-preview":"max-video-preview:-1"},"canonical":"https:\/\/maringapost.com.br\/orlandogonzalez\/2021\/01\/19\/radio-maringa-brasil-tera-caras-novas-em-jogos-finais-das-eliminatorias-da-americup\/","og_locale":"pt_BR","og_type":"article","og_title":"R\u00c1DIO MARING\u00c1 - Brasil ter\u00e1 caras novas em jogos finais das eliminat\u00f3rias da AmeriCup","og_description":"A sele\u00e7\u00e3o brasileira masculina de basquete foi convocada para os dois jogos contra Panam\u00e1 e Paraguai, em Cali (Col\u00f4mbia), que encerram as eliminat\u00f3rias da AmeriCup (Copa Am\u00e9rica) de 2022. O Brasil garantiu classifica\u00e7\u00e3o antecipada ao torneio continental em novembro. A rela\u00e7\u00e3o tem 17 atletas, que dever\u00e3o cumprir os protocolos sanit\u00e1rios da Federa\u00e7\u00e3o Internacional de Basquete [&hellip;]","og_url":"https:\/\/maringapost.com.br\/orlandogonzalez\/2021\/01\/19\/radio-maringa-brasil-tera-caras-novas-em-jogos-finais-das-eliminatorias-da-americup\/","og_site_name":"Orlando Gonzalez","article_author":"https:\/\/www.facebook.com\/profile.php?id=100011095815065","article_published_time":"2021-01-19T11:00:45+00:00","og_image":[{"width":1170,"height":700,"url":"https:\/\/maringapost.com.br\/orlandogonzalez\/wp-content\/uploads\/sites\/17\/2021\/01\/basquetebrasil-1.jpg","type":"image\/jpeg"}],"author":"Orlando Gonzalez","twitter_card":"summary_large_image","twitter_creator":"@gonzalezorlando","twitter_misc":{"Escrito por":false,"Est. tempo de leitura":"3 minutos"},"schema":{"@context":"https:\/\/schema.org","@graph":[{"@type":"WebPage","@id":"https:\/\/maringapost.com.br\/orlandogonzalez\/2021\/01\/19\/radio-maringa-brasil-tera-caras-novas-em-jogos-finais-das-eliminatorias-da-americup\/","url":"https:\/\/maringapost.com.br\/orlandogonzalez\/2021\/01\/19\/radio-maringa-brasil-tera-caras-novas-em-jogos-finais-das-eliminatorias-da-americup\/","name":"R\u00c1DIO MARING\u00c1 - Brasil ter\u00e1 caras novas em jogos finais das eliminat\u00f3rias da AmeriCup - Orlando Gonzalez","isPartOf":{"@id":"https:\/\/maringapost.com.br\/orlandogonzalez\/#website"},"primaryImageOfPage":{"@id":"https:\/\/maringapost.com.br\/orlandogonzalez\/2021\/01\/19\/radio-maringa-brasil-tera-caras-novas-em-jogos-finais-das-eliminatorias-da-americup\/#primaryimage"},"image":{"@id":"https:\/\/maringapost.com.br\/orlandogonzalez\/2021\/01\/19\/radio-maringa-brasil-tera-caras-novas-em-jogos-finais-das-eliminatorias-da-americup\/#primaryimage"},"thumbnailUrl":"https:\/\/maringapost.com.br\/orlandogonzalez\/wp-content\/uploads\/sites\/17\/2021\/01\/basquetebrasil-1.jpg","datePublished":"2021-01-19T11:00:45+00:00","dateModified":"2021-01-19T11:00:45+00:00","author":{"@id":"https:\/\/maringapost.com.br\/orlandogonzalez\/#\/schema\/person\/5cbe6257d08edea6afc9ebaa613b0633"},"inLanguage":"pt-BR","potentialAction":[{"@type":"ReadAction","target":["https:\/\/maringapost.com.br\/orlandogonzalez\/2021\/01\/19\/radio-maringa-brasil-tera-caras-novas-em-jogos-finais-das-eliminatorias-da-americup\/"]}]},{"@type":"ImageObject","inLanguage":"pt-BR","@id":"https:\/\/maringapost.com.br\/orlandogonzalez\/2021\/01\/19\/radio-maringa-brasil-tera-caras-novas-em-jogos-finais-das-eliminatorias-da-americup\/#primaryimage","url":"https:\/\/maringapost.com.br\/orlandogonzalez\/wp-content\/uploads\/sites\/17\/2021\/01\/basquetebrasil-1.jpg","contentUrl":"https:\/\/maringapost.com.br\/orlandogonzalez\/wp-content\/uploads\/sites\/17\/2021\/01\/basquetebrasil-1.jpg","width":1170,"height":700},{"@type":"WebSite","@id":"https:\/\/maringapost.com.br\/orlandogonzalez\/#website","url":"https:\/\/maringapost.com.br\/orlandogonzalez\/","name":"Orlando Gonzalez","description":"Destaca o esporte de Maring\u00e1! Destaca o esporte do Paran\u00e1! Destaca o esporte do Brasil!","potentialAction":[{"@type":"SearchAction","target":{"@type":"EntryPoint","urlTemplate":"https:\/\/maringapost.com.br\/orlandogonzalez\/?s={search_term_string}"},"query-input":"required name=search_term_string"}],"inLanguage":"pt-BR"},{"@type":"Person","@id":"https:\/\/maringapost.com.br\/orlandogonzalez\/#\/schema\/person\/5cbe6257d08edea6afc9ebaa613b0633","name":"Orlando Gonzalez","image":{"@type":"ImageObject","inLanguage":"pt-BR","@id":"https:\/\/maringapost.com.br\/orlandogonzalez\/#\/schema\/person\/image\/","url":"https:\/\/secure.gravatar.com\/avatar\/ecef9d1c9afe5ebdafadde8369065ba5?s=96&d=mm&r=g","contentUrl":"https:\/\/secure.gravatar.com\/avatar\/ecef9d1c9afe5ebdafadde8369065ba5?s=96&d=mm&r=g","caption":"Orlando Gonzalez"},"description":"H\u00e1 29 anos na cobertura do esporte de Maring\u00e1. Plant\u00e3o e narrador esportivo. Presta\u00e7\u00e3o de assessoria de imprensa esportiva, cobertura e transmiss\u00f5es ao vivo de eventos esportivos. E-mail: orlandogonzalez.assessoria@gmail.com WhatsApp: (44) 9 9126-6119","sameAs":["http:\/\/www.radiomaringa.com.br\/","https:\/\/www.facebook.com\/profile.php?id=100011095815065","https:\/\/www.instagram.com\/orlandomgonzalez\/","https:\/\/br.pinterest.com\/ogonzalez0530\/","https:\/\/x.com\/gonzalezorlando","https:\/\/www.youtube.com\/channel\/UCvFpl55btth8wjnKiSS1ibA","https:\/\/radiomaringaweb.tumblr.com\/"],"url":"https:\/\/maringapost.com.br\/orlandogonzalez\/author\/orlando\/"}]}},"_links":{"self":[{"href":"https:\/\/maringapost.com.br\/orlandogonzalez\/wp-json\/wp\/v2\/posts\/43068"}],"collection":[{"href":"https:\/\/maringapost.com.br\/orlandogonzalez\/wp-json\/wp\/v2\/posts"}],"about":[{"href":"https:\/\/maringapost.com.br\/orlandogonzalez\/wp-json\/wp\/v2\/types\/post"}],"author":[{"embeddable":true,"href":"https:\/\/maringapost.com.br\/orlandogonzalez\/wp-json\/wp\/v2\/users\/6307"}],"replies":[{"embeddable":true,"href":"https:\/\/maringapost.com.br\/orlandogonzalez\/wp-json\/wp\/v2\/comments?post=43068"}],"version-history":[{"count":1,"href":"https:\/\/maringapost.com.br\/orlandogonzalez\/wp-json\/wp\/v2\/posts\/43068\/revisions"}],"predecessor-version":[{"id":43070,"href":"https:\/\/maringapost.com.br\/orlandogonzalez\/wp-json\/wp\/v2\/posts\/43068\/revisions\/43070"}],"wp:featuredmedia":[{"embeddable":true,"href":"https:\/\/maringapost.com.br\/orlandogonzalez\/wp-json\/wp\/v2\/media\/43069"}],"wp:attachment":[{"href":"https:\/\/maringapost.com.br\/orlandogonzalez\/wp-json\/wp\/v2\/media?parent=43068"}],"wp:term":[{"taxonomy":"category","embeddable":true,"href":"https:\/\/maringapost.com.br\/orlandogonzalez\/wp-json\/wp\/v2\/categories?post=43068"},{"taxonomy":"post_tag","embeddable":true,"href":"https:\/\/maringapost.com.br\/orlandogonzalez\/wp-json\/wp\/v2\/tags?post=43068"}],"curies":[{"name":"wp","href":"https:\/\/api.w.org\/{rel}","templated":true}]}}