{"id":43065,"date":"2021-01-19T07:52:52","date_gmt":"2021-01-19T10:52:52","guid":{"rendered":"http:\/\/maringapost.com.br\/orlandogonzalez\/?p=43065"},"modified":"2021-01-19T07:53:01","modified_gmt":"2021-01-19T10:53:01","slug":"radio-maringa-no-parataekwondo-nathan-torquato-e-eleito-melhor-das-americas","status":"publish","type":"post","link":"https:\/\/maringapost.com.br\/orlandogonzalez\/2021\/01\/19\/radio-maringa-no-parataekwondo-nathan-torquato-e-eleito-melhor-das-americas\/","title":{"rendered":"R\u00c1DIO MARING\u00c1 &#8211; No parataekwondo, Nathan Torquato \u00e9 eleito melhor das Am\u00e9ricas"},"content":{"rendered":"<p>A temporada de 2021, que ter\u00e1 o auge nos meses\u00a0de agosto\u00a0e setembro com os Jogos Paral\u00edmpicos, come\u00e7ou com excelentes not\u00edcias para o paulista Nathan Torquato. Aos 20 anos, o atleta do parataekwondo foi escolhido pelo Portal Mundo Taekwondo como o melhor das Am\u00e9ricas de 2020<a href=\"https:\/\/radiomaringa.com.br\/\" target=\"_blank\" rel=\"noopener\">.<\/a><img decoding=\"async\" src=\"https:\/\/agenciabrasil.ebc.com.br\/ebc.png?id=1399027&amp;o=node\" \/><img decoding=\"async\" src=\"https:\/\/agenciabrasil.ebc.com.br\/ebc.gif?id=1399027&amp;o=node\" \/><\/p>\n<p>&#8220;Foi uma honra ainda mais vindo da m\u00eddia de maior destaque de Taekwondo em n\u00edvel mundial&#8221;, disse o lutador da classe K44, para atletas com amputa\u00e7\u00e3o de bra\u00e7o. O brasileiro, que nasceu com uma m\u00e1 forma\u00e7\u00e3o cong\u00eanita no bra\u00e7o esquerdo, ficou \u00e0 frente do mexicano Diego Garcia (segundo colocado) e o argentino Juan Samorano (terceiro). &#8220;Todos n\u00f3s estamos classificados para os Jogos Paral\u00edmpicos. \u00c9 claro que em categorias diferentes. Tanto o mexicano quanto o argentino lutam no peso at\u00e9 75kg e eu, at\u00e9 61kg. \u00c9 um trio que representa muito bem o nosso continente ao redor do mundo. As Am\u00e9ricas est\u00e3o crescendo demais e muito por causa dos nossos resultados&#8221;, completa.<\/p>\n<p>Natural da Praia Grande, no litoral sul de S\u00e3o Paulo, Nathan carimbou o passaporte para o evento de T\u00f3quio no Classificat\u00f3rio da Costa Rica em mar\u00e7o de 2020. &#8220;Estavam os melhores do continente. Foi um torneio bem pesado. Somente o melhor de cada categoria levava a vaga. Fiz tr\u00eas lutas. A primeira contra um colombiano. Foi 20 a 18. Uma luta bem apertada. Estava um pouco nervoso. Depois, passei por um atleta da Rep\u00fablica Dominicana por 80 a 20. Um recorde de pontos na modalidade em todo mundo. Estava muito bem preparado. Na final, contra um cubano, ganhei de 36 a 17 e fiquei com a vaga. Cheguei muito bem treinado. Sabia do peso do torneio e do tamanho do desafio&#8221;, lembra o brasileiro.<\/p>\n<p>Aos 20 anos, o jovem assume sem problemas o posto de um dos favoritos para faturar uma medalha no Jap\u00e3o. &#8220;Nos \u00faltimos tr\u00eas anos, apenas dois atletas em todo mundo conseguiram me vencer, um da Turquia e outro da Mong\u00f3lia. N\u00f3s estamos dominando a categoria h\u00e1 bastante tempo e tudo indica que estaremos l\u00e1 brigando pelo lugar mais alto do p\u00f3dio. N\u00e3o vejo o favoritismo para ganhar uma medalha como um fardo. Encaro isso como uma motiva\u00e7\u00e3o maior&#8221;, comenta\u00a0o medalha de ouro nos Jogos Parapan-Americanos de Lima em 2019. A disputa em T\u00f3quio, que ser\u00e1 a estreia da modalidade no programa paral\u00edmpico, vai contar com 12 atletas com a jun\u00e7\u00e3o das classes K43, para lutadores com defici\u00eancias nos dois membros, e K44.<\/p>\n<p>Al\u00e9m de Nathan, a paraibana Silvana Fernandes (at\u00e9 58kg) e\u00a0a paulista D\u00e9bora Menezes (acima 58kg) conquistaram a vaga \u00e0 Paralimp\u00edada pelo Classificat\u00f3rio continental . &#8220;As duas est\u00e3o deixando performances incr\u00edveis dentro dos tatames h\u00e1 bastante tempo. O Brasil tem tudo para estar muito bem representando nos Jogos&#8221;.<\/p>\n<p><strong>Vida dedicada ao taekwondo<\/strong><\/p>\n<p>Mesmo tendo ingressado no parataekwondo em 2017, quando a modalidade foi criada no Brasil, Nathan Torquato est\u00e1 envolvido com taekwondo desde muito jovem. &#8220;Com apenas tr\u00eas anos, ia para a escola com a minha m\u00e3e e sempre via o pessoal lutando em uma academia. Todo mundo com o dobok (roupa parecida com o kimono usada pelos atletas do taekwondo). Era demais. Comecei e n\u00e3o parei at\u00e9\u00a0hoje. S\u00e3o 17 anos dedicados \u00e0 modalidade. Fui cinco vezes campe\u00e3o paulista no convencial e sigo at\u00e9\u00a0hoje\u00a0colecionando medalhas. Tomara que consiga trazer mais uma l\u00e1 de T\u00f3quio&#8221;.<\/p>\n<p>(Texto: Juliano Justo\/Ag\u00eancia Brasil. Foto: Ale Cabral\/CPB)<\/p>\n","protected":false},"excerpt":{"rendered":"<p>A temporada de 2021, que ter\u00e1 o auge nos meses\u00a0de agosto\u00a0e setembro com os Jogos Paral\u00edmpicos, come\u00e7ou com excelentes not\u00edcias para o paulista Nathan Torquato. Aos 20 anos, o atleta do parataekwondo foi escolhido pelo Portal Mundo Taekwondo como o melhor das Am\u00e9ricas de 2020. &#8220;Foi uma honra ainda mais vindo da m\u00eddia de maior [&hellip;]<\/p>\n","protected":false},"author":6307,"featured_media":43066,"comment_status":"closed","ping_status":"open","sticky":false,"template":"","format":"standard","meta":{"_exactmetrics_skip_tracking":false,"_exactmetrics_sitenote_active":false,"_exactmetrics_sitenote_note":"","_exactmetrics_sitenote_category":0,"footnotes":""},"categories":[9137],"tags":[47,13883],"yoast_head":"<!-- This site is optimized with the Yoast SEO Premium plugin v22.7 (Yoast SEO v22.7) - https:\/\/yoast.com\/wordpress\/plugins\/seo\/ -->\n<title>R\u00c1DIO MARING\u00c1 - No parataekwondo, Nathan Torquato \u00e9 eleito melhor das Am\u00e9ricas - Orlando Gonzalez<\/title>\n<meta name=\"robots\" content=\"index, follow, max-snippet:-1, max-image-preview:large, max-video-preview:-1\" \/>\n<link rel=\"canonical\" href=\"https:\/\/maringapost.com.br\/orlandogonzalez\/2021\/01\/19\/radio-maringa-no-parataekwondo-nathan-torquato-e-eleito-melhor-das-americas\/\" \/>\n<meta property=\"og:locale\" content=\"pt_BR\" \/>\n<meta property=\"og:type\" content=\"article\" \/>\n<meta property=\"og:title\" content=\"R\u00c1DIO MARING\u00c1 - No parataekwondo, Nathan Torquato \u00e9 eleito melhor das Am\u00e9ricas\" \/>\n<meta property=\"og:description\" content=\"A temporada de 2021, que ter\u00e1 o auge nos meses\u00a0de agosto\u00a0e setembro com os Jogos Paral\u00edmpicos, come\u00e7ou com excelentes not\u00edcias para o paulista Nathan Torquato. Aos 20 anos, o atleta do parataekwondo foi escolhido pelo Portal Mundo Taekwondo como o melhor das Am\u00e9ricas de 2020. &#8220;Foi uma honra ainda mais vindo da m\u00eddia de maior [&hellip;]\" \/>\n<meta property=\"og:url\" content=\"https:\/\/maringapost.com.br\/orlandogonzalez\/2021\/01\/19\/radio-maringa-no-parataekwondo-nathan-torquato-e-eleito-melhor-das-americas\/\" \/>\n<meta property=\"og:site_name\" content=\"Orlando Gonzalez\" \/>\n<meta property=\"article:author\" content=\"https:\/\/www.facebook.com\/profile.php?id=100011095815065\" \/>\n<meta property=\"article:published_time\" content=\"2021-01-19T10:52:52+00:00\" \/>\n<meta property=\"article:modified_time\" content=\"2021-01-19T10:53:01+00:00\" \/>\n<meta property=\"og:image\" content=\"https:\/\/maringapost.com.br\/orlandogonzalez\/wp-content\/uploads\/sites\/17\/2021\/01\/lutador.jpg\" \/>\n\t<meta property=\"og:image:width\" content=\"1170\" \/>\n\t<meta property=\"og:image:height\" content=\"700\" \/>\n\t<meta property=\"og:image:type\" content=\"image\/jpeg\" \/>\n<meta name=\"author\" content=\"Orlando Gonzalez\" \/>\n<meta name=\"twitter:card\" content=\"summary_large_image\" \/>\n<meta name=\"twitter:creator\" content=\"@gonzalezorlando\" \/>\n<meta name=\"twitter:label1\" content=\"Escrito por\" \/>\n\t<meta name=\"twitter:data1\" content=\"\" \/>\n\t<meta name=\"twitter:label2\" content=\"Est. tempo de leitura\" \/>\n\t<meta name=\"twitter:data2\" content=\"3 minutos\" \/>\n<script type=\"application\/ld+json\" class=\"yoast-schema-graph\">{\"@context\":\"https:\/\/schema.org\",\"@graph\":[{\"@type\":\"WebPage\",\"@id\":\"https:\/\/maringapost.com.br\/orlandogonzalez\/2021\/01\/19\/radio-maringa-no-parataekwondo-nathan-torquato-e-eleito-melhor-das-americas\/\",\"url\":\"https:\/\/maringapost.com.br\/orlandogonzalez\/2021\/01\/19\/radio-maringa-no-parataekwondo-nathan-torquato-e-eleito-melhor-das-americas\/\",\"name\":\"R\u00c1DIO MARING\u00c1 - No parataekwondo, Nathan Torquato \u00e9 eleito melhor das Am\u00e9ricas - Orlando Gonzalez\",\"isPartOf\":{\"@id\":\"https:\/\/maringapost.com.br\/orlandogonzalez\/#website\"},\"primaryImageOfPage\":{\"@id\":\"https:\/\/maringapost.com.br\/orlandogonzalez\/2021\/01\/19\/radio-maringa-no-parataekwondo-nathan-torquato-e-eleito-melhor-das-americas\/#primaryimage\"},\"image\":{\"@id\":\"https:\/\/maringapost.com.br\/orlandogonzalez\/2021\/01\/19\/radio-maringa-no-parataekwondo-nathan-torquato-e-eleito-melhor-das-americas\/#primaryimage\"},\"thumbnailUrl\":\"https:\/\/maringapost.com.br\/orlandogonzalez\/wp-content\/uploads\/sites\/17\/2021\/01\/lutador.jpg\",\"datePublished\":\"2021-01-19T10:52:52+00:00\",\"dateModified\":\"2021-01-19T10:53:01+00:00\",\"author\":{\"@id\":\"https:\/\/maringapost.com.br\/orlandogonzalez\/#\/schema\/person\/5cbe6257d08edea6afc9ebaa613b0633\"},\"inLanguage\":\"pt-BR\",\"potentialAction\":[{\"@type\":\"ReadAction\",\"target\":[\"https:\/\/maringapost.com.br\/orlandogonzalez\/2021\/01\/19\/radio-maringa-no-parataekwondo-nathan-torquato-e-eleito-melhor-das-americas\/\"]}]},{\"@type\":\"ImageObject\",\"inLanguage\":\"pt-BR\",\"@id\":\"https:\/\/maringapost.com.br\/orlandogonzalez\/2021\/01\/19\/radio-maringa-no-parataekwondo-nathan-torquato-e-eleito-melhor-das-americas\/#primaryimage\",\"url\":\"https:\/\/maringapost.com.br\/orlandogonzalez\/wp-content\/uploads\/sites\/17\/2021\/01\/lutador.jpg\",\"contentUrl\":\"https:\/\/maringapost.com.br\/orlandogonzalez\/wp-content\/uploads\/sites\/17\/2021\/01\/lutador.jpg\",\"width\":1170,\"height\":700},{\"@type\":\"WebSite\",\"@id\":\"https:\/\/maringapost.com.br\/orlandogonzalez\/#website\",\"url\":\"https:\/\/maringapost.com.br\/orlandogonzalez\/\",\"name\":\"Orlando Gonzalez\",\"description\":\"Destaca o esporte de Maring\u00e1! Destaca o esporte do Paran\u00e1! Destaca o esporte do Brasil!\",\"potentialAction\":[{\"@type\":\"SearchAction\",\"target\":{\"@type\":\"EntryPoint\",\"urlTemplate\":\"https:\/\/maringapost.com.br\/orlandogonzalez\/?s={search_term_string}\"},\"query-input\":\"required name=search_term_string\"}],\"inLanguage\":\"pt-BR\"},{\"@type\":\"Person\",\"@id\":\"https:\/\/maringapost.com.br\/orlandogonzalez\/#\/schema\/person\/5cbe6257d08edea6afc9ebaa613b0633\",\"name\":\"Orlando Gonzalez\",\"image\":{\"@type\":\"ImageObject\",\"inLanguage\":\"pt-BR\",\"@id\":\"https:\/\/maringapost.com.br\/orlandogonzalez\/#\/schema\/person\/image\/\",\"url\":\"https:\/\/secure.gravatar.com\/avatar\/ecef9d1c9afe5ebdafadde8369065ba5?s=96&d=mm&r=g\",\"contentUrl\":\"https:\/\/secure.gravatar.com\/avatar\/ecef9d1c9afe5ebdafadde8369065ba5?s=96&d=mm&r=g\",\"caption\":\"Orlando Gonzalez\"},\"description\":\"H\u00e1 29 anos na cobertura do esporte de Maring\u00e1. Plant\u00e3o e narrador esportivo. Presta\u00e7\u00e3o de assessoria de imprensa esportiva, cobertura e transmiss\u00f5es ao vivo de eventos esportivos. E-mail: orlandogonzalez.assessoria@gmail.com WhatsApp: (44) 9 9126-6119\",\"sameAs\":[\"http:\/\/www.radiomaringa.com.br\/\",\"https:\/\/www.facebook.com\/profile.php?id=100011095815065\",\"https:\/\/www.instagram.com\/orlandomgonzalez\/\",\"https:\/\/br.pinterest.com\/ogonzalez0530\/\",\"https:\/\/x.com\/gonzalezorlando\",\"https:\/\/www.youtube.com\/channel\/UCvFpl55btth8wjnKiSS1ibA\",\"https:\/\/radiomaringaweb.tumblr.com\/\"],\"url\":\"https:\/\/maringapost.com.br\/orlandogonzalez\/author\/orlando\/\"}]}<\/script>\n<!-- \/ Yoast SEO Premium plugin. -->","yoast_head_json":{"title":"R\u00c1DIO MARING\u00c1 - No parataekwondo, Nathan Torquato \u00e9 eleito melhor das Am\u00e9ricas - Orlando Gonzalez","robots":{"index":"index","follow":"follow","max-snippet":"max-snippet:-1","max-image-preview":"max-image-preview:large","max-video-preview":"max-video-preview:-1"},"canonical":"https:\/\/maringapost.com.br\/orlandogonzalez\/2021\/01\/19\/radio-maringa-no-parataekwondo-nathan-torquato-e-eleito-melhor-das-americas\/","og_locale":"pt_BR","og_type":"article","og_title":"R\u00c1DIO MARING\u00c1 - No parataekwondo, Nathan Torquato \u00e9 eleito melhor das Am\u00e9ricas","og_description":"A temporada de 2021, que ter\u00e1 o auge nos meses\u00a0de agosto\u00a0e setembro com os Jogos Paral\u00edmpicos, come\u00e7ou com excelentes not\u00edcias para o paulista Nathan Torquato. Aos 20 anos, o atleta do parataekwondo foi escolhido pelo Portal Mundo Taekwondo como o melhor das Am\u00e9ricas de 2020. &#8220;Foi uma honra ainda mais vindo da m\u00eddia de maior [&hellip;]","og_url":"https:\/\/maringapost.com.br\/orlandogonzalez\/2021\/01\/19\/radio-maringa-no-parataekwondo-nathan-torquato-e-eleito-melhor-das-americas\/","og_site_name":"Orlando Gonzalez","article_author":"https:\/\/www.facebook.com\/profile.php?id=100011095815065","article_published_time":"2021-01-19T10:52:52+00:00","article_modified_time":"2021-01-19T10:53:01+00:00","og_image":[{"width":1170,"height":700,"url":"https:\/\/maringapost.com.br\/orlandogonzalez\/wp-content\/uploads\/sites\/17\/2021\/01\/lutador.jpg","type":"image\/jpeg"}],"author":"Orlando Gonzalez","twitter_card":"summary_large_image","twitter_creator":"@gonzalezorlando","twitter_misc":{"Escrito por":false,"Est. tempo de leitura":"3 minutos"},"schema":{"@context":"https:\/\/schema.org","@graph":[{"@type":"WebPage","@id":"https:\/\/maringapost.com.br\/orlandogonzalez\/2021\/01\/19\/radio-maringa-no-parataekwondo-nathan-torquato-e-eleito-melhor-das-americas\/","url":"https:\/\/maringapost.com.br\/orlandogonzalez\/2021\/01\/19\/radio-maringa-no-parataekwondo-nathan-torquato-e-eleito-melhor-das-americas\/","name":"R\u00c1DIO MARING\u00c1 - No parataekwondo, Nathan Torquato \u00e9 eleito melhor das Am\u00e9ricas - Orlando Gonzalez","isPartOf":{"@id":"https:\/\/maringapost.com.br\/orlandogonzalez\/#website"},"primaryImageOfPage":{"@id":"https:\/\/maringapost.com.br\/orlandogonzalez\/2021\/01\/19\/radio-maringa-no-parataekwondo-nathan-torquato-e-eleito-melhor-das-americas\/#primaryimage"},"image":{"@id":"https:\/\/maringapost.com.br\/orlandogonzalez\/2021\/01\/19\/radio-maringa-no-parataekwondo-nathan-torquato-e-eleito-melhor-das-americas\/#primaryimage"},"thumbnailUrl":"https:\/\/maringapost.com.br\/orlandogonzalez\/wp-content\/uploads\/sites\/17\/2021\/01\/lutador.jpg","datePublished":"2021-01-19T10:52:52+00:00","dateModified":"2021-01-19T10:53:01+00:00","author":{"@id":"https:\/\/maringapost.com.br\/orlandogonzalez\/#\/schema\/person\/5cbe6257d08edea6afc9ebaa613b0633"},"inLanguage":"pt-BR","potentialAction":[{"@type":"ReadAction","target":["https:\/\/maringapost.com.br\/orlandogonzalez\/2021\/01\/19\/radio-maringa-no-parataekwondo-nathan-torquato-e-eleito-melhor-das-americas\/"]}]},{"@type":"ImageObject","inLanguage":"pt-BR","@id":"https:\/\/maringapost.com.br\/orlandogonzalez\/2021\/01\/19\/radio-maringa-no-parataekwondo-nathan-torquato-e-eleito-melhor-das-americas\/#primaryimage","url":"https:\/\/maringapost.com.br\/orlandogonzalez\/wp-content\/uploads\/sites\/17\/2021\/01\/lutador.jpg","contentUrl":"https:\/\/maringapost.com.br\/orlandogonzalez\/wp-content\/uploads\/sites\/17\/2021\/01\/lutador.jpg","width":1170,"height":700},{"@type":"WebSite","@id":"https:\/\/maringapost.com.br\/orlandogonzalez\/#website","url":"https:\/\/maringapost.com.br\/orlandogonzalez\/","name":"Orlando Gonzalez","description":"Destaca o esporte de Maring\u00e1! Destaca o esporte do Paran\u00e1! Destaca o esporte do Brasil!","potentialAction":[{"@type":"SearchAction","target":{"@type":"EntryPoint","urlTemplate":"https:\/\/maringapost.com.br\/orlandogonzalez\/?s={search_term_string}"},"query-input":"required name=search_term_string"}],"inLanguage":"pt-BR"},{"@type":"Person","@id":"https:\/\/maringapost.com.br\/orlandogonzalez\/#\/schema\/person\/5cbe6257d08edea6afc9ebaa613b0633","name":"Orlando Gonzalez","image":{"@type":"ImageObject","inLanguage":"pt-BR","@id":"https:\/\/maringapost.com.br\/orlandogonzalez\/#\/schema\/person\/image\/","url":"https:\/\/secure.gravatar.com\/avatar\/ecef9d1c9afe5ebdafadde8369065ba5?s=96&d=mm&r=g","contentUrl":"https:\/\/secure.gravatar.com\/avatar\/ecef9d1c9afe5ebdafadde8369065ba5?s=96&d=mm&r=g","caption":"Orlando Gonzalez"},"description":"H\u00e1 29 anos na cobertura do esporte de Maring\u00e1. Plant\u00e3o e narrador esportivo. Presta\u00e7\u00e3o de assessoria de imprensa esportiva, cobertura e transmiss\u00f5es ao vivo de eventos esportivos. E-mail: orlandogonzalez.assessoria@gmail.com WhatsApp: (44) 9 9126-6119","sameAs":["http:\/\/www.radiomaringa.com.br\/","https:\/\/www.facebook.com\/profile.php?id=100011095815065","https:\/\/www.instagram.com\/orlandomgonzalez\/","https:\/\/br.pinterest.com\/ogonzalez0530\/","https:\/\/x.com\/gonzalezorlando","https:\/\/www.youtube.com\/channel\/UCvFpl55btth8wjnKiSS1ibA","https:\/\/radiomaringaweb.tumblr.com\/"],"url":"https:\/\/maringapost.com.br\/orlandogonzalez\/author\/orlando\/"}]}},"_links":{"self":[{"href":"https:\/\/maringapost.com.br\/orlandogonzalez\/wp-json\/wp\/v2\/posts\/43065"}],"collection":[{"href":"https:\/\/maringapost.com.br\/orlandogonzalez\/wp-json\/wp\/v2\/posts"}],"about":[{"href":"https:\/\/maringapost.com.br\/orlandogonzalez\/wp-json\/wp\/v2\/types\/post"}],"author":[{"embeddable":true,"href":"https:\/\/maringapost.com.br\/orlandogonzalez\/wp-json\/wp\/v2\/users\/6307"}],"replies":[{"embeddable":true,"href":"https:\/\/maringapost.com.br\/orlandogonzalez\/wp-json\/wp\/v2\/comments?post=43065"}],"version-history":[{"count":1,"href":"https:\/\/maringapost.com.br\/orlandogonzalez\/wp-json\/wp\/v2\/posts\/43065\/revisions"}],"predecessor-version":[{"id":43067,"href":"https:\/\/maringapost.com.br\/orlandogonzalez\/wp-json\/wp\/v2\/posts\/43065\/revisions\/43067"}],"wp:featuredmedia":[{"embeddable":true,"href":"https:\/\/maringapost.com.br\/orlandogonzalez\/wp-json\/wp\/v2\/media\/43066"}],"wp:attachment":[{"href":"https:\/\/maringapost.com.br\/orlandogonzalez\/wp-json\/wp\/v2\/media?parent=43065"}],"wp:term":[{"taxonomy":"category","embeddable":true,"href":"https:\/\/maringapost.com.br\/orlandogonzalez\/wp-json\/wp\/v2\/categories?post=43065"},{"taxonomy":"post_tag","embeddable":true,"href":"https:\/\/maringapost.com.br\/orlandogonzalez\/wp-json\/wp\/v2\/tags?post=43065"}],"curies":[{"name":"wp","href":"https:\/\/api.w.org\/{rel}","templated":true}]}}