{"id":42928,"date":"2021-01-14T13:30:36","date_gmt":"2021-01-14T16:30:36","guid":{"rendered":"http:\/\/maringapost.com.br\/orlandogonzalez\/?p=42928"},"modified":"2021-01-14T13:30:47","modified_gmt":"2021-01-14T16:30:47","slug":"radio-maringa-palmeiras-vai-decidir-copa-do-brasil-em-casa-contra-gremio","status":"publish","type":"post","link":"https:\/\/maringapost.com.br\/orlandogonzalez\/2021\/01\/14\/radio-maringa-palmeiras-vai-decidir-copa-do-brasil-em-casa-contra-gremio\/","title":{"rendered":"R\u00c1DIO MARING\u00c1 &#8211; Palmeiras vai decidir Copa do Brasil em casa contra Gr\u00eamio"},"content":{"rendered":"<p style=\"margin: 0px 0px 1.3rem;color: #495057;font-family: 'Source Serif Pro', serif;font-size: 16px;background-color: #f7f8f9\"><span style=\"font-size: 18px\">O Palmeiras assegurou hoje (14), ap\u00f3s sorteio na\u00a0CBF,\u00a0o direito de fazer o \u00faltimo duelo da final da Copa do Brasil, contra o Gr\u00eamio, no Allianz Parque, em S\u00e3o Paulo. A defini\u00e7\u00e3o dos\u00a0mandos de campo ocorreu no final da manh\u00e3, na sede da CBF, no Rio de Janeiro.\u00a0\u00a0A partida de ida (primeiro jogo da final) ser\u00e1 na\u00a0Arena do Gr\u00eamio, em Porto Alegre<a href=\"https:\/\/radiomaringa.com.br\/\" target=\"_blank\" rel=\"noopener\">.<img decoding=\"async\" style=\"border: 0px none;vertical-align: middle;height: 1px;width: 1px\" src=\"https:\/\/agenciabrasil.ebc.com.br\/ebc.png?id=1398635&amp;o=node\" \/><img decoding=\"async\" style=\"border: 0px none;vertical-align: middle;height: 1px;width: 1px\" src=\"https:\/\/agenciabrasil.ebc.com.br\/ebc.gif?id=1398635&amp;o=node\" \/><\/a><\/span><\/p>\n<p style=\"margin: 0px 0px 1.3rem;color: #495057;font-family: 'Source Serif Pro', serif;font-size: 16px;background-color: #f7f8f9\"><span style=\"font-size: 18px\">Os embates est\u00e3o marcados para os dias 11 e 17 de fevereiro, mas, segundo a CBF,\u00a0as datas\u00a0est\u00e3o sujeitas a altera\u00e7\u00f5es caso o Palmeiras\u00a0conquiste o t\u00edtulo da Copa Libertadores. Os hor\u00e1rios das partidas ainda ser\u00e3o definidos.<\/span><\/p>\n<p style=\"margin: 0px 0px 1.3rem;color: #495057;font-family: 'Source Serif Pro', serif;font-size: 16px;background-color: #f7f8f9\"><span style=\"font-size: 18px\">O Tricolor Ga\u00facho busca o hexacampeonato.\u00a0J\u00e1 o Verd\u00e3o quer chegar ao\u00a0tetra.<\/span><\/p>\n<h2 style=\"margin-top: 0px;margin-bottom: 0.5rem;font-family: 'Open Sans', sans-serif;font-weight: 500;line-height: 1.2;color: #343a40;font-size: 32px;background-color: #f7f8f9\"><span style=\"font-size: 18px\">Jogo de ida<\/span><\/h2>\n<p style=\"margin: 0px 0px 1.3rem;color: #495057;font-family: 'Source Serif Pro', serif;font-size: 16px;background-color: #f7f8f9\"><span style=\"font-size: 18px\">Gr\u00eamio x Palmeiras &#8211; 11 de fevereiro (\u00a0Porto Alegre)<\/span><\/p>\n<h2 style=\"margin-top: 0px;margin-bottom: 0.5rem;font-family: 'Open Sans', sans-serif;font-weight: 500;line-height: 1.2;color: #343a40;font-size: 32px;background-color: #f7f8f9\"><span style=\"font-size: 18px\">Jogo de volta<\/span><\/h2>\n<p style=\"margin: 0px 0px 1.3rem;color: #495057;font-family: 'Source Serif Pro', serif;font-size: 16px;background-color: #f7f8f9\"><span style=\"font-size: 18px\">Palmeiras x Gr\u00eamio &#8211; 17 de fevereiro (S\u00e3o Paulo)<\/span><\/p>\n<p style=\"margin: 0px 0px 1.3rem;color: #495057;font-family: 'Source Serif Pro', serif;font-size: 16px;background-color: #f7f8f9\"><span style=\"font-size: 18px\">(Texto: Ag\u00eancia Brasil. Foto: Lucas Figueiredo\/CBF)<\/span><\/p>\n","protected":false},"excerpt":{"rendered":"<p>O Palmeiras assegurou hoje (14), ap\u00f3s sorteio na\u00a0CBF,\u00a0o direito de fazer o \u00faltimo duelo da final da Copa do Brasil, contra o Gr\u00eamio, no Allianz Parque, em S\u00e3o Paulo. A defini\u00e7\u00e3o dos\u00a0mandos de campo ocorreu no final da manh\u00e3, na sede da CBF, no Rio de Janeiro.\u00a0\u00a0A partida de ida (primeiro jogo da final) ser\u00e1 [&hellip;]<\/p>\n","protected":false},"author":6307,"featured_media":42929,"comment_status":"closed","ping_status":"open","sticky":false,"template":"","format":"standard","meta":{"_exactmetrics_skip_tracking":false,"_exactmetrics_sitenote_active":false,"_exactmetrics_sitenote_note":"","_exactmetrics_sitenote_category":0,"footnotes":""},"categories":[1505],"tags":[93,47,13877],"yoast_head":"<!-- This site is optimized with the Yoast SEO Premium plugin v22.7 (Yoast SEO v22.7) - https:\/\/yoast.com\/wordpress\/plugins\/seo\/ -->\n<title>R\u00c1DIO MARING\u00c1 - Palmeiras vai decidir Copa do Brasil em casa contra Gr\u00eamio - Orlando Gonzalez<\/title>\n<meta name=\"robots\" content=\"index, follow, max-snippet:-1, max-image-preview:large, max-video-preview:-1\" \/>\n<link rel=\"canonical\" href=\"https:\/\/maringapost.com.br\/orlandogonzalez\/2021\/01\/14\/radio-maringa-palmeiras-vai-decidir-copa-do-brasil-em-casa-contra-gremio\/\" \/>\n<meta property=\"og:locale\" content=\"pt_BR\" \/>\n<meta property=\"og:type\" content=\"article\" \/>\n<meta property=\"og:title\" content=\"R\u00c1DIO MARING\u00c1 - Palmeiras vai decidir Copa do Brasil em casa contra Gr\u00eamio\" \/>\n<meta property=\"og:description\" content=\"O Palmeiras assegurou hoje (14), ap\u00f3s sorteio na\u00a0CBF,\u00a0o direito de fazer o \u00faltimo duelo da final da Copa do Brasil, contra o Gr\u00eamio, no Allianz Parque, em S\u00e3o Paulo. A defini\u00e7\u00e3o dos\u00a0mandos de campo ocorreu no final da manh\u00e3, na sede da CBF, no Rio de Janeiro.\u00a0\u00a0A partida de ida (primeiro jogo da final) ser\u00e1 [&hellip;]\" \/>\n<meta property=\"og:url\" content=\"https:\/\/maringapost.com.br\/orlandogonzalez\/2021\/01\/14\/radio-maringa-palmeiras-vai-decidir-copa-do-brasil-em-casa-contra-gremio\/\" \/>\n<meta property=\"og:site_name\" content=\"Orlando Gonzalez\" \/>\n<meta property=\"article:author\" content=\"https:\/\/www.facebook.com\/profile.php?id=100011095815065\" \/>\n<meta property=\"article:published_time\" content=\"2021-01-14T16:30:36+00:00\" \/>\n<meta property=\"article:modified_time\" content=\"2021-01-14T16:30:47+00:00\" \/>\n<meta property=\"og:image\" content=\"https:\/\/maringapost.com.br\/orlandogonzalez\/wp-content\/uploads\/sites\/17\/2021\/01\/copadorbrasil.jpeg\" \/>\n\t<meta property=\"og:image:width\" content=\"1170\" \/>\n\t<meta property=\"og:image:height\" content=\"700\" \/>\n\t<meta property=\"og:image:type\" content=\"image\/jpeg\" \/>\n<meta name=\"author\" content=\"Orlando Gonzalez\" \/>\n<meta name=\"twitter:card\" content=\"summary_large_image\" \/>\n<meta name=\"twitter:creator\" content=\"@gonzalezorlando\" \/>\n<meta name=\"twitter:label1\" content=\"Escrito por\" \/>\n\t<meta name=\"twitter:data1\" content=\"\" \/>\n\t<meta name=\"twitter:label2\" content=\"Est. tempo de leitura\" \/>\n\t<meta name=\"twitter:data2\" content=\"1 minuto\" \/>\n<script type=\"application\/ld+json\" class=\"yoast-schema-graph\">{\"@context\":\"https:\/\/schema.org\",\"@graph\":[{\"@type\":\"WebPage\",\"@id\":\"https:\/\/maringapost.com.br\/orlandogonzalez\/2021\/01\/14\/radio-maringa-palmeiras-vai-decidir-copa-do-brasil-em-casa-contra-gremio\/\",\"url\":\"https:\/\/maringapost.com.br\/orlandogonzalez\/2021\/01\/14\/radio-maringa-palmeiras-vai-decidir-copa-do-brasil-em-casa-contra-gremio\/\",\"name\":\"R\u00c1DIO MARING\u00c1 - Palmeiras vai decidir Copa do Brasil em casa contra Gr\u00eamio - Orlando Gonzalez\",\"isPartOf\":{\"@id\":\"https:\/\/maringapost.com.br\/orlandogonzalez\/#website\"},\"primaryImageOfPage\":{\"@id\":\"https:\/\/maringapost.com.br\/orlandogonzalez\/2021\/01\/14\/radio-maringa-palmeiras-vai-decidir-copa-do-brasil-em-casa-contra-gremio\/#primaryimage\"},\"image\":{\"@id\":\"https:\/\/maringapost.com.br\/orlandogonzalez\/2021\/01\/14\/radio-maringa-palmeiras-vai-decidir-copa-do-brasil-em-casa-contra-gremio\/#primaryimage\"},\"thumbnailUrl\":\"https:\/\/maringapost.com.br\/orlandogonzalez\/wp-content\/uploads\/sites\/17\/2021\/01\/copadorbrasil.jpeg\",\"datePublished\":\"2021-01-14T16:30:36+00:00\",\"dateModified\":\"2021-01-14T16:30:47+00:00\",\"author\":{\"@id\":\"https:\/\/maringapost.com.br\/orlandogonzalez\/#\/schema\/person\/5cbe6257d08edea6afc9ebaa613b0633\"},\"inLanguage\":\"pt-BR\",\"potentialAction\":[{\"@type\":\"ReadAction\",\"target\":[\"https:\/\/maringapost.com.br\/orlandogonzalez\/2021\/01\/14\/radio-maringa-palmeiras-vai-decidir-copa-do-brasil-em-casa-contra-gremio\/\"]}]},{\"@type\":\"ImageObject\",\"inLanguage\":\"pt-BR\",\"@id\":\"https:\/\/maringapost.com.br\/orlandogonzalez\/2021\/01\/14\/radio-maringa-palmeiras-vai-decidir-copa-do-brasil-em-casa-contra-gremio\/#primaryimage\",\"url\":\"https:\/\/maringapost.com.br\/orlandogonzalez\/wp-content\/uploads\/sites\/17\/2021\/01\/copadorbrasil.jpeg\",\"contentUrl\":\"https:\/\/maringapost.com.br\/orlandogonzalez\/wp-content\/uploads\/sites\/17\/2021\/01\/copadorbrasil.jpeg\",\"width\":1170,\"height\":700},{\"@type\":\"WebSite\",\"@id\":\"https:\/\/maringapost.com.br\/orlandogonzalez\/#website\",\"url\":\"https:\/\/maringapost.com.br\/orlandogonzalez\/\",\"name\":\"Orlando Gonzalez\",\"description\":\"Destaca o esporte de Maring\u00e1! Destaca o esporte do Paran\u00e1! Destaca o esporte do Brasil!\",\"potentialAction\":[{\"@type\":\"SearchAction\",\"target\":{\"@type\":\"EntryPoint\",\"urlTemplate\":\"https:\/\/maringapost.com.br\/orlandogonzalez\/?s={search_term_string}\"},\"query-input\":\"required name=search_term_string\"}],\"inLanguage\":\"pt-BR\"},{\"@type\":\"Person\",\"@id\":\"https:\/\/maringapost.com.br\/orlandogonzalez\/#\/schema\/person\/5cbe6257d08edea6afc9ebaa613b0633\",\"name\":\"Orlando Gonzalez\",\"image\":{\"@type\":\"ImageObject\",\"inLanguage\":\"pt-BR\",\"@id\":\"https:\/\/maringapost.com.br\/orlandogonzalez\/#\/schema\/person\/image\/\",\"url\":\"https:\/\/secure.gravatar.com\/avatar\/ecef9d1c9afe5ebdafadde8369065ba5?s=96&d=mm&r=g\",\"contentUrl\":\"https:\/\/secure.gravatar.com\/avatar\/ecef9d1c9afe5ebdafadde8369065ba5?s=96&d=mm&r=g\",\"caption\":\"Orlando Gonzalez\"},\"description\":\"H\u00e1 29 anos na cobertura do esporte de Maring\u00e1. Plant\u00e3o e narrador esportivo. Presta\u00e7\u00e3o de assessoria de imprensa esportiva, cobertura e transmiss\u00f5es ao vivo de eventos esportivos. E-mail: orlandogonzalez.assessoria@gmail.com WhatsApp: (44) 9 9126-6119\",\"sameAs\":[\"http:\/\/www.radiomaringa.com.br\/\",\"https:\/\/www.facebook.com\/profile.php?id=100011095815065\",\"https:\/\/www.instagram.com\/orlandomgonzalez\/\",\"https:\/\/br.pinterest.com\/ogonzalez0530\/\",\"https:\/\/x.com\/gonzalezorlando\",\"https:\/\/www.youtube.com\/channel\/UCvFpl55btth8wjnKiSS1ibA\",\"https:\/\/radiomaringaweb.tumblr.com\/\"],\"url\":\"https:\/\/maringapost.com.br\/orlandogonzalez\/author\/orlando\/\"}]}<\/script>\n<!-- \/ Yoast SEO Premium plugin. -->","yoast_head_json":{"title":"R\u00c1DIO MARING\u00c1 - Palmeiras vai decidir Copa do Brasil em casa contra Gr\u00eamio - Orlando Gonzalez","robots":{"index":"index","follow":"follow","max-snippet":"max-snippet:-1","max-image-preview":"max-image-preview:large","max-video-preview":"max-video-preview:-1"},"canonical":"https:\/\/maringapost.com.br\/orlandogonzalez\/2021\/01\/14\/radio-maringa-palmeiras-vai-decidir-copa-do-brasil-em-casa-contra-gremio\/","og_locale":"pt_BR","og_type":"article","og_title":"R\u00c1DIO MARING\u00c1 - Palmeiras vai decidir Copa do Brasil em casa contra Gr\u00eamio","og_description":"O Palmeiras assegurou hoje (14), ap\u00f3s sorteio na\u00a0CBF,\u00a0o direito de fazer o \u00faltimo duelo da final da Copa do Brasil, contra o Gr\u00eamio, no Allianz Parque, em S\u00e3o Paulo. A defini\u00e7\u00e3o dos\u00a0mandos de campo ocorreu no final da manh\u00e3, na sede da CBF, no Rio de Janeiro.\u00a0\u00a0A partida de ida (primeiro jogo da final) ser\u00e1 [&hellip;]","og_url":"https:\/\/maringapost.com.br\/orlandogonzalez\/2021\/01\/14\/radio-maringa-palmeiras-vai-decidir-copa-do-brasil-em-casa-contra-gremio\/","og_site_name":"Orlando Gonzalez","article_author":"https:\/\/www.facebook.com\/profile.php?id=100011095815065","article_published_time":"2021-01-14T16:30:36+00:00","article_modified_time":"2021-01-14T16:30:47+00:00","og_image":[{"width":1170,"height":700,"url":"https:\/\/maringapost.com.br\/orlandogonzalez\/wp-content\/uploads\/sites\/17\/2021\/01\/copadorbrasil.jpeg","type":"image\/jpeg"}],"author":"Orlando Gonzalez","twitter_card":"summary_large_image","twitter_creator":"@gonzalezorlando","twitter_misc":{"Escrito por":false,"Est. tempo de leitura":"1 minuto"},"schema":{"@context":"https:\/\/schema.org","@graph":[{"@type":"WebPage","@id":"https:\/\/maringapost.com.br\/orlandogonzalez\/2021\/01\/14\/radio-maringa-palmeiras-vai-decidir-copa-do-brasil-em-casa-contra-gremio\/","url":"https:\/\/maringapost.com.br\/orlandogonzalez\/2021\/01\/14\/radio-maringa-palmeiras-vai-decidir-copa-do-brasil-em-casa-contra-gremio\/","name":"R\u00c1DIO MARING\u00c1 - Palmeiras vai decidir Copa do Brasil em casa contra Gr\u00eamio - Orlando Gonzalez","isPartOf":{"@id":"https:\/\/maringapost.com.br\/orlandogonzalez\/#website"},"primaryImageOfPage":{"@id":"https:\/\/maringapost.com.br\/orlandogonzalez\/2021\/01\/14\/radio-maringa-palmeiras-vai-decidir-copa-do-brasil-em-casa-contra-gremio\/#primaryimage"},"image":{"@id":"https:\/\/maringapost.com.br\/orlandogonzalez\/2021\/01\/14\/radio-maringa-palmeiras-vai-decidir-copa-do-brasil-em-casa-contra-gremio\/#primaryimage"},"thumbnailUrl":"https:\/\/maringapost.com.br\/orlandogonzalez\/wp-content\/uploads\/sites\/17\/2021\/01\/copadorbrasil.jpeg","datePublished":"2021-01-14T16:30:36+00:00","dateModified":"2021-01-14T16:30:47+00:00","author":{"@id":"https:\/\/maringapost.com.br\/orlandogonzalez\/#\/schema\/person\/5cbe6257d08edea6afc9ebaa613b0633"},"inLanguage":"pt-BR","potentialAction":[{"@type":"ReadAction","target":["https:\/\/maringapost.com.br\/orlandogonzalez\/2021\/01\/14\/radio-maringa-palmeiras-vai-decidir-copa-do-brasil-em-casa-contra-gremio\/"]}]},{"@type":"ImageObject","inLanguage":"pt-BR","@id":"https:\/\/maringapost.com.br\/orlandogonzalez\/2021\/01\/14\/radio-maringa-palmeiras-vai-decidir-copa-do-brasil-em-casa-contra-gremio\/#primaryimage","url":"https:\/\/maringapost.com.br\/orlandogonzalez\/wp-content\/uploads\/sites\/17\/2021\/01\/copadorbrasil.jpeg","contentUrl":"https:\/\/maringapost.com.br\/orlandogonzalez\/wp-content\/uploads\/sites\/17\/2021\/01\/copadorbrasil.jpeg","width":1170,"height":700},{"@type":"WebSite","@id":"https:\/\/maringapost.com.br\/orlandogonzalez\/#website","url":"https:\/\/maringapost.com.br\/orlandogonzalez\/","name":"Orlando Gonzalez","description":"Destaca o esporte de Maring\u00e1! Destaca o esporte do Paran\u00e1! Destaca o esporte do Brasil!","potentialAction":[{"@type":"SearchAction","target":{"@type":"EntryPoint","urlTemplate":"https:\/\/maringapost.com.br\/orlandogonzalez\/?s={search_term_string}"},"query-input":"required name=search_term_string"}],"inLanguage":"pt-BR"},{"@type":"Person","@id":"https:\/\/maringapost.com.br\/orlandogonzalez\/#\/schema\/person\/5cbe6257d08edea6afc9ebaa613b0633","name":"Orlando Gonzalez","image":{"@type":"ImageObject","inLanguage":"pt-BR","@id":"https:\/\/maringapost.com.br\/orlandogonzalez\/#\/schema\/person\/image\/","url":"https:\/\/secure.gravatar.com\/avatar\/ecef9d1c9afe5ebdafadde8369065ba5?s=96&d=mm&r=g","contentUrl":"https:\/\/secure.gravatar.com\/avatar\/ecef9d1c9afe5ebdafadde8369065ba5?s=96&d=mm&r=g","caption":"Orlando Gonzalez"},"description":"H\u00e1 29 anos na cobertura do esporte de Maring\u00e1. Plant\u00e3o e narrador esportivo. Presta\u00e7\u00e3o de assessoria de imprensa esportiva, cobertura e transmiss\u00f5es ao vivo de eventos esportivos. E-mail: orlandogonzalez.assessoria@gmail.com WhatsApp: (44) 9 9126-6119","sameAs":["http:\/\/www.radiomaringa.com.br\/","https:\/\/www.facebook.com\/profile.php?id=100011095815065","https:\/\/www.instagram.com\/orlandomgonzalez\/","https:\/\/br.pinterest.com\/ogonzalez0530\/","https:\/\/x.com\/gonzalezorlando","https:\/\/www.youtube.com\/channel\/UCvFpl55btth8wjnKiSS1ibA","https:\/\/radiomaringaweb.tumblr.com\/"],"url":"https:\/\/maringapost.com.br\/orlandogonzalez\/author\/orlando\/"}]}},"_links":{"self":[{"href":"https:\/\/maringapost.com.br\/orlandogonzalez\/wp-json\/wp\/v2\/posts\/42928"}],"collection":[{"href":"https:\/\/maringapost.com.br\/orlandogonzalez\/wp-json\/wp\/v2\/posts"}],"about":[{"href":"https:\/\/maringapost.com.br\/orlandogonzalez\/wp-json\/wp\/v2\/types\/post"}],"author":[{"embeddable":true,"href":"https:\/\/maringapost.com.br\/orlandogonzalez\/wp-json\/wp\/v2\/users\/6307"}],"replies":[{"embeddable":true,"href":"https:\/\/maringapost.com.br\/orlandogonzalez\/wp-json\/wp\/v2\/comments?post=42928"}],"version-history":[{"count":1,"href":"https:\/\/maringapost.com.br\/orlandogonzalez\/wp-json\/wp\/v2\/posts\/42928\/revisions"}],"predecessor-version":[{"id":42930,"href":"https:\/\/maringapost.com.br\/orlandogonzalez\/wp-json\/wp\/v2\/posts\/42928\/revisions\/42930"}],"wp:featuredmedia":[{"embeddable":true,"href":"https:\/\/maringapost.com.br\/orlandogonzalez\/wp-json\/wp\/v2\/media\/42929"}],"wp:attachment":[{"href":"https:\/\/maringapost.com.br\/orlandogonzalez\/wp-json\/wp\/v2\/media?parent=42928"}],"wp:term":[{"taxonomy":"category","embeddable":true,"href":"https:\/\/maringapost.com.br\/orlandogonzalez\/wp-json\/wp\/v2\/categories?post=42928"},{"taxonomy":"post_tag","embeddable":true,"href":"https:\/\/maringapost.com.br\/orlandogonzalez\/wp-json\/wp\/v2\/tags?post=42928"}],"curies":[{"name":"wp","href":"https:\/\/api.w.org\/{rel}","templated":true}]}}