{"id":42830,"date":"2021-01-11T06:00:35","date_gmt":"2021-01-11T09:00:35","guid":{"rendered":"http:\/\/maringapost.com.br\/orlandogonzalez\/?p=42830"},"modified":"2021-01-11T06:01:06","modified_gmt":"2021-01-11T09:01:06","slug":"radio-maringa-tenista-brasileiro-estreia-com-vitoria-no-australian-open","status":"publish","type":"post","link":"https:\/\/maringapost.com.br\/orlandogonzalez\/2021\/01\/11\/radio-maringa-tenista-brasileiro-estreia-com-vitoria-no-australian-open\/","title":{"rendered":"R\u00c1DIO MARING\u00c1 &#8211; Tenista brasileiro estreia com vit\u00f3ria no Australian Open"},"content":{"rendered":"<p style=\"line-height: inherit;color: #555555;font-family: 'Trebuchet MS', 'Lucida Grande', 'Lucida Sans Unicode', 'Lucida Sans', Tahoma, sans-serif;font-size: 16px;text-align: justify\"><span style=\"font-size: 18px\">O mineiro Jo\u00e3o Menezes est\u00e1 na segunda rodada do qualifying do Australian Open. Com uma grande virada, no domingo (10), estreou com vit\u00f3ria em Doha, no Catar, ganhando o duelo sul-americano diante do argentino Andrea Collarini, 203\u00ba no ranking mundial, e dando o primeiro passo em busca da vaga na chave principal do Grand Slam. Menezes &#8211; n\u00famero 3 do Brasil e 193 do mundo &#8211; marcou 2 sets a 1, parciais de 1\/6, 7\/6 (10-8) e 6\/3, em 2h28min, ap\u00f3s salvar tr\u00eas match-points no tie-break do segundo set. Agora, enfrenta, nesta ter\u00e7a-feira (12), pela segunda rodada, o holand\u00eas Botic Van de Zandschulp, 156 do ranking, que surprendeu e derrotou neste domingo, tamb\u00e9m de virada, o italiano Lorenzo Musetti (129), cabe\u00e7a 13, por 3\/6, 6\/1 e 6\/4<a href=\"https:\/\/radiomaringa.com.br\/\" target=\"_blank\" rel=\"noopener\">.<\/a><\/span><br style=\"line-height: inherit\" \/><br style=\"line-height: inherit\" \/><span style=\"font-size: 18px\">\u201cComecei um pouco abaixo, cometendo v\u00e1rios erros desnecess\u00e1rios. Ele jogando bolas mais altas, principalmente em cima da minha direita. Foi 6\/1 o primeiro set, mas foi um 6\/1 jogado, onde tive algumas chances, oportunidades para quebrar de volta. No segundo set, procurei me manter competitivo da melhor maneira. Ele quebrou e foi sacar 6\/5. A\u00ed, aliviou um pouquinho. E me deu a chance de ser um pouco mais agressivo&#8221;, explicou Menezes.<\/span><\/p>\n<p style=\"line-height: inherit;color: #555555;font-family: 'Trebuchet MS', 'Lucida Grande', 'Lucida Sans Unicode', 'Lucida Sans', Tahoma, sans-serif;font-size: 16px;text-align: justify\"><span style=\"font-size: 18px\">&#8220;Joguei bem, quebrei. Fomos para o tie-break no segundo set. Salvei tr\u00eas match-points e, depois disso, ainda sai atr\u00e1s no terceiro set. Da\u00ed tive uma grande rea\u00e7\u00e3o. Do 2\/0 ao 6\/3 foi meu melhor momento. Consegui jogar mais s\u00f3lido, mais firme, dar pouco espa\u00e7o para ele. E o jogo tendeu muito a meu favor&#8221;, completou.<\/span><br style=\"line-height: inherit\" \/><br style=\"line-height: inherit\" \/><span style=\"font-size: 18px\"><strong style=\"line-height: inherit\">A virada &#8211;<\/strong>\u00a0Depois de um primeiro set em que viu Collarini vencer por 6\/1, com duas quebras, em 29 minutos, Menezes foi em busca da rea\u00e7\u00e3o. Na segunda s\u00e9rie, muito equil\u00edbrio, sem breaks at\u00e9 o 11\u00ba game, quando o argentino quebrou primeiro, fazendo 6\/5, e Menezes devolveu em seguida, deixando tudo igual, 6\/6, e levando a decis\u00e3o para o tie-break. Com mais uma disputa muito equilibrada, o mineiro salvou tr\u00eas match-points para ganhar por 10-8, empatando o jogo e indo atr\u00e1s da virada.<\/span><br style=\"line-height: inherit\" \/><br style=\"line-height: inherit\" \/><span style=\"font-size: 18px\">No terceiro set, mais uma vez o argentino foi o primeiro a conseguir o break, abrindo 2\/0. Novamente, Menezes devolveu em seguida, 2\/1. E continuou em busca da rea\u00e7\u00e3o e da virada. Com um novo break, no s\u00e9timo game, passou \u00e0 frente, 4\/3, manteve seu servi\u00e7o e, com mais uma quebra, marcou 6\/3 para comemorar a vit\u00f3ria e seguir no quali.<\/span><br style=\"line-height: inherit\" \/><br style=\"line-height: inherit\" \/><span style=\"font-size: 18px\">Em fun\u00e7\u00e3o da pandemia da Covid-19, o qualifying do Australian Open deste ano n\u00e3o est\u00e1 sendo em Melbourne, na Austr\u00e1lia. Jogos, que definir\u00e3o os classificados para a chave principal do Grand Slam, ser\u00e3o realizados at\u00e9 a pr\u00f3xima quarta-feira (13) no Catar. O Australian Open est\u00e1 marcado para o per\u00edodo entre 8 e 21 de fevereiro, em Melbourne.<\/span><br style=\"line-height: inherit\" \/><br style=\"line-height: inherit\" \/><span style=\"font-size: 18px\">Desde 2018 Menezes disputa torneios do circuito Challenger, tendo conquistado seu primeiro t\u00edtulo em 2019, em Samarkand, no Uzbequist\u00e3o. No ano passado, chegou \u00e0 semifinal do Challenger de S\u00e3o Paulo (SP) e venceu a segunda etapa do Circuito BRB, em Bras\u00edlia (DF), ambos em novembro, e disputou os qualis do Australian Open e de Roland Garros \u2013 neste com uma vit\u00f3ria.\u00a0<\/span><br style=\"line-height: inherit\" \/><br style=\"line-height: inherit\" \/><span style=\"font-size: 18px\"><strong style=\"line-height: inherit\">Um pouco da carreira \u2013<\/strong>\u00a0O mineiro Jo\u00e3o Menezes, 24 anos, nascido em Uberaba, come\u00e7ou no t\u00eanis aos seis anos, influenciado pela fam\u00edlia, levado pelo pai, que jogava, a dar as primeiras raquetadas. E foi se interessando mais e mais, seguindo na carreira, como juvenil e, depois, desde 2014, como profissional.<\/span><br style=\"line-height: inherit\" \/><br style=\"line-height: inherit\" \/><span style=\"font-size: 18px\">Entrou no circuito ITF aos 16 anos, alcan\u00e7ando a 26\u00aa coloca\u00e7\u00e3o mundial entre os juvenis. Em 2014, em parceria com Rafael Matos, foi vice-campe\u00e3o da chave juvenil de duplas do US Open. Jogou tamb\u00e9m as chaves juvenis de Roland Garros e Wimbledon.\u00a0E ficou com o vice-campeonato do Banana Bowl.<\/span><br style=\"line-height: inherit\" \/><br style=\"line-height: inherit\" \/><span style=\"font-size: 18px\">Menezes t\u00eam cinco t\u00edtulos Future e a primeira conquista no circuito Challenger veio em 2019, em Samarkand, no Uzbequist\u00e3o, no m\u00eas de maio. Representou o Brasil por duas vezes em Jogos Pan-Americanos: em Toronto 2015 &#8211; oitavas de final &#8211; e em Lima 2019, voltando do Peru com a medalha de ouro e com a vaga para os Jogos Ol\u00edmpicos de T\u00f3quio.<\/span><br style=\"line-height: inherit\" \/><br style=\"line-height: inherit\" \/><span style=\"font-size: 18px\">Seu melhor ranking na carreira foi a 172\u00aa posi\u00e7\u00e3o, alcan\u00e7ada em fevereiro de 2020.<\/span><\/p>\n<p style=\"line-height: inherit;color: #555555;font-family: 'Trebuchet MS', 'Lucida Grande', 'Lucida Sans Unicode', 'Lucida Sans', Tahoma, sans-serif;font-size: 16px;text-align: justify\"><span style=\"font-size: 18px\">(Assessoria)<\/span><\/p>\n","protected":false},"excerpt":{"rendered":"<p>O mineiro Jo\u00e3o Menezes est\u00e1 na segunda rodada do qualifying do Australian Open. Com uma grande virada, no domingo (10), estreou com vit\u00f3ria em Doha, no Catar, ganhando o duelo sul-americano diante do argentino Andrea Collarini, 203\u00ba no ranking mundial, e dando o primeiro passo em busca da vaga na chave principal do Grand Slam. [&hellip;]<\/p>\n","protected":false},"author":6307,"featured_media":42831,"comment_status":"closed","ping_status":"open","sticky":false,"template":"","format":"standard","meta":{"_exactmetrics_skip_tracking":false,"_exactmetrics_sitenote_active":false,"_exactmetrics_sitenote_note":"","_exactmetrics_sitenote_category":0,"footnotes":""},"categories":[2544],"tags":[47,13870],"yoast_head":"<!-- This site is optimized with the Yoast SEO Premium plugin v22.7 (Yoast SEO v22.7) - https:\/\/yoast.com\/wordpress\/plugins\/seo\/ -->\n<title>R\u00c1DIO MARING\u00c1 - Tenista brasileiro estreia com vit\u00f3ria no Australian Open - Orlando Gonzalez<\/title>\n<meta name=\"robots\" content=\"index, follow, max-snippet:-1, max-image-preview:large, max-video-preview:-1\" \/>\n<link rel=\"canonical\" href=\"https:\/\/maringapost.com.br\/orlandogonzalez\/2021\/01\/11\/radio-maringa-tenista-brasileiro-estreia-com-vitoria-no-australian-open\/\" \/>\n<meta property=\"og:locale\" content=\"pt_BR\" \/>\n<meta property=\"og:type\" content=\"article\" \/>\n<meta property=\"og:title\" content=\"R\u00c1DIO MARING\u00c1 - Tenista brasileiro estreia com vit\u00f3ria no Australian Open\" \/>\n<meta property=\"og:description\" content=\"O mineiro Jo\u00e3o Menezes est\u00e1 na segunda rodada do qualifying do Australian Open. Com uma grande virada, no domingo (10), estreou com vit\u00f3ria em Doha, no Catar, ganhando o duelo sul-americano diante do argentino Andrea Collarini, 203\u00ba no ranking mundial, e dando o primeiro passo em busca da vaga na chave principal do Grand Slam. [&hellip;]\" \/>\n<meta property=\"og:url\" content=\"https:\/\/maringapost.com.br\/orlandogonzalez\/2021\/01\/11\/radio-maringa-tenista-brasileiro-estreia-com-vitoria-no-australian-open\/\" \/>\n<meta property=\"og:site_name\" content=\"Orlando Gonzalez\" \/>\n<meta property=\"article:author\" content=\"https:\/\/www.facebook.com\/profile.php?id=100011095815065\" \/>\n<meta property=\"article:published_time\" content=\"2021-01-11T09:00:35+00:00\" \/>\n<meta property=\"article:modified_time\" content=\"2021-01-11T09:01:06+00:00\" \/>\n<meta property=\"og:image\" content=\"https:\/\/maringapost.com.br\/orlandogonzalez\/wp-content\/uploads\/sites\/17\/2021\/01\/387963_960651_joa__771_omenezes11_web_.jpg\" \/>\n\t<meta property=\"og:image:width\" content=\"600\" \/>\n\t<meta property=\"og:image:height\" content=\"359\" \/>\n\t<meta property=\"og:image:type\" content=\"image\/jpeg\" \/>\n<meta name=\"author\" content=\"Orlando Gonzalez\" \/>\n<meta name=\"twitter:card\" content=\"summary_large_image\" \/>\n<meta name=\"twitter:creator\" content=\"@gonzalezorlando\" \/>\n<meta name=\"twitter:label1\" content=\"Escrito por\" \/>\n\t<meta name=\"twitter:data1\" content=\"\" \/>\n\t<meta name=\"twitter:label2\" content=\"Est. tempo de leitura\" \/>\n\t<meta name=\"twitter:data2\" content=\"4 minutos\" \/>\n<script type=\"application\/ld+json\" class=\"yoast-schema-graph\">{\"@context\":\"https:\/\/schema.org\",\"@graph\":[{\"@type\":\"WebPage\",\"@id\":\"https:\/\/maringapost.com.br\/orlandogonzalez\/2021\/01\/11\/radio-maringa-tenista-brasileiro-estreia-com-vitoria-no-australian-open\/\",\"url\":\"https:\/\/maringapost.com.br\/orlandogonzalez\/2021\/01\/11\/radio-maringa-tenista-brasileiro-estreia-com-vitoria-no-australian-open\/\",\"name\":\"R\u00c1DIO MARING\u00c1 - Tenista brasileiro estreia com vit\u00f3ria no Australian Open - Orlando Gonzalez\",\"isPartOf\":{\"@id\":\"https:\/\/maringapost.com.br\/orlandogonzalez\/#website\"},\"primaryImageOfPage\":{\"@id\":\"https:\/\/maringapost.com.br\/orlandogonzalez\/2021\/01\/11\/radio-maringa-tenista-brasileiro-estreia-com-vitoria-no-australian-open\/#primaryimage\"},\"image\":{\"@id\":\"https:\/\/maringapost.com.br\/orlandogonzalez\/2021\/01\/11\/radio-maringa-tenista-brasileiro-estreia-com-vitoria-no-australian-open\/#primaryimage\"},\"thumbnailUrl\":\"https:\/\/maringapost.com.br\/orlandogonzalez\/wp-content\/uploads\/sites\/17\/2021\/01\/387963_960651_joa__771_omenezes11_web_.jpg\",\"datePublished\":\"2021-01-11T09:00:35+00:00\",\"dateModified\":\"2021-01-11T09:01:06+00:00\",\"author\":{\"@id\":\"https:\/\/maringapost.com.br\/orlandogonzalez\/#\/schema\/person\/5cbe6257d08edea6afc9ebaa613b0633\"},\"inLanguage\":\"pt-BR\",\"potentialAction\":[{\"@type\":\"ReadAction\",\"target\":[\"https:\/\/maringapost.com.br\/orlandogonzalez\/2021\/01\/11\/radio-maringa-tenista-brasileiro-estreia-com-vitoria-no-australian-open\/\"]}]},{\"@type\":\"ImageObject\",\"inLanguage\":\"pt-BR\",\"@id\":\"https:\/\/maringapost.com.br\/orlandogonzalez\/2021\/01\/11\/radio-maringa-tenista-brasileiro-estreia-com-vitoria-no-australian-open\/#primaryimage\",\"url\":\"https:\/\/maringapost.com.br\/orlandogonzalez\/wp-content\/uploads\/sites\/17\/2021\/01\/387963_960651_joa__771_omenezes11_web_.jpg\",\"contentUrl\":\"https:\/\/maringapost.com.br\/orlandogonzalez\/wp-content\/uploads\/sites\/17\/2021\/01\/387963_960651_joa__771_omenezes11_web_.jpg\",\"width\":600,\"height\":359},{\"@type\":\"WebSite\",\"@id\":\"https:\/\/maringapost.com.br\/orlandogonzalez\/#website\",\"url\":\"https:\/\/maringapost.com.br\/orlandogonzalez\/\",\"name\":\"Orlando Gonzalez\",\"description\":\"Destaca o esporte de Maring\u00e1! Destaca o esporte do Paran\u00e1! Destaca o esporte do Brasil!\",\"potentialAction\":[{\"@type\":\"SearchAction\",\"target\":{\"@type\":\"EntryPoint\",\"urlTemplate\":\"https:\/\/maringapost.com.br\/orlandogonzalez\/?s={search_term_string}\"},\"query-input\":\"required name=search_term_string\"}],\"inLanguage\":\"pt-BR\"},{\"@type\":\"Person\",\"@id\":\"https:\/\/maringapost.com.br\/orlandogonzalez\/#\/schema\/person\/5cbe6257d08edea6afc9ebaa613b0633\",\"name\":\"Orlando Gonzalez\",\"image\":{\"@type\":\"ImageObject\",\"inLanguage\":\"pt-BR\",\"@id\":\"https:\/\/maringapost.com.br\/orlandogonzalez\/#\/schema\/person\/image\/\",\"url\":\"https:\/\/secure.gravatar.com\/avatar\/ecef9d1c9afe5ebdafadde8369065ba5?s=96&d=mm&r=g\",\"contentUrl\":\"https:\/\/secure.gravatar.com\/avatar\/ecef9d1c9afe5ebdafadde8369065ba5?s=96&d=mm&r=g\",\"caption\":\"Orlando Gonzalez\"},\"description\":\"H\u00e1 29 anos na cobertura do esporte de Maring\u00e1. Plant\u00e3o e narrador esportivo. Presta\u00e7\u00e3o de assessoria de imprensa esportiva, cobertura e transmiss\u00f5es ao vivo de eventos esportivos. E-mail: orlandogonzalez.assessoria@gmail.com WhatsApp: (44) 9 9126-6119\",\"sameAs\":[\"http:\/\/www.radiomaringa.com.br\/\",\"https:\/\/www.facebook.com\/profile.php?id=100011095815065\",\"https:\/\/www.instagram.com\/orlandomgonzalez\/\",\"https:\/\/br.pinterest.com\/ogonzalez0530\/\",\"https:\/\/x.com\/gonzalezorlando\",\"https:\/\/www.youtube.com\/channel\/UCvFpl55btth8wjnKiSS1ibA\",\"https:\/\/radiomaringaweb.tumblr.com\/\"],\"url\":\"https:\/\/maringapost.com.br\/orlandogonzalez\/author\/orlando\/\"}]}<\/script>\n<!-- \/ Yoast SEO Premium plugin. -->","yoast_head_json":{"title":"R\u00c1DIO MARING\u00c1 - Tenista brasileiro estreia com vit\u00f3ria no Australian Open - Orlando Gonzalez","robots":{"index":"index","follow":"follow","max-snippet":"max-snippet:-1","max-image-preview":"max-image-preview:large","max-video-preview":"max-video-preview:-1"},"canonical":"https:\/\/maringapost.com.br\/orlandogonzalez\/2021\/01\/11\/radio-maringa-tenista-brasileiro-estreia-com-vitoria-no-australian-open\/","og_locale":"pt_BR","og_type":"article","og_title":"R\u00c1DIO MARING\u00c1 - Tenista brasileiro estreia com vit\u00f3ria no Australian Open","og_description":"O mineiro Jo\u00e3o Menezes est\u00e1 na segunda rodada do qualifying do Australian Open. Com uma grande virada, no domingo (10), estreou com vit\u00f3ria em Doha, no Catar, ganhando o duelo sul-americano diante do argentino Andrea Collarini, 203\u00ba no ranking mundial, e dando o primeiro passo em busca da vaga na chave principal do Grand Slam. [&hellip;]","og_url":"https:\/\/maringapost.com.br\/orlandogonzalez\/2021\/01\/11\/radio-maringa-tenista-brasileiro-estreia-com-vitoria-no-australian-open\/","og_site_name":"Orlando Gonzalez","article_author":"https:\/\/www.facebook.com\/profile.php?id=100011095815065","article_published_time":"2021-01-11T09:00:35+00:00","article_modified_time":"2021-01-11T09:01:06+00:00","og_image":[{"width":600,"height":359,"url":"https:\/\/maringapost.com.br\/orlandogonzalez\/wp-content\/uploads\/sites\/17\/2021\/01\/387963_960651_joa__771_omenezes11_web_.jpg","type":"image\/jpeg"}],"author":"Orlando Gonzalez","twitter_card":"summary_large_image","twitter_creator":"@gonzalezorlando","twitter_misc":{"Escrito por":false,"Est. tempo de leitura":"4 minutos"},"schema":{"@context":"https:\/\/schema.org","@graph":[{"@type":"WebPage","@id":"https:\/\/maringapost.com.br\/orlandogonzalez\/2021\/01\/11\/radio-maringa-tenista-brasileiro-estreia-com-vitoria-no-australian-open\/","url":"https:\/\/maringapost.com.br\/orlandogonzalez\/2021\/01\/11\/radio-maringa-tenista-brasileiro-estreia-com-vitoria-no-australian-open\/","name":"R\u00c1DIO MARING\u00c1 - Tenista brasileiro estreia com vit\u00f3ria no Australian Open - Orlando Gonzalez","isPartOf":{"@id":"https:\/\/maringapost.com.br\/orlandogonzalez\/#website"},"primaryImageOfPage":{"@id":"https:\/\/maringapost.com.br\/orlandogonzalez\/2021\/01\/11\/radio-maringa-tenista-brasileiro-estreia-com-vitoria-no-australian-open\/#primaryimage"},"image":{"@id":"https:\/\/maringapost.com.br\/orlandogonzalez\/2021\/01\/11\/radio-maringa-tenista-brasileiro-estreia-com-vitoria-no-australian-open\/#primaryimage"},"thumbnailUrl":"https:\/\/maringapost.com.br\/orlandogonzalez\/wp-content\/uploads\/sites\/17\/2021\/01\/387963_960651_joa__771_omenezes11_web_.jpg","datePublished":"2021-01-11T09:00:35+00:00","dateModified":"2021-01-11T09:01:06+00:00","author":{"@id":"https:\/\/maringapost.com.br\/orlandogonzalez\/#\/schema\/person\/5cbe6257d08edea6afc9ebaa613b0633"},"inLanguage":"pt-BR","potentialAction":[{"@type":"ReadAction","target":["https:\/\/maringapost.com.br\/orlandogonzalez\/2021\/01\/11\/radio-maringa-tenista-brasileiro-estreia-com-vitoria-no-australian-open\/"]}]},{"@type":"ImageObject","inLanguage":"pt-BR","@id":"https:\/\/maringapost.com.br\/orlandogonzalez\/2021\/01\/11\/radio-maringa-tenista-brasileiro-estreia-com-vitoria-no-australian-open\/#primaryimage","url":"https:\/\/maringapost.com.br\/orlandogonzalez\/wp-content\/uploads\/sites\/17\/2021\/01\/387963_960651_joa__771_omenezes11_web_.jpg","contentUrl":"https:\/\/maringapost.com.br\/orlandogonzalez\/wp-content\/uploads\/sites\/17\/2021\/01\/387963_960651_joa__771_omenezes11_web_.jpg","width":600,"height":359},{"@type":"WebSite","@id":"https:\/\/maringapost.com.br\/orlandogonzalez\/#website","url":"https:\/\/maringapost.com.br\/orlandogonzalez\/","name":"Orlando Gonzalez","description":"Destaca o esporte de Maring\u00e1! Destaca o esporte do Paran\u00e1! Destaca o esporte do Brasil!","potentialAction":[{"@type":"SearchAction","target":{"@type":"EntryPoint","urlTemplate":"https:\/\/maringapost.com.br\/orlandogonzalez\/?s={search_term_string}"},"query-input":"required name=search_term_string"}],"inLanguage":"pt-BR"},{"@type":"Person","@id":"https:\/\/maringapost.com.br\/orlandogonzalez\/#\/schema\/person\/5cbe6257d08edea6afc9ebaa613b0633","name":"Orlando Gonzalez","image":{"@type":"ImageObject","inLanguage":"pt-BR","@id":"https:\/\/maringapost.com.br\/orlandogonzalez\/#\/schema\/person\/image\/","url":"https:\/\/secure.gravatar.com\/avatar\/ecef9d1c9afe5ebdafadde8369065ba5?s=96&d=mm&r=g","contentUrl":"https:\/\/secure.gravatar.com\/avatar\/ecef9d1c9afe5ebdafadde8369065ba5?s=96&d=mm&r=g","caption":"Orlando Gonzalez"},"description":"H\u00e1 29 anos na cobertura do esporte de Maring\u00e1. Plant\u00e3o e narrador esportivo. Presta\u00e7\u00e3o de assessoria de imprensa esportiva, cobertura e transmiss\u00f5es ao vivo de eventos esportivos. E-mail: orlandogonzalez.assessoria@gmail.com WhatsApp: (44) 9 9126-6119","sameAs":["http:\/\/www.radiomaringa.com.br\/","https:\/\/www.facebook.com\/profile.php?id=100011095815065","https:\/\/www.instagram.com\/orlandomgonzalez\/","https:\/\/br.pinterest.com\/ogonzalez0530\/","https:\/\/x.com\/gonzalezorlando","https:\/\/www.youtube.com\/channel\/UCvFpl55btth8wjnKiSS1ibA","https:\/\/radiomaringaweb.tumblr.com\/"],"url":"https:\/\/maringapost.com.br\/orlandogonzalez\/author\/orlando\/"}]}},"_links":{"self":[{"href":"https:\/\/maringapost.com.br\/orlandogonzalez\/wp-json\/wp\/v2\/posts\/42830"}],"collection":[{"href":"https:\/\/maringapost.com.br\/orlandogonzalez\/wp-json\/wp\/v2\/posts"}],"about":[{"href":"https:\/\/maringapost.com.br\/orlandogonzalez\/wp-json\/wp\/v2\/types\/post"}],"author":[{"embeddable":true,"href":"https:\/\/maringapost.com.br\/orlandogonzalez\/wp-json\/wp\/v2\/users\/6307"}],"replies":[{"embeddable":true,"href":"https:\/\/maringapost.com.br\/orlandogonzalez\/wp-json\/wp\/v2\/comments?post=42830"}],"version-history":[{"count":2,"href":"https:\/\/maringapost.com.br\/orlandogonzalez\/wp-json\/wp\/v2\/posts\/42830\/revisions"}],"predecessor-version":[{"id":42833,"href":"https:\/\/maringapost.com.br\/orlandogonzalez\/wp-json\/wp\/v2\/posts\/42830\/revisions\/42833"}],"wp:featuredmedia":[{"embeddable":true,"href":"https:\/\/maringapost.com.br\/orlandogonzalez\/wp-json\/wp\/v2\/media\/42831"}],"wp:attachment":[{"href":"https:\/\/maringapost.com.br\/orlandogonzalez\/wp-json\/wp\/v2\/media?parent=42830"}],"wp:term":[{"taxonomy":"category","embeddable":true,"href":"https:\/\/maringapost.com.br\/orlandogonzalez\/wp-json\/wp\/v2\/categories?post=42830"},{"taxonomy":"post_tag","embeddable":true,"href":"https:\/\/maringapost.com.br\/orlandogonzalez\/wp-json\/wp\/v2\/tags?post=42830"}],"curies":[{"name":"wp","href":"https:\/\/api.w.org\/{rel}","templated":true}]}}