{"id":42634,"date":"2021-01-05T15:54:53","date_gmt":"2021-01-05T18:54:53","guid":{"rendered":"http:\/\/maringapost.com.br\/orlandogonzalez\/?p=42634"},"modified":"2021-01-05T15:58:58","modified_gmt":"2021-01-05T18:58:58","slug":"etiene-medeiros-e-eleita-melhor-nadadora-brasileira-da-decada","status":"publish","type":"post","link":"https:\/\/maringapost.com.br\/orlandogonzalez\/2021\/01\/05\/etiene-medeiros-e-eleita-melhor-nadadora-brasileira-da-decada\/","title":{"rendered":"R\u00c1DIO MARING\u00c1 &#8211; Etiene Medeiros \u00e9 eleita melhor nadadora brasileira da d\u00e9cada"},"content":{"rendered":"<p><span style=\"color: #555555;font-family: 'Trebuchet MS', 'Lucida Grande', 'Lucida Sans Unicode', 'Lucida Sans', Tahoma, sans-serif;font-size: 18px;text-align: justify\">A pernambucana Etiene Medeiros foi escolhida a melhor nadadora da d\u00e9cada no Brasil no Trof\u00e9u Best Swimming 2020 &#8211; Melhores da D\u00e9cada. A vota\u00e7\u00e3o do Painel de Especialistas, realizada pelo site Best Swimming, elegeu os Melhores da D\u00e9cada 2011-2020 na nata\u00e7\u00e3o em 23 categorias, entre as quais, melhor nadador do Brasil \u2013 Cesar Cielo -, melhor nadador do mundo \u2013 Michael Phelps (EUA) \u2013 e melhor nadadora do mundo \u2013 Katie Ledecky (EUA). Etiene concorreu com Joana Maranh\u00e3o, duas atletas que, desde 2004, em Atenas, garantem a presen\u00e7a de nadadoras do estado nos Jogos Ol\u00edmpicos<a href=\"https:\/\/radiomaringa.com.br\/\" target=\"_blank\" rel=\"noopener\">.<\/a><\/span><br style=\"line-height: inherit;color: #555555;font-family: 'Trebuchet MS', 'Lucida Grande', 'Lucida Sans Unicode', 'Lucida Sans', Tahoma, sans-serif;font-size: 16px;text-align: justify\" \/><br style=\"line-height: inherit;color: #555555;font-family: 'Trebuchet MS', 'Lucida Grande', 'Lucida Sans Unicode', 'Lucida Sans', Tahoma, sans-serif;font-size: 16px;text-align: justify\" \/><span style=\"color: #555555;font-family: 'Trebuchet MS', 'Lucida Grande', 'Lucida Sans Unicode', 'Lucida Sans', Tahoma, sans-serif;font-size: 18px;text-align: justify\">\u201cAp\u00f3s um ano t\u00e3o dif\u00edcil, de incertezas em meio \u00e0 pandemia, com o adiamento dos Jogos de T\u00f3quio, \u00e9 muito gratificante ser eleita como a melhor nadadora do Pa\u00eds na d\u00e9cada. Agrade\u00e7o muito pela escolha, com grande motiva\u00e7\u00e3o para iniciar este novo ano\u201d, afirmou Etiene.<\/span><br style=\"line-height: inherit;color: #555555;font-family: 'Trebuchet MS', 'Lucida Grande', 'Lucida Sans Unicode', 'Lucida Sans', Tahoma, sans-serif;font-size: 16px;text-align: justify\" \/><br style=\"line-height: inherit;color: #555555;font-family: 'Trebuchet MS', 'Lucida Grande', 'Lucida Sans Unicode', 'Lucida Sans', Tahoma, sans-serif;font-size: 16px;text-align: justify\" \/><span style=\"color: #555555;font-family: 'Trebuchet MS', 'Lucida Grande', 'Lucida Sans Unicode', 'Lucida Sans', Tahoma, sans-serif;font-size: 18px;text-align: justify\">Depois de passar as festas de final de ano em Recife (PE) junto de seus pais e seu irm\u00e3o, Etiene seguir\u00e1 treinando na capital pernambucana, no Complexo Aqu\u00e1tico Santos Dumont, nesta semana. Ela retorna para S\u00e3o Paulo no domingo (10), onde retoma a rotina de treinamentos no Sesi-SP, na sede de S\u00e3o Bernardo do Campo, na regi\u00e3o metropolitana de S\u00e3o Paulo, clube que defende desde 2013.<\/span><br style=\"line-height: inherit;color: #555555;font-family: 'Trebuchet MS', 'Lucida Grande', 'Lucida Sans Unicode', 'Lucida Sans', Tahoma, sans-serif;font-size: 16px;text-align: justify\" \/><br style=\"line-height: inherit;color: #555555;font-family: 'Trebuchet MS', 'Lucida Grande', 'Lucida Sans Unicode', 'Lucida Sans', Tahoma, sans-serif;font-size: 16px;text-align: justify\" \/><span style=\"color: #555555;font-family: 'Trebuchet MS', 'Lucida Grande', 'Lucida Sans Unicode', 'Lucida Sans', Tahoma, sans-serif;font-size: 18px;text-align: justify\">Integrante do Time Pernambuco, Etiene tem treinado diariamente no Complexo Aqu\u00e1tico Santos Dumont, mantendo sua forma f\u00edsica. O local foi inaugurado neste ano e j\u00e1 recebeu atletas renomados do Pa\u00eds, por possuir uma piscina que atende aos padr\u00f5es internacionais.<\/span><br style=\"line-height: inherit;color: #555555;font-family: 'Trebuchet MS', 'Lucida Grande', 'Lucida Sans Unicode', 'Lucida Sans', Tahoma, sans-serif;font-size: 16px;text-align: justify\" \/><br style=\"line-height: inherit;color: #555555;font-family: 'Trebuchet MS', 'Lucida Grande', 'Lucida Sans Unicode', 'Lucida Sans', Tahoma, sans-serif;font-size: 16px;text-align: justify\" \/><span style=\"color: #555555;font-family: 'Trebuchet MS', 'Lucida Grande', 'Lucida Sans Unicode', 'Lucida Sans', Tahoma, sans-serif;font-size: 18px;text-align: justify\">Etiene\u00a0\u00e9 atleta do Sesi-SP e integra o programa ol\u00edmpico da Marinha do Brasil. A nadadora\u00a0tem apoio de Adidas, Nescau, Bolsa Atleta e Time Pernambuco.<\/span><br style=\"line-height: inherit;color: #555555;font-family: 'Trebuchet MS', 'Lucida Grande', 'Lucida Sans Unicode', 'Lucida Sans', Tahoma, sans-serif;font-size: 16px;text-align: justify\" \/><br style=\"line-height: inherit;color: #555555;font-family: 'Trebuchet MS', 'Lucida Grande', 'Lucida Sans Unicode', 'Lucida Sans', Tahoma, sans-serif;font-size: 16px;text-align: justify\" \/><span style=\"font-size: 18px\"><strong style=\"line-height: inherit;color: #555555;font-family: 'Trebuchet MS', 'Lucida Grande', 'Lucida Sans Unicode', 'Lucida Sans', Tahoma, sans-serif;font-size: 16px;text-align: justify\">Etiene Medeiros<\/strong><span style=\"color: #555555;font-family: 'Trebuchet MS', 'Lucida Grande', 'Lucida Sans Unicode', 'Lucida Sans', Tahoma, sans-serif;text-align: justify\">\u00a0&#8211;\u00a0Primeira brasileira a conquistar uma medalha de ouro em um Mundial de Nata\u00e7\u00e3o, Etiene est\u00e1 entre as melhores do mundo nos 50 metros costas h\u00e1 seis anos. Antes do t\u00edtulo em 2017, em Budapeste (HUN),\u00a0foi quarta colocada no Mundial em Barcelona 2013 e bronze em Kazan 2015. Ela tamb\u00e9m \u00e9 bicampe\u00e3 do mundo em piscina curta (Doha\/2014, quando bateu o recorde mundial, e Windsor\/2016), al\u00e9m da vit\u00f3ria no revezamento medley misto em 2014.\u00a0<\/span><\/span><br style=\"line-height: inherit;color: #555555;font-family: 'Trebuchet MS', 'Lucida Grande', 'Lucida Sans Unicode', 'Lucida Sans', Tahoma, sans-serif;font-size: 16px;text-align: justify\" \/><br style=\"line-height: inherit;color: #555555;font-family: 'Trebuchet MS', 'Lucida Grande', 'Lucida Sans Unicode', 'Lucida Sans', Tahoma, sans-serif;font-size: 16px;text-align: justify\" \/><span style=\"color: #555555;font-family: 'Trebuchet MS', 'Lucida Grande', 'Lucida Sans Unicode', 'Lucida Sans', Tahoma, sans-serif;font-size: 18px;text-align: justify\">Em 2019 acrescentou mais uma medalha em Mundiais, a prata nos 50 m costas. \u00danica brasileira bicampe\u00e3 pan-americana de nata\u00e7\u00e3o &#8211; ganhou ouro nos 100 m costas em Toronto, em 2015, e nos 50 m livre em Lima, em 2019 -, Etiene soma nove medalhas no Pan, sendo quatro no Canad\u00e1 e cinco no Peru.<\/span><br style=\"line-height: inherit;color: #555555;font-family: 'Trebuchet MS', 'Lucida Grande', 'Lucida Sans Unicode', 'Lucida Sans', Tahoma, sans-serif;font-size: 16px;text-align: justify\" \/><br style=\"line-height: inherit;color: #555555;font-family: 'Trebuchet MS', 'Lucida Grande', 'Lucida Sans Unicode', 'Lucida Sans', Tahoma, sans-serif;font-size: 16px;text-align: justify\" \/><span style=\"font-size: 18px\"><strong style=\"line-height: inherit;color: #555555;font-family: 'Trebuchet MS', 'Lucida Grande', 'Lucida Sans Unicode', 'Lucida Sans', Tahoma, sans-serif;font-size: 16px;text-align: justify\">Mais informa\u00e7\u00f5es &#8211; Etiene Medeiros:<\/strong><\/span><br style=\"line-height: inherit;color: #555555;font-family: 'Trebuchet MS', 'Lucida Grande', 'Lucida Sans Unicode', 'Lucida Sans', Tahoma, sans-serif;font-size: 16px;text-align: justify\" \/><span style=\"font-size: 18px\"><strong style=\"line-height: inherit;color: #555555;font-family: 'Trebuchet MS', 'Lucida Grande', 'Lucida Sans Unicode', 'Lucida Sans', Tahoma, sans-serif;font-size: 16px;text-align: justify\">Instagram:\u00a0<a style=\"line-height: inherit;color: #1155cc\" href=\"https:\/\/click.presskit.com.br\/url\/781319a83e\/6361139f815\" target=\"_blank\" rel=\"noopener noreferrer\" data-saferedirecturl=\"https:\/\/www.google.com\/url?q=https:\/\/click.presskit.com.br\/url\/781319a83e\/6361139f815&amp;source=gmail&amp;ust=1609958350538000&amp;usg=AFQjCNFwcFGpFHrujKcFJYCJ7dRUMNb6zQ\">http:\/\/www.instagram.com\/etimedeiros<\/a><\/strong><\/span><br style=\"line-height: inherit;color: #555555;font-family: 'Trebuchet MS', 'Lucida Grande', 'Lucida Sans Unicode', 'Lucida Sans', Tahoma, sans-serif;font-size: 16px;text-align: justify\" \/><span style=\"font-size: 18px\"><strong style=\"line-height: inherit;color: #555555;font-family: 'Trebuchet MS', 'Lucida Grande', 'Lucida Sans Unicode', 'Lucida Sans', Tahoma, sans-serif;font-size: 16px;text-align: justify\">Facebook:\u00a0<a style=\"line-height: inherit;color: #1155cc\" href=\"https:\/\/click.presskit.com.br\/url\/781320825c\/6361139f815\" target=\"_blank\" rel=\"noopener noreferrer\" data-saferedirecturl=\"https:\/\/www.google.com\/url?q=https:\/\/click.presskit.com.br\/url\/781320825c\/6361139f815&amp;source=gmail&amp;ust=1609958350539000&amp;usg=AFQjCNEV1BMAiAjwi-WgP88LXnxWBzU16Q\">http:\/\/.www.facebook.com\/etienemedeirosoficial<\/a><\/strong><\/span><br style=\"line-height: inherit;color: #555555;font-family: 'Trebuchet MS', 'Lucida Grande', 'Lucida Sans Unicode', 'Lucida Sans', Tahoma, sans-serif;font-size: 16px;text-align: justify\" \/><span style=\"font-size: 18px\"><strong style=\"line-height: inherit;color: #555555;font-family: 'Trebuchet MS', 'Lucida Grande', 'Lucida Sans Unicode', 'Lucida Sans', Tahoma, sans-serif;font-size: 16px;text-align: justify\">Twitter:\u00a0<a style=\"line-height: inherit;color: #1155cc\" href=\"https:\/\/click.presskit.com.br\/url\/781321f387\/6361139f815\" target=\"_blank\" rel=\"noopener noreferrer\" data-saferedirecturl=\"https:\/\/www.google.com\/url?q=https:\/\/click.presskit.com.br\/url\/781321f387\/6361139f815&amp;source=gmail&amp;ust=1609958350539000&amp;usg=AFQjCNEze0am6ESvSzSzFhDM-1ST-2P6CQ\">www.twitter.com\/etiene_medeiros<\/a><\/strong><\/span><br style=\"line-height: inherit;color: #555555;font-family: 'Trebuchet MS', 'Lucida Grande', 'Lucida Sans Unicode', 'Lucida Sans', Tahoma, sans-serif;font-size: 16px;text-align: justify\" \/><span style=\"font-size: 18px\"><strong style=\"line-height: inherit;color: #555555;font-family: 'Trebuchet MS', 'Lucida Grande', 'Lucida Sans Unicode', 'Lucida Sans', Tahoma, sans-serif;font-size: 16px;text-align: justify\">Youtube:\u00a0<a style=\"line-height: inherit;color: #1155cc\" href=\"https:\/\/click.presskit.com.br\/url\/781322e5f9\/6361139f815\" target=\"_blank\" rel=\"noopener noreferrer\" data-saferedirecturl=\"https:\/\/www.google.com\/url?q=https:\/\/click.presskit.com.br\/url\/781322e5f9\/6361139f815&amp;source=gmail&amp;ust=1609958350539000&amp;usg=AFQjCNE7q1PgCvqAls5cZGVreHgHGlnWrA\">http:\/\/youtube.etienemedeiros.com<\/a><\/strong><\/span><br style=\"line-height: inherit;color: #555555;font-family: 'Trebuchet MS', 'Lucida Grande', 'Lucida Sans Unicode', 'Lucida Sans', Tahoma, sans-serif;font-size: 16px;text-align: justify\" \/><span style=\"font-size: 18px\"><strong style=\"line-height: inherit;color: #555555;font-family: 'Trebuchet MS', 'Lucida Grande', 'Lucida Sans Unicode', 'Lucida Sans', Tahoma, sans-serif;font-size: 16px;text-align: justify\">Flickr:\u00a0<a style=\"line-height: inherit;color: #1155cc\" href=\"https:\/\/click.presskit.com.br\/url\/7813238295\/6361139f815\" target=\"_blank\" rel=\"noopener noreferrer\" data-saferedirecturl=\"https:\/\/www.google.com\/url?q=https:\/\/click.presskit.com.br\/url\/7813238295\/6361139f815&amp;source=gmail&amp;ust=1609958350539000&amp;usg=AFQjCNEa2salbXUO9pdT9h5fIsFzui3ayw\">http:\/\/fotos.etienemedeiros.com<\/a><\/strong><\/span><br style=\"line-height: inherit;color: #555555;font-family: 'Trebuchet MS', 'Lucida Grande', 'Lucida Sans Unicode', 'Lucida Sans', Tahoma, sans-serif;font-size: 16px;text-align: justify\" \/><span style=\"font-size: 18px\"><strong style=\"line-height: inherit;color: #555555;font-family: 'Trebuchet MS', 'Lucida Grande', 'Lucida Sans Unicode', 'Lucida Sans', Tahoma, sans-serif;font-size: 16px;text-align: justify\">Site:\u00a0<a style=\"line-height: inherit;color: #1155cc\" href=\"https:\/\/click.presskit.com.br\/url\/781317d029\/6361139f815\" target=\"_blank\" rel=\"noopener noreferrer\" data-saferedirecturl=\"https:\/\/www.google.com\/url?q=https:\/\/click.presskit.com.br\/url\/781317d029\/6361139f815&amp;source=gmail&amp;ust=1609958350539000&amp;usg=AFQjCNE2fQIPMiC_idF8dSN8Mndk1bVuiA\">www.etienemedeiros.com\u00a0<\/a><\/strong><\/span><\/p>\n<p><span style=\"font-size: 18px\">(Assessoria)<\/span><\/p>\n","protected":false},"excerpt":{"rendered":"<p>A pernambucana Etiene Medeiros foi escolhida a melhor nadadora da d\u00e9cada no Brasil no Trof\u00e9u Best Swimming 2020 &#8211; Melhores da D\u00e9cada. A vota\u00e7\u00e3o do Painel de Especialistas, realizada pelo site Best Swimming, elegeu os Melhores da D\u00e9cada 2011-2020 na nata\u00e7\u00e3o em 23 categorias, entre as quais, melhor nadador do Brasil \u2013 Cesar Cielo -, [&hellip;]<\/p>\n","protected":false},"author":6307,"featured_media":42635,"comment_status":"closed","ping_status":"open","sticky":false,"template":"","format":"standard","meta":{"_exactmetrics_skip_tracking":false,"_exactmetrics_sitenote_active":false,"_exactmetrics_sitenote_note":"","_exactmetrics_sitenote_category":0,"footnotes":""},"categories":[1052],"tags":[7334,47],"yoast_head":"<!-- This site is optimized with the Yoast SEO Premium plugin v22.7 (Yoast SEO v22.7) - https:\/\/yoast.com\/wordpress\/plugins\/seo\/ -->\n<title>R\u00c1DIO MARING\u00c1 - Etiene Medeiros \u00e9 eleita melhor nadadora brasileira da d\u00e9cada - Orlando Gonzalez<\/title>\n<meta name=\"robots\" content=\"index, follow, max-snippet:-1, max-image-preview:large, max-video-preview:-1\" \/>\n<link rel=\"canonical\" href=\"https:\/\/maringapost.com.br\/orlandogonzalez\/2021\/01\/05\/etiene-medeiros-e-eleita-melhor-nadadora-brasileira-da-decada\/\" \/>\n<meta property=\"og:locale\" content=\"pt_BR\" \/>\n<meta property=\"og:type\" content=\"article\" \/>\n<meta property=\"og:title\" content=\"R\u00c1DIO MARING\u00c1 - Etiene Medeiros \u00e9 eleita melhor nadadora brasileira da d\u00e9cada\" \/>\n<meta property=\"og:description\" content=\"A pernambucana Etiene Medeiros foi escolhida a melhor nadadora da d\u00e9cada no Brasil no Trof\u00e9u Best Swimming 2020 &#8211; Melhores da D\u00e9cada. A vota\u00e7\u00e3o do Painel de Especialistas, realizada pelo site Best Swimming, elegeu os Melhores da D\u00e9cada 2011-2020 na nata\u00e7\u00e3o em 23 categorias, entre as quais, melhor nadador do Brasil \u2013 Cesar Cielo -, [&hellip;]\" \/>\n<meta property=\"og:url\" content=\"https:\/\/maringapost.com.br\/orlandogonzalez\/2021\/01\/05\/etiene-medeiros-e-eleita-melhor-nadadora-brasileira-da-decada\/\" \/>\n<meta property=\"og:site_name\" content=\"Orlando Gonzalez\" \/>\n<meta property=\"article:author\" content=\"https:\/\/www.facebook.com\/profile.php?id=100011095815065\" \/>\n<meta property=\"article:published_time\" content=\"2021-01-05T18:54:53+00:00\" \/>\n<meta property=\"article:modified_time\" content=\"2021-01-05T18:58:58+00:00\" \/>\n<meta property=\"og:image\" content=\"https:\/\/maringapost.com.br\/orlandogonzalez\/wp-content\/uploads\/sites\/17\/2021\/01\/387854_960401_384279_949943__gmb3661.jpg\" \/>\n\t<meta property=\"og:image:width\" content=\"1280\" \/>\n\t<meta property=\"og:image:height\" content=\"1024\" \/>\n\t<meta property=\"og:image:type\" content=\"image\/jpeg\" \/>\n<meta name=\"author\" content=\"Orlando Gonzalez\" \/>\n<meta name=\"twitter:card\" content=\"summary_large_image\" \/>\n<meta name=\"twitter:creator\" content=\"@gonzalezorlando\" \/>\n<meta name=\"twitter:label1\" content=\"Escrito por\" \/>\n\t<meta name=\"twitter:data1\" content=\"\" \/>\n\t<meta name=\"twitter:label2\" content=\"Est. tempo de leitura\" \/>\n\t<meta name=\"twitter:data2\" content=\"2 minutos\" \/>\n<script type=\"application\/ld+json\" class=\"yoast-schema-graph\">{\"@context\":\"https:\/\/schema.org\",\"@graph\":[{\"@type\":\"WebPage\",\"@id\":\"https:\/\/maringapost.com.br\/orlandogonzalez\/2021\/01\/05\/etiene-medeiros-e-eleita-melhor-nadadora-brasileira-da-decada\/\",\"url\":\"https:\/\/maringapost.com.br\/orlandogonzalez\/2021\/01\/05\/etiene-medeiros-e-eleita-melhor-nadadora-brasileira-da-decada\/\",\"name\":\"R\u00c1DIO MARING\u00c1 - Etiene Medeiros \u00e9 eleita melhor nadadora brasileira da d\u00e9cada - Orlando Gonzalez\",\"isPartOf\":{\"@id\":\"https:\/\/maringapost.com.br\/orlandogonzalez\/#website\"},\"primaryImageOfPage\":{\"@id\":\"https:\/\/maringapost.com.br\/orlandogonzalez\/2021\/01\/05\/etiene-medeiros-e-eleita-melhor-nadadora-brasileira-da-decada\/#primaryimage\"},\"image\":{\"@id\":\"https:\/\/maringapost.com.br\/orlandogonzalez\/2021\/01\/05\/etiene-medeiros-e-eleita-melhor-nadadora-brasileira-da-decada\/#primaryimage\"},\"thumbnailUrl\":\"https:\/\/maringapost.com.br\/orlandogonzalez\/wp-content\/uploads\/sites\/17\/2021\/01\/387854_960401_384279_949943__gmb3661.jpg\",\"datePublished\":\"2021-01-05T18:54:53+00:00\",\"dateModified\":\"2021-01-05T18:58:58+00:00\",\"author\":{\"@id\":\"https:\/\/maringapost.com.br\/orlandogonzalez\/#\/schema\/person\/5cbe6257d08edea6afc9ebaa613b0633\"},\"inLanguage\":\"pt-BR\",\"potentialAction\":[{\"@type\":\"ReadAction\",\"target\":[\"https:\/\/maringapost.com.br\/orlandogonzalez\/2021\/01\/05\/etiene-medeiros-e-eleita-melhor-nadadora-brasileira-da-decada\/\"]}]},{\"@type\":\"ImageObject\",\"inLanguage\":\"pt-BR\",\"@id\":\"https:\/\/maringapost.com.br\/orlandogonzalez\/2021\/01\/05\/etiene-medeiros-e-eleita-melhor-nadadora-brasileira-da-decada\/#primaryimage\",\"url\":\"https:\/\/maringapost.com.br\/orlandogonzalez\/wp-content\/uploads\/sites\/17\/2021\/01\/387854_960401_384279_949943__gmb3661.jpg\",\"contentUrl\":\"https:\/\/maringapost.com.br\/orlandogonzalez\/wp-content\/uploads\/sites\/17\/2021\/01\/387854_960401_384279_949943__gmb3661.jpg\",\"width\":1280,\"height\":1024},{\"@type\":\"WebSite\",\"@id\":\"https:\/\/maringapost.com.br\/orlandogonzalez\/#website\",\"url\":\"https:\/\/maringapost.com.br\/orlandogonzalez\/\",\"name\":\"Orlando Gonzalez\",\"description\":\"Destaca o esporte de Maring\u00e1! Destaca o esporte do Paran\u00e1! Destaca o esporte do Brasil!\",\"potentialAction\":[{\"@type\":\"SearchAction\",\"target\":{\"@type\":\"EntryPoint\",\"urlTemplate\":\"https:\/\/maringapost.com.br\/orlandogonzalez\/?s={search_term_string}\"},\"query-input\":\"required name=search_term_string\"}],\"inLanguage\":\"pt-BR\"},{\"@type\":\"Person\",\"@id\":\"https:\/\/maringapost.com.br\/orlandogonzalez\/#\/schema\/person\/5cbe6257d08edea6afc9ebaa613b0633\",\"name\":\"Orlando Gonzalez\",\"image\":{\"@type\":\"ImageObject\",\"inLanguage\":\"pt-BR\",\"@id\":\"https:\/\/maringapost.com.br\/orlandogonzalez\/#\/schema\/person\/image\/\",\"url\":\"https:\/\/secure.gravatar.com\/avatar\/ecef9d1c9afe5ebdafadde8369065ba5?s=96&d=mm&r=g\",\"contentUrl\":\"https:\/\/secure.gravatar.com\/avatar\/ecef9d1c9afe5ebdafadde8369065ba5?s=96&d=mm&r=g\",\"caption\":\"Orlando Gonzalez\"},\"description\":\"H\u00e1 29 anos na cobertura do esporte de Maring\u00e1. Plant\u00e3o e narrador esportivo. Presta\u00e7\u00e3o de assessoria de imprensa esportiva, cobertura e transmiss\u00f5es ao vivo de eventos esportivos. E-mail: orlandogonzalez.assessoria@gmail.com WhatsApp: (44) 9 9126-6119\",\"sameAs\":[\"http:\/\/www.radiomaringa.com.br\/\",\"https:\/\/www.facebook.com\/profile.php?id=100011095815065\",\"https:\/\/www.instagram.com\/orlandomgonzalez\/\",\"https:\/\/br.pinterest.com\/ogonzalez0530\/\",\"https:\/\/x.com\/gonzalezorlando\",\"https:\/\/www.youtube.com\/channel\/UCvFpl55btth8wjnKiSS1ibA\",\"https:\/\/radiomaringaweb.tumblr.com\/\"],\"url\":\"https:\/\/maringapost.com.br\/orlandogonzalez\/author\/orlando\/\"}]}<\/script>\n<!-- \/ Yoast SEO Premium plugin. -->","yoast_head_json":{"title":"R\u00c1DIO MARING\u00c1 - Etiene Medeiros \u00e9 eleita melhor nadadora brasileira da d\u00e9cada - Orlando Gonzalez","robots":{"index":"index","follow":"follow","max-snippet":"max-snippet:-1","max-image-preview":"max-image-preview:large","max-video-preview":"max-video-preview:-1"},"canonical":"https:\/\/maringapost.com.br\/orlandogonzalez\/2021\/01\/05\/etiene-medeiros-e-eleita-melhor-nadadora-brasileira-da-decada\/","og_locale":"pt_BR","og_type":"article","og_title":"R\u00c1DIO MARING\u00c1 - Etiene Medeiros \u00e9 eleita melhor nadadora brasileira da d\u00e9cada","og_description":"A pernambucana Etiene Medeiros foi escolhida a melhor nadadora da d\u00e9cada no Brasil no Trof\u00e9u Best Swimming 2020 &#8211; Melhores da D\u00e9cada. A vota\u00e7\u00e3o do Painel de Especialistas, realizada pelo site Best Swimming, elegeu os Melhores da D\u00e9cada 2011-2020 na nata\u00e7\u00e3o em 23 categorias, entre as quais, melhor nadador do Brasil \u2013 Cesar Cielo -, [&hellip;]","og_url":"https:\/\/maringapost.com.br\/orlandogonzalez\/2021\/01\/05\/etiene-medeiros-e-eleita-melhor-nadadora-brasileira-da-decada\/","og_site_name":"Orlando Gonzalez","article_author":"https:\/\/www.facebook.com\/profile.php?id=100011095815065","article_published_time":"2021-01-05T18:54:53+00:00","article_modified_time":"2021-01-05T18:58:58+00:00","og_image":[{"width":1280,"height":1024,"url":"https:\/\/maringapost.com.br\/orlandogonzalez\/wp-content\/uploads\/sites\/17\/2021\/01\/387854_960401_384279_949943__gmb3661.jpg","type":"image\/jpeg"}],"author":"Orlando Gonzalez","twitter_card":"summary_large_image","twitter_creator":"@gonzalezorlando","twitter_misc":{"Escrito por":false,"Est. tempo de leitura":"2 minutos"},"schema":{"@context":"https:\/\/schema.org","@graph":[{"@type":"WebPage","@id":"https:\/\/maringapost.com.br\/orlandogonzalez\/2021\/01\/05\/etiene-medeiros-e-eleita-melhor-nadadora-brasileira-da-decada\/","url":"https:\/\/maringapost.com.br\/orlandogonzalez\/2021\/01\/05\/etiene-medeiros-e-eleita-melhor-nadadora-brasileira-da-decada\/","name":"R\u00c1DIO MARING\u00c1 - Etiene Medeiros \u00e9 eleita melhor nadadora brasileira da d\u00e9cada - Orlando Gonzalez","isPartOf":{"@id":"https:\/\/maringapost.com.br\/orlandogonzalez\/#website"},"primaryImageOfPage":{"@id":"https:\/\/maringapost.com.br\/orlandogonzalez\/2021\/01\/05\/etiene-medeiros-e-eleita-melhor-nadadora-brasileira-da-decada\/#primaryimage"},"image":{"@id":"https:\/\/maringapost.com.br\/orlandogonzalez\/2021\/01\/05\/etiene-medeiros-e-eleita-melhor-nadadora-brasileira-da-decada\/#primaryimage"},"thumbnailUrl":"https:\/\/maringapost.com.br\/orlandogonzalez\/wp-content\/uploads\/sites\/17\/2021\/01\/387854_960401_384279_949943__gmb3661.jpg","datePublished":"2021-01-05T18:54:53+00:00","dateModified":"2021-01-05T18:58:58+00:00","author":{"@id":"https:\/\/maringapost.com.br\/orlandogonzalez\/#\/schema\/person\/5cbe6257d08edea6afc9ebaa613b0633"},"inLanguage":"pt-BR","potentialAction":[{"@type":"ReadAction","target":["https:\/\/maringapost.com.br\/orlandogonzalez\/2021\/01\/05\/etiene-medeiros-e-eleita-melhor-nadadora-brasileira-da-decada\/"]}]},{"@type":"ImageObject","inLanguage":"pt-BR","@id":"https:\/\/maringapost.com.br\/orlandogonzalez\/2021\/01\/05\/etiene-medeiros-e-eleita-melhor-nadadora-brasileira-da-decada\/#primaryimage","url":"https:\/\/maringapost.com.br\/orlandogonzalez\/wp-content\/uploads\/sites\/17\/2021\/01\/387854_960401_384279_949943__gmb3661.jpg","contentUrl":"https:\/\/maringapost.com.br\/orlandogonzalez\/wp-content\/uploads\/sites\/17\/2021\/01\/387854_960401_384279_949943__gmb3661.jpg","width":1280,"height":1024},{"@type":"WebSite","@id":"https:\/\/maringapost.com.br\/orlandogonzalez\/#website","url":"https:\/\/maringapost.com.br\/orlandogonzalez\/","name":"Orlando Gonzalez","description":"Destaca o esporte de Maring\u00e1! Destaca o esporte do Paran\u00e1! Destaca o esporte do Brasil!","potentialAction":[{"@type":"SearchAction","target":{"@type":"EntryPoint","urlTemplate":"https:\/\/maringapost.com.br\/orlandogonzalez\/?s={search_term_string}"},"query-input":"required name=search_term_string"}],"inLanguage":"pt-BR"},{"@type":"Person","@id":"https:\/\/maringapost.com.br\/orlandogonzalez\/#\/schema\/person\/5cbe6257d08edea6afc9ebaa613b0633","name":"Orlando Gonzalez","image":{"@type":"ImageObject","inLanguage":"pt-BR","@id":"https:\/\/maringapost.com.br\/orlandogonzalez\/#\/schema\/person\/image\/","url":"https:\/\/secure.gravatar.com\/avatar\/ecef9d1c9afe5ebdafadde8369065ba5?s=96&d=mm&r=g","contentUrl":"https:\/\/secure.gravatar.com\/avatar\/ecef9d1c9afe5ebdafadde8369065ba5?s=96&d=mm&r=g","caption":"Orlando Gonzalez"},"description":"H\u00e1 29 anos na cobertura do esporte de Maring\u00e1. Plant\u00e3o e narrador esportivo. Presta\u00e7\u00e3o de assessoria de imprensa esportiva, cobertura e transmiss\u00f5es ao vivo de eventos esportivos. E-mail: orlandogonzalez.assessoria@gmail.com WhatsApp: (44) 9 9126-6119","sameAs":["http:\/\/www.radiomaringa.com.br\/","https:\/\/www.facebook.com\/profile.php?id=100011095815065","https:\/\/www.instagram.com\/orlandomgonzalez\/","https:\/\/br.pinterest.com\/ogonzalez0530\/","https:\/\/x.com\/gonzalezorlando","https:\/\/www.youtube.com\/channel\/UCvFpl55btth8wjnKiSS1ibA","https:\/\/radiomaringaweb.tumblr.com\/"],"url":"https:\/\/maringapost.com.br\/orlandogonzalez\/author\/orlando\/"}]}},"_links":{"self":[{"href":"https:\/\/maringapost.com.br\/orlandogonzalez\/wp-json\/wp\/v2\/posts\/42634"}],"collection":[{"href":"https:\/\/maringapost.com.br\/orlandogonzalez\/wp-json\/wp\/v2\/posts"}],"about":[{"href":"https:\/\/maringapost.com.br\/orlandogonzalez\/wp-json\/wp\/v2\/types\/post"}],"author":[{"embeddable":true,"href":"https:\/\/maringapost.com.br\/orlandogonzalez\/wp-json\/wp\/v2\/users\/6307"}],"replies":[{"embeddable":true,"href":"https:\/\/maringapost.com.br\/orlandogonzalez\/wp-json\/wp\/v2\/comments?post=42634"}],"version-history":[{"count":3,"href":"https:\/\/maringapost.com.br\/orlandogonzalez\/wp-json\/wp\/v2\/posts\/42634\/revisions"}],"predecessor-version":[{"id":42638,"href":"https:\/\/maringapost.com.br\/orlandogonzalez\/wp-json\/wp\/v2\/posts\/42634\/revisions\/42638"}],"wp:featuredmedia":[{"embeddable":true,"href":"https:\/\/maringapost.com.br\/orlandogonzalez\/wp-json\/wp\/v2\/media\/42635"}],"wp:attachment":[{"href":"https:\/\/maringapost.com.br\/orlandogonzalez\/wp-json\/wp\/v2\/media?parent=42634"}],"wp:term":[{"taxonomy":"category","embeddable":true,"href":"https:\/\/maringapost.com.br\/orlandogonzalez\/wp-json\/wp\/v2\/categories?post=42634"},{"taxonomy":"post_tag","embeddable":true,"href":"https:\/\/maringapost.com.br\/orlandogonzalez\/wp-json\/wp\/v2\/tags?post=42634"}],"curies":[{"name":"wp","href":"https:\/\/api.w.org\/{rel}","templated":true}]}}