{"id":42414,"date":"2020-12-22T14:54:33","date_gmt":"2020-12-22T17:54:33","guid":{"rendered":"http:\/\/maringapost.com.br\/orlandogonzalez\/?p=42414"},"modified":"2020-12-22T14:54:53","modified_gmt":"2020-12-22T17:54:53","slug":"radio-maringa-joao-gomes-jr-lamenta-a-temporada-atipica-mas-mantem-seu-foco-em-toquio","status":"publish","type":"post","link":"https:\/\/maringapost.com.br\/orlandogonzalez\/2020\/12\/22\/radio-maringa-joao-gomes-jr-lamenta-a-temporada-atipica-mas-mantem-seu-foco-em-toquio\/","title":{"rendered":"R\u00c1DIO MARING\u00c1 &#8211; Jo\u00e3o Gomes Jr. lamenta a temporada at\u00edpica mas mant\u00e9m seu foco em T\u00f3quio"},"content":{"rendered":"<p>Quem come\u00e7ou o ano visando uma vaga nos Jogos Ol\u00edmpicos de T\u00f3quio, caso do nadador capixaba Jo\u00e3o Gomes Jr., n\u00e3o imaginaria um desfecho t\u00e3o diferente como est\u00e1 sendo no fim de 2020. A pandemia do coronav\u00edrus, decretada\u00a0em 11 de mar\u00e7o, for\u00e7ou ele e tantos outros esportistas a alterarem seu planejamento. No caso de Jo\u00e3o, fez com que o atleta encerrasse o ano com apenas uma competi\u00e7\u00e3o disputada, a Copa Heller International, em Quer\u00e9taro, no M\u00e9xico, em fevereiro<a href=\"https:\/\/radiomaringa.com.br\/\" target=\"_blank\" rel=\"noopener noreferrer\">.\u00a0<\/a><\/p>\n<p>&#8220;O ano de 2020 foi completamente at\u00edpico. Comecei com cabe\u00e7a e treinamentos voltados pra as Olimp\u00edadas. Em pouco mais de tr\u00eas meses, todos os planos tiveram que ser refeitos. L\u00e1 no in\u00edcio eu encarei as primeiras semanas como um pequeno descanso. Achei que rapidamente voltar\u00edamos aos treinos, ao acreditar que T\u00f3quio 2020 ainda seria neste ano. Com o passar do tempo e as restri\u00e7\u00f5es da quarentena, percebemos que n\u00e3o aconteceria o evento nesta temporada&#8221;, relembrou Jo\u00e3o Gomes Jr.<\/p>\n<p>Em seguida, ainda em mar\u00e7o, os Jogos Ol\u00edmpicos de T\u00f3quio foram adiados para 2021, em uma decis\u00e3o in\u00e9dita na hist\u00f3ria do maior evento esportivo do mundo.\u00a0&#8220;Recebi a not\u00edcia do adiamento com um pouco de frustra\u00e7\u00e3o, como aconteceria com qualquer atleta. Mas, sempre pensando na sa\u00fade e bem-estar de todos. Em comum acordo com o clube, seguimos os procedimentos necess\u00e1rios&#8221;, comentou o nadador do Pinheiros, que\u00a0\u00e9\u00a0tamb\u00e9m integrante do programa ol\u00edmpico da Marinha do Brasil, al\u00e9m de\u00a0contar com os apoios de Bolsa Atleta, DUX Nutrition e Maxrecovery.<\/p>\n<p><strong>Miss\u00e3o Europa<\/strong>\u00a0&#8211; Meses depois, em parceria do COB (Comit\u00ea Ol\u00edmpico Brasileiro) com as diversas confedera\u00e7\u00f5es nacionais, foi a vez da realiza\u00e7\u00e3o da Miss\u00e3o Europa, um interc\u00e2mbio dos atletas de alta performance no pa\u00eds Europeu. &#8220;A ida para Portugal, para mim, foi um retorno \u00e0s atividades no processo de ter um dia a dia com maior comprometimento&#8221;, contou.<\/p>\n<p>&#8220;Em casa eu treinava, mas n\u00e3o com tanta pegada, por estar sozinho. Viajar para a Miss\u00e3o Europa foi uma chance boa para voltar a treinar e logo em seguida, retornar as atividades antes de viajar acabei testando positivo para covid-19, mas deu tudo certo e consegui ir num segundo trupo e treinar l\u00e1 em Portugal. L\u00e1 foi perfeito. Tr\u00eas semanas de treinos intensas e \u00e1rduas, em nenhum momento eu pedia descanso. Queria voltar o mais r\u00e1pido poss\u00edvel, sempre trabalhado com todo estafe&#8221;, completou.<\/p>\n<p><strong>Trof\u00e9u Brasil<\/strong>\u00a0-O Trof\u00e9u Brasil &#8211; Campeonato Brasileiro de Nata\u00e7\u00e3o, realizado na primeira quinzena de dezembro, no Rio de Janeiro, seria o principal compromisso para Jo\u00e3o Gomes Jr. No entanto, em uma decis\u00e3o conjunta tomada por atletas e comiss\u00e3o t\u00e9cnica do Pinheiros, optou-se por n\u00e3o participar do evento, em um momento em que o Pa\u00eds come\u00e7ava a viver uma segunda onda de coronav\u00edrus.<\/p>\n<p>&#8220;Sempre deixei bem claro no clube que eu iria e gostaria de ir competir no Trof\u00e9u Brasil, sempre com o m\u00e1ximo de cautela e respeitando todos os procedimentos de seguran\u00e7a necess\u00e1rios. Entretanto, se o clube\u00a0decidisse\u00a0em n\u00e3o ir, eu estaria junto com a maioria. Entendi e concordei com a decis\u00e3o, por querer o bem-estar dos atletas&#8221;, disse. &#8220;Fiz minha tomada de tempo no clube e vi que, l\u00f3gico, a pandemia atrapalhou um pouco, mas continuamos no caminho certo para as Olimp\u00edadas&#8221;, finaliza.<\/p>\n<p><strong>Planejamento para 2021<\/strong>\u00a0&#8211; Para o nadador, a grande meta segue sendo representar o Brasil em T\u00f3quio-2020, marcada para julho do ano que vem. &#8220;Vamos seguir o plano que j\u00e1 estava tra\u00e7ado anterior a ser declarada a pandemia. Na verdade, s\u00f3 demos uma pausa nele, sempre pensando nos Jogos Ol\u00edmpicos. Tenho duas semanas de descanso, para voltar em janeiro com for\u00e7a e foco total&#8221;, avaliou.<\/p>\n","protected":false},"excerpt":{"rendered":"<p>Quem come\u00e7ou o ano visando uma vaga nos Jogos Ol\u00edmpicos de T\u00f3quio, caso do nadador capixaba Jo\u00e3o Gomes Jr., n\u00e3o imaginaria um desfecho t\u00e3o diferente como est\u00e1 sendo no fim de 2020. A pandemia do coronav\u00edrus, decretada\u00a0em 11 de mar\u00e7o, for\u00e7ou ele e tantos outros esportistas a alterarem seu planejamento. No caso de Jo\u00e3o, fez [&hellip;]<\/p>\n","protected":false},"author":6307,"featured_media":42415,"comment_status":"closed","ping_status":"open","sticky":false,"template":"","format":"standard","meta":{"_exactmetrics_skip_tracking":false,"_exactmetrics_sitenote_active":false,"_exactmetrics_sitenote_note":"","_exactmetrics_sitenote_category":0,"footnotes":""},"categories":[1052],"tags":[7334,47],"yoast_head":"<!-- This site is optimized with the Yoast SEO Premium plugin v22.7 (Yoast SEO v22.7) - https:\/\/yoast.com\/wordpress\/plugins\/seo\/ -->\n<title>R\u00c1DIO MARING\u00c1 - Jo\u00e3o Gomes Jr. lamenta a temporada at\u00edpica mas mant\u00e9m seu foco em T\u00f3quio - Orlando Gonzalez<\/title>\n<meta name=\"robots\" content=\"index, follow, max-snippet:-1, max-image-preview:large, max-video-preview:-1\" \/>\n<link rel=\"canonical\" href=\"https:\/\/maringapost.com.br\/orlandogonzalez\/2020\/12\/22\/radio-maringa-joao-gomes-jr-lamenta-a-temporada-atipica-mas-mantem-seu-foco-em-toquio\/\" \/>\n<meta property=\"og:locale\" content=\"pt_BR\" \/>\n<meta property=\"og:type\" content=\"article\" \/>\n<meta property=\"og:title\" content=\"R\u00c1DIO MARING\u00c1 - Jo\u00e3o Gomes Jr. lamenta a temporada at\u00edpica mas mant\u00e9m seu foco em T\u00f3quio\" \/>\n<meta property=\"og:description\" content=\"Quem come\u00e7ou o ano visando uma vaga nos Jogos Ol\u00edmpicos de T\u00f3quio, caso do nadador capixaba Jo\u00e3o Gomes Jr., n\u00e3o imaginaria um desfecho t\u00e3o diferente como est\u00e1 sendo no fim de 2020. A pandemia do coronav\u00edrus, decretada\u00a0em 11 de mar\u00e7o, for\u00e7ou ele e tantos outros esportistas a alterarem seu planejamento. No caso de Jo\u00e3o, fez [&hellip;]\" \/>\n<meta property=\"og:url\" content=\"https:\/\/maringapost.com.br\/orlandogonzalez\/2020\/12\/22\/radio-maringa-joao-gomes-jr-lamenta-a-temporada-atipica-mas-mantem-seu-foco-em-toquio\/\" \/>\n<meta property=\"og:site_name\" content=\"Orlando Gonzalez\" \/>\n<meta property=\"article:author\" content=\"https:\/\/www.facebook.com\/profile.php?id=100011095815065\" \/>\n<meta property=\"article:published_time\" content=\"2020-12-22T17:54:33+00:00\" \/>\n<meta property=\"article:modified_time\" content=\"2020-12-22T17:54:53+00:00\" \/>\n<meta property=\"og:image\" content=\"https:\/\/maringapost.com.br\/orlandogonzalez\/wp-content\/uploads\/sites\/17\/2020\/12\/natacaobrasil.jpg\" \/>\n\t<meta property=\"og:image:width\" content=\"600\" \/>\n\t<meta property=\"og:image:height\" content=\"400\" \/>\n\t<meta property=\"og:image:type\" content=\"image\/jpeg\" \/>\n<meta name=\"author\" content=\"Orlando Gonzalez\" \/>\n<meta name=\"twitter:card\" content=\"summary_large_image\" \/>\n<meta name=\"twitter:creator\" content=\"@gonzalezorlando\" \/>\n<meta name=\"twitter:label1\" content=\"Escrito por\" \/>\n\t<meta name=\"twitter:data1\" content=\"\" \/>\n\t<meta name=\"twitter:label2\" content=\"Est. tempo de leitura\" \/>\n\t<meta name=\"twitter:data2\" content=\"3 minutos\" \/>\n<script type=\"application\/ld+json\" class=\"yoast-schema-graph\">{\"@context\":\"https:\/\/schema.org\",\"@graph\":[{\"@type\":\"WebPage\",\"@id\":\"https:\/\/maringapost.com.br\/orlandogonzalez\/2020\/12\/22\/radio-maringa-joao-gomes-jr-lamenta-a-temporada-atipica-mas-mantem-seu-foco-em-toquio\/\",\"url\":\"https:\/\/maringapost.com.br\/orlandogonzalez\/2020\/12\/22\/radio-maringa-joao-gomes-jr-lamenta-a-temporada-atipica-mas-mantem-seu-foco-em-toquio\/\",\"name\":\"R\u00c1DIO MARING\u00c1 - Jo\u00e3o Gomes Jr. lamenta a temporada at\u00edpica mas mant\u00e9m seu foco em T\u00f3quio - Orlando Gonzalez\",\"isPartOf\":{\"@id\":\"https:\/\/maringapost.com.br\/orlandogonzalez\/#website\"},\"primaryImageOfPage\":{\"@id\":\"https:\/\/maringapost.com.br\/orlandogonzalez\/2020\/12\/22\/radio-maringa-joao-gomes-jr-lamenta-a-temporada-atipica-mas-mantem-seu-foco-em-toquio\/#primaryimage\"},\"image\":{\"@id\":\"https:\/\/maringapost.com.br\/orlandogonzalez\/2020\/12\/22\/radio-maringa-joao-gomes-jr-lamenta-a-temporada-atipica-mas-mantem-seu-foco-em-toquio\/#primaryimage\"},\"thumbnailUrl\":\"https:\/\/maringapost.com.br\/orlandogonzalez\/wp-content\/uploads\/sites\/17\/2020\/12\/natacaobrasil.jpg\",\"datePublished\":\"2020-12-22T17:54:33+00:00\",\"dateModified\":\"2020-12-22T17:54:53+00:00\",\"author\":{\"@id\":\"https:\/\/maringapost.com.br\/orlandogonzalez\/#\/schema\/person\/5cbe6257d08edea6afc9ebaa613b0633\"},\"inLanguage\":\"pt-BR\",\"potentialAction\":[{\"@type\":\"ReadAction\",\"target\":[\"https:\/\/maringapost.com.br\/orlandogonzalez\/2020\/12\/22\/radio-maringa-joao-gomes-jr-lamenta-a-temporada-atipica-mas-mantem-seu-foco-em-toquio\/\"]}]},{\"@type\":\"ImageObject\",\"inLanguage\":\"pt-BR\",\"@id\":\"https:\/\/maringapost.com.br\/orlandogonzalez\/2020\/12\/22\/radio-maringa-joao-gomes-jr-lamenta-a-temporada-atipica-mas-mantem-seu-foco-em-toquio\/#primaryimage\",\"url\":\"https:\/\/maringapost.com.br\/orlandogonzalez\/wp-content\/uploads\/sites\/17\/2020\/12\/natacaobrasil.jpg\",\"contentUrl\":\"https:\/\/maringapost.com.br\/orlandogonzalez\/wp-content\/uploads\/sites\/17\/2020\/12\/natacaobrasil.jpg\",\"width\":600,\"height\":400},{\"@type\":\"WebSite\",\"@id\":\"https:\/\/maringapost.com.br\/orlandogonzalez\/#website\",\"url\":\"https:\/\/maringapost.com.br\/orlandogonzalez\/\",\"name\":\"Orlando Gonzalez\",\"description\":\"Destaca o esporte de Maring\u00e1! Destaca o esporte do Paran\u00e1! Destaca o esporte do Brasil!\",\"potentialAction\":[{\"@type\":\"SearchAction\",\"target\":{\"@type\":\"EntryPoint\",\"urlTemplate\":\"https:\/\/maringapost.com.br\/orlandogonzalez\/?s={search_term_string}\"},\"query-input\":\"required name=search_term_string\"}],\"inLanguage\":\"pt-BR\"},{\"@type\":\"Person\",\"@id\":\"https:\/\/maringapost.com.br\/orlandogonzalez\/#\/schema\/person\/5cbe6257d08edea6afc9ebaa613b0633\",\"name\":\"Orlando Gonzalez\",\"image\":{\"@type\":\"ImageObject\",\"inLanguage\":\"pt-BR\",\"@id\":\"https:\/\/maringapost.com.br\/orlandogonzalez\/#\/schema\/person\/image\/\",\"url\":\"https:\/\/secure.gravatar.com\/avatar\/ecef9d1c9afe5ebdafadde8369065ba5?s=96&d=mm&r=g\",\"contentUrl\":\"https:\/\/secure.gravatar.com\/avatar\/ecef9d1c9afe5ebdafadde8369065ba5?s=96&d=mm&r=g\",\"caption\":\"Orlando Gonzalez\"},\"description\":\"H\u00e1 29 anos na cobertura do esporte de Maring\u00e1. Plant\u00e3o e narrador esportivo. Presta\u00e7\u00e3o de assessoria de imprensa esportiva, cobertura e transmiss\u00f5es ao vivo de eventos esportivos. E-mail: orlandogonzalez.assessoria@gmail.com WhatsApp: (44) 9 9126-6119\",\"sameAs\":[\"http:\/\/www.radiomaringa.com.br\/\",\"https:\/\/www.facebook.com\/profile.php?id=100011095815065\",\"https:\/\/www.instagram.com\/orlandomgonzalez\/\",\"https:\/\/br.pinterest.com\/ogonzalez0530\/\",\"https:\/\/x.com\/gonzalezorlando\",\"https:\/\/www.youtube.com\/channel\/UCvFpl55btth8wjnKiSS1ibA\",\"https:\/\/radiomaringaweb.tumblr.com\/\"],\"url\":\"https:\/\/maringapost.com.br\/orlandogonzalez\/author\/orlando\/\"}]}<\/script>\n<!-- \/ Yoast SEO Premium plugin. -->","yoast_head_json":{"title":"R\u00c1DIO MARING\u00c1 - Jo\u00e3o Gomes Jr. lamenta a temporada at\u00edpica mas mant\u00e9m seu foco em T\u00f3quio - Orlando Gonzalez","robots":{"index":"index","follow":"follow","max-snippet":"max-snippet:-1","max-image-preview":"max-image-preview:large","max-video-preview":"max-video-preview:-1"},"canonical":"https:\/\/maringapost.com.br\/orlandogonzalez\/2020\/12\/22\/radio-maringa-joao-gomes-jr-lamenta-a-temporada-atipica-mas-mantem-seu-foco-em-toquio\/","og_locale":"pt_BR","og_type":"article","og_title":"R\u00c1DIO MARING\u00c1 - Jo\u00e3o Gomes Jr. lamenta a temporada at\u00edpica mas mant\u00e9m seu foco em T\u00f3quio","og_description":"Quem come\u00e7ou o ano visando uma vaga nos Jogos Ol\u00edmpicos de T\u00f3quio, caso do nadador capixaba Jo\u00e3o Gomes Jr., n\u00e3o imaginaria um desfecho t\u00e3o diferente como est\u00e1 sendo no fim de 2020. A pandemia do coronav\u00edrus, decretada\u00a0em 11 de mar\u00e7o, for\u00e7ou ele e tantos outros esportistas a alterarem seu planejamento. No caso de Jo\u00e3o, fez [&hellip;]","og_url":"https:\/\/maringapost.com.br\/orlandogonzalez\/2020\/12\/22\/radio-maringa-joao-gomes-jr-lamenta-a-temporada-atipica-mas-mantem-seu-foco-em-toquio\/","og_site_name":"Orlando Gonzalez","article_author":"https:\/\/www.facebook.com\/profile.php?id=100011095815065","article_published_time":"2020-12-22T17:54:33+00:00","article_modified_time":"2020-12-22T17:54:53+00:00","og_image":[{"width":600,"height":400,"url":"https:\/\/maringapost.com.br\/orlandogonzalez\/wp-content\/uploads\/sites\/17\/2020\/12\/natacaobrasil.jpg","type":"image\/jpeg"}],"author":"Orlando Gonzalez","twitter_card":"summary_large_image","twitter_creator":"@gonzalezorlando","twitter_misc":{"Escrito por":false,"Est. tempo de leitura":"3 minutos"},"schema":{"@context":"https:\/\/schema.org","@graph":[{"@type":"WebPage","@id":"https:\/\/maringapost.com.br\/orlandogonzalez\/2020\/12\/22\/radio-maringa-joao-gomes-jr-lamenta-a-temporada-atipica-mas-mantem-seu-foco-em-toquio\/","url":"https:\/\/maringapost.com.br\/orlandogonzalez\/2020\/12\/22\/radio-maringa-joao-gomes-jr-lamenta-a-temporada-atipica-mas-mantem-seu-foco-em-toquio\/","name":"R\u00c1DIO MARING\u00c1 - Jo\u00e3o Gomes Jr. lamenta a temporada at\u00edpica mas mant\u00e9m seu foco em T\u00f3quio - Orlando Gonzalez","isPartOf":{"@id":"https:\/\/maringapost.com.br\/orlandogonzalez\/#website"},"primaryImageOfPage":{"@id":"https:\/\/maringapost.com.br\/orlandogonzalez\/2020\/12\/22\/radio-maringa-joao-gomes-jr-lamenta-a-temporada-atipica-mas-mantem-seu-foco-em-toquio\/#primaryimage"},"image":{"@id":"https:\/\/maringapost.com.br\/orlandogonzalez\/2020\/12\/22\/radio-maringa-joao-gomes-jr-lamenta-a-temporada-atipica-mas-mantem-seu-foco-em-toquio\/#primaryimage"},"thumbnailUrl":"https:\/\/maringapost.com.br\/orlandogonzalez\/wp-content\/uploads\/sites\/17\/2020\/12\/natacaobrasil.jpg","datePublished":"2020-12-22T17:54:33+00:00","dateModified":"2020-12-22T17:54:53+00:00","author":{"@id":"https:\/\/maringapost.com.br\/orlandogonzalez\/#\/schema\/person\/5cbe6257d08edea6afc9ebaa613b0633"},"inLanguage":"pt-BR","potentialAction":[{"@type":"ReadAction","target":["https:\/\/maringapost.com.br\/orlandogonzalez\/2020\/12\/22\/radio-maringa-joao-gomes-jr-lamenta-a-temporada-atipica-mas-mantem-seu-foco-em-toquio\/"]}]},{"@type":"ImageObject","inLanguage":"pt-BR","@id":"https:\/\/maringapost.com.br\/orlandogonzalez\/2020\/12\/22\/radio-maringa-joao-gomes-jr-lamenta-a-temporada-atipica-mas-mantem-seu-foco-em-toquio\/#primaryimage","url":"https:\/\/maringapost.com.br\/orlandogonzalez\/wp-content\/uploads\/sites\/17\/2020\/12\/natacaobrasil.jpg","contentUrl":"https:\/\/maringapost.com.br\/orlandogonzalez\/wp-content\/uploads\/sites\/17\/2020\/12\/natacaobrasil.jpg","width":600,"height":400},{"@type":"WebSite","@id":"https:\/\/maringapost.com.br\/orlandogonzalez\/#website","url":"https:\/\/maringapost.com.br\/orlandogonzalez\/","name":"Orlando Gonzalez","description":"Destaca o esporte de Maring\u00e1! Destaca o esporte do Paran\u00e1! Destaca o esporte do Brasil!","potentialAction":[{"@type":"SearchAction","target":{"@type":"EntryPoint","urlTemplate":"https:\/\/maringapost.com.br\/orlandogonzalez\/?s={search_term_string}"},"query-input":"required name=search_term_string"}],"inLanguage":"pt-BR"},{"@type":"Person","@id":"https:\/\/maringapost.com.br\/orlandogonzalez\/#\/schema\/person\/5cbe6257d08edea6afc9ebaa613b0633","name":"Orlando Gonzalez","image":{"@type":"ImageObject","inLanguage":"pt-BR","@id":"https:\/\/maringapost.com.br\/orlandogonzalez\/#\/schema\/person\/image\/","url":"https:\/\/secure.gravatar.com\/avatar\/ecef9d1c9afe5ebdafadde8369065ba5?s=96&d=mm&r=g","contentUrl":"https:\/\/secure.gravatar.com\/avatar\/ecef9d1c9afe5ebdafadde8369065ba5?s=96&d=mm&r=g","caption":"Orlando Gonzalez"},"description":"H\u00e1 29 anos na cobertura do esporte de Maring\u00e1. Plant\u00e3o e narrador esportivo. Presta\u00e7\u00e3o de assessoria de imprensa esportiva, cobertura e transmiss\u00f5es ao vivo de eventos esportivos. E-mail: orlandogonzalez.assessoria@gmail.com WhatsApp: (44) 9 9126-6119","sameAs":["http:\/\/www.radiomaringa.com.br\/","https:\/\/www.facebook.com\/profile.php?id=100011095815065","https:\/\/www.instagram.com\/orlandomgonzalez\/","https:\/\/br.pinterest.com\/ogonzalez0530\/","https:\/\/x.com\/gonzalezorlando","https:\/\/www.youtube.com\/channel\/UCvFpl55btth8wjnKiSS1ibA","https:\/\/radiomaringaweb.tumblr.com\/"],"url":"https:\/\/maringapost.com.br\/orlandogonzalez\/author\/orlando\/"}]}},"_links":{"self":[{"href":"https:\/\/maringapost.com.br\/orlandogonzalez\/wp-json\/wp\/v2\/posts\/42414"}],"collection":[{"href":"https:\/\/maringapost.com.br\/orlandogonzalez\/wp-json\/wp\/v2\/posts"}],"about":[{"href":"https:\/\/maringapost.com.br\/orlandogonzalez\/wp-json\/wp\/v2\/types\/post"}],"author":[{"embeddable":true,"href":"https:\/\/maringapost.com.br\/orlandogonzalez\/wp-json\/wp\/v2\/users\/6307"}],"replies":[{"embeddable":true,"href":"https:\/\/maringapost.com.br\/orlandogonzalez\/wp-json\/wp\/v2\/comments?post=42414"}],"version-history":[{"count":1,"href":"https:\/\/maringapost.com.br\/orlandogonzalez\/wp-json\/wp\/v2\/posts\/42414\/revisions"}],"predecessor-version":[{"id":42416,"href":"https:\/\/maringapost.com.br\/orlandogonzalez\/wp-json\/wp\/v2\/posts\/42414\/revisions\/42416"}],"wp:featuredmedia":[{"embeddable":true,"href":"https:\/\/maringapost.com.br\/orlandogonzalez\/wp-json\/wp\/v2\/media\/42415"}],"wp:attachment":[{"href":"https:\/\/maringapost.com.br\/orlandogonzalez\/wp-json\/wp\/v2\/media?parent=42414"}],"wp:term":[{"taxonomy":"category","embeddable":true,"href":"https:\/\/maringapost.com.br\/orlandogonzalez\/wp-json\/wp\/v2\/categories?post=42414"},{"taxonomy":"post_tag","embeddable":true,"href":"https:\/\/maringapost.com.br\/orlandogonzalez\/wp-json\/wp\/v2\/tags?post=42414"}],"curies":[{"name":"wp","href":"https:\/\/api.w.org\/{rel}","templated":true}]}}