{"id":42408,"date":"2020-12-22T09:54:26","date_gmt":"2020-12-22T12:54:26","guid":{"rendered":"http:\/\/maringapost.com.br\/orlandogonzalez\/?p=42408"},"modified":"2020-12-22T09:54:45","modified_gmt":"2020-12-22T12:54:45","slug":"radio-maringa-mercedes-de-xandinho-negrao-leva-o-titulo-do-imperio-endurance-brasil","status":"publish","type":"post","link":"https:\/\/maringapost.com.br\/orlandogonzalez\/2020\/12\/22\/radio-maringa-mercedes-de-xandinho-negrao-leva-o-titulo-do-imperio-endurance-brasil\/","title":{"rendered":"R\u00c1DIO MARING\u00c1 &#8211; Mercedes de Xandinho Negr\u00e3o leva o t\u00edtulo do Imp\u00e9rio Endurance Brasil"},"content":{"rendered":"<p>Xandinho Negr\u00e3o \u00e9 o campe\u00e3o do Imp\u00e9rio Endurance Brasil 2020! O piloto da Mercedes conquistou o t\u00edtulo neste final de semana ao cruzar a linha de chegada na terceira coloca\u00e7\u00e3o das Quatro Horas do Velopark. A prova foi vencida por Marcel Visconde e Ricardo Maur\u00edcio, que competem a bordo de uma Porsche 911 GT3 R. O resultado tamb\u00e9m deu ao dono do carro #09 o t\u00edtulo da categoria GT3<a href=\"https:\/\/radiomaringa.com.br\/\" target=\"_blank\" rel=\"noopener noreferrer\">.<\/a><\/p>\n<p>\u201cEstou muito feliz com essa conquista. Foi um ano diferente: comecei correndo com meu primo Andr\u00e9, depois com o Ricardo Zonta e o Ricardo Baptista e, no final, fizemos um trio muito legal nas \u00faltimas tr\u00eas etapas com meu pai (Xandy Negr\u00e3o) e com o Andreas. \u00c9 nosso terceiro ano na categoria e j\u00e1 conquistamos o bi da GT3 e, pela primeira vez, o t\u00edtulo na geral. Quero agradecer especialmente ao Andreas, que guiou muito, na chuva e no seco e fez tr\u00eas stints. Ele est\u00e1 de parab\u00e9ns\u201d, afirmou Xandinho ap\u00f3s a prova.<\/p>\n<p>A prova do Velopark ainda definiu outros seis campe\u00f5es. Na P1, categoria que re\u00fane os carros mais r\u00e1pidos do grid, Henrique Assun\u00e7\u00e3o e Anderson Toso ficaram com a ta\u00e7a ao cruzarem a linha de chegada na primeira posi\u00e7\u00e3o entre os prot\u00f3tipos, depois que Pedro Queirolo e David Muffato foram punidos por irregularidades em uma das paradas obrigat\u00f3rias. A dupla, que competiu a maior parte do campeonato ao lado de Carlos Kray e Fernando Fortes, fez quest\u00e3o chamar os dois para comemorar a conquista in\u00e9dita.<\/p>\n<p>\u201cEste \u00e9 um t\u00edtulo que deve, sim, ser dividido por quatro. Foi a for\u00e7a deste quarteto, que esteve unido na maior parte das provas, que tornou poss\u00edvel a conquista deste t\u00edtulo. S\u00f3 tenho a agradecer aos meus companheiros, \u00e0 toda equipe e \u00e0 organiza\u00e7\u00e3o do campeonato por este momento fant\u00e1stico\u201d, afirmou Toso.<\/p>\n<p>\u201cDemorou para cair a ficha de que alcan\u00e7amos o t\u00edtulo da categoria. Chegamos aqui tratando isso como uma possibilidade remota, mas o problema que o Queirolo e Muffato tiveram acabou nos colocando em condi\u00e7\u00e3o de alcan\u00e7ar este trof\u00e9u. E sem d\u00favida isso s\u00f3 foi poss\u00edvel por conta da for\u00e7a e uni\u00e3o do nosso quarteto\u201d, completou Assun\u00e7\u00e3o.<\/p>\n<p>Fortes, que participou das duas vit\u00f3rias do quarteto que compete a bordo do prot\u00f3tipo AJR #175, comemorou a conquista: \u201cEstou muito feliz por colaborar com este resultado. Foi um ano de muito aprendizado e de duas vit\u00f3rias emocionantes aqui no Velopark. Estou muito feliz, tanto por mim, quanto por meus companheiros&#8221;, vibrou.<\/p>\n<p>Kray, que competiu as etapas de Goi\u00e2nia &#8211; onde os campe\u00f5es ficaram em terceiro &#8211; e justamente no Velopark &#8211; palco da primeira vit\u00f3ria do time campe\u00e3o &#8211; enalteceu a uni\u00e3o do time: \u201cInfelizmente tive que ficar fora de duas corridas por conta da Covid, mas o mais importante \u00e9 de fato poder celebrar este momento em um time que \u00e9 formado por grandes amigos\u201d.<\/p>\n<p><strong>FAVORITOS CONFIRMAM T\u00cdTULO DA P2 e P3<\/strong><\/p>\n<p>Com a aus\u00eancia do prot\u00f3tipo Sigma comandado por Jindra Kraucher\u00a0e Aldo Piedade\u00a0Jr. da decis\u00e3o, o trio formado por Rubens Ghisleni, Lucas e Hardy Kohl n\u00e3o precisava sequer alinhar no grid para ficar com o t\u00edtulo. No fim, confirmaram a ta\u00e7a com a segunda coloca\u00e7\u00e3o na prova vencida por Fernando Poeta e Claudio Ricci.<\/p>\n<p>\u201cChegamos aqui com o t\u00edtulo encaminhando, no fim nem precis\u00e1vamos ter corrido. Mas tentamos buscar a vit\u00f3ria mesmo assim. Trabalhamos para isso. Infelizmente a vit\u00f3ria n\u00e3o veio, mas nossa regularidade foi essencial ao longo do ano\u201d, afirmou Lucas Kohl, que ao lado do pai e de Ghisleni, venceu tr\u00eas das seis corridas da temporada.<\/p>\n<p>\u201cFomos constantes. Tivemos problemas somente em uma corrida e por isso fomos coroados com o t\u00edtulo\u201d, afirmou Ghisleni. \u201cDa minha parte s\u00f3 tenho a agradecer aos meus parceiros que guiaram muito ao longo do ano. E parabenizar toda a organiza\u00e7\u00e3o do Imp\u00e9rio Endurance Brasil, que realizou um campeonato fant\u00e1stico, mesmo em um ano t\u00e3o dif\u00edcil como foi 2020\u201d, completou Hardy Kohl.<\/p>\n<p>Na P3 o t\u00edtulo foi de Aldoir Sette, outro franco favorito, que tamb\u00e9m venceu metade das corridas da temporada. Neste s\u00e1bado, cruzou a linha em segundo lugar ao lado do jovem Bruno Smielevsk. A vit\u00f3ria ficou com o trio formado por Bruna Tomaseli, Fernando Fortes e Fernando Ohashi. O resultado foi suficiente para assegurar a conquista in\u00e9dita.<\/p>\n<p>\u201cEste \u00e9 um t\u00edtulo que eu perseguia h\u00e1 muito tempo. \u00c9 o 18\u00ba t\u00edtulo da minha carreira de piloto, somando com outras categorias. E s\u00e3o momentos como este que renovam nossas energias para seguir competindo e buscando trof\u00e9us. Estou muito feliz e ansioso para buscar o bicampeonato em 2021\u201d, afirmou Aldoir Sette na cerim\u00f4nia de premia\u00e7\u00e3o do campeonato.<\/p>\n<p><strong>ESTREANTES CAMPE\u00d5ES\u00a0NA GT4 E GT4 LIGHT<\/strong><\/p>\n<p>A bordo de uma Mercedes AMG, L\u00e9o Sanchez e \u00c1tila Abreu dominaram a categoria GT4 em 2020. No total, a dupla que disputou a sua primeira temporada no Imp\u00e9rio Endurance Brasil ficou entre os tr\u00eas primeiros colocados em todas as seis provas que compuseram o calend\u00e1rio do campeonato. Em tr\u00eas delas foram vencedores: uma em Curitiba e duas no Velopark.<\/p>\n<p>\u201cEste foi nosso primeiro ano no Imp\u00e9rio Endurance Brasil e terminar a temporada com t\u00edtulo logo na estreia \u00e9 muito gratificante. S\u00f3 tenho a agradecer a todos que torceram por n\u00f3s, \u00e0 minha fam\u00edlia, ao \u00c1tila e toda a organiz\u00e7\u00e3o deste campeonato fant\u00e1stico\u201d, afirmou Sanchez.<\/p>\n<p>&#8220;Conseguimos fazer uma grande corrida aqui no Velopark, n\u00e3o s\u00f3 confirmando o t\u00edtulo com mais uma vit\u00f3ria, mas tamb\u00e9m alcan\u00e7ando a quarta coloca\u00e7\u00e3o na geral, nosso melhor resultado do ano. Estamos muito felizes e agora \u00e9 trabalhar para o ano que vem. Certamente estaremos de volta e com surpresas\u201d, completou \u00c1tila Abreu.<\/p>\n<p>J\u00e1 na GT4 Light, Tuca Antoniazi ficou com t\u00edtulo tendo conquistado apenas duas vit\u00f3rias, justamente nas duas primeiras provas do campeonato. Depois, apostou na regularidade, ficando entre os tr\u00eas nas etapas do Velopark, Goi\u00e2nia e Curitiba.\u00a0\u00a0Desta forma, o modesto quinto lugar na grande final j\u00e1 foi suficiente para garantir a ta\u00e7a de campe\u00e3o.<\/p>\n<p>\u201cFoi com emo\u00e7\u00e3o do in\u00edcio ao fim\u201d, afirmou Antoniazi. \u201cAs Ginettas vinham mais r\u00e1pido ao longo de toda a temporada, mas conseguimos ser mais regulares, completamos todas a provas e este foi o nosso diferencial para esta conquista. Agora \u00e9 comemorar, porque a sensa\u00e7\u00e3o ser campe\u00e3o \u00e9 maravilhosa\u201d, finalizou on piloto.<\/p>\n<p><strong>PAI E FILHO DOMINAM A GT3 LIGHT<\/strong><\/p>\n<p>A festa de Natal da fam\u00edlia Ribas, que compete a bordo de um Aston Martin, ser\u00e1 com trof\u00e9u de campe\u00e3o exposto em lugar de destaque. Com a vit\u00f3ria deste final de semana, a dupla de pai e filho S\u00e9rgio e Guilherme Ribas coroou o amplo dom\u00ednio que tiveram sobre a Ferrari de Ricardo Mendes e Tom Filho, principais rivais na briga pelo t\u00edtulo. No total, S\u00e9rgio e Guilherme Ribas conquistaram cinco vit\u00f3rias em seis corridas.<\/p>\n<p>\u201cFoi um ano fant\u00e1stico e temos que agradecer tamb\u00e9m ao refor\u00e7o do Julio Campos nas etapas de Goi\u00e2nia e de Curitiba. Ele foi muito importante n\u00e3o s\u00f3 guiando, mas tamb\u00e9m nos ajudando com toda a estrat\u00e9gia em todas as corridas\u201d, afirmou S\u00e9rgio Ribas, \u201cEstamos muito felizes com esta conquista, ainda mais em um ano t\u00e3o dif\u00edcil. Vencer em fam\u00edlia \u00e9 um prazer enorme tamb\u00e9m. Vamos comemorar muito esta conquista\u201d, completou o filho.<\/p>\n<p>(Assessoria)<\/p>\n","protected":false},"excerpt":{"rendered":"<p>Xandinho Negr\u00e3o \u00e9 o campe\u00e3o do Imp\u00e9rio Endurance Brasil 2020! O piloto da Mercedes conquistou o t\u00edtulo neste final de semana ao cruzar a linha de chegada na terceira coloca\u00e7\u00e3o das Quatro Horas do Velopark. A prova foi vencida por Marcel Visconde e Ricardo Maur\u00edcio, que competem a bordo de uma Porsche 911 GT3 R. [&hellip;]<\/p>\n","protected":false},"author":6307,"featured_media":42409,"comment_status":"closed","ping_status":"open","sticky":false,"template":"","format":"standard","meta":{"_exactmetrics_skip_tracking":false,"_exactmetrics_sitenote_active":false,"_exactmetrics_sitenote_note":"","_exactmetrics_sitenote_category":0,"footnotes":""},"categories":[1267],"tags":[8910,47],"yoast_head":"<!-- This site is optimized with the Yoast SEO Premium plugin v22.7 (Yoast SEO v22.7) - https:\/\/yoast.com\/wordpress\/plugins\/seo\/ -->\n<title>R\u00c1DIO MARING\u00c1 - Mercedes de Xandinho Negr\u00e3o leva o t\u00edtulo do Imp\u00e9rio Endurance Brasil - Orlando Gonzalez<\/title>\n<meta name=\"robots\" content=\"index, follow, max-snippet:-1, max-image-preview:large, max-video-preview:-1\" \/>\n<link rel=\"canonical\" href=\"https:\/\/maringapost.com.br\/orlandogonzalez\/2020\/12\/22\/radio-maringa-mercedes-de-xandinho-negrao-leva-o-titulo-do-imperio-endurance-brasil\/\" \/>\n<meta property=\"og:locale\" content=\"pt_BR\" \/>\n<meta property=\"og:type\" content=\"article\" \/>\n<meta property=\"og:title\" content=\"R\u00c1DIO MARING\u00c1 - Mercedes de Xandinho Negr\u00e3o leva o t\u00edtulo do Imp\u00e9rio Endurance Brasil\" \/>\n<meta property=\"og:description\" content=\"Xandinho Negr\u00e3o \u00e9 o campe\u00e3o do Imp\u00e9rio Endurance Brasil 2020! O piloto da Mercedes conquistou o t\u00edtulo neste final de semana ao cruzar a linha de chegada na terceira coloca\u00e7\u00e3o das Quatro Horas do Velopark. A prova foi vencida por Marcel Visconde e Ricardo Maur\u00edcio, que competem a bordo de uma Porsche 911 GT3 R. [&hellip;]\" \/>\n<meta property=\"og:url\" content=\"https:\/\/maringapost.com.br\/orlandogonzalez\/2020\/12\/22\/radio-maringa-mercedes-de-xandinho-negrao-leva-o-titulo-do-imperio-endurance-brasil\/\" \/>\n<meta property=\"og:site_name\" content=\"Orlando Gonzalez\" \/>\n<meta property=\"article:author\" content=\"https:\/\/www.facebook.com\/profile.php?id=100011095815065\" \/>\n<meta property=\"article:published_time\" content=\"2020-12-22T12:54:26+00:00\" \/>\n<meta property=\"article:modified_time\" content=\"2020-12-22T12:54:45+00:00\" \/>\n<meta property=\"og:image\" content=\"https:\/\/maringapost.com.br\/orlandogonzalez\/wp-content\/uploads\/sites\/17\/2020\/12\/carro888.jpeg\" \/>\n\t<meta property=\"og:image:width\" content=\"600\" \/>\n\t<meta property=\"og:image:height\" content=\"400\" \/>\n\t<meta property=\"og:image:type\" content=\"image\/jpeg\" \/>\n<meta name=\"author\" content=\"Orlando Gonzalez\" \/>\n<meta name=\"twitter:card\" content=\"summary_large_image\" \/>\n<meta name=\"twitter:creator\" content=\"@gonzalezorlando\" \/>\n<meta name=\"twitter:label1\" content=\"Escrito por\" \/>\n\t<meta name=\"twitter:data1\" content=\"\" \/>\n\t<meta name=\"twitter:label2\" content=\"Est. tempo de leitura\" \/>\n\t<meta name=\"twitter:data2\" content=\"6 minutos\" \/>\n<script type=\"application\/ld+json\" class=\"yoast-schema-graph\">{\"@context\":\"https:\/\/schema.org\",\"@graph\":[{\"@type\":\"WebPage\",\"@id\":\"https:\/\/maringapost.com.br\/orlandogonzalez\/2020\/12\/22\/radio-maringa-mercedes-de-xandinho-negrao-leva-o-titulo-do-imperio-endurance-brasil\/\",\"url\":\"https:\/\/maringapost.com.br\/orlandogonzalez\/2020\/12\/22\/radio-maringa-mercedes-de-xandinho-negrao-leva-o-titulo-do-imperio-endurance-brasil\/\",\"name\":\"R\u00c1DIO MARING\u00c1 - Mercedes de Xandinho Negr\u00e3o leva o t\u00edtulo do Imp\u00e9rio Endurance Brasil - Orlando Gonzalez\",\"isPartOf\":{\"@id\":\"https:\/\/maringapost.com.br\/orlandogonzalez\/#website\"},\"primaryImageOfPage\":{\"@id\":\"https:\/\/maringapost.com.br\/orlandogonzalez\/2020\/12\/22\/radio-maringa-mercedes-de-xandinho-negrao-leva-o-titulo-do-imperio-endurance-brasil\/#primaryimage\"},\"image\":{\"@id\":\"https:\/\/maringapost.com.br\/orlandogonzalez\/2020\/12\/22\/radio-maringa-mercedes-de-xandinho-negrao-leva-o-titulo-do-imperio-endurance-brasil\/#primaryimage\"},\"thumbnailUrl\":\"https:\/\/maringapost.com.br\/orlandogonzalez\/wp-content\/uploads\/sites\/17\/2020\/12\/carro888.jpeg\",\"datePublished\":\"2020-12-22T12:54:26+00:00\",\"dateModified\":\"2020-12-22T12:54:45+00:00\",\"author\":{\"@id\":\"https:\/\/maringapost.com.br\/orlandogonzalez\/#\/schema\/person\/5cbe6257d08edea6afc9ebaa613b0633\"},\"inLanguage\":\"pt-BR\",\"potentialAction\":[{\"@type\":\"ReadAction\",\"target\":[\"https:\/\/maringapost.com.br\/orlandogonzalez\/2020\/12\/22\/radio-maringa-mercedes-de-xandinho-negrao-leva-o-titulo-do-imperio-endurance-brasil\/\"]}]},{\"@type\":\"ImageObject\",\"inLanguage\":\"pt-BR\",\"@id\":\"https:\/\/maringapost.com.br\/orlandogonzalez\/2020\/12\/22\/radio-maringa-mercedes-de-xandinho-negrao-leva-o-titulo-do-imperio-endurance-brasil\/#primaryimage\",\"url\":\"https:\/\/maringapost.com.br\/orlandogonzalez\/wp-content\/uploads\/sites\/17\/2020\/12\/carro888.jpeg\",\"contentUrl\":\"https:\/\/maringapost.com.br\/orlandogonzalez\/wp-content\/uploads\/sites\/17\/2020\/12\/carro888.jpeg\",\"width\":600,\"height\":400},{\"@type\":\"WebSite\",\"@id\":\"https:\/\/maringapost.com.br\/orlandogonzalez\/#website\",\"url\":\"https:\/\/maringapost.com.br\/orlandogonzalez\/\",\"name\":\"Orlando Gonzalez\",\"description\":\"Destaca o esporte de Maring\u00e1! Destaca o esporte do Paran\u00e1! Destaca o esporte do Brasil!\",\"potentialAction\":[{\"@type\":\"SearchAction\",\"target\":{\"@type\":\"EntryPoint\",\"urlTemplate\":\"https:\/\/maringapost.com.br\/orlandogonzalez\/?s={search_term_string}\"},\"query-input\":\"required name=search_term_string\"}],\"inLanguage\":\"pt-BR\"},{\"@type\":\"Person\",\"@id\":\"https:\/\/maringapost.com.br\/orlandogonzalez\/#\/schema\/person\/5cbe6257d08edea6afc9ebaa613b0633\",\"name\":\"Orlando Gonzalez\",\"image\":{\"@type\":\"ImageObject\",\"inLanguage\":\"pt-BR\",\"@id\":\"https:\/\/maringapost.com.br\/orlandogonzalez\/#\/schema\/person\/image\/\",\"url\":\"https:\/\/secure.gravatar.com\/avatar\/ecef9d1c9afe5ebdafadde8369065ba5?s=96&d=mm&r=g\",\"contentUrl\":\"https:\/\/secure.gravatar.com\/avatar\/ecef9d1c9afe5ebdafadde8369065ba5?s=96&d=mm&r=g\",\"caption\":\"Orlando Gonzalez\"},\"description\":\"H\u00e1 29 anos na cobertura do esporte de Maring\u00e1. Plant\u00e3o e narrador esportivo. Presta\u00e7\u00e3o de assessoria de imprensa esportiva, cobertura e transmiss\u00f5es ao vivo de eventos esportivos. E-mail: orlandogonzalez.assessoria@gmail.com WhatsApp: (44) 9 9126-6119\",\"sameAs\":[\"http:\/\/www.radiomaringa.com.br\/\",\"https:\/\/www.facebook.com\/profile.php?id=100011095815065\",\"https:\/\/www.instagram.com\/orlandomgonzalez\/\",\"https:\/\/br.pinterest.com\/ogonzalez0530\/\",\"https:\/\/x.com\/gonzalezorlando\",\"https:\/\/www.youtube.com\/channel\/UCvFpl55btth8wjnKiSS1ibA\",\"https:\/\/radiomaringaweb.tumblr.com\/\"],\"url\":\"https:\/\/maringapost.com.br\/orlandogonzalez\/author\/orlando\/\"}]}<\/script>\n<!-- \/ Yoast SEO Premium plugin. -->","yoast_head_json":{"title":"R\u00c1DIO MARING\u00c1 - Mercedes de Xandinho Negr\u00e3o leva o t\u00edtulo do Imp\u00e9rio Endurance Brasil - Orlando Gonzalez","robots":{"index":"index","follow":"follow","max-snippet":"max-snippet:-1","max-image-preview":"max-image-preview:large","max-video-preview":"max-video-preview:-1"},"canonical":"https:\/\/maringapost.com.br\/orlandogonzalez\/2020\/12\/22\/radio-maringa-mercedes-de-xandinho-negrao-leva-o-titulo-do-imperio-endurance-brasil\/","og_locale":"pt_BR","og_type":"article","og_title":"R\u00c1DIO MARING\u00c1 - Mercedes de Xandinho Negr\u00e3o leva o t\u00edtulo do Imp\u00e9rio Endurance Brasil","og_description":"Xandinho Negr\u00e3o \u00e9 o campe\u00e3o do Imp\u00e9rio Endurance Brasil 2020! O piloto da Mercedes conquistou o t\u00edtulo neste final de semana ao cruzar a linha de chegada na terceira coloca\u00e7\u00e3o das Quatro Horas do Velopark. A prova foi vencida por Marcel Visconde e Ricardo Maur\u00edcio, que competem a bordo de uma Porsche 911 GT3 R. [&hellip;]","og_url":"https:\/\/maringapost.com.br\/orlandogonzalez\/2020\/12\/22\/radio-maringa-mercedes-de-xandinho-negrao-leva-o-titulo-do-imperio-endurance-brasil\/","og_site_name":"Orlando Gonzalez","article_author":"https:\/\/www.facebook.com\/profile.php?id=100011095815065","article_published_time":"2020-12-22T12:54:26+00:00","article_modified_time":"2020-12-22T12:54:45+00:00","og_image":[{"width":600,"height":400,"url":"https:\/\/maringapost.com.br\/orlandogonzalez\/wp-content\/uploads\/sites\/17\/2020\/12\/carro888.jpeg","type":"image\/jpeg"}],"author":"Orlando Gonzalez","twitter_card":"summary_large_image","twitter_creator":"@gonzalezorlando","twitter_misc":{"Escrito por":false,"Est. tempo de leitura":"6 minutos"},"schema":{"@context":"https:\/\/schema.org","@graph":[{"@type":"WebPage","@id":"https:\/\/maringapost.com.br\/orlandogonzalez\/2020\/12\/22\/radio-maringa-mercedes-de-xandinho-negrao-leva-o-titulo-do-imperio-endurance-brasil\/","url":"https:\/\/maringapost.com.br\/orlandogonzalez\/2020\/12\/22\/radio-maringa-mercedes-de-xandinho-negrao-leva-o-titulo-do-imperio-endurance-brasil\/","name":"R\u00c1DIO MARING\u00c1 - Mercedes de Xandinho Negr\u00e3o leva o t\u00edtulo do Imp\u00e9rio Endurance Brasil - Orlando Gonzalez","isPartOf":{"@id":"https:\/\/maringapost.com.br\/orlandogonzalez\/#website"},"primaryImageOfPage":{"@id":"https:\/\/maringapost.com.br\/orlandogonzalez\/2020\/12\/22\/radio-maringa-mercedes-de-xandinho-negrao-leva-o-titulo-do-imperio-endurance-brasil\/#primaryimage"},"image":{"@id":"https:\/\/maringapost.com.br\/orlandogonzalez\/2020\/12\/22\/radio-maringa-mercedes-de-xandinho-negrao-leva-o-titulo-do-imperio-endurance-brasil\/#primaryimage"},"thumbnailUrl":"https:\/\/maringapost.com.br\/orlandogonzalez\/wp-content\/uploads\/sites\/17\/2020\/12\/carro888.jpeg","datePublished":"2020-12-22T12:54:26+00:00","dateModified":"2020-12-22T12:54:45+00:00","author":{"@id":"https:\/\/maringapost.com.br\/orlandogonzalez\/#\/schema\/person\/5cbe6257d08edea6afc9ebaa613b0633"},"inLanguage":"pt-BR","potentialAction":[{"@type":"ReadAction","target":["https:\/\/maringapost.com.br\/orlandogonzalez\/2020\/12\/22\/radio-maringa-mercedes-de-xandinho-negrao-leva-o-titulo-do-imperio-endurance-brasil\/"]}]},{"@type":"ImageObject","inLanguage":"pt-BR","@id":"https:\/\/maringapost.com.br\/orlandogonzalez\/2020\/12\/22\/radio-maringa-mercedes-de-xandinho-negrao-leva-o-titulo-do-imperio-endurance-brasil\/#primaryimage","url":"https:\/\/maringapost.com.br\/orlandogonzalez\/wp-content\/uploads\/sites\/17\/2020\/12\/carro888.jpeg","contentUrl":"https:\/\/maringapost.com.br\/orlandogonzalez\/wp-content\/uploads\/sites\/17\/2020\/12\/carro888.jpeg","width":600,"height":400},{"@type":"WebSite","@id":"https:\/\/maringapost.com.br\/orlandogonzalez\/#website","url":"https:\/\/maringapost.com.br\/orlandogonzalez\/","name":"Orlando Gonzalez","description":"Destaca o esporte de Maring\u00e1! Destaca o esporte do Paran\u00e1! Destaca o esporte do Brasil!","potentialAction":[{"@type":"SearchAction","target":{"@type":"EntryPoint","urlTemplate":"https:\/\/maringapost.com.br\/orlandogonzalez\/?s={search_term_string}"},"query-input":"required name=search_term_string"}],"inLanguage":"pt-BR"},{"@type":"Person","@id":"https:\/\/maringapost.com.br\/orlandogonzalez\/#\/schema\/person\/5cbe6257d08edea6afc9ebaa613b0633","name":"Orlando Gonzalez","image":{"@type":"ImageObject","inLanguage":"pt-BR","@id":"https:\/\/maringapost.com.br\/orlandogonzalez\/#\/schema\/person\/image\/","url":"https:\/\/secure.gravatar.com\/avatar\/ecef9d1c9afe5ebdafadde8369065ba5?s=96&d=mm&r=g","contentUrl":"https:\/\/secure.gravatar.com\/avatar\/ecef9d1c9afe5ebdafadde8369065ba5?s=96&d=mm&r=g","caption":"Orlando Gonzalez"},"description":"H\u00e1 29 anos na cobertura do esporte de Maring\u00e1. Plant\u00e3o e narrador esportivo. Presta\u00e7\u00e3o de assessoria de imprensa esportiva, cobertura e transmiss\u00f5es ao vivo de eventos esportivos. E-mail: orlandogonzalez.assessoria@gmail.com WhatsApp: (44) 9 9126-6119","sameAs":["http:\/\/www.radiomaringa.com.br\/","https:\/\/www.facebook.com\/profile.php?id=100011095815065","https:\/\/www.instagram.com\/orlandomgonzalez\/","https:\/\/br.pinterest.com\/ogonzalez0530\/","https:\/\/x.com\/gonzalezorlando","https:\/\/www.youtube.com\/channel\/UCvFpl55btth8wjnKiSS1ibA","https:\/\/radiomaringaweb.tumblr.com\/"],"url":"https:\/\/maringapost.com.br\/orlandogonzalez\/author\/orlando\/"}]}},"_links":{"self":[{"href":"https:\/\/maringapost.com.br\/orlandogonzalez\/wp-json\/wp\/v2\/posts\/42408"}],"collection":[{"href":"https:\/\/maringapost.com.br\/orlandogonzalez\/wp-json\/wp\/v2\/posts"}],"about":[{"href":"https:\/\/maringapost.com.br\/orlandogonzalez\/wp-json\/wp\/v2\/types\/post"}],"author":[{"embeddable":true,"href":"https:\/\/maringapost.com.br\/orlandogonzalez\/wp-json\/wp\/v2\/users\/6307"}],"replies":[{"embeddable":true,"href":"https:\/\/maringapost.com.br\/orlandogonzalez\/wp-json\/wp\/v2\/comments?post=42408"}],"version-history":[{"count":1,"href":"https:\/\/maringapost.com.br\/orlandogonzalez\/wp-json\/wp\/v2\/posts\/42408\/revisions"}],"predecessor-version":[{"id":42410,"href":"https:\/\/maringapost.com.br\/orlandogonzalez\/wp-json\/wp\/v2\/posts\/42408\/revisions\/42410"}],"wp:featuredmedia":[{"embeddable":true,"href":"https:\/\/maringapost.com.br\/orlandogonzalez\/wp-json\/wp\/v2\/media\/42409"}],"wp:attachment":[{"href":"https:\/\/maringapost.com.br\/orlandogonzalez\/wp-json\/wp\/v2\/media?parent=42408"}],"wp:term":[{"taxonomy":"category","embeddable":true,"href":"https:\/\/maringapost.com.br\/orlandogonzalez\/wp-json\/wp\/v2\/categories?post=42408"},{"taxonomy":"post_tag","embeddable":true,"href":"https:\/\/maringapost.com.br\/orlandogonzalez\/wp-json\/wp\/v2\/tags?post=42408"}],"curies":[{"name":"wp","href":"https:\/\/api.w.org\/{rel}","templated":true}]}}