{"id":42328,"date":"2020-12-13T13:21:04","date_gmt":"2020-12-13T16:21:04","guid":{"rendered":"http:\/\/maringapost.com.br\/orlandogonzalez\/?p=42328"},"modified":"2020-12-13T13:21:04","modified_gmt":"2020-12-13T16:21:04","slug":"radio-maringa-osasco-assume-a-lideranca-da-superliga-feminina-2020-21","status":"publish","type":"post","link":"https:\/\/maringapost.com.br\/orlandogonzalez\/2020\/12\/13\/radio-maringa-osasco-assume-a-lideranca-da-superliga-feminina-2020-21\/","title":{"rendered":"R\u00c1DIO MARING\u00c1 &#8211; Osasco assume a lideran\u00e7a da Superliga feminina 2020\/21"},"content":{"rendered":"<p><span style=\"color: #555555;font-family: 'Trebuchet MS', Verdana, Geneva, sans-serif;text-align: justify;font-size: 18px\">Em uma noite de altos e baixos, Osasco S\u00e3o Crist\u00f3v\u00e3o Sa\u00fade foi superado pelo Bras\u00edlia V\u00f4lei neste s\u00e1bado (12), no gin\u00e1sio Jos\u00e9 Liberatti. Ap\u00f3s vencer o primeiro set com facilidade, a equipe de Tandara, Jaque, Camila Brait e cia. tomou a virada do advers\u00e1rio, que venceu por 3 sets a 2, parciais de 15\/25, 25\/16, 25\/22, 16\/25 e 15\/13, em 2h02min. Mesmo com o rev\u00e9s, o ponto somado em casa garante \u00e0 equipe osasquense a lideran\u00e7a do campeonato<a href=\"https:\/\/radiomaringa.com.br\/\" target=\"_blank\" rel=\"noopener noreferrer\">.<\/a><\/span><br style=\"line-height: inherit;color: #555555;font-family: 'Trebuchet MS', Verdana, Geneva, sans-serif;text-align: justify\" \/><br style=\"line-height: inherit;color: #555555;font-family: 'Trebuchet MS', Verdana, Geneva, sans-serif;text-align: justify\" \/><span style=\"color: #555555;font-family: 'Trebuchet MS', Verdana, Geneva, sans-serif;text-align: justify;font-size: 18px\">Osasco assumiu a ponta da tabela de classifica\u00e7\u00e3o ao ultrapassar o Dentil Praia Clube por um ponto: 22 a 21. E as mineiras s\u00e3o justamente as pr\u00f3ximas advers\u00e1rias do time comandado pelo t\u00e9cnico Luizomar. O jogo, adiado da s\u00e9tima rodada, ser\u00e1 na pr\u00f3xima quarta-feira (16), \u00e0s 19h, em Uberl\u00e2ndia. A expectativa da equipe \u00e9 contar com o retorno da levantadora Roberta, da central Bia, da l\u00edbero Kika e da oposta Karine, recuperadas ap\u00f3s contra\u00edrem Covid-19.<\/span><br style=\"line-height: inherit;color: #555555;font-family: 'Trebuchet MS', Verdana, Geneva, sans-serif;text-align: justify\" \/><br style=\"line-height: inherit;color: #555555;font-family: 'Trebuchet MS', Verdana, Geneva, sans-serif;text-align: justify\" \/><span style=\"color: #555555;font-family: 'Trebuchet MS', Verdana, Geneva, sans-serif;text-align: justify;font-size: 18px\">A l\u00edbero Camila Brait analisou a partida: \u201cFomos muito irregulares nessa noite; alternando bons e maus momentos. Infelizmente, o nosso esfor\u00e7o n\u00e3o surtiu o resultado esperado, que era conquistar mais uma vit\u00f3ria. De positivo fica a uni\u00e3o e garra do time, que n\u00e3o se entregou em nenhum momento. Agora \u00e9 analisar o que n\u00e3o deu certo, levantar a cabe\u00e7a e trabalhar ainda mais porque teremos uma pedreira em Uberl\u00e2ndia e n\u00e3o podemos nos abater.\u201d<\/span><br style=\"line-height: inherit;color: #555555;font-family: 'Trebuchet MS', Verdana, Geneva, sans-serif;text-align: justify\" \/><br style=\"line-height: inherit;color: #555555;font-family: 'Trebuchet MS', Verdana, Geneva, sans-serif;text-align: justify\" \/><span style=\"font-size: 18px\"><strong style=\"line-height: inherit;color: #555555;font-family: 'Trebuchet MS', Verdana, Geneva, sans-serif;text-align: justify\">O jogo \u2013<\/strong><span style=\"color: #555555;font-family: 'Trebuchet MS', Verdana, Geneva, sans-serif;text-align: justify\">\u00a0Osasco mandou no primeiro set. Com um bloqueio de Camila Paracatu, abriu vantagem de dez pontos (16\/6). Com mais dois bons saques de Jaque e outro bloqueio, desta vez de Gabi C\u00e2ndido, ampliou para 18\/6. Tandara atacou na entrada de rede para fazer 22\/12. A vit\u00f3ria na parcial inicial veio com um ataque r\u00e1pido com Jaque: 25\/15.<\/span><\/span><br style=\"line-height: inherit;color: #555555;font-family: 'Trebuchet MS', Verdana, Geneva, sans-serif;text-align: justify\" \/><br style=\"line-height: inherit;color: #555555;font-family: 'Trebuchet MS', Verdana, Geneva, sans-serif;text-align: justify\" \/><span style=\"color: #555555;font-family: 'Trebuchet MS', Verdana, Geneva, sans-serif;text-align: justify;font-size: 18px\">Bras\u00edlia voltou ligado para o segundo set e conseguiu manter a frente do placar. Osasco empatou com um ace de Gabi C\u00e2ndido (10\/10). Mas a parcial seguiu dura com as osasquenses tendo problemas com o passe. Tanto que Luizomar pediu tempo quando o advers\u00e1rio fez 13\/10. O treinador precisou parar o jogo novamente no 13\/17. As donas da casa s\u00f3 voltaram a pontuar com Tainara, que entrou no lugar de Gabi, no 14\/22. Com a boa vantagem, as advers\u00e1rias fecharam em 25\/16.<\/span><br style=\"line-height: inherit;color: #555555;font-family: 'Trebuchet MS', Verdana, Geneva, sans-serif;text-align: justify\" \/><br style=\"line-height: inherit;color: #555555;font-family: 'Trebuchet MS', Verdana, Geneva, sans-serif;text-align: justify\" \/><span style=\"color: #555555;font-family: 'Trebuchet MS', Verdana, Geneva, sans-serif;text-align: justify;font-size: 18px\">O terceiro set n\u00e3o come\u00e7ou bem para Osasco e Luizomar pediu tempo logo no in\u00edcio, com o placar em 5\/2 a favor do Bras\u00edlia, que continuava encaixando o saque. Ap\u00f3s esbo\u00e7ar uma rea\u00e7\u00e3o na base da garra, com Camila Brait \u2018se multiplicando\u2019 no fundo de quadra, o treinador foi obrigado a parar o jogo pela segunda vez no 7\/13. Desta vez, a chamada surtiu efeito e seu time acordou, equilibrando a partida. Com dois ataques seguidos, Jaque deixou tudo igual duas vezes, no 16\/16 e 17\/17. Por\u00e9m, as\u00a0brasilienses mantiverem o ritmo e conseguiram fechar em 25\/22.<\/span><br style=\"line-height: inherit;color: #555555;font-family: 'Trebuchet MS', Verdana, Geneva, sans-serif;text-align: justify\" \/><br style=\"line-height: inherit;color: #555555;font-family: 'Trebuchet MS', Verdana, Geneva, sans-serif;text-align: justify\" \/><span style=\"color: #555555;font-family: 'Trebuchet MS', Verdana, Geneva, sans-serif;text-align: justify;font-size: 18px\">Depois de dois sets perdidos, as jogadores de Osasco entraram em quadra dispostas a n\u00e3o deixar a vit\u00f3ria escapar dentro de casa. Naiane acionou Mayany pelo meio para cravar e fazer 10\/7. Depois de salvar uma bola com o p\u00e9, Paracatu armou o pared\u00e3o pelo meio: 14\/10. Quando as osasquenses abriram cinco pontos (17\/12), Bras\u00edlia pediu tempo. Com mais dois bloqueios, com Jaque e depois Paracatu, Osasco encaminhou a vit\u00f3ria: 22\/15. Tandara, com um ace, fez 23\/15. A oposta garantiu a vit\u00f3ria por 25\/16 e o empate em 2 sets a 2 com uma largada.<\/span><br style=\"line-height: inherit;color: #555555;font-family: 'Trebuchet MS', Verdana, Geneva, sans-serif;text-align: justify\" \/><br style=\"line-height: inherit;color: #555555;font-family: 'Trebuchet MS', Verdana, Geneva, sans-serif;text-align: justify\" \/><span style=\"color: #555555;font-family: 'Trebuchet MS', Verdana, Geneva, sans-serif;text-align: justify;font-size: 18px\">Osasco viu Bras\u00edlia abrir 5\/0 no quinto set. Quando o advers\u00e1rio fez 7\/1, Luizomar pediu tempo. Apesar da noite de altos e baixos, as osasquenses n\u00e3o deixaram de lutar. Jaque atacou da entrada de rede: 8\/12. Mas, com um erro de recep\u00e7\u00e3o, as visitantes chegaram ao match point: 14\/9. Osasco n\u00e3o se entregava. Tandara, com um ace, fez 12\/14. Mas Bras\u00edlia conseguiu o ponto que faltava e venceu por 15\/13.<\/span><br style=\"line-height: inherit;color: #555555;font-family: 'Trebuchet MS', Verdana, Geneva, sans-serif;text-align: justify\" \/><br style=\"line-height: inherit;color: #555555;font-family: 'Trebuchet MS', Verdana, Geneva, sans-serif;text-align: justify\" \/><span style=\"font-size: 18px\"><span style=\"color: #555555;font-family: 'Trebuchet MS', Verdana, Geneva, sans-serif;text-align: justify\">Jogaram e marcaram para o\u00a0<\/span><strong style=\"line-height: inherit;color: #555555;font-family: 'Trebuchet MS', Verdana, Geneva, sans-serif;text-align: justify\">Osasco S\u00e3o Crist\u00f3v\u00e3o Sa\u00fade:<\/strong><span style=\"color: #555555;font-family: 'Trebuchet MS', Verdana, Geneva, sans-serif;text-align: justify\">\u00a0Naiane (1), Tandara (23), Jaque (15), Gabi C\u00e2ndido (8), Mayany (13), Camila Paracatu (13) e a l\u00edbero Camila Brait. T\u00e9cnico: Luizomar. Entraram: Tainara (1), Amanda.<\/span><\/span><br style=\"line-height: inherit;color: #555555;font-family: 'Trebuchet MS', Verdana, Geneva, sans-serif;text-align: justify\" \/><br style=\"line-height: inherit;color: #555555;font-family: 'Trebuchet MS', Verdana, Geneva, sans-serif;text-align: justify\" \/><span style=\"color: #555555;font-family: 'Trebuchet MS', Verdana, Geneva, sans-serif;text-align: justify;font-size: 18px\">Jogaram e marcaram para o Bras\u00edlia V\u00f4lei: Ju Carrijo (2), Neneca (15), Aline (10), Edna (14), Paula (1), Ariane (18) e a l\u00edbero Vit\u00f3ria. T\u00e9cnico: Rog\u00e9rio Portela. Entraram: Viviane (1), Ingrid (10), Paquiardi (1).<\/span><br style=\"line-height: inherit;color: #555555;font-family: 'Trebuchet MS', Verdana, Geneva, sans-serif;text-align: justify\" \/><br style=\"line-height: inherit;color: #555555;font-family: 'Trebuchet MS', Verdana, Geneva, sans-serif;text-align: justify\" \/><span style=\"font-size: 18px\"><strong style=\"line-height: inherit;color: #555555;font-family: 'Trebuchet MS', Verdana, Geneva, sans-serif;text-align: justify\">Osasco 2020\/21 &#8211;<\/strong><span style=\"color: #555555;font-family: 'Trebuchet MS', Verdana, Geneva, sans-serif;text-align: justify\">\u00a0Em quadra, Luizomar conta com a pot\u00eancia ofensiva de Tandara e Tainara; a efici\u00eancia nos bloqueios das centrais Bia e Mayany, a regularidade no fundo de quadra de Jaque e Camila Brait e a habilidade de Roberta na arma\u00e7\u00e3o das jogadas. Completam o grupo do Osasco S\u00e3o Crist\u00f3v\u00e3o Sa\u00fade as ponteiras Gabi C\u00e2ndido, Sonaly e Ana Medina; a centrais Camila Paracatu e Karyna Malachias; as levantadoras Naiane e Amanda, a l\u00edbero Kika e a oposta Karine Schossler.<\/span><\/span><br style=\"line-height: inherit;color: #555555;font-family: 'Trebuchet MS', Verdana, Geneva, sans-serif;text-align: justify\" \/><br style=\"line-height: inherit;color: #555555;font-family: 'Trebuchet MS', Verdana, Geneva, sans-serif;text-align: justify\" \/><span style=\"font-size: 18px\"><strong style=\"line-height: inherit;color: #555555;font-family: 'Trebuchet MS', Verdana, Geneva, sans-serif;text-align: justify\">SUPERLIGA 2020\/21<br style=\"line-height: inherit\" \/><br style=\"line-height: inherit\" \/>PRIMEIRO TURNO<br style=\"line-height: inherit\" \/><\/strong><span style=\"color: #555555;font-family: 'Trebuchet MS', Verdana, Geneva, sans-serif;text-align: justify\">9\/11 &#8211; Curitiba V\u00f4lei 1 X 3\u00a0<\/span><strong style=\"line-height: inherit;color: #555555;font-family: 'Trebuchet MS', Verdana, Geneva, sans-serif;text-align: justify\">OSASCO S\u00c3O CRISTOV\u00c3O SA\u00daDE<\/strong><span style=\"color: #555555;font-family: 'Trebuchet MS', Verdana, Geneva, sans-serif;text-align: justify\">\u00a0&#8211; Curitiba\/PR<\/span><\/span><br style=\"line-height: inherit;color: #555555;font-family: 'Trebuchet MS', Verdana, Geneva, sans-serif;text-align: justify\" \/><span style=\"font-size: 18px\"><span style=\"color: #555555;font-family: 'Trebuchet MS', Verdana, Geneva, sans-serif;text-align: justify\">13\/11 \u2013\u00a0<\/span><strong style=\"line-height: inherit;color: #555555;font-family: 'Trebuchet MS', Verdana, Geneva, sans-serif;text-align: justify\">OSASCO S\u00c3O CRISTOV\u00c3O SA\u00daDE<\/strong><span style=\"color: #555555;font-family: 'Trebuchet MS', Verdana, Geneva, sans-serif;text-align: justify\">\u00a03 X 0 Fluminense \u2013 Osasco\/SP<\/span><\/span><br style=\"line-height: inherit;color: #555555;font-family: 'Trebuchet MS', Verdana, Geneva, sans-serif;text-align: justify\" \/><span style=\"font-size: 18px\"><span style=\"color: #555555;font-family: 'Trebuchet MS', Verdana, Geneva, sans-serif;text-align: justify\">17\/11 \u2013 S\u00e3o Paulo\/Barueri 0 X 3\u00a0<\/span><strong style=\"line-height: inherit;color: #555555;font-family: 'Trebuchet MS', Verdana, Geneva, sans-serif;text-align: justify\">OSASCO S\u00c3O CRISTOV\u00c3O SA\u00daDE<\/strong><span style=\"color: #555555;font-family: 'Trebuchet MS', Verdana, Geneva, sans-serif;text-align: justify\">\u00a0\u2013 Barueri\/SP<\/span><\/span><br style=\"line-height: inherit;color: #555555;font-family: 'Trebuchet MS', Verdana, Geneva, sans-serif;text-align: justify\" \/><span style=\"font-size: 18px\"><span style=\"color: #555555;font-family: 'Trebuchet MS', Verdana, Geneva, sans-serif;text-align: justify\">20\/11 \u2013 S\u00e3o Jos\u00e9 dos Pinhais\/AIEL 0 X 3\u00a0<\/span><strong style=\"line-height: inherit;color: #555555;font-family: 'Trebuchet MS', Verdana, Geneva, sans-serif;text-align: justify\">OSASCO S\u00c3O CRISTOV\u00c3O SA\u00daDE<\/strong><span style=\"color: #555555;font-family: 'Trebuchet MS', Verdana, Geneva, sans-serif;text-align: justify\">\u00a0\u2013 S\u00e3o Jos\u00e9 dos Pinhais\/PR<\/span><\/span><br style=\"line-height: inherit;color: #555555;font-family: 'Trebuchet MS', Verdana, Geneva, sans-serif;text-align: justify\" \/><span style=\"font-size: 18px\"><span style=\"color: #555555;font-family: 'Trebuchet MS', Verdana, Geneva, sans-serif;text-align: justify\">24\/11 \u2013\u00a0<\/span><strong style=\"line-height: inherit;color: #555555;font-family: 'Trebuchet MS', Verdana, Geneva, sans-serif;text-align: justify\">OSASCO S\u00c3O CRISTOV\u00c3O SA\u00daDE<\/strong><span style=\"color: #555555;font-family: 'Trebuchet MS', Verdana, Geneva, sans-serif;text-align: justify\">\u00a03 X 1 Sesi Bauru \u2013 Osasco\/SP<\/span><\/span><br style=\"line-height: inherit;color: #555555;font-family: 'Trebuchet MS', Verdana, Geneva, sans-serif;text-align: justify\" \/><span style=\"font-size: 18px\"><span style=\"color: #555555;font-family: 'Trebuchet MS', Verdana, Geneva, sans-serif;text-align: justify\">27\/11 \u2013 Itamb\u00e9 Minas 0 X 3\u00a0<\/span><strong style=\"line-height: inherit;color: #555555;font-family: 'Trebuchet MS', Verdana, Geneva, sans-serif;text-align: justify\">OSASCO S\u00c3O CRISTOV\u00c3O SA\u00daDE<\/strong><span style=\"color: #555555;font-family: 'Trebuchet MS', Verdana, Geneva, sans-serif;text-align: justify\">\u00a0\u2013 Belo Horizonte\/MG<\/span><\/span><br style=\"line-height: inherit;color: #555555;font-family: 'Trebuchet MS', Verdana, Geneva, sans-serif;text-align: justify\" \/><span style=\"font-size: 18px\"><span style=\"color: #555555;font-family: 'Trebuchet MS', Verdana, Geneva, sans-serif;text-align: justify\">01\/12 \u2013\u00a0<\/span><strong style=\"line-height: inherit;color: #555555;font-family: 'Trebuchet MS', Verdana, Geneva, sans-serif;text-align: justify\">OSASCO S\u00c3O CRISTOV\u00c3O SA\u00daDE<\/strong><span style=\"color: #555555;font-family: 'Trebuchet MS', Verdana, Geneva, sans-serif;text-align: justify\">\u00a03 X 0 Sesc RJ Flamengo \u2013 Osasco\/SP<\/span><\/span><br style=\"line-height: inherit;color: #555555;font-family: 'Trebuchet MS', Verdana, Geneva, sans-serif;text-align: justify\" \/><span style=\"font-size: 18px\"><span style=\"color: #555555;font-family: 'Trebuchet MS', Verdana, Geneva, sans-serif;text-align: justify\">16\/12\u00a0\u2013 19h\u2013 Dentil Praia Clube X\u00a0<\/span><strong style=\"line-height: inherit;color: #555555;font-family: 'Trebuchet MS', Verdana, Geneva, sans-serif;text-align: justify\">OSASCO S\u00c3O CRISTOV\u00c3O SA\u00daDE<\/strong><span style=\"color: #555555;font-family: 'Trebuchet MS', Verdana, Geneva, sans-serif;text-align: justify\">\u00a0\u2013 Uberl\u00e2ndia\/MG (Sportv)<\/span><\/span><br style=\"line-height: inherit;color: #555555;font-family: 'Trebuchet MS', Verdana, Geneva, sans-serif;text-align: justify\" \/><span style=\"font-size: 18px\"><span style=\"color: #555555;font-family: 'Trebuchet MS', Verdana, Geneva, sans-serif;text-align: justify\">12\/12 \u2013\u00a0<\/span><strong style=\"line-height: inherit;color: #555555;font-family: 'Trebuchet MS', Verdana, Geneva, sans-serif;text-align: justify\">OSASCO S\u00c3O CRISTOV\u00c3O SA\u00daDE<\/strong><span style=\"color: #555555;font-family: 'Trebuchet MS', Verdana, Geneva, sans-serif;text-align: justify\">\u00a02 X 3 Bras\u00edlia V\u00f4lei \u2013 Osasco\/SP<\/span><\/span><br style=\"line-height: inherit;color: #555555;font-family: 'Trebuchet MS', Verdana, Geneva, sans-serif;text-align: justify\" \/><span style=\"font-size: 18px\"><span style=\"color: #555555;font-family: 'Trebuchet MS', Verdana, Geneva, sans-serif;text-align: justify\">19\/12 \u2013 19h \u2013 S\u00e3o Caetano X\u00a0<\/span><strong style=\"line-height: inherit;color: #555555;font-family: 'Trebuchet MS', Verdana, Geneva, sans-serif;text-align: justify\">OSASCO S\u00c3O CRISTOV\u00c3O SA\u00daDE<\/strong><span style=\"color: #555555;font-family: 'Trebuchet MS', Verdana, Geneva, sans-serif;text-align: justify\">\u00a0\u2013 S\u00e3o Caetano do Sul\/SP (SporTV)<\/span><\/span><br style=\"line-height: inherit;color: #555555;font-family: 'Trebuchet MS', Verdana, Geneva, sans-serif;text-align: justify\" \/><span style=\"font-size: 18px\"><span style=\"color: #555555;font-family: 'Trebuchet MS', Verdana, Geneva, sans-serif;text-align: justify\">23\/12 \u2013 19h \u2013\u00a0<\/span><strong style=\"line-height: inherit;color: #555555;font-family: 'Trebuchet MS', Verdana, Geneva, sans-serif;text-align: justify\">OSASCO S\u00c3O CRISTOV\u00c3O SA\u00daDE<\/strong><span style=\"color: #555555;font-family: 'Trebuchet MS', Verdana, Geneva, sans-serif;text-align: justify\">\u00a0X Pinheiros \u2013 Osasco\/SP (SporTV)<\/span><\/span><\/p>\n<p><span style=\"color: #555555;font-family: 'Trebuchet MS', Verdana, Geneva, sans-serif;text-align: justify;font-size: 18px\">(Assessoria)<\/span><\/p>\n","protected":false},"excerpt":{"rendered":"<p>Em uma noite de altos e baixos, Osasco S\u00e3o Crist\u00f3v\u00e3o Sa\u00fade foi superado pelo Bras\u00edlia V\u00f4lei neste s\u00e1bado (12), no gin\u00e1sio Jos\u00e9 Liberatti. Ap\u00f3s vencer o primeiro set com facilidade, a equipe de Tandara, Jaque, Camila Brait e cia. tomou a virada do advers\u00e1rio, que venceu por 3 sets a 2, parciais de 15\/25, 25\/16, [&hellip;]<\/p>\n","protected":false},"author":6307,"featured_media":42329,"comment_status":"closed","ping_status":"open","sticky":false,"template":"","format":"standard","meta":{"_exactmetrics_skip_tracking":false,"_exactmetrics_sitenote_active":false,"_exactmetrics_sitenote_note":"","_exactmetrics_sitenote_category":0,"footnotes":""},"categories":[4550],"tags":[9348,3842],"yoast_head":"<!-- This site is optimized with the Yoast SEO Premium plugin v22.7 (Yoast SEO v22.7) - https:\/\/yoast.com\/wordpress\/plugins\/seo\/ -->\n<title>R\u00c1DIO MARING\u00c1 - Osasco assume a lideran\u00e7a da Superliga feminina 2020\/21 - Orlando Gonzalez<\/title>\n<meta name=\"robots\" content=\"index, follow, max-snippet:-1, max-image-preview:large, max-video-preview:-1\" \/>\n<link rel=\"canonical\" href=\"https:\/\/maringapost.com.br\/orlandogonzalez\/2020\/12\/13\/radio-maringa-osasco-assume-a-lideranca-da-superliga-feminina-2020-21\/\" \/>\n<meta property=\"og:locale\" content=\"pt_BR\" \/>\n<meta property=\"og:type\" content=\"article\" \/>\n<meta property=\"og:title\" content=\"R\u00c1DIO MARING\u00c1 - Osasco assume a lideran\u00e7a da Superliga feminina 2020\/21\" \/>\n<meta property=\"og:description\" content=\"Em uma noite de altos e baixos, Osasco S\u00e3o Crist\u00f3v\u00e3o Sa\u00fade foi superado pelo Bras\u00edlia V\u00f4lei neste s\u00e1bado (12), no gin\u00e1sio Jos\u00e9 Liberatti. Ap\u00f3s vencer o primeiro set com facilidade, a equipe de Tandara, Jaque, Camila Brait e cia. tomou a virada do advers\u00e1rio, que venceu por 3 sets a 2, parciais de 15\/25, 25\/16, [&hellip;]\" \/>\n<meta property=\"og:url\" content=\"https:\/\/maringapost.com.br\/orlandogonzalez\/2020\/12\/13\/radio-maringa-osasco-assume-a-lideranca-da-superliga-feminina-2020-21\/\" \/>\n<meta property=\"og:site_name\" content=\"Orlando Gonzalez\" \/>\n<meta property=\"article:author\" content=\"https:\/\/www.facebook.com\/profile.php?id=100011095815065\" \/>\n<meta property=\"article:published_time\" content=\"2020-12-13T16:21:04+00:00\" \/>\n<meta property=\"og:image\" content=\"https:\/\/maringapost.com.br\/orlandogonzalez\/wp-content\/uploads\/sites\/17\/2020\/12\/387328_958965_timeunido.jpeg\" \/>\n\t<meta property=\"og:image:width\" content=\"1280\" \/>\n\t<meta property=\"og:image:height\" content=\"847\" \/>\n\t<meta property=\"og:image:type\" content=\"image\/jpeg\" \/>\n<meta name=\"author\" content=\"Orlando Gonzalez\" \/>\n<meta name=\"twitter:card\" content=\"summary_large_image\" \/>\n<meta name=\"twitter:creator\" content=\"@gonzalezorlando\" \/>\n<meta name=\"twitter:label1\" content=\"Escrito por\" \/>\n\t<meta name=\"twitter:data1\" content=\"\" \/>\n\t<meta name=\"twitter:label2\" content=\"Est. tempo de leitura\" \/>\n\t<meta name=\"twitter:data2\" content=\"5 minutos\" \/>\n<script type=\"application\/ld+json\" class=\"yoast-schema-graph\">{\"@context\":\"https:\/\/schema.org\",\"@graph\":[{\"@type\":\"WebPage\",\"@id\":\"https:\/\/maringapost.com.br\/orlandogonzalez\/2020\/12\/13\/radio-maringa-osasco-assume-a-lideranca-da-superliga-feminina-2020-21\/\",\"url\":\"https:\/\/maringapost.com.br\/orlandogonzalez\/2020\/12\/13\/radio-maringa-osasco-assume-a-lideranca-da-superliga-feminina-2020-21\/\",\"name\":\"R\u00c1DIO MARING\u00c1 - Osasco assume a lideran\u00e7a da Superliga feminina 2020\/21 - Orlando Gonzalez\",\"isPartOf\":{\"@id\":\"https:\/\/maringapost.com.br\/orlandogonzalez\/#website\"},\"primaryImageOfPage\":{\"@id\":\"https:\/\/maringapost.com.br\/orlandogonzalez\/2020\/12\/13\/radio-maringa-osasco-assume-a-lideranca-da-superliga-feminina-2020-21\/#primaryimage\"},\"image\":{\"@id\":\"https:\/\/maringapost.com.br\/orlandogonzalez\/2020\/12\/13\/radio-maringa-osasco-assume-a-lideranca-da-superliga-feminina-2020-21\/#primaryimage\"},\"thumbnailUrl\":\"https:\/\/maringapost.com.br\/orlandogonzalez\/wp-content\/uploads\/sites\/17\/2020\/12\/387328_958965_timeunido.jpeg\",\"datePublished\":\"2020-12-13T16:21:04+00:00\",\"dateModified\":\"2020-12-13T16:21:04+00:00\",\"author\":{\"@id\":\"https:\/\/maringapost.com.br\/orlandogonzalez\/#\/schema\/person\/5cbe6257d08edea6afc9ebaa613b0633\"},\"inLanguage\":\"pt-BR\",\"potentialAction\":[{\"@type\":\"ReadAction\",\"target\":[\"https:\/\/maringapost.com.br\/orlandogonzalez\/2020\/12\/13\/radio-maringa-osasco-assume-a-lideranca-da-superliga-feminina-2020-21\/\"]}]},{\"@type\":\"ImageObject\",\"inLanguage\":\"pt-BR\",\"@id\":\"https:\/\/maringapost.com.br\/orlandogonzalez\/2020\/12\/13\/radio-maringa-osasco-assume-a-lideranca-da-superliga-feminina-2020-21\/#primaryimage\",\"url\":\"https:\/\/maringapost.com.br\/orlandogonzalez\/wp-content\/uploads\/sites\/17\/2020\/12\/387328_958965_timeunido.jpeg\",\"contentUrl\":\"https:\/\/maringapost.com.br\/orlandogonzalez\/wp-content\/uploads\/sites\/17\/2020\/12\/387328_958965_timeunido.jpeg\",\"width\":1280,\"height\":847},{\"@type\":\"WebSite\",\"@id\":\"https:\/\/maringapost.com.br\/orlandogonzalez\/#website\",\"url\":\"https:\/\/maringapost.com.br\/orlandogonzalez\/\",\"name\":\"Orlando Gonzalez\",\"description\":\"Destaca o esporte de Maring\u00e1! Destaca o esporte do Paran\u00e1! Destaca o esporte do Brasil!\",\"potentialAction\":[{\"@type\":\"SearchAction\",\"target\":{\"@type\":\"EntryPoint\",\"urlTemplate\":\"https:\/\/maringapost.com.br\/orlandogonzalez\/?s={search_term_string}\"},\"query-input\":\"required name=search_term_string\"}],\"inLanguage\":\"pt-BR\"},{\"@type\":\"Person\",\"@id\":\"https:\/\/maringapost.com.br\/orlandogonzalez\/#\/schema\/person\/5cbe6257d08edea6afc9ebaa613b0633\",\"name\":\"Orlando Gonzalez\",\"image\":{\"@type\":\"ImageObject\",\"inLanguage\":\"pt-BR\",\"@id\":\"https:\/\/maringapost.com.br\/orlandogonzalez\/#\/schema\/person\/image\/\",\"url\":\"https:\/\/secure.gravatar.com\/avatar\/ecef9d1c9afe5ebdafadde8369065ba5?s=96&d=mm&r=g\",\"contentUrl\":\"https:\/\/secure.gravatar.com\/avatar\/ecef9d1c9afe5ebdafadde8369065ba5?s=96&d=mm&r=g\",\"caption\":\"Orlando Gonzalez\"},\"description\":\"H\u00e1 29 anos na cobertura do esporte de Maring\u00e1. Plant\u00e3o e narrador esportivo. Presta\u00e7\u00e3o de assessoria de imprensa esportiva, cobertura e transmiss\u00f5es ao vivo de eventos esportivos. E-mail: orlandogonzalez.assessoria@gmail.com WhatsApp: (44) 9 9126-6119\",\"sameAs\":[\"http:\/\/www.radiomaringa.com.br\/\",\"https:\/\/www.facebook.com\/profile.php?id=100011095815065\",\"https:\/\/www.instagram.com\/orlandomgonzalez\/\",\"https:\/\/br.pinterest.com\/ogonzalez0530\/\",\"https:\/\/x.com\/gonzalezorlando\",\"https:\/\/www.youtube.com\/channel\/UCvFpl55btth8wjnKiSS1ibA\",\"https:\/\/radiomaringaweb.tumblr.com\/\"],\"url\":\"https:\/\/maringapost.com.br\/orlandogonzalez\/author\/orlando\/\"}]}<\/script>\n<!-- \/ Yoast SEO Premium plugin. -->","yoast_head_json":{"title":"R\u00c1DIO MARING\u00c1 - Osasco assume a lideran\u00e7a da Superliga feminina 2020\/21 - Orlando Gonzalez","robots":{"index":"index","follow":"follow","max-snippet":"max-snippet:-1","max-image-preview":"max-image-preview:large","max-video-preview":"max-video-preview:-1"},"canonical":"https:\/\/maringapost.com.br\/orlandogonzalez\/2020\/12\/13\/radio-maringa-osasco-assume-a-lideranca-da-superliga-feminina-2020-21\/","og_locale":"pt_BR","og_type":"article","og_title":"R\u00c1DIO MARING\u00c1 - Osasco assume a lideran\u00e7a da Superliga feminina 2020\/21","og_description":"Em uma noite de altos e baixos, Osasco S\u00e3o Crist\u00f3v\u00e3o Sa\u00fade foi superado pelo Bras\u00edlia V\u00f4lei neste s\u00e1bado (12), no gin\u00e1sio Jos\u00e9 Liberatti. Ap\u00f3s vencer o primeiro set com facilidade, a equipe de Tandara, Jaque, Camila Brait e cia. tomou a virada do advers\u00e1rio, que venceu por 3 sets a 2, parciais de 15\/25, 25\/16, [&hellip;]","og_url":"https:\/\/maringapost.com.br\/orlandogonzalez\/2020\/12\/13\/radio-maringa-osasco-assume-a-lideranca-da-superliga-feminina-2020-21\/","og_site_name":"Orlando Gonzalez","article_author":"https:\/\/www.facebook.com\/profile.php?id=100011095815065","article_published_time":"2020-12-13T16:21:04+00:00","og_image":[{"width":1280,"height":847,"url":"https:\/\/maringapost.com.br\/orlandogonzalez\/wp-content\/uploads\/sites\/17\/2020\/12\/387328_958965_timeunido.jpeg","type":"image\/jpeg"}],"author":"Orlando Gonzalez","twitter_card":"summary_large_image","twitter_creator":"@gonzalezorlando","twitter_misc":{"Escrito por":false,"Est. tempo de leitura":"5 minutos"},"schema":{"@context":"https:\/\/schema.org","@graph":[{"@type":"WebPage","@id":"https:\/\/maringapost.com.br\/orlandogonzalez\/2020\/12\/13\/radio-maringa-osasco-assume-a-lideranca-da-superliga-feminina-2020-21\/","url":"https:\/\/maringapost.com.br\/orlandogonzalez\/2020\/12\/13\/radio-maringa-osasco-assume-a-lideranca-da-superliga-feminina-2020-21\/","name":"R\u00c1DIO MARING\u00c1 - Osasco assume a lideran\u00e7a da Superliga feminina 2020\/21 - Orlando Gonzalez","isPartOf":{"@id":"https:\/\/maringapost.com.br\/orlandogonzalez\/#website"},"primaryImageOfPage":{"@id":"https:\/\/maringapost.com.br\/orlandogonzalez\/2020\/12\/13\/radio-maringa-osasco-assume-a-lideranca-da-superliga-feminina-2020-21\/#primaryimage"},"image":{"@id":"https:\/\/maringapost.com.br\/orlandogonzalez\/2020\/12\/13\/radio-maringa-osasco-assume-a-lideranca-da-superliga-feminina-2020-21\/#primaryimage"},"thumbnailUrl":"https:\/\/maringapost.com.br\/orlandogonzalez\/wp-content\/uploads\/sites\/17\/2020\/12\/387328_958965_timeunido.jpeg","datePublished":"2020-12-13T16:21:04+00:00","dateModified":"2020-12-13T16:21:04+00:00","author":{"@id":"https:\/\/maringapost.com.br\/orlandogonzalez\/#\/schema\/person\/5cbe6257d08edea6afc9ebaa613b0633"},"inLanguage":"pt-BR","potentialAction":[{"@type":"ReadAction","target":["https:\/\/maringapost.com.br\/orlandogonzalez\/2020\/12\/13\/radio-maringa-osasco-assume-a-lideranca-da-superliga-feminina-2020-21\/"]}]},{"@type":"ImageObject","inLanguage":"pt-BR","@id":"https:\/\/maringapost.com.br\/orlandogonzalez\/2020\/12\/13\/radio-maringa-osasco-assume-a-lideranca-da-superliga-feminina-2020-21\/#primaryimage","url":"https:\/\/maringapost.com.br\/orlandogonzalez\/wp-content\/uploads\/sites\/17\/2020\/12\/387328_958965_timeunido.jpeg","contentUrl":"https:\/\/maringapost.com.br\/orlandogonzalez\/wp-content\/uploads\/sites\/17\/2020\/12\/387328_958965_timeunido.jpeg","width":1280,"height":847},{"@type":"WebSite","@id":"https:\/\/maringapost.com.br\/orlandogonzalez\/#website","url":"https:\/\/maringapost.com.br\/orlandogonzalez\/","name":"Orlando Gonzalez","description":"Destaca o esporte de Maring\u00e1! Destaca o esporte do Paran\u00e1! Destaca o esporte do Brasil!","potentialAction":[{"@type":"SearchAction","target":{"@type":"EntryPoint","urlTemplate":"https:\/\/maringapost.com.br\/orlandogonzalez\/?s={search_term_string}"},"query-input":"required name=search_term_string"}],"inLanguage":"pt-BR"},{"@type":"Person","@id":"https:\/\/maringapost.com.br\/orlandogonzalez\/#\/schema\/person\/5cbe6257d08edea6afc9ebaa613b0633","name":"Orlando Gonzalez","image":{"@type":"ImageObject","inLanguage":"pt-BR","@id":"https:\/\/maringapost.com.br\/orlandogonzalez\/#\/schema\/person\/image\/","url":"https:\/\/secure.gravatar.com\/avatar\/ecef9d1c9afe5ebdafadde8369065ba5?s=96&d=mm&r=g","contentUrl":"https:\/\/secure.gravatar.com\/avatar\/ecef9d1c9afe5ebdafadde8369065ba5?s=96&d=mm&r=g","caption":"Orlando Gonzalez"},"description":"H\u00e1 29 anos na cobertura do esporte de Maring\u00e1. Plant\u00e3o e narrador esportivo. Presta\u00e7\u00e3o de assessoria de imprensa esportiva, cobertura e transmiss\u00f5es ao vivo de eventos esportivos. E-mail: orlandogonzalez.assessoria@gmail.com WhatsApp: (44) 9 9126-6119","sameAs":["http:\/\/www.radiomaringa.com.br\/","https:\/\/www.facebook.com\/profile.php?id=100011095815065","https:\/\/www.instagram.com\/orlandomgonzalez\/","https:\/\/br.pinterest.com\/ogonzalez0530\/","https:\/\/x.com\/gonzalezorlando","https:\/\/www.youtube.com\/channel\/UCvFpl55btth8wjnKiSS1ibA","https:\/\/radiomaringaweb.tumblr.com\/"],"url":"https:\/\/maringapost.com.br\/orlandogonzalez\/author\/orlando\/"}]}},"_links":{"self":[{"href":"https:\/\/maringapost.com.br\/orlandogonzalez\/wp-json\/wp\/v2\/posts\/42328"}],"collection":[{"href":"https:\/\/maringapost.com.br\/orlandogonzalez\/wp-json\/wp\/v2\/posts"}],"about":[{"href":"https:\/\/maringapost.com.br\/orlandogonzalez\/wp-json\/wp\/v2\/types\/post"}],"author":[{"embeddable":true,"href":"https:\/\/maringapost.com.br\/orlandogonzalez\/wp-json\/wp\/v2\/users\/6307"}],"replies":[{"embeddable":true,"href":"https:\/\/maringapost.com.br\/orlandogonzalez\/wp-json\/wp\/v2\/comments?post=42328"}],"version-history":[{"count":1,"href":"https:\/\/maringapost.com.br\/orlandogonzalez\/wp-json\/wp\/v2\/posts\/42328\/revisions"}],"predecessor-version":[{"id":42330,"href":"https:\/\/maringapost.com.br\/orlandogonzalez\/wp-json\/wp\/v2\/posts\/42328\/revisions\/42330"}],"wp:featuredmedia":[{"embeddable":true,"href":"https:\/\/maringapost.com.br\/orlandogonzalez\/wp-json\/wp\/v2\/media\/42329"}],"wp:attachment":[{"href":"https:\/\/maringapost.com.br\/orlandogonzalez\/wp-json\/wp\/v2\/media?parent=42328"}],"wp:term":[{"taxonomy":"category","embeddable":true,"href":"https:\/\/maringapost.com.br\/orlandogonzalez\/wp-json\/wp\/v2\/categories?post=42328"},{"taxonomy":"post_tag","embeddable":true,"href":"https:\/\/maringapost.com.br\/orlandogonzalez\/wp-json\/wp\/v2\/tags?post=42328"}],"curies":[{"name":"wp","href":"https:\/\/api.w.org\/{rel}","templated":true}]}}