{"id":42227,"date":"2020-12-01T13:29:04","date_gmt":"2020-12-01T16:29:04","guid":{"rendered":"http:\/\/maringapost.com.br\/orlandogonzalez\/?p=42227"},"modified":"2020-12-01T16:17:54","modified_gmt":"2020-12-01T19:17:54","slug":"radio-maringa-nissan-e-dams-pronta-para-os-testes-de-pre-temporada-da-formula-e","status":"publish","type":"post","link":"https:\/\/maringapost.com.br\/orlandogonzalez\/2020\/12\/01\/radio-maringa-nissan-e-dams-pronta-para-os-testes-de-pre-temporada-da-formula-e\/","title":{"rendered":"R\u00c1DIO MARING\u00c1 &#8211; Nissan e.dams pronta para os testes de pr\u00e9-temporada da F\u00f3rmula E"},"content":{"rendered":"<p>S\u00e9bastien Buemi e Oliver Rowland, pilotos da equipe Nissan e.dams, completaram at\u00e9 agora mais de 250 voltas e acumularam uma quantidade significativa de dados de desempenho com seus carros de corrida que disputar\u00e3o o Campeonato Mundial ABB FIA de F\u00f3rmula E. Esses testes oficiais de pr\u00e9-temporada duraram quatro dias e foram realizados no Circuito Ricardo Tormo, em Val\u00eancia, na Espanha<a href=\"https:\/\/radiomaringa.com.br\/\" target=\"_blank\" rel=\"noopener noreferrer\">.<\/a><\/p>\n<p>Nos preparativos para a s\u00e9tima temporada, a terceira em que a dupla compete junto com a equipe Nissan e.dams, Buemi e Rowland mantiveram os n\u00fameros 23 e 22 para os seus respectivos carros. Entretanto, para prestar uma homenagem a dois dos melhores ve\u00edculos 100% el\u00e9tricos de produ\u00e7\u00e3o em s\u00e9rie da Nissan, os carros de corrida 100% el\u00e9tricos dos pilotos foram rebatizados de &#8216;Nissan Ariya&#8217; (carro n\u00ba 23) e &#8216;Nissan LEAF&#8217; (carro n\u00ba 22). Os carros competir\u00e3o com seus novos nomes e os j\u00e1 conhecidos n\u00fameros durante toda a s\u00e9tima temporada.<\/p>\n<p>Durante os testes, Tommaso Volpe, diretor mundial de esportes a motor na Nissan, apresentou a equipe, os pilotos e os carros de corrida atualizados.<\/p>\n<p>&#8220;\u00c9 muito bacana estar aqui em Val\u00eancia com a equipe para testar e desenvolver nosso carro de corrida durante os preparativos para a s\u00e9tima temporada&#8221;, comentou. &#8220;O ano de 2020 foi significativo para n\u00f3s. Estamos comemorando nosso segundo lugar na sexta temporada correndo como Nissan e.dams. Na Nissan, tamb\u00e9m estamos comemorando dez anos desde que lan\u00e7amos o Nissan LEAF, o primeiro carro 100% el\u00e9trico produzido em massa no mundo, com 500 mil unidades fabricadas at\u00e9 agora&#8221;.<\/p>\n<p>&#8220;Tamb\u00e9m lan\u00e7amos nosso novo Ariya, um SUV 100% el\u00e9trico. J\u00e1 produzimos carros el\u00e9tricos h\u00e1 70 anos. Por isso, para comemorar o nosso passado, presente e futuro em ve\u00edculos el\u00e9tricos, vamos batizar nossos carros de corrida com os nomes &#8216;Nissan Ariya&#8217; e &#8216;Nissan LEAF&#8217;. Para a Nissan, a F\u00f3rmula E \u00e9 a \u00faltima palavra em testes e um terreno de prova para continuar a construir nossa expertise em ve\u00edculos el\u00e9tricos&#8221;.<\/p>\n<p>A Nissan est\u00e1 competindo na F\u00f3rmula E para demonstrar sua vis\u00e3o\u00a0<em>Nissan Intelligent Mobility<\/em>, para mudar a forma como os ve\u00edculos s\u00e3o propulsionados, conduzidos e integrados \u00e0 sociedade, e para levar a emo\u00e7\u00e3o da performance potente de seus ve\u00edculos el\u00e9tricos aos f\u00e3s do automobilismo esportivo em todo o mundo.<\/p>\n<p>&#8220;Estamos muito felizes de trabalhar com a Nissan novamente pela s\u00e9tima temporada&#8221;, comentou Gregory Driot, codiretor da equipe Nissan e.dams. &#8220;Mais uma vez, damos os parab\u00e9ns a toda a equipe por ter conquistado o segundo lugar no campeonato de equipes em um ano t\u00e3o desafiador. Tamb\u00e9m quero expressar toda nossa emo\u00e7\u00e3o por ter o S\u00e9b e o Oli correndo pela nossa equipe mais uma vez. E, \u00e9 claro, enquanto concentramos nossa aten\u00e7\u00e3o na s\u00e9tima temporada, quero agradecer aos nossos brilhantes parceiros, as empresas Shell, Richard Mille, LEMO e CFI. O comprometimento e as contribui\u00e7\u00f5es de todos eles nos ajudam a atingir nossos objetivos a cada dia&#8221;.<\/p>\n<p>A Nissan e.dams aproveita para expressar nossos sinceros agradecimentos aos nossos parceiros.<\/p>\n<p><strong>DECLARA\u00c7\u00d5ES DOS PARCEIROS<\/strong><\/p>\n<p><strong>SHELL<\/strong><\/p>\n<p>&#8220;\u00c9 com grande emo\u00e7\u00e3o que embarcamos em mais uma temporada na F\u00f3rmula E junto com nossos parceiros da Nissan e.dams. A Shell sempre teve como foco apoiar nossos clientes na transi\u00e7\u00e3o para solu\u00e7\u00f5es de energia mais limpas, incentivando a ado\u00e7\u00e3o de ve\u00edculos com baixas emiss\u00f5es, como os ve\u00edculos el\u00e9tricos, como uma forma eficaz de reduzir as emiss\u00f5es dos transportes. 2021 ser\u00e1 um ano emocionante&#8221;.<\/p>\n<p>&#8220;A Nissan compartilha nossas ambi\u00e7\u00f5es de entregar inova\u00e7\u00f5es tecnol\u00f3gicas das pistas para todos os clientes de ve\u00edculos el\u00e9tricos e isso \u00e9 demonstrado na continua\u00e7\u00e3o da nossa parceria. A s\u00e9tima temporada marca nossa terceira temporada trabalhando junto com a equipe e, ap\u00f3s o sucesso da \u00faltima, n\u00e3o vemos a hora de conferir at\u00e9 onde poderemos chegar juntos neste ano&#8221;.<br \/>\n\u2013\u00a0<em>Joerg Wienke, Vice-Presidente Global de Marketing de Varejo da Shell<\/em><\/p>\n<p><strong>RICHARD MILLE<\/strong><\/p>\n<p>&#8220;No passado, nossa aten\u00e7\u00e3o se concentrou na era de ouro das competi\u00e7\u00f5es do s\u00e9culo XX \u2013 quando pilotos e desenvolvedores de ve\u00edculos abriam caminho para o progresso extrapolando os limites dos par\u00e2metros t\u00e9cnicos do motor a combust\u00e3o. Hoje, em vez de simplesmente nos contentarmos com uma longa hist\u00f3ria e conquistas nas competi\u00e7\u00f5es, chegou a hora de cuidar do presente, para construir ativamente o futuro da hist\u00f3ria das corridas \u2013 junto com a Nissan e.dams, para que possamos avan\u00e7ar explorando juntos os mais novos progressos tecnol\u00f3gicos dispon\u00edveis para as competi\u00e7\u00f5es automobil\u00edsticas, no s\u00e9culo 21 e al\u00e9m&#8221;.<br \/>\n\u2013\u00a0<em>RICHARD MILLE Company<\/em><\/p>\n<p><strong>CFI<\/strong><\/p>\n<p>&#8220;Na CFI, temos orgulho de continuar nossa parceria com a Nissan e.dams na s\u00e9tima temporada e estamos ansiosos para ver a equipe entregar outra performance consistente. Assim como o p\u00fablico mundial que acompanha a Nissan e.dams, na CFI somos grandes f\u00e3s do automobilismo esportivo e temos uma hist\u00f3ria de patroc\u00ednio de pilotos, equipes e campeonatos. Sentimos que existe uma grande fus\u00e3o entre as compet\u00eancias-chave e as emo\u00e7\u00f5es envolvidas nas corridas e nas negocia\u00e7\u00f5es. No n\u00edvel dos pilotos, saber quando entrar em uma curva, atingir a pot\u00eancia m\u00e1xima e pisar fundo reflete as compet\u00eancias de um trader, que precisa saber quando abrir um neg\u00f3cio, quando monitorar e quando fechar. Ambas as atividades podem ser apaixonantes, emocionantes e dependem muito de tecnologias de classe mundial e uma equipe de especialistas para entregar a estrat\u00e9gia certa&#8221;.<\/p>\n<p>&#8220;No n\u00edvel pessoal, acreditamos que a paix\u00e3o da Nissan em criar experi\u00eancias inovadoras de condu\u00e7\u00e3o ao mesmo tempo em que mant\u00e9m um compromisso com solu\u00e7\u00f5es zero emiss\u00e3o de poluentes est\u00e1 em linha com nossas pr\u00f3prias ambi\u00e7\u00f5es de entregar a \u00faltima palavra em experi\u00eancias de trading, com trading zero emiss\u00e3o&#8221;.<\/p>\n<p>&#8220;Tenho certeza que a s\u00e9tima temporada vai trazer ainda mais sucesso para a equipe e estaremos assistindo cada corrida&#8221;.<br \/>\n<em>\u2013 Hisham Mansour, Fundador &amp; Diretor Geral, CFI Financial Group<\/em><\/p>\n<p><strong>COMENT\u00c1RIOS DOS PILOTOS<\/strong><\/p>\n<p><strong>S\u00e9bastien Buemi<\/strong><\/p>\n<p>&#8220;\u00c9 um orgulho e uma grande alegria estar novamente com a Nissan e.dams e \u00e9 muito bacana estar de novo com meu parceiro de corrida Oli pela terceira temporada. Como equipe, fizemos um grande trabalho na temporada passada, conquistando o segundo lugar no campeonato de equipes, e na s\u00e9tima temporada iremos mais al\u00e9m, dando aquele passo final para terminar em primeiro. Estamos fazendo algumas atualiza\u00e7\u00f5es aqui em Val\u00eancia e estamos usando as voltas de testes para melhorar o carro ainda mais. Estou realmente empolgado para dirigir o meu &#8216;Nissan Ariya&#8217; em Santiago, em janeiro&#8221;.<\/p>\n<p><strong>Oliver Rowland<\/strong><\/p>\n<p>&#8220;Estou bastante orgulhoso e empolgado por continuar com a Nissan e.dams em meu terceiro ano na F\u00f3rmula E e, como sempre, n\u00e3o vejo a hora de correr com o S\u00e9b. No ano passado, terminei de forma positiva, conquistando minha primeira vit\u00f3ria para a equipe na Final em Berlim e, agora, tenho o objetivo de me superar na s\u00e9tima temporada, para conquistar fortes resultados. Estou ansioso para correr no meu &#8216;Nissan LEAF&#8217; no Chile&#8221;.<\/p>\n<p>(Assessoria)<\/p>\n","protected":false},"excerpt":{"rendered":"<p>S\u00e9bastien Buemi e Oliver Rowland, pilotos da equipe Nissan e.dams, completaram at\u00e9 agora mais de 250 voltas e acumularam uma quantidade significativa de dados de desempenho com seus carros de corrida que disputar\u00e3o o Campeonato Mundial ABB FIA de F\u00f3rmula E. Esses testes oficiais de pr\u00e9-temporada duraram quatro dias e foram realizados no Circuito Ricardo [&hellip;]<\/p>\n","protected":false},"author":6307,"featured_media":42228,"comment_status":"closed","ping_status":"open","sticky":false,"template":"","format":"standard","meta":{"_exactmetrics_skip_tracking":false,"_exactmetrics_sitenote_active":false,"_exactmetrics_sitenote_note":"","_exactmetrics_sitenote_category":0,"footnotes":""},"categories":[1267],"tags":[13832,47],"yoast_head":"<!-- This site is optimized with the Yoast SEO Premium plugin v22.7 (Yoast SEO v22.7) - https:\/\/yoast.com\/wordpress\/plugins\/seo\/ -->\n<title>R\u00c1DIO MARING\u00c1 - Nissan e.dams pronta para os testes de pr\u00e9-temporada da F\u00f3rmula E - Orlando Gonzalez<\/title>\n<meta name=\"robots\" content=\"index, follow, max-snippet:-1, max-image-preview:large, max-video-preview:-1\" \/>\n<link rel=\"canonical\" href=\"https:\/\/maringapost.com.br\/orlandogonzalez\/2020\/12\/01\/radio-maringa-nissan-e-dams-pronta-para-os-testes-de-pre-temporada-da-formula-e\/\" \/>\n<meta property=\"og:locale\" content=\"pt_BR\" \/>\n<meta property=\"og:type\" content=\"article\" \/>\n<meta property=\"og:title\" content=\"R\u00c1DIO MARING\u00c1 - Nissan e.dams pronta para os testes de pr\u00e9-temporada da F\u00f3rmula E\" \/>\n<meta property=\"og:description\" content=\"S\u00e9bastien Buemi e Oliver Rowland, pilotos da equipe Nissan e.dams, completaram at\u00e9 agora mais de 250 voltas e acumularam uma quantidade significativa de dados de desempenho com seus carros de corrida que disputar\u00e3o o Campeonato Mundial ABB FIA de F\u00f3rmula E. Esses testes oficiais de pr\u00e9-temporada duraram quatro dias e foram realizados no Circuito Ricardo [&hellip;]\" \/>\n<meta property=\"og:url\" content=\"https:\/\/maringapost.com.br\/orlandogonzalez\/2020\/12\/01\/radio-maringa-nissan-e-dams-pronta-para-os-testes-de-pre-temporada-da-formula-e\/\" \/>\n<meta property=\"og:site_name\" content=\"Orlando Gonzalez\" \/>\n<meta property=\"article:author\" content=\"https:\/\/www.facebook.com\/profile.php?id=100011095815065\" \/>\n<meta property=\"article:published_time\" content=\"2020-12-01T16:29:04+00:00\" \/>\n<meta property=\"article:modified_time\" content=\"2020-12-01T19:17:54+00:00\" \/>\n<meta property=\"og:image\" content=\"https:\/\/maringapost.com.br\/orlandogonzalez\/wp-content\/uploads\/sites\/17\/2020\/12\/nissan77.jpg\" \/>\n\t<meta property=\"og:image:width\" content=\"928\" \/>\n\t<meta property=\"og:image:height\" content=\"619\" \/>\n\t<meta property=\"og:image:type\" content=\"image\/jpeg\" \/>\n<meta name=\"author\" content=\"Orlando Gonzalez\" \/>\n<meta name=\"twitter:card\" content=\"summary_large_image\" \/>\n<meta name=\"twitter:creator\" content=\"@gonzalezorlando\" \/>\n<meta name=\"twitter:label1\" content=\"Escrito por\" \/>\n\t<meta name=\"twitter:data1\" content=\"\" \/>\n\t<meta name=\"twitter:label2\" content=\"Est. tempo de leitura\" \/>\n\t<meta name=\"twitter:data2\" content=\"6 minutos\" \/>\n<script type=\"application\/ld+json\" class=\"yoast-schema-graph\">{\"@context\":\"https:\/\/schema.org\",\"@graph\":[{\"@type\":\"WebPage\",\"@id\":\"https:\/\/maringapost.com.br\/orlandogonzalez\/2020\/12\/01\/radio-maringa-nissan-e-dams-pronta-para-os-testes-de-pre-temporada-da-formula-e\/\",\"url\":\"https:\/\/maringapost.com.br\/orlandogonzalez\/2020\/12\/01\/radio-maringa-nissan-e-dams-pronta-para-os-testes-de-pre-temporada-da-formula-e\/\",\"name\":\"R\u00c1DIO MARING\u00c1 - Nissan e.dams pronta para os testes de pr\u00e9-temporada da F\u00f3rmula E - Orlando Gonzalez\",\"isPartOf\":{\"@id\":\"https:\/\/maringapost.com.br\/orlandogonzalez\/#website\"},\"primaryImageOfPage\":{\"@id\":\"https:\/\/maringapost.com.br\/orlandogonzalez\/2020\/12\/01\/radio-maringa-nissan-e-dams-pronta-para-os-testes-de-pre-temporada-da-formula-e\/#primaryimage\"},\"image\":{\"@id\":\"https:\/\/maringapost.com.br\/orlandogonzalez\/2020\/12\/01\/radio-maringa-nissan-e-dams-pronta-para-os-testes-de-pre-temporada-da-formula-e\/#primaryimage\"},\"thumbnailUrl\":\"https:\/\/maringapost.com.br\/orlandogonzalez\/wp-content\/uploads\/sites\/17\/2020\/12\/nissan77.jpg\",\"datePublished\":\"2020-12-01T16:29:04+00:00\",\"dateModified\":\"2020-12-01T19:17:54+00:00\",\"author\":{\"@id\":\"https:\/\/maringapost.com.br\/orlandogonzalez\/#\/schema\/person\/5cbe6257d08edea6afc9ebaa613b0633\"},\"inLanguage\":\"pt-BR\",\"potentialAction\":[{\"@type\":\"ReadAction\",\"target\":[\"https:\/\/maringapost.com.br\/orlandogonzalez\/2020\/12\/01\/radio-maringa-nissan-e-dams-pronta-para-os-testes-de-pre-temporada-da-formula-e\/\"]}]},{\"@type\":\"ImageObject\",\"inLanguage\":\"pt-BR\",\"@id\":\"https:\/\/maringapost.com.br\/orlandogonzalez\/2020\/12\/01\/radio-maringa-nissan-e-dams-pronta-para-os-testes-de-pre-temporada-da-formula-e\/#primaryimage\",\"url\":\"https:\/\/maringapost.com.br\/orlandogonzalez\/wp-content\/uploads\/sites\/17\/2020\/12\/nissan77.jpg\",\"contentUrl\":\"https:\/\/maringapost.com.br\/orlandogonzalez\/wp-content\/uploads\/sites\/17\/2020\/12\/nissan77.jpg\",\"width\":928,\"height\":619},{\"@type\":\"WebSite\",\"@id\":\"https:\/\/maringapost.com.br\/orlandogonzalez\/#website\",\"url\":\"https:\/\/maringapost.com.br\/orlandogonzalez\/\",\"name\":\"Orlando Gonzalez\",\"description\":\"Destaca o esporte de Maring\u00e1! Destaca o esporte do Paran\u00e1! Destaca o esporte do Brasil!\",\"potentialAction\":[{\"@type\":\"SearchAction\",\"target\":{\"@type\":\"EntryPoint\",\"urlTemplate\":\"https:\/\/maringapost.com.br\/orlandogonzalez\/?s={search_term_string}\"},\"query-input\":\"required name=search_term_string\"}],\"inLanguage\":\"pt-BR\"},{\"@type\":\"Person\",\"@id\":\"https:\/\/maringapost.com.br\/orlandogonzalez\/#\/schema\/person\/5cbe6257d08edea6afc9ebaa613b0633\",\"name\":\"Orlando Gonzalez\",\"image\":{\"@type\":\"ImageObject\",\"inLanguage\":\"pt-BR\",\"@id\":\"https:\/\/maringapost.com.br\/orlandogonzalez\/#\/schema\/person\/image\/\",\"url\":\"https:\/\/secure.gravatar.com\/avatar\/ecef9d1c9afe5ebdafadde8369065ba5?s=96&d=mm&r=g\",\"contentUrl\":\"https:\/\/secure.gravatar.com\/avatar\/ecef9d1c9afe5ebdafadde8369065ba5?s=96&d=mm&r=g\",\"caption\":\"Orlando Gonzalez\"},\"description\":\"H\u00e1 29 anos na cobertura do esporte de Maring\u00e1. Plant\u00e3o e narrador esportivo. Presta\u00e7\u00e3o de assessoria de imprensa esportiva, cobertura e transmiss\u00f5es ao vivo de eventos esportivos. E-mail: orlandogonzalez.assessoria@gmail.com WhatsApp: (44) 9 9126-6119\",\"sameAs\":[\"http:\/\/www.radiomaringa.com.br\/\",\"https:\/\/www.facebook.com\/profile.php?id=100011095815065\",\"https:\/\/www.instagram.com\/orlandomgonzalez\/\",\"https:\/\/br.pinterest.com\/ogonzalez0530\/\",\"https:\/\/x.com\/gonzalezorlando\",\"https:\/\/www.youtube.com\/channel\/UCvFpl55btth8wjnKiSS1ibA\",\"https:\/\/radiomaringaweb.tumblr.com\/\"],\"url\":\"https:\/\/maringapost.com.br\/orlandogonzalez\/author\/orlando\/\"}]}<\/script>\n<!-- \/ Yoast SEO Premium plugin. -->","yoast_head_json":{"title":"R\u00c1DIO MARING\u00c1 - Nissan e.dams pronta para os testes de pr\u00e9-temporada da F\u00f3rmula E - Orlando Gonzalez","robots":{"index":"index","follow":"follow","max-snippet":"max-snippet:-1","max-image-preview":"max-image-preview:large","max-video-preview":"max-video-preview:-1"},"canonical":"https:\/\/maringapost.com.br\/orlandogonzalez\/2020\/12\/01\/radio-maringa-nissan-e-dams-pronta-para-os-testes-de-pre-temporada-da-formula-e\/","og_locale":"pt_BR","og_type":"article","og_title":"R\u00c1DIO MARING\u00c1 - Nissan e.dams pronta para os testes de pr\u00e9-temporada da F\u00f3rmula E","og_description":"S\u00e9bastien Buemi e Oliver Rowland, pilotos da equipe Nissan e.dams, completaram at\u00e9 agora mais de 250 voltas e acumularam uma quantidade significativa de dados de desempenho com seus carros de corrida que disputar\u00e3o o Campeonato Mundial ABB FIA de F\u00f3rmula E. Esses testes oficiais de pr\u00e9-temporada duraram quatro dias e foram realizados no Circuito Ricardo [&hellip;]","og_url":"https:\/\/maringapost.com.br\/orlandogonzalez\/2020\/12\/01\/radio-maringa-nissan-e-dams-pronta-para-os-testes-de-pre-temporada-da-formula-e\/","og_site_name":"Orlando Gonzalez","article_author":"https:\/\/www.facebook.com\/profile.php?id=100011095815065","article_published_time":"2020-12-01T16:29:04+00:00","article_modified_time":"2020-12-01T19:17:54+00:00","og_image":[{"width":928,"height":619,"url":"https:\/\/maringapost.com.br\/orlandogonzalez\/wp-content\/uploads\/sites\/17\/2020\/12\/nissan77.jpg","type":"image\/jpeg"}],"author":"Orlando Gonzalez","twitter_card":"summary_large_image","twitter_creator":"@gonzalezorlando","twitter_misc":{"Escrito por":false,"Est. tempo de leitura":"6 minutos"},"schema":{"@context":"https:\/\/schema.org","@graph":[{"@type":"WebPage","@id":"https:\/\/maringapost.com.br\/orlandogonzalez\/2020\/12\/01\/radio-maringa-nissan-e-dams-pronta-para-os-testes-de-pre-temporada-da-formula-e\/","url":"https:\/\/maringapost.com.br\/orlandogonzalez\/2020\/12\/01\/radio-maringa-nissan-e-dams-pronta-para-os-testes-de-pre-temporada-da-formula-e\/","name":"R\u00c1DIO MARING\u00c1 - Nissan e.dams pronta para os testes de pr\u00e9-temporada da F\u00f3rmula E - Orlando Gonzalez","isPartOf":{"@id":"https:\/\/maringapost.com.br\/orlandogonzalez\/#website"},"primaryImageOfPage":{"@id":"https:\/\/maringapost.com.br\/orlandogonzalez\/2020\/12\/01\/radio-maringa-nissan-e-dams-pronta-para-os-testes-de-pre-temporada-da-formula-e\/#primaryimage"},"image":{"@id":"https:\/\/maringapost.com.br\/orlandogonzalez\/2020\/12\/01\/radio-maringa-nissan-e-dams-pronta-para-os-testes-de-pre-temporada-da-formula-e\/#primaryimage"},"thumbnailUrl":"https:\/\/maringapost.com.br\/orlandogonzalez\/wp-content\/uploads\/sites\/17\/2020\/12\/nissan77.jpg","datePublished":"2020-12-01T16:29:04+00:00","dateModified":"2020-12-01T19:17:54+00:00","author":{"@id":"https:\/\/maringapost.com.br\/orlandogonzalez\/#\/schema\/person\/5cbe6257d08edea6afc9ebaa613b0633"},"inLanguage":"pt-BR","potentialAction":[{"@type":"ReadAction","target":["https:\/\/maringapost.com.br\/orlandogonzalez\/2020\/12\/01\/radio-maringa-nissan-e-dams-pronta-para-os-testes-de-pre-temporada-da-formula-e\/"]}]},{"@type":"ImageObject","inLanguage":"pt-BR","@id":"https:\/\/maringapost.com.br\/orlandogonzalez\/2020\/12\/01\/radio-maringa-nissan-e-dams-pronta-para-os-testes-de-pre-temporada-da-formula-e\/#primaryimage","url":"https:\/\/maringapost.com.br\/orlandogonzalez\/wp-content\/uploads\/sites\/17\/2020\/12\/nissan77.jpg","contentUrl":"https:\/\/maringapost.com.br\/orlandogonzalez\/wp-content\/uploads\/sites\/17\/2020\/12\/nissan77.jpg","width":928,"height":619},{"@type":"WebSite","@id":"https:\/\/maringapost.com.br\/orlandogonzalez\/#website","url":"https:\/\/maringapost.com.br\/orlandogonzalez\/","name":"Orlando Gonzalez","description":"Destaca o esporte de Maring\u00e1! Destaca o esporte do Paran\u00e1! Destaca o esporte do Brasil!","potentialAction":[{"@type":"SearchAction","target":{"@type":"EntryPoint","urlTemplate":"https:\/\/maringapost.com.br\/orlandogonzalez\/?s={search_term_string}"},"query-input":"required name=search_term_string"}],"inLanguage":"pt-BR"},{"@type":"Person","@id":"https:\/\/maringapost.com.br\/orlandogonzalez\/#\/schema\/person\/5cbe6257d08edea6afc9ebaa613b0633","name":"Orlando Gonzalez","image":{"@type":"ImageObject","inLanguage":"pt-BR","@id":"https:\/\/maringapost.com.br\/orlandogonzalez\/#\/schema\/person\/image\/","url":"https:\/\/secure.gravatar.com\/avatar\/ecef9d1c9afe5ebdafadde8369065ba5?s=96&d=mm&r=g","contentUrl":"https:\/\/secure.gravatar.com\/avatar\/ecef9d1c9afe5ebdafadde8369065ba5?s=96&d=mm&r=g","caption":"Orlando Gonzalez"},"description":"H\u00e1 29 anos na cobertura do esporte de Maring\u00e1. Plant\u00e3o e narrador esportivo. Presta\u00e7\u00e3o de assessoria de imprensa esportiva, cobertura e transmiss\u00f5es ao vivo de eventos esportivos. E-mail: orlandogonzalez.assessoria@gmail.com WhatsApp: (44) 9 9126-6119","sameAs":["http:\/\/www.radiomaringa.com.br\/","https:\/\/www.facebook.com\/profile.php?id=100011095815065","https:\/\/www.instagram.com\/orlandomgonzalez\/","https:\/\/br.pinterest.com\/ogonzalez0530\/","https:\/\/x.com\/gonzalezorlando","https:\/\/www.youtube.com\/channel\/UCvFpl55btth8wjnKiSS1ibA","https:\/\/radiomaringaweb.tumblr.com\/"],"url":"https:\/\/maringapost.com.br\/orlandogonzalez\/author\/orlando\/"}]}},"_links":{"self":[{"href":"https:\/\/maringapost.com.br\/orlandogonzalez\/wp-json\/wp\/v2\/posts\/42227"}],"collection":[{"href":"https:\/\/maringapost.com.br\/orlandogonzalez\/wp-json\/wp\/v2\/posts"}],"about":[{"href":"https:\/\/maringapost.com.br\/orlandogonzalez\/wp-json\/wp\/v2\/types\/post"}],"author":[{"embeddable":true,"href":"https:\/\/maringapost.com.br\/orlandogonzalez\/wp-json\/wp\/v2\/users\/6307"}],"replies":[{"embeddable":true,"href":"https:\/\/maringapost.com.br\/orlandogonzalez\/wp-json\/wp\/v2\/comments?post=42227"}],"version-history":[{"count":1,"href":"https:\/\/maringapost.com.br\/orlandogonzalez\/wp-json\/wp\/v2\/posts\/42227\/revisions"}],"predecessor-version":[{"id":42229,"href":"https:\/\/maringapost.com.br\/orlandogonzalez\/wp-json\/wp\/v2\/posts\/42227\/revisions\/42229"}],"wp:featuredmedia":[{"embeddable":true,"href":"https:\/\/maringapost.com.br\/orlandogonzalez\/wp-json\/wp\/v2\/media\/42228"}],"wp:attachment":[{"href":"https:\/\/maringapost.com.br\/orlandogonzalez\/wp-json\/wp\/v2\/media?parent=42227"}],"wp:term":[{"taxonomy":"category","embeddable":true,"href":"https:\/\/maringapost.com.br\/orlandogonzalez\/wp-json\/wp\/v2\/categories?post=42227"},{"taxonomy":"post_tag","embeddable":true,"href":"https:\/\/maringapost.com.br\/orlandogonzalez\/wp-json\/wp\/v2\/tags?post=42227"}],"curies":[{"name":"wp","href":"https:\/\/api.w.org\/{rel}","templated":true}]}}