{"id":42204,"date":"2020-11-30T13:25:16","date_gmt":"2020-11-30T16:25:16","guid":{"rendered":"http:\/\/maringapost.com.br\/orlandogonzalez\/?p=42204"},"modified":"2020-11-30T14:47:35","modified_gmt":"2020-11-30T17:47:35","slug":"radio-maringa-pietro-fittipaldi-e-confirmado-na-f-1-no-lugar-de-grosjean","status":"publish","type":"post","link":"https:\/\/maringapost.com.br\/orlandogonzalez\/2020\/11\/30\/radio-maringa-pietro-fittipaldi-e-confirmado-na-f-1-no-lugar-de-grosjean\/","title":{"rendered":"R\u00c1DIO MARING\u00c1 &#8211; Pietro Fittipaldi \u00e9 confirmado na F-1 no lugar de Grosjean"},"content":{"rendered":"<p style=\"margin: 0px 0px 1.3rem;color: #495057;font-family: 'Source Serif Pro', serif;font-size: 16px;background-color: #f7f8f9\"><span style=\"font-size: 18px\">O piloto brasileiro Pietro Fittipaldi, de 24 anos &#8211; neto do bicampe\u00e3o mundial Emerson Fittipaldi &#8211;\u00a0ter\u00e1 sua primeira chance como piloto principal da Haas na F\u00f3rmula 1, no pr\u00f3ximo domingo (6), quando substituir\u00e1\u00a0 Romain\u00a0Grosjean, lesionado ontem (29) ap\u00f3s escapar de um grave acidente no Grande Pr\u00eamio do Bahrein. O\u00a0<a style=\"color: #28a745;background-color: transparent;font-weight: bold\" href=\"https:\/\/mobile.twitter.com\/RGrosjean\/status\/1333395622267920390\">piloto franc\u00eas\u00a0<\/a>se recupera de ferimentos nas costas e\u00a0em ambas as m\u00e3os<a href=\"https:\/\/radiomaringa.com.br\/\" target=\"_blank\" rel=\"noopener noreferrer\">.<img decoding=\"async\" style=\"border: 0px none;vertical-align: middle;height: 1px;width: 1px\" src=\"https:\/\/agenciabrasil.ebc.com.br\/ebc.png?id=1395054&amp;o=node\" \/><img decoding=\"async\" style=\"border: 0px none;vertical-align: middle;height: 1px;width: 1px\" src=\"https:\/\/agenciabrasil.ebc.com.br\/ebc.gif?id=1395054&amp;o=node\" \/><\/a><\/span><\/p>\n<p style=\"margin: 0px 0px 1.3rem;color: #495057;font-family: 'Source Serif Pro', serif;font-size: 16px;background-color: #f7f8f9\"><span style=\"font-size: 18px\">A estreia do brasileiro ser\u00e1 no GP de Sakhir, pela 16\u00aa rodada do Campeonato Mundial de F1, no Circuito de Bahrein. Ele ser\u00e1 o 32\u00ba brasileiro no Circuito Mundial de F1.\u00a0Desde 2017, quando Felipe Massa se aposentou das pistas, o pa\u00eds n\u00e3o tinha representantes na categoria.\u00a0\u00a0Nesta temporada, Pietro participou como piloto reserva e de testes da escuderia norte-americana, na maioria das corridas de F1.Em\u00a0<a style=\"color: #28a745;background-color: transparent;font-weight: bold\" href=\"https:\/\/www.haasf1team.com\/news\/haas-f1-team-confirms-fittipaldi-sakhir-grand-prix\">nota oficial<\/a>\u00a0da Haas, o brasileiro revelou que se sente preparado para o desafio.<\/span><\/p>\n<p style=\"margin: 0px 0px 1.3rem;color: #495057;font-family: 'Source Serif Pro', serif;font-size: 16px;background-color: #f7f8f9\"><span style=\"font-size: 18px\">\u201cMais importante do que eu estar feliz \u00e9 Romain [Grosjean] est\u00e1 seguro e saud\u00e1vel\u201d, comentou Pietro Fittipaldi. \u201cEstamos todos muito felizes por seus ferimentos serem relativamente leves ap\u00f3s um incidente t\u00e3o grande. Obviamente, n\u00e3o \u00e9 um conjunto de circunst\u00e2ncias ideal para obter minha primeira oportunidade de competir na F\u00f3rmula 1, mas sou extremamente grato a Gene Haas e Guenther Steiner por sua f\u00e9 em me colocar ao volante neste fim de semana\u201d.\u00a0<\/span><\/p>\n<p style=\"margin: 0px 0px 1.3rem;color: #495057;font-family: 'Source Serif Pro', serif;font-size: 16px;background-color: #f7f8f9\"><span style=\"font-size: 18px\">Na pr\u00f3xima sexta (4), Pietro assume o volante da do modelo VF 20, como piloto principal da Haas, nos treinos de abertura. Guenther Steiner, chefe da escuderia, est\u00e1 confiante no desempenho de Fittipaldi Neto.<\/span><\/p>\n<p style=\"margin: 0px 0px 1.3rem;color: #495057;font-family: 'Source Serif Pro', serif;font-size: 16px;background-color: #f7f8f9\"><span style=\"font-size: 18px\">\u201cPietro vai pilotar o VF-20 e ele est\u00e1 familiarizado com o fato de ter estado com a equipe nas \u00faltimas duas temporadas como piloto de teste e reserva. \u00c9 a coisa certa a fazer e \u00e9 obviamente uma boa oportunidade para ele. Ele foi paciente e sempre estava preparado para esta oportunidade &#8211; e agora ela chegou. \u00c9 por isso que o queremos no carro e tenho certeza que ele far\u00e1 um bom trabalho. \u00c9 muito exigente ser chamado no \u00faltimo minuto, mas como eu disse, acho que \u00e9 a coisa certa a fazer pela Haas F1 Team&#8221;.<\/span><\/p>\n<p style=\"margin: 0px 0px 1.3rem;color: #495057;font-family: 'Source Serif Pro', serif;font-size: 16px;background-color: #f7f8f9\"><span style=\"font-size: 18px\">(Ag\u00eancia Brasil)<\/span><\/p>\n","protected":false},"excerpt":{"rendered":"<p>O piloto brasileiro Pietro Fittipaldi, de 24 anos &#8211; neto do bicampe\u00e3o mundial Emerson Fittipaldi &#8211;\u00a0ter\u00e1 sua primeira chance como piloto principal da Haas na F\u00f3rmula 1, no pr\u00f3ximo domingo (6), quando substituir\u00e1\u00a0 Romain\u00a0Grosjean, lesionado ontem (29) ap\u00f3s escapar de um grave acidente no Grande Pr\u00eamio do Bahrein. O\u00a0piloto franc\u00eas\u00a0se recupera de ferimentos nas costas [&hellip;]<\/p>\n","protected":false},"author":6307,"featured_media":42205,"comment_status":"closed","ping_status":"open","sticky":false,"template":"","format":"standard","meta":{"_exactmetrics_skip_tracking":false,"_exactmetrics_sitenote_active":false,"_exactmetrics_sitenote_note":"","_exactmetrics_sitenote_category":0,"footnotes":""},"categories":[1267],"tags":[4619,47],"yoast_head":"<!-- This site is optimized with the Yoast SEO Premium plugin v22.7 (Yoast SEO v22.7) - https:\/\/yoast.com\/wordpress\/plugins\/seo\/ -->\n<title>R\u00c1DIO MARING\u00c1 - Pietro Fittipaldi \u00e9 confirmado na F-1 no lugar de Grosjean - Orlando Gonzalez<\/title>\n<meta name=\"robots\" content=\"index, follow, max-snippet:-1, max-image-preview:large, max-video-preview:-1\" \/>\n<link rel=\"canonical\" href=\"https:\/\/maringapost.com.br\/orlandogonzalez\/2020\/11\/30\/radio-maringa-pietro-fittipaldi-e-confirmado-na-f-1-no-lugar-de-grosjean\/\" \/>\n<meta property=\"og:locale\" content=\"pt_BR\" \/>\n<meta property=\"og:type\" content=\"article\" \/>\n<meta property=\"og:title\" content=\"R\u00c1DIO MARING\u00c1 - Pietro Fittipaldi \u00e9 confirmado na F-1 no lugar de Grosjean\" \/>\n<meta property=\"og:description\" content=\"O piloto brasileiro Pietro Fittipaldi, de 24 anos &#8211; neto do bicampe\u00e3o mundial Emerson Fittipaldi &#8211;\u00a0ter\u00e1 sua primeira chance como piloto principal da Haas na F\u00f3rmula 1, no pr\u00f3ximo domingo (6), quando substituir\u00e1\u00a0 Romain\u00a0Grosjean, lesionado ontem (29) ap\u00f3s escapar de um grave acidente no Grande Pr\u00eamio do Bahrein. O\u00a0piloto franc\u00eas\u00a0se recupera de ferimentos nas costas [&hellip;]\" \/>\n<meta property=\"og:url\" content=\"https:\/\/maringapost.com.br\/orlandogonzalez\/2020\/11\/30\/radio-maringa-pietro-fittipaldi-e-confirmado-na-f-1-no-lugar-de-grosjean\/\" \/>\n<meta property=\"og:site_name\" content=\"Orlando Gonzalez\" \/>\n<meta property=\"article:author\" content=\"https:\/\/www.facebook.com\/profile.php?id=100011095815065\" \/>\n<meta property=\"article:published_time\" content=\"2020-11-30T16:25:16+00:00\" \/>\n<meta property=\"article:modified_time\" content=\"2020-11-30T17:47:35+00:00\" \/>\n<meta property=\"og:image\" content=\"https:\/\/maringapost.com.br\/orlandogonzalez\/wp-content\/uploads\/sites\/17\/2020\/11\/estreia.jpg\" \/>\n\t<meta property=\"og:image:width\" content=\"1170\" \/>\n\t<meta property=\"og:image:height\" content=\"700\" \/>\n\t<meta property=\"og:image:type\" content=\"image\/jpeg\" \/>\n<meta name=\"author\" content=\"Orlando Gonzalez\" \/>\n<meta name=\"twitter:card\" content=\"summary_large_image\" \/>\n<meta name=\"twitter:creator\" content=\"@gonzalezorlando\" \/>\n<meta name=\"twitter:label1\" content=\"Escrito por\" \/>\n\t<meta name=\"twitter:data1\" content=\"\" \/>\n\t<meta name=\"twitter:label2\" content=\"Est. tempo de leitura\" \/>\n\t<meta name=\"twitter:data2\" content=\"2 minutos\" \/>\n<script type=\"application\/ld+json\" class=\"yoast-schema-graph\">{\"@context\":\"https:\/\/schema.org\",\"@graph\":[{\"@type\":\"WebPage\",\"@id\":\"https:\/\/maringapost.com.br\/orlandogonzalez\/2020\/11\/30\/radio-maringa-pietro-fittipaldi-e-confirmado-na-f-1-no-lugar-de-grosjean\/\",\"url\":\"https:\/\/maringapost.com.br\/orlandogonzalez\/2020\/11\/30\/radio-maringa-pietro-fittipaldi-e-confirmado-na-f-1-no-lugar-de-grosjean\/\",\"name\":\"R\u00c1DIO MARING\u00c1 - Pietro Fittipaldi \u00e9 confirmado na F-1 no lugar de Grosjean - Orlando Gonzalez\",\"isPartOf\":{\"@id\":\"https:\/\/maringapost.com.br\/orlandogonzalez\/#website\"},\"primaryImageOfPage\":{\"@id\":\"https:\/\/maringapost.com.br\/orlandogonzalez\/2020\/11\/30\/radio-maringa-pietro-fittipaldi-e-confirmado-na-f-1-no-lugar-de-grosjean\/#primaryimage\"},\"image\":{\"@id\":\"https:\/\/maringapost.com.br\/orlandogonzalez\/2020\/11\/30\/radio-maringa-pietro-fittipaldi-e-confirmado-na-f-1-no-lugar-de-grosjean\/#primaryimage\"},\"thumbnailUrl\":\"https:\/\/maringapost.com.br\/orlandogonzalez\/wp-content\/uploads\/sites\/17\/2020\/11\/estreia.jpg\",\"datePublished\":\"2020-11-30T16:25:16+00:00\",\"dateModified\":\"2020-11-30T17:47:35+00:00\",\"author\":{\"@id\":\"https:\/\/maringapost.com.br\/orlandogonzalez\/#\/schema\/person\/5cbe6257d08edea6afc9ebaa613b0633\"},\"inLanguage\":\"pt-BR\",\"potentialAction\":[{\"@type\":\"ReadAction\",\"target\":[\"https:\/\/maringapost.com.br\/orlandogonzalez\/2020\/11\/30\/radio-maringa-pietro-fittipaldi-e-confirmado-na-f-1-no-lugar-de-grosjean\/\"]}]},{\"@type\":\"ImageObject\",\"inLanguage\":\"pt-BR\",\"@id\":\"https:\/\/maringapost.com.br\/orlandogonzalez\/2020\/11\/30\/radio-maringa-pietro-fittipaldi-e-confirmado-na-f-1-no-lugar-de-grosjean\/#primaryimage\",\"url\":\"https:\/\/maringapost.com.br\/orlandogonzalez\/wp-content\/uploads\/sites\/17\/2020\/11\/estreia.jpg\",\"contentUrl\":\"https:\/\/maringapost.com.br\/orlandogonzalez\/wp-content\/uploads\/sites\/17\/2020\/11\/estreia.jpg\",\"width\":1170,\"height\":700,\"caption\":\"Pietro Fittipaldi neto\"},{\"@type\":\"WebSite\",\"@id\":\"https:\/\/maringapost.com.br\/orlandogonzalez\/#website\",\"url\":\"https:\/\/maringapost.com.br\/orlandogonzalez\/\",\"name\":\"Orlando Gonzalez\",\"description\":\"Destaca o esporte de Maring\u00e1! Destaca o esporte do Paran\u00e1! Destaca o esporte do Brasil!\",\"potentialAction\":[{\"@type\":\"SearchAction\",\"target\":{\"@type\":\"EntryPoint\",\"urlTemplate\":\"https:\/\/maringapost.com.br\/orlandogonzalez\/?s={search_term_string}\"},\"query-input\":\"required name=search_term_string\"}],\"inLanguage\":\"pt-BR\"},{\"@type\":\"Person\",\"@id\":\"https:\/\/maringapost.com.br\/orlandogonzalez\/#\/schema\/person\/5cbe6257d08edea6afc9ebaa613b0633\",\"name\":\"Orlando Gonzalez\",\"image\":{\"@type\":\"ImageObject\",\"inLanguage\":\"pt-BR\",\"@id\":\"https:\/\/maringapost.com.br\/orlandogonzalez\/#\/schema\/person\/image\/\",\"url\":\"https:\/\/secure.gravatar.com\/avatar\/ecef9d1c9afe5ebdafadde8369065ba5?s=96&d=mm&r=g\",\"contentUrl\":\"https:\/\/secure.gravatar.com\/avatar\/ecef9d1c9afe5ebdafadde8369065ba5?s=96&d=mm&r=g\",\"caption\":\"Orlando Gonzalez\"},\"description\":\"H\u00e1 29 anos na cobertura do esporte de Maring\u00e1. Plant\u00e3o e narrador esportivo. Presta\u00e7\u00e3o de assessoria de imprensa esportiva, cobertura e transmiss\u00f5es ao vivo de eventos esportivos. E-mail: orlandogonzalez.assessoria@gmail.com WhatsApp: (44) 9 9126-6119\",\"sameAs\":[\"http:\/\/www.radiomaringa.com.br\/\",\"https:\/\/www.facebook.com\/profile.php?id=100011095815065\",\"https:\/\/www.instagram.com\/orlandomgonzalez\/\",\"https:\/\/br.pinterest.com\/ogonzalez0530\/\",\"https:\/\/x.com\/gonzalezorlando\",\"https:\/\/www.youtube.com\/channel\/UCvFpl55btth8wjnKiSS1ibA\",\"https:\/\/radiomaringaweb.tumblr.com\/\"],\"url\":\"https:\/\/maringapost.com.br\/orlandogonzalez\/author\/orlando\/\"}]}<\/script>\n<!-- \/ Yoast SEO Premium plugin. -->","yoast_head_json":{"title":"R\u00c1DIO MARING\u00c1 - Pietro Fittipaldi \u00e9 confirmado na F-1 no lugar de Grosjean - Orlando Gonzalez","robots":{"index":"index","follow":"follow","max-snippet":"max-snippet:-1","max-image-preview":"max-image-preview:large","max-video-preview":"max-video-preview:-1"},"canonical":"https:\/\/maringapost.com.br\/orlandogonzalez\/2020\/11\/30\/radio-maringa-pietro-fittipaldi-e-confirmado-na-f-1-no-lugar-de-grosjean\/","og_locale":"pt_BR","og_type":"article","og_title":"R\u00c1DIO MARING\u00c1 - Pietro Fittipaldi \u00e9 confirmado na F-1 no lugar de Grosjean","og_description":"O piloto brasileiro Pietro Fittipaldi, de 24 anos &#8211; neto do bicampe\u00e3o mundial Emerson Fittipaldi &#8211;\u00a0ter\u00e1 sua primeira chance como piloto principal da Haas na F\u00f3rmula 1, no pr\u00f3ximo domingo (6), quando substituir\u00e1\u00a0 Romain\u00a0Grosjean, lesionado ontem (29) ap\u00f3s escapar de um grave acidente no Grande Pr\u00eamio do Bahrein. O\u00a0piloto franc\u00eas\u00a0se recupera de ferimentos nas costas [&hellip;]","og_url":"https:\/\/maringapost.com.br\/orlandogonzalez\/2020\/11\/30\/radio-maringa-pietro-fittipaldi-e-confirmado-na-f-1-no-lugar-de-grosjean\/","og_site_name":"Orlando Gonzalez","article_author":"https:\/\/www.facebook.com\/profile.php?id=100011095815065","article_published_time":"2020-11-30T16:25:16+00:00","article_modified_time":"2020-11-30T17:47:35+00:00","og_image":[{"width":1170,"height":700,"url":"https:\/\/maringapost.com.br\/orlandogonzalez\/wp-content\/uploads\/sites\/17\/2020\/11\/estreia.jpg","type":"image\/jpeg"}],"author":"Orlando Gonzalez","twitter_card":"summary_large_image","twitter_creator":"@gonzalezorlando","twitter_misc":{"Escrito por":false,"Est. tempo de leitura":"2 minutos"},"schema":{"@context":"https:\/\/schema.org","@graph":[{"@type":"WebPage","@id":"https:\/\/maringapost.com.br\/orlandogonzalez\/2020\/11\/30\/radio-maringa-pietro-fittipaldi-e-confirmado-na-f-1-no-lugar-de-grosjean\/","url":"https:\/\/maringapost.com.br\/orlandogonzalez\/2020\/11\/30\/radio-maringa-pietro-fittipaldi-e-confirmado-na-f-1-no-lugar-de-grosjean\/","name":"R\u00c1DIO MARING\u00c1 - Pietro Fittipaldi \u00e9 confirmado na F-1 no lugar de Grosjean - Orlando Gonzalez","isPartOf":{"@id":"https:\/\/maringapost.com.br\/orlandogonzalez\/#website"},"primaryImageOfPage":{"@id":"https:\/\/maringapost.com.br\/orlandogonzalez\/2020\/11\/30\/radio-maringa-pietro-fittipaldi-e-confirmado-na-f-1-no-lugar-de-grosjean\/#primaryimage"},"image":{"@id":"https:\/\/maringapost.com.br\/orlandogonzalez\/2020\/11\/30\/radio-maringa-pietro-fittipaldi-e-confirmado-na-f-1-no-lugar-de-grosjean\/#primaryimage"},"thumbnailUrl":"https:\/\/maringapost.com.br\/orlandogonzalez\/wp-content\/uploads\/sites\/17\/2020\/11\/estreia.jpg","datePublished":"2020-11-30T16:25:16+00:00","dateModified":"2020-11-30T17:47:35+00:00","author":{"@id":"https:\/\/maringapost.com.br\/orlandogonzalez\/#\/schema\/person\/5cbe6257d08edea6afc9ebaa613b0633"},"inLanguage":"pt-BR","potentialAction":[{"@type":"ReadAction","target":["https:\/\/maringapost.com.br\/orlandogonzalez\/2020\/11\/30\/radio-maringa-pietro-fittipaldi-e-confirmado-na-f-1-no-lugar-de-grosjean\/"]}]},{"@type":"ImageObject","inLanguage":"pt-BR","@id":"https:\/\/maringapost.com.br\/orlandogonzalez\/2020\/11\/30\/radio-maringa-pietro-fittipaldi-e-confirmado-na-f-1-no-lugar-de-grosjean\/#primaryimage","url":"https:\/\/maringapost.com.br\/orlandogonzalez\/wp-content\/uploads\/sites\/17\/2020\/11\/estreia.jpg","contentUrl":"https:\/\/maringapost.com.br\/orlandogonzalez\/wp-content\/uploads\/sites\/17\/2020\/11\/estreia.jpg","width":1170,"height":700,"caption":"Pietro Fittipaldi neto"},{"@type":"WebSite","@id":"https:\/\/maringapost.com.br\/orlandogonzalez\/#website","url":"https:\/\/maringapost.com.br\/orlandogonzalez\/","name":"Orlando Gonzalez","description":"Destaca o esporte de Maring\u00e1! Destaca o esporte do Paran\u00e1! Destaca o esporte do Brasil!","potentialAction":[{"@type":"SearchAction","target":{"@type":"EntryPoint","urlTemplate":"https:\/\/maringapost.com.br\/orlandogonzalez\/?s={search_term_string}"},"query-input":"required name=search_term_string"}],"inLanguage":"pt-BR"},{"@type":"Person","@id":"https:\/\/maringapost.com.br\/orlandogonzalez\/#\/schema\/person\/5cbe6257d08edea6afc9ebaa613b0633","name":"Orlando Gonzalez","image":{"@type":"ImageObject","inLanguage":"pt-BR","@id":"https:\/\/maringapost.com.br\/orlandogonzalez\/#\/schema\/person\/image\/","url":"https:\/\/secure.gravatar.com\/avatar\/ecef9d1c9afe5ebdafadde8369065ba5?s=96&d=mm&r=g","contentUrl":"https:\/\/secure.gravatar.com\/avatar\/ecef9d1c9afe5ebdafadde8369065ba5?s=96&d=mm&r=g","caption":"Orlando Gonzalez"},"description":"H\u00e1 29 anos na cobertura do esporte de Maring\u00e1. Plant\u00e3o e narrador esportivo. Presta\u00e7\u00e3o de assessoria de imprensa esportiva, cobertura e transmiss\u00f5es ao vivo de eventos esportivos. E-mail: orlandogonzalez.assessoria@gmail.com WhatsApp: (44) 9 9126-6119","sameAs":["http:\/\/www.radiomaringa.com.br\/","https:\/\/www.facebook.com\/profile.php?id=100011095815065","https:\/\/www.instagram.com\/orlandomgonzalez\/","https:\/\/br.pinterest.com\/ogonzalez0530\/","https:\/\/x.com\/gonzalezorlando","https:\/\/www.youtube.com\/channel\/UCvFpl55btth8wjnKiSS1ibA","https:\/\/radiomaringaweb.tumblr.com\/"],"url":"https:\/\/maringapost.com.br\/orlandogonzalez\/author\/orlando\/"}]}},"_links":{"self":[{"href":"https:\/\/maringapost.com.br\/orlandogonzalez\/wp-json\/wp\/v2\/posts\/42204"}],"collection":[{"href":"https:\/\/maringapost.com.br\/orlandogonzalez\/wp-json\/wp\/v2\/posts"}],"about":[{"href":"https:\/\/maringapost.com.br\/orlandogonzalez\/wp-json\/wp\/v2\/types\/post"}],"author":[{"embeddable":true,"href":"https:\/\/maringapost.com.br\/orlandogonzalez\/wp-json\/wp\/v2\/users\/6307"}],"replies":[{"embeddable":true,"href":"https:\/\/maringapost.com.br\/orlandogonzalez\/wp-json\/wp\/v2\/comments?post=42204"}],"version-history":[{"count":1,"href":"https:\/\/maringapost.com.br\/orlandogonzalez\/wp-json\/wp\/v2\/posts\/42204\/revisions"}],"predecessor-version":[{"id":42206,"href":"https:\/\/maringapost.com.br\/orlandogonzalez\/wp-json\/wp\/v2\/posts\/42204\/revisions\/42206"}],"wp:featuredmedia":[{"embeddable":true,"href":"https:\/\/maringapost.com.br\/orlandogonzalez\/wp-json\/wp\/v2\/media\/42205"}],"wp:attachment":[{"href":"https:\/\/maringapost.com.br\/orlandogonzalez\/wp-json\/wp\/v2\/media?parent=42204"}],"wp:term":[{"taxonomy":"category","embeddable":true,"href":"https:\/\/maringapost.com.br\/orlandogonzalez\/wp-json\/wp\/v2\/categories?post=42204"},{"taxonomy":"post_tag","embeddable":true,"href":"https:\/\/maringapost.com.br\/orlandogonzalez\/wp-json\/wp\/v2\/tags?post=42204"}],"curies":[{"name":"wp","href":"https:\/\/api.w.org\/{rel}","templated":true}]}}