{"id":42068,"date":"2020-11-26T07:22:37","date_gmt":"2020-11-26T10:22:37","guid":{"rendered":"http:\/\/maringapost.com.br\/orlandogonzalez\/?p=42068"},"modified":"2020-11-26T11:00:16","modified_gmt":"2020-11-26T14:00:16","slug":"radio-maringa-nissan-e-dams-esta-pronta-para-a-pre-temporada-de-testes-da-formula-e","status":"publish","type":"post","link":"https:\/\/maringapost.com.br\/orlandogonzalez\/2020\/11\/26\/radio-maringa-nissan-e-dams-esta-pronta-para-a-pre-temporada-de-testes-da-formula-e\/","title":{"rendered":"R\u00c1DIO MARING\u00c1 &#8211; Nissan e.dams est\u00e1 pronta para a pr\u00e9-temporada de testes da F\u00f3rmula E"},"content":{"rendered":"<p>Os pilotos da equipe Nissan e.dams S\u00e9bastien Buemi e Oliver Rowland logo estar\u00e3o de volta \u00e0s pistas, com a prepara\u00e7\u00e3o da equipe para o teste oficial de pr\u00e9-temporada do Campeonato Mundial ABB FIA de F\u00f3rmula em Val\u00eancia, na Espanha, neste fim de semana<a href=\"https:\/\/radiomaringa.com.br\/\">.<\/a><\/p>\n<p>Ap\u00f3s duas fortes temporadas juntos, Buemi e Rowland est\u00e3o prontos para demonstrar mais uma vez a pot\u00eancia e a performance da tecnologia zero emiss\u00e3o dos ve\u00edculos el\u00e9tricos da Nissan, durante a temporada 2020-21 da categoria 100% el\u00e9trica de corridas de rua.<\/p>\n<p>A\u00a0<a href=\"\/\/brazil.nissannews.com\/pt-BR\/releases\/release-e0add17263a83f784a41a97afc035389-nissan-edams-conquista-o-segundo-lugar-no-campeonato-de-equipes-da-formula-e\"><u>Nissan e.dams terminou em segundo lugar no campeonato de equipes da temporada 2019-20<\/u><\/a>, tendo conquistado uma vit\u00f3ria, cinco p\u00f3dios e uma pole position. No segundo ano da Nissan no campeonato, o forte resultado obtido d\u00e1 \u00e0 equipe a confian\u00e7a necess\u00e1ria para enfrentar os quatro dias de testes da pr\u00e9-temporada, que come\u00e7am no dia 28 de novembro.<\/p>\n<p>&#8220;N\u00e3o faz muito tempo que comemoramos nosso segundo lugar no campeonato de equipes&#8221;, disse Tommaso Volpe, diretor mundial de esportes a motor na Nissan. &#8220;Agora, estamos ansiosos pela temporada de 2021. Sempre temos muito trabalho durante este teste e pretendemos consolidar nossa regularidade e sucesso anteriores. Estamos competindo na categoria m\u00e1xima das corridas el\u00e9tricas e estamos aqui tamb\u00e9m para ajudar no desenvolvimento dos carros 100% el\u00e9tricos de produ\u00e7\u00e3o em s\u00e9rie da Nissan, sendo o mais recente deles o nov\u00edssimo crossover Ariya. Por meio das competi\u00e7\u00f5es, estamos sempre incrementando nossa expertise em ve\u00edculos el\u00e9tricos, da produ\u00e7\u00e3o em s\u00e9rie para as pistas e vice-versa&#8221;.<\/p>\n<p>A segunda gera\u00e7\u00e3o dos carros de corrida da F\u00f3rmula E, que foi vista pela primeira vez na quinta temporada, estar\u00e1 na pista do Circuito Ricardo Tomo de Val\u00eancia, nos dias 28-29 de novembro e 1\u00ba de dezembro. O primeiro e segundo dias de testes ser\u00e3o divididos em duas sess\u00f5es: uma no per\u00edodo da manh\u00e3, das 9h-12h, e uma outra \u00e0 tarde, das 14h-17h. O terceiro e \u00faltimo dia de testes pr\u00e9-temporada acontecer\u00e1 das 9h \u00e0s 15h.<\/p>\n<p>Os diretores da equipe Nissan e.dams Olivier e Gregory Driot emitiram um comunicado conjunto: &#8220;Apesar de a pandemia do coronav\u00edrus ter apresentado muitos desafios na temporada 2019-2020, trabalhamos em conjunto como equipe e, com uma potente recupera\u00e7\u00e3o no final da temporada, conquistamos o segundo lugar no campeonato de equipes. A determina\u00e7\u00e3o e o comprometimento est\u00e3o no cora\u00e7\u00e3o da Nissan e.dams. Com o S\u00e9b e o Oli correndo novamente por n\u00f3s nesta temporada, temos os pilotos, os carros e a equipe certa para brigar pelas vit\u00f3rias e o sucesso esperado nos campeonatos de equipes e pilotos&#8221;.<\/p>\n<p>A s\u00e9tima temporada do Campeonato Mundial ABB FIA de F\u00f3rmula E come\u00e7a no dia 16 de janeiro, em Santiago do Chile.<\/p>\n<p><strong>Uma vitrine para a pot\u00eancia dos carros el\u00e9tricos da Nissan<\/strong><\/p>\n<p>A Nissan foi a primeira montadora japonesa a entrar para a F\u00f3rmula E, em 2018. A marca entrou na categoria para mostrar sua vis\u00e3o\u00a0<em>Nissan Intelligent Mobility<\/em>\u00a0e levar a emo\u00e7\u00e3o da performance dos ve\u00edculos el\u00e9tricos Nissan para os f\u00e3s das competi\u00e7\u00f5es em todo o mundo. A temporada 2020-21 ser\u00e1 a terceira da Nissan e acontecer\u00e1 em meio \u00e0 prepara\u00e7\u00e3o da empresa para o in\u00edcio da produ\u00e7\u00e3o do Nissan Ariya, o novo crossover 100% el\u00e9trico da marca, al\u00e9m de coincidir com o 10\u00ba anivers\u00e1rio do Nissan LEAF, o primeiro carro el\u00e9trico de produ\u00e7\u00e3o em s\u00e9rie a ser vendido em todo o mundo.<\/p>\n<p>Com uma acelera\u00e7\u00e3o potente, um novo e revolucion\u00e1rio design para um ve\u00edculo com motoriza\u00e7\u00e3o el\u00e9trica e a premiada tecnologia de assist\u00eancia \u00e0 condu\u00e7\u00e3o, o\u00a0<a href=\"https:\/\/brazil.nissannews.com\/pt-BR\/releases\/release-cc4b80fd759a6fe679017f1cf0044a62-nissan-apresenta-o-ariya-um-crossover-100-eletrico\"><u>nov\u00edssimo Ariya<\/u><\/a>\u00a0personifica a vis\u00e3o da Nissan para mudar a forma como os ve\u00edculos s\u00e3o propulsionados, conduzidos e integrados \u00e0 sociedade.<\/p>\n<p><strong>COMENT\u00c1RIOS DOS PILOTOS<\/strong><\/p>\n<p><strong>S\u00e9bastien Buemi<\/strong><br \/>\n&#8220;A \u00faltima temporada foi interessante e a equipe foi bem-sucedida no final. A cada temporada, a equipe fica mais forte e mais experiente e n\u00e3o vejo a hora de correr novamente em Santiago. Para 2021, vamos consolidar a velocidade e regularidade que tivemos na \u00faltima temporada, por isso estou confiante que podemos conquistar mais vit\u00f3rias. N\u00e3o vejo a hora de encontrar todos novamente em Val\u00eancia e estar ao volante do meu carro de corrida da Nissan e.dams outra vez&#8221;.<\/p>\n<p><strong>Oliver Rowland<\/strong><\/p>\n<p>&#8220;Conquistei minha primeira vit\u00f3ria pela Nissan e.dams na pen\u00faltima rodada da final da temporada. A performance da nossa equipe no final da \u00faltima temporada mostra que temos velocidade, efici\u00eancia e regularidade. Os testes em Val\u00eancia nos permitir\u00e3o acumular bastante tempo de pista para ajustar nosso carro de corrida. Nossa confian\u00e7a continua aumentando como equipe \u2013 que venha a s\u00e9tima temporada&#8221;!<\/p>\n<p>(Assessoria)<\/p>\n","protected":false},"excerpt":{"rendered":"<p>Os pilotos da equipe Nissan e.dams S\u00e9bastien Buemi e Oliver Rowland logo estar\u00e3o de volta \u00e0s pistas, com a prepara\u00e7\u00e3o da equipe para o teste oficial de pr\u00e9-temporada do Campeonato Mundial ABB FIA de F\u00f3rmula em Val\u00eancia, na Espanha, neste fim de semana. Ap\u00f3s duas fortes temporadas juntos, Buemi e Rowland est\u00e3o prontos para demonstrar [&hellip;]<\/p>\n","protected":false},"author":6307,"featured_media":42069,"comment_status":"closed","ping_status":"open","sticky":false,"template":"","format":"standard","meta":{"_exactmetrics_skip_tracking":false,"_exactmetrics_sitenote_active":false,"_exactmetrics_sitenote_note":"","_exactmetrics_sitenote_category":0,"footnotes":""},"categories":[1267],"tags":[13715,13832,47],"yoast_head":"<!-- This site is optimized with the Yoast SEO Premium plugin v22.7 (Yoast SEO v22.7) - https:\/\/yoast.com\/wordpress\/plugins\/seo\/ -->\n<title>R\u00c1DIO MARING\u00c1 - Nissan e.dams est\u00e1 pronta para a pr\u00e9-temporada de testes da F\u00f3rmula E - Orlando Gonzalez<\/title>\n<meta name=\"robots\" content=\"index, follow, max-snippet:-1, max-image-preview:large, max-video-preview:-1\" \/>\n<link rel=\"canonical\" href=\"https:\/\/maringapost.com.br\/orlandogonzalez\/2020\/11\/26\/radio-maringa-nissan-e-dams-esta-pronta-para-a-pre-temporada-de-testes-da-formula-e\/\" \/>\n<meta property=\"og:locale\" content=\"pt_BR\" \/>\n<meta property=\"og:type\" content=\"article\" \/>\n<meta property=\"og:title\" content=\"R\u00c1DIO MARING\u00c1 - Nissan e.dams est\u00e1 pronta para a pr\u00e9-temporada de testes da F\u00f3rmula E\" \/>\n<meta property=\"og:description\" content=\"Os pilotos da equipe Nissan e.dams S\u00e9bastien Buemi e Oliver Rowland logo estar\u00e3o de volta \u00e0s pistas, com a prepara\u00e7\u00e3o da equipe para o teste oficial de pr\u00e9-temporada do Campeonato Mundial ABB FIA de F\u00f3rmula em Val\u00eancia, na Espanha, neste fim de semana. Ap\u00f3s duas fortes temporadas juntos, Buemi e Rowland est\u00e3o prontos para demonstrar [&hellip;]\" \/>\n<meta property=\"og:url\" content=\"https:\/\/maringapost.com.br\/orlandogonzalez\/2020\/11\/26\/radio-maringa-nissan-e-dams-esta-pronta-para-a-pre-temporada-de-testes-da-formula-e\/\" \/>\n<meta property=\"og:site_name\" content=\"Orlando Gonzalez\" \/>\n<meta property=\"article:author\" content=\"https:\/\/www.facebook.com\/profile.php?id=100011095815065\" \/>\n<meta property=\"article:published_time\" content=\"2020-11-26T10:22:37+00:00\" \/>\n<meta property=\"article:modified_time\" content=\"2020-11-26T14:00:16+00:00\" \/>\n<meta property=\"og:image\" content=\"https:\/\/maringapost.com.br\/orlandogonzalez\/wp-content\/uploads\/sites\/17\/2020\/11\/nissan.jpg\" \/>\n\t<meta property=\"og:image:width\" content=\"1200\" \/>\n\t<meta property=\"og:image:height\" content=\"800\" \/>\n\t<meta property=\"og:image:type\" content=\"image\/jpeg\" \/>\n<meta name=\"author\" content=\"Orlando Gonzalez\" \/>\n<meta name=\"twitter:card\" content=\"summary_large_image\" \/>\n<meta name=\"twitter:creator\" content=\"@gonzalezorlando\" \/>\n<meta name=\"twitter:label1\" content=\"Escrito por\" \/>\n\t<meta name=\"twitter:data1\" content=\"\" \/>\n\t<meta name=\"twitter:label2\" content=\"Est. tempo de leitura\" \/>\n\t<meta name=\"twitter:data2\" content=\"4 minutos\" \/>\n<script type=\"application\/ld+json\" class=\"yoast-schema-graph\">{\"@context\":\"https:\/\/schema.org\",\"@graph\":[{\"@type\":\"WebPage\",\"@id\":\"https:\/\/maringapost.com.br\/orlandogonzalez\/2020\/11\/26\/radio-maringa-nissan-e-dams-esta-pronta-para-a-pre-temporada-de-testes-da-formula-e\/\",\"url\":\"https:\/\/maringapost.com.br\/orlandogonzalez\/2020\/11\/26\/radio-maringa-nissan-e-dams-esta-pronta-para-a-pre-temporada-de-testes-da-formula-e\/\",\"name\":\"R\u00c1DIO MARING\u00c1 - Nissan e.dams est\u00e1 pronta para a pr\u00e9-temporada de testes da F\u00f3rmula E - Orlando Gonzalez\",\"isPartOf\":{\"@id\":\"https:\/\/maringapost.com.br\/orlandogonzalez\/#website\"},\"primaryImageOfPage\":{\"@id\":\"https:\/\/maringapost.com.br\/orlandogonzalez\/2020\/11\/26\/radio-maringa-nissan-e-dams-esta-pronta-para-a-pre-temporada-de-testes-da-formula-e\/#primaryimage\"},\"image\":{\"@id\":\"https:\/\/maringapost.com.br\/orlandogonzalez\/2020\/11\/26\/radio-maringa-nissan-e-dams-esta-pronta-para-a-pre-temporada-de-testes-da-formula-e\/#primaryimage\"},\"thumbnailUrl\":\"https:\/\/maringapost.com.br\/orlandogonzalez\/wp-content\/uploads\/sites\/17\/2020\/11\/nissan.jpg\",\"datePublished\":\"2020-11-26T10:22:37+00:00\",\"dateModified\":\"2020-11-26T14:00:16+00:00\",\"author\":{\"@id\":\"https:\/\/maringapost.com.br\/orlandogonzalez\/#\/schema\/person\/5cbe6257d08edea6afc9ebaa613b0633\"},\"inLanguage\":\"pt-BR\",\"potentialAction\":[{\"@type\":\"ReadAction\",\"target\":[\"https:\/\/maringapost.com.br\/orlandogonzalez\/2020\/11\/26\/radio-maringa-nissan-e-dams-esta-pronta-para-a-pre-temporada-de-testes-da-formula-e\/\"]}]},{\"@type\":\"ImageObject\",\"inLanguage\":\"pt-BR\",\"@id\":\"https:\/\/maringapost.com.br\/orlandogonzalez\/2020\/11\/26\/radio-maringa-nissan-e-dams-esta-pronta-para-a-pre-temporada-de-testes-da-formula-e\/#primaryimage\",\"url\":\"https:\/\/maringapost.com.br\/orlandogonzalez\/wp-content\/uploads\/sites\/17\/2020\/11\/nissan.jpg\",\"contentUrl\":\"https:\/\/maringapost.com.br\/orlandogonzalez\/wp-content\/uploads\/sites\/17\/2020\/11\/nissan.jpg\",\"width\":1200,\"height\":800},{\"@type\":\"WebSite\",\"@id\":\"https:\/\/maringapost.com.br\/orlandogonzalez\/#website\",\"url\":\"https:\/\/maringapost.com.br\/orlandogonzalez\/\",\"name\":\"Orlando Gonzalez\",\"description\":\"Destaca o esporte de Maring\u00e1! Destaca o esporte do Paran\u00e1! Destaca o esporte do Brasil!\",\"potentialAction\":[{\"@type\":\"SearchAction\",\"target\":{\"@type\":\"EntryPoint\",\"urlTemplate\":\"https:\/\/maringapost.com.br\/orlandogonzalez\/?s={search_term_string}\"},\"query-input\":\"required name=search_term_string\"}],\"inLanguage\":\"pt-BR\"},{\"@type\":\"Person\",\"@id\":\"https:\/\/maringapost.com.br\/orlandogonzalez\/#\/schema\/person\/5cbe6257d08edea6afc9ebaa613b0633\",\"name\":\"Orlando Gonzalez\",\"image\":{\"@type\":\"ImageObject\",\"inLanguage\":\"pt-BR\",\"@id\":\"https:\/\/maringapost.com.br\/orlandogonzalez\/#\/schema\/person\/image\/\",\"url\":\"https:\/\/secure.gravatar.com\/avatar\/ecef9d1c9afe5ebdafadde8369065ba5?s=96&d=mm&r=g\",\"contentUrl\":\"https:\/\/secure.gravatar.com\/avatar\/ecef9d1c9afe5ebdafadde8369065ba5?s=96&d=mm&r=g\",\"caption\":\"Orlando Gonzalez\"},\"description\":\"H\u00e1 29 anos na cobertura do esporte de Maring\u00e1. Plant\u00e3o e narrador esportivo. Presta\u00e7\u00e3o de assessoria de imprensa esportiva, cobertura e transmiss\u00f5es ao vivo de eventos esportivos. E-mail: orlandogonzalez.assessoria@gmail.com WhatsApp: (44) 9 9126-6119\",\"sameAs\":[\"http:\/\/www.radiomaringa.com.br\/\",\"https:\/\/www.facebook.com\/profile.php?id=100011095815065\",\"https:\/\/www.instagram.com\/orlandomgonzalez\/\",\"https:\/\/br.pinterest.com\/ogonzalez0530\/\",\"https:\/\/x.com\/gonzalezorlando\",\"https:\/\/www.youtube.com\/channel\/UCvFpl55btth8wjnKiSS1ibA\",\"https:\/\/radiomaringaweb.tumblr.com\/\"],\"url\":\"https:\/\/maringapost.com.br\/orlandogonzalez\/author\/orlando\/\"}]}<\/script>\n<!-- \/ Yoast SEO Premium plugin. -->","yoast_head_json":{"title":"R\u00c1DIO MARING\u00c1 - Nissan e.dams est\u00e1 pronta para a pr\u00e9-temporada de testes da F\u00f3rmula E - Orlando Gonzalez","robots":{"index":"index","follow":"follow","max-snippet":"max-snippet:-1","max-image-preview":"max-image-preview:large","max-video-preview":"max-video-preview:-1"},"canonical":"https:\/\/maringapost.com.br\/orlandogonzalez\/2020\/11\/26\/radio-maringa-nissan-e-dams-esta-pronta-para-a-pre-temporada-de-testes-da-formula-e\/","og_locale":"pt_BR","og_type":"article","og_title":"R\u00c1DIO MARING\u00c1 - Nissan e.dams est\u00e1 pronta para a pr\u00e9-temporada de testes da F\u00f3rmula E","og_description":"Os pilotos da equipe Nissan e.dams S\u00e9bastien Buemi e Oliver Rowland logo estar\u00e3o de volta \u00e0s pistas, com a prepara\u00e7\u00e3o da equipe para o teste oficial de pr\u00e9-temporada do Campeonato Mundial ABB FIA de F\u00f3rmula em Val\u00eancia, na Espanha, neste fim de semana. Ap\u00f3s duas fortes temporadas juntos, Buemi e Rowland est\u00e3o prontos para demonstrar [&hellip;]","og_url":"https:\/\/maringapost.com.br\/orlandogonzalez\/2020\/11\/26\/radio-maringa-nissan-e-dams-esta-pronta-para-a-pre-temporada-de-testes-da-formula-e\/","og_site_name":"Orlando Gonzalez","article_author":"https:\/\/www.facebook.com\/profile.php?id=100011095815065","article_published_time":"2020-11-26T10:22:37+00:00","article_modified_time":"2020-11-26T14:00:16+00:00","og_image":[{"width":1200,"height":800,"url":"https:\/\/maringapost.com.br\/orlandogonzalez\/wp-content\/uploads\/sites\/17\/2020\/11\/nissan.jpg","type":"image\/jpeg"}],"author":"Orlando Gonzalez","twitter_card":"summary_large_image","twitter_creator":"@gonzalezorlando","twitter_misc":{"Escrito por":false,"Est. tempo de leitura":"4 minutos"},"schema":{"@context":"https:\/\/schema.org","@graph":[{"@type":"WebPage","@id":"https:\/\/maringapost.com.br\/orlandogonzalez\/2020\/11\/26\/radio-maringa-nissan-e-dams-esta-pronta-para-a-pre-temporada-de-testes-da-formula-e\/","url":"https:\/\/maringapost.com.br\/orlandogonzalez\/2020\/11\/26\/radio-maringa-nissan-e-dams-esta-pronta-para-a-pre-temporada-de-testes-da-formula-e\/","name":"R\u00c1DIO MARING\u00c1 - Nissan e.dams est\u00e1 pronta para a pr\u00e9-temporada de testes da F\u00f3rmula E - Orlando Gonzalez","isPartOf":{"@id":"https:\/\/maringapost.com.br\/orlandogonzalez\/#website"},"primaryImageOfPage":{"@id":"https:\/\/maringapost.com.br\/orlandogonzalez\/2020\/11\/26\/radio-maringa-nissan-e-dams-esta-pronta-para-a-pre-temporada-de-testes-da-formula-e\/#primaryimage"},"image":{"@id":"https:\/\/maringapost.com.br\/orlandogonzalez\/2020\/11\/26\/radio-maringa-nissan-e-dams-esta-pronta-para-a-pre-temporada-de-testes-da-formula-e\/#primaryimage"},"thumbnailUrl":"https:\/\/maringapost.com.br\/orlandogonzalez\/wp-content\/uploads\/sites\/17\/2020\/11\/nissan.jpg","datePublished":"2020-11-26T10:22:37+00:00","dateModified":"2020-11-26T14:00:16+00:00","author":{"@id":"https:\/\/maringapost.com.br\/orlandogonzalez\/#\/schema\/person\/5cbe6257d08edea6afc9ebaa613b0633"},"inLanguage":"pt-BR","potentialAction":[{"@type":"ReadAction","target":["https:\/\/maringapost.com.br\/orlandogonzalez\/2020\/11\/26\/radio-maringa-nissan-e-dams-esta-pronta-para-a-pre-temporada-de-testes-da-formula-e\/"]}]},{"@type":"ImageObject","inLanguage":"pt-BR","@id":"https:\/\/maringapost.com.br\/orlandogonzalez\/2020\/11\/26\/radio-maringa-nissan-e-dams-esta-pronta-para-a-pre-temporada-de-testes-da-formula-e\/#primaryimage","url":"https:\/\/maringapost.com.br\/orlandogonzalez\/wp-content\/uploads\/sites\/17\/2020\/11\/nissan.jpg","contentUrl":"https:\/\/maringapost.com.br\/orlandogonzalez\/wp-content\/uploads\/sites\/17\/2020\/11\/nissan.jpg","width":1200,"height":800},{"@type":"WebSite","@id":"https:\/\/maringapost.com.br\/orlandogonzalez\/#website","url":"https:\/\/maringapost.com.br\/orlandogonzalez\/","name":"Orlando Gonzalez","description":"Destaca o esporte de Maring\u00e1! Destaca o esporte do Paran\u00e1! Destaca o esporte do Brasil!","potentialAction":[{"@type":"SearchAction","target":{"@type":"EntryPoint","urlTemplate":"https:\/\/maringapost.com.br\/orlandogonzalez\/?s={search_term_string}"},"query-input":"required name=search_term_string"}],"inLanguage":"pt-BR"},{"@type":"Person","@id":"https:\/\/maringapost.com.br\/orlandogonzalez\/#\/schema\/person\/5cbe6257d08edea6afc9ebaa613b0633","name":"Orlando Gonzalez","image":{"@type":"ImageObject","inLanguage":"pt-BR","@id":"https:\/\/maringapost.com.br\/orlandogonzalez\/#\/schema\/person\/image\/","url":"https:\/\/secure.gravatar.com\/avatar\/ecef9d1c9afe5ebdafadde8369065ba5?s=96&d=mm&r=g","contentUrl":"https:\/\/secure.gravatar.com\/avatar\/ecef9d1c9afe5ebdafadde8369065ba5?s=96&d=mm&r=g","caption":"Orlando Gonzalez"},"description":"H\u00e1 29 anos na cobertura do esporte de Maring\u00e1. Plant\u00e3o e narrador esportivo. Presta\u00e7\u00e3o de assessoria de imprensa esportiva, cobertura e transmiss\u00f5es ao vivo de eventos esportivos. E-mail: orlandogonzalez.assessoria@gmail.com WhatsApp: (44) 9 9126-6119","sameAs":["http:\/\/www.radiomaringa.com.br\/","https:\/\/www.facebook.com\/profile.php?id=100011095815065","https:\/\/www.instagram.com\/orlandomgonzalez\/","https:\/\/br.pinterest.com\/ogonzalez0530\/","https:\/\/x.com\/gonzalezorlando","https:\/\/www.youtube.com\/channel\/UCvFpl55btth8wjnKiSS1ibA","https:\/\/radiomaringaweb.tumblr.com\/"],"url":"https:\/\/maringapost.com.br\/orlandogonzalez\/author\/orlando\/"}]}},"_links":{"self":[{"href":"https:\/\/maringapost.com.br\/orlandogonzalez\/wp-json\/wp\/v2\/posts\/42068"}],"collection":[{"href":"https:\/\/maringapost.com.br\/orlandogonzalez\/wp-json\/wp\/v2\/posts"}],"about":[{"href":"https:\/\/maringapost.com.br\/orlandogonzalez\/wp-json\/wp\/v2\/types\/post"}],"author":[{"embeddable":true,"href":"https:\/\/maringapost.com.br\/orlandogonzalez\/wp-json\/wp\/v2\/users\/6307"}],"replies":[{"embeddable":true,"href":"https:\/\/maringapost.com.br\/orlandogonzalez\/wp-json\/wp\/v2\/comments?post=42068"}],"version-history":[{"count":1,"href":"https:\/\/maringapost.com.br\/orlandogonzalez\/wp-json\/wp\/v2\/posts\/42068\/revisions"}],"predecessor-version":[{"id":42070,"href":"https:\/\/maringapost.com.br\/orlandogonzalez\/wp-json\/wp\/v2\/posts\/42068\/revisions\/42070"}],"wp:featuredmedia":[{"embeddable":true,"href":"https:\/\/maringapost.com.br\/orlandogonzalez\/wp-json\/wp\/v2\/media\/42069"}],"wp:attachment":[{"href":"https:\/\/maringapost.com.br\/orlandogonzalez\/wp-json\/wp\/v2\/media?parent=42068"}],"wp:term":[{"taxonomy":"category","embeddable":true,"href":"https:\/\/maringapost.com.br\/orlandogonzalez\/wp-json\/wp\/v2\/categories?post=42068"},{"taxonomy":"post_tag","embeddable":true,"href":"https:\/\/maringapost.com.br\/orlandogonzalez\/wp-json\/wp\/v2\/tags?post=42068"}],"curies":[{"name":"wp","href":"https:\/\/api.w.org\/{rel}","templated":true}]}}