{"id":41884,"date":"2020-11-17T07:44:55","date_gmt":"2020-11-17T10:44:55","guid":{"rendered":"http:\/\/maringapost.com.br\/orlandogonzalez\/?p=41884"},"modified":"2020-11-17T09:42:44","modified_gmt":"2020-11-17T12:42:44","slug":"radio-maringa-stock-car-sob-pressao-maxima-em-goiania","status":"publish","type":"post","link":"https:\/\/maringapost.com.br\/orlandogonzalez\/2020\/11\/17\/radio-maringa-stock-car-sob-pressao-maxima-em-goiania\/","title":{"rendered":"R\u00c1DIO MARING\u00c1 &#8211; Stock Car sob press\u00e3o m\u00e1xima em Goi\u00e2nia"},"content":{"rendered":"<p><span style=\"color: #555555;font-family: 'Trebuchet MS', Verdana, Geneva, sans-serif;text-align: justify;font-size: 18px\">\u00c9 a \u00faltima chance de garantir que se estar\u00e1 na Super Final brigando pelo t\u00edtulo. E quem chegou at\u00e9 aqui em condi\u00e7\u00f5es de sonhar com essa possibilidade, fez por merecer. A Stock Car realiza no pr\u00f3ximo final de semana seu pen\u00faltimo encontro de 2020, no Aut\u00f3dromo Internacional de Goi\u00e2nia Ayrton Senna. A categoria desembarca em um de seus mais tradicionais tra\u00e7ados sob press\u00e3o m\u00e1xima: para \u201csobreviver\u201d \u00e0 10\u00aa e 11\u00aa etapas, que ser\u00e3o disputadas no s\u00e1bado e domingo, ningu\u00e9m pode se dar ao luxo de pilotar menos que 100%. Afinal, em 14 corridas o campeonato teve at\u00e9 o momento 11 vencedores. Mais do que isso, chama a aten\u00e7\u00e3o a intensidade da disputa dentro da pista: em Curitiba, na etapa anterior, a Stock Car colocou nada menos que 21 carros dentro do mesmo segundo, em uma exibi\u00e7\u00e3o que levou pilotos, carros e equipes ao limite<a href=\"https:\/\/radiomaringa.com.br\/\" target=\"_blank\" rel=\"noopener noreferrer\">.<\/a><\/span><\/p>\n<p>&nbsp;<\/p>\n<p><br style=\"line-height: inherit;color: #555555;font-family: 'Trebuchet MS', Verdana, Geneva, sans-serif;text-align: justify\" \/><span style=\"color: #555555;font-family: 'Trebuchet MS', Verdana, Geneva, sans-serif;text-align: justify;font-size: 18px\">As etapas de Goi\u00e2nia ser\u00e3o realizadas nos dois formatos tradicionais: a 10\u00aa etapa, no s\u00e1bado, em rodada simples, e a 11\u00aa, no domingo, em rodada dupla.\u00a0 Depois de um final de semana impec\u00e1vel em Curitiba, onde venceu duas das tr\u00eas provas, Thiago Camilo passou a liderar a tabela, com 222 pontos, seguido por Ricardo Zonta (198), Rubens Barrichello (196), Ricardo Maur\u00edcio (193), Daniel Serra (190) e o at\u00e9 ent\u00e3o l\u00edder Cesar Ramos (189). Com o descarte dos tr\u00eas piores resultados como manda o regulamento, a contagem passa a ser Camilo (212), Zonta (190), Serra (185), Barrichello (182) e Maur\u00edcio (177).<\/span><\/p>\n<p><br style=\"line-height: inherit;color: #555555;font-family: 'Trebuchet MS', Verdana, Geneva, sans-serif;text-align: justify\" \/><br style=\"line-height: inherit;color: #555555;font-family: 'Trebuchet MS', Verdana, Geneva, sans-serif;text-align: justify\" \/><span style=\"font-size: 18px\"><strong style=\"line-height: inherit;color: #555555;font-family: 'Trebuchet MS', Verdana, Geneva, sans-serif;text-align: justify\">Instabilidade dos l\u00edderes \u2013\u00a0<\/strong><span style=\"color: #555555;font-family: 'Trebuchet MS', Verdana, Geneva, sans-serif;text-align: justify\">Em uma situa\u00e7\u00e3o normal, a vantagem de 24 pontos (22 com descartes) de Thiago seria at\u00e9 confort\u00e1vel. Mas a realidade \u00e9 outra: a Stock colocar\u00e1 em jogo 84 pontos em Goi\u00e2nia, o que torna a sua dianteira bem menos tranquilizadora. Basta lembrar que neste ano Barrichello, que chegou a Cascavel na lideran\u00e7a, e Ramos, que era o ponteiro ao desembarcar em Curitiba, despencaram durante o final de semana da lideran\u00e7a para o quinto e o sexto lugares na tabela, respectivamente.<\/span><\/span><\/p>\n<p><br style=\"line-height: inherit;color: #555555;font-family: 'Trebuchet MS', Verdana, Geneva, sans-serif;text-align: justify\" \/><span style=\"color: #555555;font-family: 'Trebuchet MS', Verdana, Geneva, sans-serif;text-align: justify;font-size: 18px\">Al\u00e9m disso, em 2019, na mesma Goi\u00e2nia o ent\u00e3o l\u00edder Daniel Serra entrou na pista com 18 pontos de dianteira sobre Ricardo Maur\u00edcio \u2013 e com apenas 54 pontos em disputa na ocasi\u00e3o. Ainda assim, Serra passou apertado: conseguiu um quarto e um 10\u00ba lugares e teve que enfrentar outros cinco pilotos na Super Final, que como ele chegaram com chances de t\u00edtulo ap\u00f3s a pen\u00faltima rodada em Goi\u00e2nia.<\/span><\/p>\n<p><br style=\"line-height: inherit;color: #555555;font-family: 'Trebuchet MS', Verdana, Geneva, sans-serif;text-align: justify\" \/><br style=\"line-height: inherit;color: #555555;font-family: 'Trebuchet MS', Verdana, Geneva, sans-serif;text-align: justify\" \/><span style=\"font-size: 18px\"><strong style=\"line-height: inherit;color: #555555;font-family: 'Trebuchet MS', Verdana, Geneva, sans-serif;text-align: justify\">O duelo em Goi\u00e2nia \u2013<\/strong><span style=\"color: #555555;font-family: 'Trebuchet MS', Verdana, Geneva, sans-serif;text-align: justify\">\u00a0A Stock Car abriu a temporada 2020 em Goi\u00e2nia, com duas provas no domingo valendo pela primeira etapa do ano. Os resultados naquela ocasi\u00e3o mais embaralham as cartas do que sinalizam para o dom\u00ednio de algu\u00e9m no pr\u00f3ximo final de semana. As vit\u00f3rias foram, respectivamente, de Ricardo Zonta e Rubens Barrichello \u2013 que saiu de Goi\u00e2nia na lideran\u00e7a. Camilo teve um desempenho competitivo, com um sexto e um quinto lugares, mas n\u00e3o conseguiu chegar ao p\u00f3dio.<\/span><\/span><\/p>\n<p>&nbsp;<\/p>\n<p><br style=\"line-height: inherit;color: #555555;font-family: 'Trebuchet MS', Verdana, Geneva, sans-serif;text-align: justify\" \/><span style=\"color: #555555;font-family: 'Trebuchet MS', Verdana, Geneva, sans-serif;text-align: justify;font-size: 18px\">Ainda entre os atuais l\u00edderes, Daniel Serra tamb\u00e9m andou forte, registrando um quarto e um sexto lugares. Ricardo Maur\u00edcio subiu ao p\u00f3dio com um terceiro lugar na Corrida 1, mas teve dificuldades na prova complementar e terminou em 13\u00ba. E Zonta poderia ter dominado o final de semana depois da vit\u00f3ria na Corrida 1, mas n\u00e3o pontuou na segunda prova por quebra do carro.<\/span><\/p>\n<p>&nbsp;<\/p>\n<p><br style=\"line-height: inherit;color: #555555;font-family: 'Trebuchet MS', Verdana, Geneva, sans-serif;text-align: justify\" \/><span style=\"color: #555555;font-family: 'Trebuchet MS', Verdana, Geneva, sans-serif;text-align: justify;font-size: 18px\">No hist\u00f3rico de vit\u00f3rias entre os pilotos em atividade, Rubens Barrichello reconhece que tem sorte em Goi\u00e2nia, onde j\u00e1 acumulou cinco primeiros lugares. Camilo vem logo atr\u00e1s, com tr\u00eas vit\u00f3rias. Encostados nele, Zonta, Serra e \u00c1tila Abreu somam dois primeiros lugares, enquanto Ricardo Maur\u00edcio venceu uma vez no tra\u00e7ado goiano.<\/span><br style=\"line-height: inherit;color: #555555;font-family: 'Trebuchet MS', Verdana, Geneva, sans-serif;text-align: justify\" \/><span style=\"color: #555555;font-family: 'Trebuchet MS', Verdana, Geneva, sans-serif;text-align: justify;font-size: 18px\">O Sportv2 mostrar\u00e1 o classificat\u00f3rio e a corrida v\u00e1lidos pela 10\u00aa etapa no s\u00e1bado, a partir das 8h50 e 12h, respectivamente. No domingo, a transmiss\u00e3o come\u00e7a com a defini\u00e7\u00e3o do grid, \u00e0s 8h50, e segue, \u00e0s 10h30, com a rodada dupla da 11\u00aa etapa. Confira abaixo a pontua\u00e7\u00e3o, a programa\u00e7\u00e3o e as estat\u00edsticas da Stock Car em Goi\u00e2nia:<\/span><br style=\"line-height: inherit;color: #555555;font-family: 'Trebuchet MS', Verdana, Geneva, sans-serif;text-align: justify\" \/><br style=\"line-height: inherit;color: #555555;font-family: 'Trebuchet MS', Verdana, Geneva, sans-serif;text-align: justify\" \/><span style=\"font-size: 18px\"><strong style=\"line-height: inherit;color: #555555;font-family: 'Trebuchet MS', Verdana, Geneva, sans-serif;text-align: justify\">CAMPEONATO AP\u00d3S NOVE ETAPAS<\/strong><\/span><br style=\"line-height: inherit;color: #555555;font-family: 'Trebuchet MS', Verdana, Geneva, sans-serif;text-align: justify\" \/><span style=\"color: #555555;font-family: 'Trebuchet MS', Verdana, Geneva, sans-serif;text-align: justify;font-size: 18px\">1\u00ba &#8211; Thiago Camilo &#8211; 222 pontos<\/span><br style=\"line-height: inherit;color: #555555;font-family: 'Trebuchet MS', Verdana, Geneva, sans-serif;text-align: justify\" \/><span style=\"color: #555555;font-family: 'Trebuchet MS', Verdana, Geneva, sans-serif;text-align: justify;font-size: 18px\">2\u00ba &#8211; Ricardo Zonta \u2013 198<\/span><br style=\"line-height: inherit;color: #555555;font-family: 'Trebuchet MS', Verdana, Geneva, sans-serif;text-align: justify\" \/><span style=\"color: #555555;font-family: 'Trebuchet MS', Verdana, Geneva, sans-serif;text-align: justify;font-size: 18px\">3\u00ba &#8211; Rubens Barrichello \u2013 196<\/span><br style=\"line-height: inherit;color: #555555;font-family: 'Trebuchet MS', Verdana, Geneva, sans-serif;text-align: justify\" \/><span style=\"color: #555555;font-family: 'Trebuchet MS', Verdana, Geneva, sans-serif;text-align: justify;font-size: 18px\">4\u00ba &#8211; Ricardo Maur\u00edcio \u2013 193<\/span><br style=\"line-height: inherit;color: #555555;font-family: 'Trebuchet MS', Verdana, Geneva, sans-serif;text-align: justify\" \/><span style=\"color: #555555;font-family: 'Trebuchet MS', Verdana, Geneva, sans-serif;text-align: justify;font-size: 18px\">5\u00ba &#8211; Daniel Serra \u2013 190<\/span><br style=\"line-height: inherit;color: #555555;font-family: 'Trebuchet MS', Verdana, Geneva, sans-serif;text-align: justify\" \/><span style=\"color: #555555;font-family: 'Trebuchet MS', Verdana, Geneva, sans-serif;text-align: justify;font-size: 18px\">6\u00ba &#8211; Cesar Ramos \u2013 189<\/span><br style=\"line-height: inherit;color: #555555;font-family: 'Trebuchet MS', Verdana, Geneva, sans-serif;text-align: justify\" \/><span style=\"color: #555555;font-family: 'Trebuchet MS', Verdana, Geneva, sans-serif;text-align: justify;font-size: 18px\">7\u00ba &#8211; Gabriel Casagrande \u2013 175<\/span><br style=\"line-height: inherit;color: #555555;font-family: 'Trebuchet MS', Verdana, Geneva, sans-serif;text-align: justify\" \/><span style=\"color: #555555;font-family: 'Trebuchet MS', Verdana, Geneva, sans-serif;text-align: justify;font-size: 18px\">8\u00ba &#8211; Allam Khodair \u2013 157<\/span><br style=\"line-height: inherit;color: #555555;font-family: 'Trebuchet MS', Verdana, Geneva, sans-serif;text-align: justify\" \/><span style=\"color: #555555;font-family: 'Trebuchet MS', Verdana, Geneva, sans-serif;text-align: justify;font-size: 18px\">9\u00ba &#8211; Nelsinho Piquet \u2013 149<\/span><br style=\"line-height: inherit;color: #555555;font-family: 'Trebuchet MS', Verdana, Geneva, sans-serif;text-align: justify\" \/><span style=\"color: #555555;font-family: 'Trebuchet MS', Verdana, Geneva, sans-serif;text-align: justify;font-size: 18px\">10\u00ba &#8211; Diego Nunes \u2013 140<\/span><br style=\"line-height: inherit;color: #555555;font-family: 'Trebuchet MS', Verdana, Geneva, sans-serif;text-align: justify\" \/><span style=\"color: #555555;font-family: 'Trebuchet MS', Verdana, Geneva, sans-serif;text-align: justify;font-size: 18px\">11\u00ba &#8211; Julio Campos \u2013 139<\/span><br style=\"line-height: inherit;color: #555555;font-family: 'Trebuchet MS', Verdana, Geneva, sans-serif;text-align: justify\" \/><span style=\"color: #555555;font-family: 'Trebuchet MS', Verdana, Geneva, sans-serif;text-align: justify;font-size: 18px\">12\u00ba &#8211; \u00c1tila Abreu \u2013 135<\/span><br style=\"line-height: inherit;color: #555555;font-family: 'Trebuchet MS', Verdana, Geneva, sans-serif;text-align: justify\" \/><span style=\"color: #555555;font-family: 'Trebuchet MS', Verdana, Geneva, sans-serif;text-align: justify;font-size: 18px\">13\u00ba &#8211; Rafael Suzuki \u2013 134<\/span><br style=\"line-height: inherit;color: #555555;font-family: 'Trebuchet MS', Verdana, Geneva, sans-serif;text-align: justify\" \/><span style=\"color: #555555;font-family: 'Trebuchet MS', Verdana, Geneva, sans-serif;text-align: justify;font-size: 18px\">14\u00ba &#8211; Guilherme Salas \u2013 134<\/span><br style=\"line-height: inherit;color: #555555;font-family: 'Trebuchet MS', Verdana, Geneva, sans-serif;text-align: justify\" \/><span style=\"color: #555555;font-family: 'Trebuchet MS', Verdana, Geneva, sans-serif;text-align: justify;font-size: 18px\">15\u00ba &#8211; Bruno Baptista \u2013 121<\/span><br style=\"line-height: inherit;color: #555555;font-family: 'Trebuchet MS', Verdana, Geneva, sans-serif;text-align: justify\" \/><span style=\"color: #555555;font-family: 'Trebuchet MS', Verdana, Geneva, sans-serif;text-align: justify;font-size: 18px\">16\u00ba &#8211; Cac\u00e1 Bueno \u2013 108<\/span><br style=\"line-height: inherit;color: #555555;font-family: 'Trebuchet MS', Verdana, Geneva, sans-serif;text-align: justify\" \/><span style=\"color: #555555;font-family: 'Trebuchet MS', Verdana, Geneva, sans-serif;text-align: justify;font-size: 18px\">17\u00ba &#8211; Mat\u00edas Rossi \u2013 107<\/span><br style=\"line-height: inherit;color: #555555;font-family: 'Trebuchet MS', Verdana, Geneva, sans-serif;text-align: justify\" \/><span style=\"color: #555555;font-family: 'Trebuchet MS', Verdana, Geneva, sans-serif;text-align: justify;font-size: 18px\">18\u00ba &#8211; Denis Navarro \u2013 102<\/span><br style=\"line-height: inherit;color: #555555;font-family: 'Trebuchet MS', Verdana, Geneva, sans-serif;text-align: justify\" \/><span style=\"color: #555555;font-family: 'Trebuchet MS', Verdana, Geneva, sans-serif;text-align: justify;font-size: 18px\">19\u00ba &#8211; Lucas Foresti \u2013 79<\/span><br style=\"line-height: inherit;color: #555555;font-family: 'Trebuchet MS', Verdana, Geneva, sans-serif;text-align: justify\" \/><span style=\"color: #555555;font-family: 'Trebuchet MS', Verdana, Geneva, sans-serif;text-align: justify;font-size: 18px\">20\u00ba &#8211; Galid Osman \u2013 77<\/span><br style=\"line-height: inherit;color: #555555;font-family: 'Trebuchet MS', Verdana, Geneva, sans-serif;text-align: justify\" \/><span style=\"color: #555555;font-family: 'Trebuchet MS', Verdana, Geneva, sans-serif;text-align: justify;font-size: 18px\">21\u00ba &#8211; Marcos Gomes \u2013 60<\/span><br style=\"line-height: inherit;color: #555555;font-family: 'Trebuchet MS', Verdana, Geneva, sans-serif;text-align: justify\" \/><span style=\"color: #555555;font-family: 'Trebuchet MS', Verdana, Geneva, sans-serif;text-align: justify;font-size: 18px\">22\u00ba &#8211; Pedro Cardoso \u2013 55<\/span><br style=\"line-height: inherit;color: #555555;font-family: 'Trebuchet MS', Verdana, Geneva, sans-serif;text-align: justify\" \/><span style=\"color: #555555;font-family: 'Trebuchet MS', Verdana, Geneva, sans-serif;text-align: justify;font-size: 18px\">23\u00ba &#8211; Gaetano di Mauro \u2013 52<\/span><br style=\"line-height: inherit;color: #555555;font-family: 'Trebuchet MS', Verdana, Geneva, sans-serif;text-align: justify\" \/><span style=\"color: #555555;font-family: 'Trebuchet MS', Verdana, Geneva, sans-serif;text-align: justify;font-size: 18px\">24\u00ba &#8211; Tuca Antoniazzi \u2013 33<\/span><br style=\"line-height: inherit;color: #555555;font-family: 'Trebuchet MS', Verdana, Geneva, sans-serif;text-align: justify\" \/><span style=\"color: #555555;font-family: 'Trebuchet MS', Verdana, Geneva, sans-serif;text-align: justify;font-size: 18px\">25\u00ba &#8211; Vitor Genz \u2013 11<\/span><br style=\"line-height: inherit;color: #555555;font-family: 'Trebuchet MS', Verdana, Geneva, sans-serif;text-align: justify\" \/><span style=\"color: #555555;font-family: 'Trebuchet MS', Verdana, Geneva, sans-serif;text-align: justify;font-size: 18px\">26\u00ba &#8211; Vitor Baptista \u2013 8<\/span><br style=\"line-height: inherit;color: #555555;font-family: 'Trebuchet MS', Verdana, Geneva, sans-serif;text-align: justify\" \/><span style=\"color: #555555;font-family: 'Trebuchet MS', Verdana, Geneva, sans-serif;text-align: justify;font-size: 18px\">27\u00ba &#8211; Felipe Lapenna &#8211; 0<\/span><br style=\"line-height: inherit;color: #555555;font-family: 'Trebuchet MS', Verdana, Geneva, sans-serif;text-align: justify\" \/><span style=\"font-size: 18px\"><strong style=\"line-height: inherit;color: #555555;font-family: 'Trebuchet MS', Verdana, Geneva, sans-serif;text-align: justify\"><br style=\"line-height: inherit\" \/>PROGRAMA\u00c7\u00c3O DA 10\u00aa E 11\u00aa ETAPAs<br style=\"line-height: inherit\" \/>Sexta-feira, 20 de novembro<\/strong><strong style=\"line-height: inherit;color: #555555;font-family: 'Trebuchet MS', Verdana, Geneva, sans-serif;text-align: justify\"><br style=\"line-height: inherit\" \/><\/strong><span style=\"color: #555555;font-family: 'Trebuchet MS', Verdana, Geneva, sans-serif;text-align: justify\">08h00 \u00e0s 08h10 \u2013 Shakedown Stock Car<\/span><\/span><br style=\"line-height: inherit;color: #555555;font-family: 'Trebuchet MS', Verdana, Geneva, sans-serif;text-align: justify\" \/><span style=\"color: #555555;font-family: 'Trebuchet MS', Verdana, Geneva, sans-serif;text-align: justify;font-size: 18px\">09h05 \u00e0s 10h15 \u2013 Treino livre 1 Stock Car<\/span><br style=\"line-height: inherit;color: #555555;font-family: 'Trebuchet MS', Verdana, Geneva, sans-serif;text-align: justify\" \/><span style=\"color: #555555;font-family: 'Trebuchet MS', Verdana, Geneva, sans-serif;text-align: justify;font-size: 18px\">10h30 \u00e0s 11h40 \u2013 Treino livre 1 Stock Light<\/span><br style=\"line-height: inherit;color: #555555;font-family: 'Trebuchet MS', Verdana, Geneva, sans-serif;text-align: justify\" \/><span style=\"color: #555555;font-family: 'Trebuchet MS', Verdana, Geneva, sans-serif;text-align: justify;font-size: 18px\">13h40 \u00e0s 14h50 \u2013 Treino livre 2 Stock Car<\/span><br style=\"line-height: inherit;color: #555555;font-family: 'Trebuchet MS', Verdana, Geneva, sans-serif;text-align: justify\" \/><span style=\"color: #555555;font-family: 'Trebuchet MS', Verdana, Geneva, sans-serif;text-align: justify;font-size: 18px\">15h05 \u00e0s 16h15 \u2013 Treino livre 2 Stock Light<\/span><br style=\"line-height: inherit;color: #555555;font-family: 'Trebuchet MS', Verdana, Geneva, sans-serif;text-align: justify\" \/><span style=\"font-size: 18px\"><strong style=\"line-height: inherit;color: #555555;font-family: 'Trebuchet MS', Verdana, Geneva, sans-serif;text-align: justify\"><br style=\"line-height: inherit\" \/><\/strong><strong style=\"line-height: inherit;color: #555555;font-family: 'Trebuchet MS', Verdana, Geneva, sans-serif;text-align: justify\">S\u00e1bado, 21 de novembro<\/strong><strong style=\"line-height: inherit;color: #555555;font-family: 'Trebuchet MS', Verdana, Geneva, sans-serif;text-align: justify\"><br style=\"line-height: inherit\" \/><\/strong><span style=\"color: #555555;font-family: 'Trebuchet MS', Verdana, Geneva, sans-serif;text-align: justify\">09h00 \u00e0s 09h35 \u2013 Classifica\u00e7\u00e3o Stock Car, 10\u00aa etapa<\/span><\/span><br style=\"line-height: inherit;color: #555555;font-family: 'Trebuchet MS', Verdana, Geneva, sans-serif;text-align: justify\" \/><span style=\"color: #555555;font-family: 'Trebuchet MS', Verdana, Geneva, sans-serif;text-align: justify;font-size: 18px\">09h50 \u00e0s 10h55 \u2013 Treino Livre 3 Stock Light<\/span><br style=\"line-height: inherit;color: #555555;font-family: 'Trebuchet MS', Verdana, Geneva, sans-serif;text-align: justify\" \/><span style=\"color: #555555;font-family: 'Trebuchet MS', Verdana, Geneva, sans-serif;text-align: justify;font-size: 18px\">12h15 \u2013 Largada Stock Car (40 minutos)<\/span><br style=\"line-height: inherit;color: #555555;font-family: 'Trebuchet MS', Verdana, Geneva, sans-serif;text-align: justify\" \/><span style=\"color: #555555;font-family: 'Trebuchet MS', Verdana, Geneva, sans-serif;text-align: justify;font-size: 18px\">13h20 \u00e0s 13h35 \u2013 Classifica\u00e7\u00e3o Stock Light, 5\u00aa etapa, Prova 01<\/span><br style=\"line-height: inherit;color: #555555;font-family: 'Trebuchet MS', Verdana, Geneva, sans-serif;text-align: justify\" \/><span style=\"color: #555555;font-family: 'Trebuchet MS', Verdana, Geneva, sans-serif;text-align: justify;font-size: 18px\">15h45 \u2013 Largada Prova 01 Stock Light (30 minutos)<\/span><br style=\"line-height: inherit;color: #555555;font-family: 'Trebuchet MS', Verdana, Geneva, sans-serif;text-align: justify\" \/><span style=\"font-size: 18px\"><strong style=\"line-height: inherit;color: #555555;font-family: 'Trebuchet MS', Verdana, Geneva, sans-serif;text-align: justify\"><br style=\"line-height: inherit\" \/><\/strong><strong style=\"line-height: inherit;color: #555555;font-family: 'Trebuchet MS', Verdana, Geneva, sans-serif;text-align: justify\">Domingo, 22 de novembro<\/strong><strong style=\"line-height: inherit;color: #555555;font-family: 'Trebuchet MS', Verdana, Geneva, sans-serif;text-align: justify\"><br style=\"line-height: inherit\" \/><\/strong><span style=\"color: #555555;font-family: 'Trebuchet MS', Verdana, Geneva, sans-serif;text-align: justify\">09h00 \u00e0s 09h35 \u2013 Classifica\u00e7\u00e3o Stock Car, 11\u00aa etapa<\/span><\/span><br style=\"line-height: inherit;color: #555555;font-family: 'Trebuchet MS', Verdana, Geneva, sans-serif;text-align: justify\" \/><span style=\"color: #555555;font-family: 'Trebuchet MS', Verdana, Geneva, sans-serif;text-align: justify;font-size: 18px\">11h00 \u2013 Stock Car \u2013 Largada Stock Car, Prova 01 (30 minutos)<\/span><br style=\"line-height: inherit;color: #555555;font-family: 'Trebuchet MS', Verdana, Geneva, sans-serif;text-align: justify\" \/><span style=\"color: #555555;font-family: 'Trebuchet MS', Verdana, Geneva, sans-serif;text-align: justify;font-size: 18px\">11h55 \u2013 Stock Car \u2013 Largada Stock Car, Prova 02 (30 minutos)<\/span><br style=\"line-height: inherit;color: #555555;font-family: 'Trebuchet MS', Verdana, Geneva, sans-serif;text-align: justify\" \/><span style=\"color: #555555;font-family: 'Trebuchet MS', Verdana, Geneva, sans-serif;text-align: justify;font-size: 18px\">13h20 \u2013 Largada Prova 02 Stock Light (30 minutos)<\/span><br style=\"line-height: inherit;color: #555555;font-family: 'Trebuchet MS', Verdana, Geneva, sans-serif;text-align: justify\" \/><span style=\"font-size: 18px\"><strong style=\"line-height: inherit;color: #555555;font-family: 'Trebuchet MS', Verdana, Geneva, sans-serif;text-align: justify\"><br style=\"line-height: inherit\" \/>VENCEDORES EM 2020:<\/strong><\/span><br style=\"line-height: inherit;color: #555555;font-family: 'Trebuchet MS', Verdana, Geneva, sans-serif;text-align: justify\" \/><span style=\"font-size: 18px\"><strong style=\"line-height: inherit;color: #555555;font-family: 'Trebuchet MS', Verdana, Geneva, sans-serif;text-align: justify\">Goi\u00e2nia:<\/strong><span style=\"color: #555555;font-family: 'Trebuchet MS', Verdana, Geneva, sans-serif;text-align: justify\">\u00a0Ricardo Zonta e Rubens Barrichello<\/span><\/span><br style=\"line-height: inherit;color: #555555;font-family: 'Trebuchet MS', Verdana, Geneva, sans-serif;text-align: justify\" \/><span style=\"font-size: 18px\"><strong style=\"line-height: inherit;color: #555555;font-family: 'Trebuchet MS', Verdana, Geneva, sans-serif;text-align: justify\">S\u00e3o Paulo:<\/strong><span style=\"color: #555555;font-family: 'Trebuchet MS', Verdana, Geneva, sans-serif;text-align: justify\">\u00a0Nelsinho Piquet e Ricardo Zonta<\/span><\/span><br style=\"line-height: inherit;color: #555555;font-family: 'Trebuchet MS', Verdana, Geneva, sans-serif;text-align: justify\" \/><span style=\"font-size: 18px\"><strong style=\"line-height: inherit;color: #555555;font-family: 'Trebuchet MS', Verdana, Geneva, sans-serif;text-align: justify\">Londrina:<\/strong><span style=\"color: #555555;font-family: 'Trebuchet MS', Verdana, Geneva, sans-serif;text-align: justify\">\u00a0Rafael Suzuki e Ricardo Maur\u00edcio<\/span><\/span><br style=\"line-height: inherit;color: #555555;font-family: 'Trebuchet MS', Verdana, Geneva, sans-serif;text-align: justify\" \/><span style=\"font-size: 18px\"><strong style=\"line-height: inherit;color: #555555;font-family: 'Trebuchet MS', Verdana, Geneva, sans-serif;text-align: justify\">Cascavel:<\/strong><span style=\"color: #555555;font-family: 'Trebuchet MS', Verdana, Geneva, sans-serif;text-align: justify\">\u00a0Thiago Camilo, Bruno Baptista e Daniel Serra<\/span><\/span><br style=\"line-height: inherit;color: #555555;font-family: 'Trebuchet MS', Verdana, Geneva, sans-serif;text-align: justify\" \/><span style=\"font-size: 18px\"><strong style=\"line-height: inherit;color: #555555;font-family: 'Trebuchet MS', Verdana, Geneva, sans-serif;text-align: justify\">Velocitta:<\/strong><span style=\"color: #555555;font-family: 'Trebuchet MS', Verdana, Geneva, sans-serif;text-align: justify\">\u00a0Julio Campos e Diego Nunes<\/span><\/span><br style=\"line-height: inherit;color: #555555;font-family: 'Trebuchet MS', Verdana, Geneva, sans-serif;text-align: justify\" \/><span style=\"font-size: 18px\"><strong style=\"line-height: inherit;color: #555555;font-family: 'Trebuchet MS', Verdana, Geneva, sans-serif;text-align: justify\">Curitiba:<\/strong><span style=\"color: #555555;font-family: 'Trebuchet MS', Verdana, Geneva, sans-serif;text-align: justify\">\u00a0Thiago Camilo (8\u00aa etapa e prova 1 da 9\u00aa etapa) e Gabriel Casagrande<\/span><\/span><br style=\"line-height: inherit;color: #555555;font-family: 'Trebuchet MS', Verdana, Geneva, sans-serif;text-align: justify\" \/><br style=\"line-height: inherit;color: #555555;font-family: 'Trebuchet MS', Verdana, Geneva, sans-serif;text-align: justify\" \/><span style=\"font-size: 18px\"><strong style=\"line-height: inherit;color: #555555;font-family: 'Trebuchet MS', Verdana, Geneva, sans-serif;text-align: justify\">VENCEDORES EM GOI\u00c2NIA<\/strong><\/span><br style=\"line-height: inherit;color: #555555;font-family: 'Trebuchet MS', Verdana, Geneva, sans-serif;text-align: justify\" \/><span style=\"color: #555555;font-family: 'Trebuchet MS', Verdana, Geneva, sans-serif;text-align: justify;font-size: 18px\">1) Ingo Hoffmann, 12 vit\u00f3rias<\/span><br style=\"line-height: inherit;color: #555555;font-family: 'Trebuchet MS', Verdana, Geneva, sans-serif;text-align: justify\" \/><span style=\"color: #555555;font-family: 'Trebuchet MS', Verdana, Geneva, sans-serif;text-align: justify;font-size: 18px\">2) Paulo Gomes, 7<\/span><br style=\"line-height: inherit;color: #555555;font-family: 'Trebuchet MS', Verdana, Geneva, sans-serif;text-align: justify\" \/><span style=\"color: #555555;font-family: 'Trebuchet MS', Verdana, Geneva, sans-serif;text-align: justify;font-size: 18px\">3) Chico Serra, 6<\/span><br style=\"line-height: inherit;color: #555555;font-family: 'Trebuchet MS', Verdana, Geneva, sans-serif;text-align: justify\" \/><span style=\"color: #555555;font-family: 'Trebuchet MS', Verdana, Geneva, sans-serif;text-align: justify;font-size: 18px\">4) Rubens Barrichello, 5<\/span><br style=\"line-height: inherit;color: #555555;font-family: 'Trebuchet MS', Verdana, Geneva, sans-serif;text-align: justify\" \/><span style=\"color: #555555;font-family: 'Trebuchet MS', Verdana, Geneva, sans-serif;text-align: justify;font-size: 18px\">5) Zeca Giaffone, \u00c2ngelo Giombelli e Thiago Camilo, 3<\/span><br style=\"line-height: inherit;color: #555555;font-family: 'Trebuchet MS', Verdana, Geneva, sans-serif;text-align: justify\" \/><span style=\"color: #555555;font-family: 'Trebuchet MS', Verdana, Geneva, sans-serif;text-align: justify;font-size: 18px\">8) Marcos Gracia, Alencar J\u00fanior, Daniel Serra, \u00c1tila Abreu, Felipe Fraga e Ricardo Zonta, 2<\/span><br style=\"line-height: inherit;color: #555555;font-family: 'Trebuchet MS', Verdana, Geneva, sans-serif;text-align: justify\" \/><span style=\"color: #555555;font-family: 'Trebuchet MS', Verdana, Geneva, sans-serif;text-align: justify;font-size: 18px\">14) Raul Boesel, Luis Alberto Pereira, Affonso Giaffone, Carlos Alves, Xandy Negr\u00e3o, Ricardo Maur\u00edcio, N\u00e9stor Girolami, Marcos Gomes, Galid Osman, Diego Nunes, Max Wilson e Gabriel Casagrande, 1 vit\u00f3ria.<\/span><br style=\"line-height: inherit;color: #555555;font-family: 'Trebuchet MS', Verdana, Geneva, sans-serif;text-align: justify\" \/><br style=\"line-height: inherit;color: #555555;font-family: 'Trebuchet MS', Verdana, Geneva, sans-serif;text-align: justify\" \/><span style=\"font-size: 18px\"><strong style=\"line-height: inherit;color: #555555;font-family: 'Trebuchet MS', Verdana, Geneva, sans-serif;text-align: justify\">VIT\u00d3RIAS DE PILOTOS EM ATIVIDADE<\/strong><\/span><br style=\"line-height: inherit;color: #555555;font-family: 'Trebuchet MS', Verdana, Geneva, sans-serif;text-align: justify\" \/><span style=\"color: #555555;font-family: 'Trebuchet MS', Verdana, Geneva, sans-serif;text-align: justify;font-size: 18px\">1) Rubens Barrichello, 5<\/span><br style=\"line-height: inherit;color: #555555;font-family: 'Trebuchet MS', Verdana, Geneva, sans-serif;text-align: justify\" \/><span style=\"color: #555555;font-family: 'Trebuchet MS', Verdana, Geneva, sans-serif;text-align: justify;font-size: 18px\">2) Thiago Camilo, 3<\/span><br style=\"line-height: inherit;color: #555555;font-family: 'Trebuchet MS', Verdana, Geneva, sans-serif;text-align: justify\" \/><span style=\"color: #555555;font-family: 'Trebuchet MS', Verdana, Geneva, sans-serif;text-align: justify;font-size: 18px\">3) Daniel Serra, \u00c1tila Abreu e Ricardo Zonta, 2<\/span><br style=\"line-height: inherit;color: #555555;font-family: 'Trebuchet MS', Verdana, Geneva, sans-serif;text-align: justify\" \/><span style=\"color: #555555;font-family: 'Trebuchet MS', Verdana, Geneva, sans-serif;text-align: justify;font-size: 18px\">6) Ricardo Maur\u00edcio, Marcos Gomes, Galid Osman, Diego Nunes e Gabriel Casagrande, 1 vit\u00f3ria.<\/span><br style=\"line-height: inherit;color: #555555;font-family: 'Trebuchet MS', Verdana, Geneva, sans-serif;text-align: justify\" \/><br style=\"line-height: inherit;color: #555555;font-family: 'Trebuchet MS', Verdana, Geneva, sans-serif;text-align: justify\" \/><span style=\"font-size: 18px\"><strong style=\"line-height: inherit;color: #555555;font-family: 'Trebuchet MS', Verdana, Geneva, sans-serif;text-align: justify\">AUT\u00d3DROMO INTERNACIONAL DE GOI\u00c2NIA AYRTON SENNA<\/strong><\/span><br style=\"line-height: inherit;color: #555555;font-family: 'Trebuchet MS', Verdana, Geneva, sans-serif;text-align: justify\" \/><span style=\"font-size: 18px\"><strong style=\"line-height: inherit;color: #555555;font-family: 'Trebuchet MS', Verdana, Geneva, sans-serif;text-align: justify\">Total de provas realizadas:<\/strong><span style=\"color: #555555;font-family: 'Trebuchet MS', Verdana, Geneva, sans-serif;text-align: justify\">\u00a059<\/span><\/span><br style=\"line-height: inherit;color: #555555;font-family: 'Trebuchet MS', Verdana, Geneva, sans-serif;text-align: justify\" \/><span style=\"font-size: 18px\"><strong style=\"line-height: inherit;color: #555555;font-family: 'Trebuchet MS', Verdana, Geneva, sans-serif;text-align: justify\">\u00daltimos resultados:<\/strong><\/span><br style=\"line-height: inherit;color: #555555;font-family: 'Trebuchet MS', Verdana, Geneva, sans-serif;text-align: justify\" \/><span style=\"font-size: 18px\"><strong style=\"line-height: inherit;color: #555555;font-family: 'Trebuchet MS', Verdana, Geneva, sans-serif;text-align: justify\">Data:<\/strong><span style=\"color: #555555;font-family: 'Trebuchet MS', Verdana, Geneva, sans-serif;text-align: justify\">\u00a026 e 27 de julho de 2020<\/span><\/span><br style=\"line-height: inherit;color: #555555;font-family: 'Trebuchet MS', Verdana, Geneva, sans-serif;text-align: justify\" \/><span style=\"font-size: 18px\"><strong style=\"line-height: inherit;color: #555555;font-family: 'Trebuchet MS', Verdana, Geneva, sans-serif;text-align: justify\">Pole Position:<\/strong><span style=\"color: #555555;font-family: 'Trebuchet MS', Verdana, Geneva, sans-serif;text-align: justify\">\u00a0Ricardo Zonta<\/span><\/span><br style=\"line-height: inherit;color: #555555;font-family: 'Trebuchet MS', Verdana, Geneva, sans-serif;text-align: justify\" \/><span style=\"font-size: 18px\"><strong style=\"line-height: inherit;color: #555555;font-family: 'Trebuchet MS', Verdana, Geneva, sans-serif;text-align: justify\">Vencedor Corrida 01:<\/strong><span style=\"color: #555555;font-family: 'Trebuchet MS', Verdana, Geneva, sans-serif;text-align: justify\">\u00a0Ricardo Zonta<\/span><\/span><br style=\"line-height: inherit;color: #555555;font-family: 'Trebuchet MS', Verdana, Geneva, sans-serif;text-align: justify\" \/><span style=\"font-size: 18px\"><strong style=\"line-height: inherit;color: #555555;font-family: 'Trebuchet MS', Verdana, Geneva, sans-serif;text-align: justify\">Melhor volta Corrida 01:<\/strong><span style=\"color: #555555;font-family: 'Trebuchet MS', Verdana, Geneva, sans-serif;text-align: justify\">\u00a0Allam Khodair<\/span><\/span><br style=\"line-height: inherit;color: #555555;font-family: 'Trebuchet MS', Verdana, Geneva, sans-serif;text-align: justify\" \/><span style=\"font-size: 18px\"><strong style=\"line-height: inherit;color: #555555;font-family: 'Trebuchet MS', Verdana, Geneva, sans-serif;text-align: justify\">Vencedor Corrida 02:<\/strong><span style=\"color: #555555;font-family: 'Trebuchet MS', Verdana, Geneva, sans-serif;text-align: justify\">\u00a0Rubens Barrichello<\/span><\/span><br style=\"line-height: inherit;color: #555555;font-family: 'Trebuchet MS', Verdana, Geneva, sans-serif;text-align: justify\" \/><span style=\"font-size: 18px\"><strong style=\"line-height: inherit;color: #555555;font-family: 'Trebuchet MS', Verdana, Geneva, sans-serif;text-align: justify\">Melhor volta Corrida 02:<\/strong><span style=\"color: #555555;font-family: 'Trebuchet MS', Verdana, Geneva, sans-serif;text-align: justify\">\u00a0Rubens Barrichello<\/span><\/span><br style=\"line-height: inherit;color: #555555;font-family: 'Trebuchet MS', Verdana, Geneva, sans-serif;text-align: justify\" \/><span style=\"font-size: 18px\"><strong style=\"line-height: inherit;color: #555555;font-family: 'Trebuchet MS', Verdana, Geneva, sans-serif;text-align: justify\">Dist\u00e2ncia:<\/strong><span style=\"color: #555555;font-family: 'Trebuchet MS', Verdana, Geneva, sans-serif;text-align: justify\">\u00a022 voltas ou 84,37km (Corrida 1) e 20 voltas ou 76,7km (Corrida 2)<\/span><\/span><br style=\"line-height: inherit;color: #555555;font-family: 'Trebuchet MS', Verdana, Geneva, sans-serif;text-align: justify\" \/><span style=\"font-size: 18px\"><strong style=\"line-height: inherit;color: #555555;font-family: 'Trebuchet MS', Verdana, Geneva, sans-serif;text-align: justify\">Extens\u00e3o da pista:<\/strong><span style=\"color: #555555;font-family: 'Trebuchet MS', Verdana, Geneva, sans-serif;text-align: justify\">\u00a03.835 metros<\/span><\/span><br style=\"line-height: inherit;color: #555555;font-family: 'Trebuchet MS', Verdana, Geneva, sans-serif;text-align: justify\" \/><span style=\"font-size: 18px\"><strong style=\"line-height: inherit;color: #555555;font-family: 'Trebuchet MS', Verdana, Geneva, sans-serif;text-align: justify\"><br style=\"line-height: inherit\" \/>PR\u00d3XIMAS ETAPAS<br style=\"line-height: inherit\" \/><\/strong><span style=\"color: #555555;font-family: 'Trebuchet MS', Verdana, Geneva, sans-serif;text-align: justify\">10\u00aa e 11\u00aa etapas \u2013 Goi\u00e2nia, 21 e 22 de novembro<\/span><strong style=\"line-height: inherit;color: #555555;font-family: 'Trebuchet MS', Verdana, Geneva, sans-serif;text-align: justify\"><br style=\"line-height: inherit\" \/><\/strong><span style=\"color: #555555;font-family: 'Trebuchet MS', Verdana, Geneva, sans-serif;text-align: justify\">12\u00aa etapa \u2013 S\u00e3o Paulo, 13 de dezembro\u00a0<\/span><\/span><\/p>\n<p><span style=\"color: #555555;font-family: 'Trebuchet MS', Verdana, Geneva, sans-serif;font-size: 18px;text-align: center\">(Foto: Duda Bairros\/Stock Car)<\/span><\/p>\n<p>&nbsp;<\/p>\n","protected":false},"excerpt":{"rendered":"<p>\u00c9 a \u00faltima chance de garantir que se estar\u00e1 na Super Final brigando pelo t\u00edtulo. E quem chegou at\u00e9 aqui em condi\u00e7\u00f5es de sonhar com essa possibilidade, fez por merecer. A Stock Car realiza no pr\u00f3ximo final de semana seu pen\u00faltimo encontro de 2020, no Aut\u00f3dromo Internacional de Goi\u00e2nia Ayrton Senna. A categoria desembarca em [&hellip;]<\/p>\n","protected":false},"author":6307,"featured_media":41885,"comment_status":"closed","ping_status":"open","sticky":false,"template":"","format":"standard","meta":{"_exactmetrics_skip_tracking":false,"_exactmetrics_sitenote_active":false,"_exactmetrics_sitenote_note":"","_exactmetrics_sitenote_category":0,"footnotes":""},"categories":[1267],"tags":[8910,936,47,107],"yoast_head":"<!-- This site is optimized with the Yoast SEO Premium plugin v22.7 (Yoast SEO v22.7) - https:\/\/yoast.com\/wordpress\/plugins\/seo\/ -->\n<title>R\u00c1DIO MARING\u00c1 - Stock Car sob press\u00e3o m\u00e1xima em Goi\u00e2nia - Orlando Gonzalez<\/title>\n<meta name=\"robots\" content=\"index, follow, max-snippet:-1, max-image-preview:large, max-video-preview:-1\" \/>\n<link rel=\"canonical\" href=\"https:\/\/maringapost.com.br\/orlandogonzalez\/2020\/11\/17\/radio-maringa-stock-car-sob-pressao-maxima-em-goiania\/\" \/>\n<meta property=\"og:locale\" content=\"pt_BR\" \/>\n<meta property=\"og:type\" content=\"article\" \/>\n<meta property=\"og:title\" content=\"R\u00c1DIO MARING\u00c1 - Stock Car sob press\u00e3o m\u00e1xima em Goi\u00e2nia\" \/>\n<meta property=\"og:description\" content=\"\u00c9 a \u00faltima chance de garantir que se estar\u00e1 na Super Final brigando pelo t\u00edtulo. E quem chegou at\u00e9 aqui em condi\u00e7\u00f5es de sonhar com essa possibilidade, fez por merecer. A Stock Car realiza no pr\u00f3ximo final de semana seu pen\u00faltimo encontro de 2020, no Aut\u00f3dromo Internacional de Goi\u00e2nia Ayrton Senna. A categoria desembarca em [&hellip;]\" \/>\n<meta property=\"og:url\" content=\"https:\/\/maringapost.com.br\/orlandogonzalez\/2020\/11\/17\/radio-maringa-stock-car-sob-pressao-maxima-em-goiania\/\" \/>\n<meta property=\"og:site_name\" content=\"Orlando Gonzalez\" \/>\n<meta property=\"article:author\" content=\"https:\/\/www.facebook.com\/profile.php?id=100011095815065\" \/>\n<meta property=\"article:published_time\" content=\"2020-11-17T10:44:55+00:00\" \/>\n<meta property=\"article:modified_time\" content=\"2020-11-17T12:42:44+00:00\" \/>\n<meta property=\"og:image\" content=\"https:\/\/maringapost.com.br\/orlandogonzalez\/wp-content\/uploads\/sites\/17\/2020\/11\/carros.jpg\" \/>\n\t<meta property=\"og:image:width\" content=\"600\" \/>\n\t<meta property=\"og:image:height\" content=\"399\" \/>\n\t<meta property=\"og:image:type\" content=\"image\/jpeg\" \/>\n<meta name=\"author\" content=\"Orlando Gonzalez\" \/>\n<meta name=\"twitter:card\" content=\"summary_large_image\" \/>\n<meta name=\"twitter:creator\" content=\"@gonzalezorlando\" \/>\n<meta name=\"twitter:label1\" content=\"Escrito por\" \/>\n\t<meta name=\"twitter:data1\" content=\"\" \/>\n\t<meta name=\"twitter:label2\" content=\"Est. tempo de leitura\" \/>\n\t<meta name=\"twitter:data2\" content=\"6 minutos\" \/>\n<script type=\"application\/ld+json\" class=\"yoast-schema-graph\">{\"@context\":\"https:\/\/schema.org\",\"@graph\":[{\"@type\":\"WebPage\",\"@id\":\"https:\/\/maringapost.com.br\/orlandogonzalez\/2020\/11\/17\/radio-maringa-stock-car-sob-pressao-maxima-em-goiania\/\",\"url\":\"https:\/\/maringapost.com.br\/orlandogonzalez\/2020\/11\/17\/radio-maringa-stock-car-sob-pressao-maxima-em-goiania\/\",\"name\":\"R\u00c1DIO MARING\u00c1 - Stock Car sob press\u00e3o m\u00e1xima em Goi\u00e2nia - Orlando Gonzalez\",\"isPartOf\":{\"@id\":\"https:\/\/maringapost.com.br\/orlandogonzalez\/#website\"},\"primaryImageOfPage\":{\"@id\":\"https:\/\/maringapost.com.br\/orlandogonzalez\/2020\/11\/17\/radio-maringa-stock-car-sob-pressao-maxima-em-goiania\/#primaryimage\"},\"image\":{\"@id\":\"https:\/\/maringapost.com.br\/orlandogonzalez\/2020\/11\/17\/radio-maringa-stock-car-sob-pressao-maxima-em-goiania\/#primaryimage\"},\"thumbnailUrl\":\"https:\/\/maringapost.com.br\/orlandogonzalez\/wp-content\/uploads\/sites\/17\/2020\/11\/carros.jpg\",\"datePublished\":\"2020-11-17T10:44:55+00:00\",\"dateModified\":\"2020-11-17T12:42:44+00:00\",\"author\":{\"@id\":\"https:\/\/maringapost.com.br\/orlandogonzalez\/#\/schema\/person\/5cbe6257d08edea6afc9ebaa613b0633\"},\"inLanguage\":\"pt-BR\",\"potentialAction\":[{\"@type\":\"ReadAction\",\"target\":[\"https:\/\/maringapost.com.br\/orlandogonzalez\/2020\/11\/17\/radio-maringa-stock-car-sob-pressao-maxima-em-goiania\/\"]}]},{\"@type\":\"ImageObject\",\"inLanguage\":\"pt-BR\",\"@id\":\"https:\/\/maringapost.com.br\/orlandogonzalez\/2020\/11\/17\/radio-maringa-stock-car-sob-pressao-maxima-em-goiania\/#primaryimage\",\"url\":\"https:\/\/maringapost.com.br\/orlandogonzalez\/wp-content\/uploads\/sites\/17\/2020\/11\/carros.jpg\",\"contentUrl\":\"https:\/\/maringapost.com.br\/orlandogonzalez\/wp-content\/uploads\/sites\/17\/2020\/11\/carros.jpg\",\"width\":600,\"height\":399},{\"@type\":\"WebSite\",\"@id\":\"https:\/\/maringapost.com.br\/orlandogonzalez\/#website\",\"url\":\"https:\/\/maringapost.com.br\/orlandogonzalez\/\",\"name\":\"Orlando Gonzalez\",\"description\":\"Destaca o esporte de Maring\u00e1! Destaca o esporte do Paran\u00e1! Destaca o esporte do Brasil!\",\"potentialAction\":[{\"@type\":\"SearchAction\",\"target\":{\"@type\":\"EntryPoint\",\"urlTemplate\":\"https:\/\/maringapost.com.br\/orlandogonzalez\/?s={search_term_string}\"},\"query-input\":\"required name=search_term_string\"}],\"inLanguage\":\"pt-BR\"},{\"@type\":\"Person\",\"@id\":\"https:\/\/maringapost.com.br\/orlandogonzalez\/#\/schema\/person\/5cbe6257d08edea6afc9ebaa613b0633\",\"name\":\"Orlando Gonzalez\",\"image\":{\"@type\":\"ImageObject\",\"inLanguage\":\"pt-BR\",\"@id\":\"https:\/\/maringapost.com.br\/orlandogonzalez\/#\/schema\/person\/image\/\",\"url\":\"https:\/\/secure.gravatar.com\/avatar\/ecef9d1c9afe5ebdafadde8369065ba5?s=96&d=mm&r=g\",\"contentUrl\":\"https:\/\/secure.gravatar.com\/avatar\/ecef9d1c9afe5ebdafadde8369065ba5?s=96&d=mm&r=g\",\"caption\":\"Orlando Gonzalez\"},\"description\":\"H\u00e1 29 anos na cobertura do esporte de Maring\u00e1. Plant\u00e3o e narrador esportivo. Presta\u00e7\u00e3o de assessoria de imprensa esportiva, cobertura e transmiss\u00f5es ao vivo de eventos esportivos. E-mail: orlandogonzalez.assessoria@gmail.com WhatsApp: (44) 9 9126-6119\",\"sameAs\":[\"http:\/\/www.radiomaringa.com.br\/\",\"https:\/\/www.facebook.com\/profile.php?id=100011095815065\",\"https:\/\/www.instagram.com\/orlandomgonzalez\/\",\"https:\/\/br.pinterest.com\/ogonzalez0530\/\",\"https:\/\/x.com\/gonzalezorlando\",\"https:\/\/www.youtube.com\/channel\/UCvFpl55btth8wjnKiSS1ibA\",\"https:\/\/radiomaringaweb.tumblr.com\/\"],\"url\":\"https:\/\/maringapost.com.br\/orlandogonzalez\/author\/orlando\/\"}]}<\/script>\n<!-- \/ Yoast SEO Premium plugin. -->","yoast_head_json":{"title":"R\u00c1DIO MARING\u00c1 - Stock Car sob press\u00e3o m\u00e1xima em Goi\u00e2nia - Orlando Gonzalez","robots":{"index":"index","follow":"follow","max-snippet":"max-snippet:-1","max-image-preview":"max-image-preview:large","max-video-preview":"max-video-preview:-1"},"canonical":"https:\/\/maringapost.com.br\/orlandogonzalez\/2020\/11\/17\/radio-maringa-stock-car-sob-pressao-maxima-em-goiania\/","og_locale":"pt_BR","og_type":"article","og_title":"R\u00c1DIO MARING\u00c1 - Stock Car sob press\u00e3o m\u00e1xima em Goi\u00e2nia","og_description":"\u00c9 a \u00faltima chance de garantir que se estar\u00e1 na Super Final brigando pelo t\u00edtulo. E quem chegou at\u00e9 aqui em condi\u00e7\u00f5es de sonhar com essa possibilidade, fez por merecer. A Stock Car realiza no pr\u00f3ximo final de semana seu pen\u00faltimo encontro de 2020, no Aut\u00f3dromo Internacional de Goi\u00e2nia Ayrton Senna. A categoria desembarca em [&hellip;]","og_url":"https:\/\/maringapost.com.br\/orlandogonzalez\/2020\/11\/17\/radio-maringa-stock-car-sob-pressao-maxima-em-goiania\/","og_site_name":"Orlando Gonzalez","article_author":"https:\/\/www.facebook.com\/profile.php?id=100011095815065","article_published_time":"2020-11-17T10:44:55+00:00","article_modified_time":"2020-11-17T12:42:44+00:00","og_image":[{"width":600,"height":399,"url":"https:\/\/maringapost.com.br\/orlandogonzalez\/wp-content\/uploads\/sites\/17\/2020\/11\/carros.jpg","type":"image\/jpeg"}],"author":"Orlando Gonzalez","twitter_card":"summary_large_image","twitter_creator":"@gonzalezorlando","twitter_misc":{"Escrito por":false,"Est. tempo de leitura":"6 minutos"},"schema":{"@context":"https:\/\/schema.org","@graph":[{"@type":"WebPage","@id":"https:\/\/maringapost.com.br\/orlandogonzalez\/2020\/11\/17\/radio-maringa-stock-car-sob-pressao-maxima-em-goiania\/","url":"https:\/\/maringapost.com.br\/orlandogonzalez\/2020\/11\/17\/radio-maringa-stock-car-sob-pressao-maxima-em-goiania\/","name":"R\u00c1DIO MARING\u00c1 - Stock Car sob press\u00e3o m\u00e1xima em Goi\u00e2nia - Orlando Gonzalez","isPartOf":{"@id":"https:\/\/maringapost.com.br\/orlandogonzalez\/#website"},"primaryImageOfPage":{"@id":"https:\/\/maringapost.com.br\/orlandogonzalez\/2020\/11\/17\/radio-maringa-stock-car-sob-pressao-maxima-em-goiania\/#primaryimage"},"image":{"@id":"https:\/\/maringapost.com.br\/orlandogonzalez\/2020\/11\/17\/radio-maringa-stock-car-sob-pressao-maxima-em-goiania\/#primaryimage"},"thumbnailUrl":"https:\/\/maringapost.com.br\/orlandogonzalez\/wp-content\/uploads\/sites\/17\/2020\/11\/carros.jpg","datePublished":"2020-11-17T10:44:55+00:00","dateModified":"2020-11-17T12:42:44+00:00","author":{"@id":"https:\/\/maringapost.com.br\/orlandogonzalez\/#\/schema\/person\/5cbe6257d08edea6afc9ebaa613b0633"},"inLanguage":"pt-BR","potentialAction":[{"@type":"ReadAction","target":["https:\/\/maringapost.com.br\/orlandogonzalez\/2020\/11\/17\/radio-maringa-stock-car-sob-pressao-maxima-em-goiania\/"]}]},{"@type":"ImageObject","inLanguage":"pt-BR","@id":"https:\/\/maringapost.com.br\/orlandogonzalez\/2020\/11\/17\/radio-maringa-stock-car-sob-pressao-maxima-em-goiania\/#primaryimage","url":"https:\/\/maringapost.com.br\/orlandogonzalez\/wp-content\/uploads\/sites\/17\/2020\/11\/carros.jpg","contentUrl":"https:\/\/maringapost.com.br\/orlandogonzalez\/wp-content\/uploads\/sites\/17\/2020\/11\/carros.jpg","width":600,"height":399},{"@type":"WebSite","@id":"https:\/\/maringapost.com.br\/orlandogonzalez\/#website","url":"https:\/\/maringapost.com.br\/orlandogonzalez\/","name":"Orlando Gonzalez","description":"Destaca o esporte de Maring\u00e1! Destaca o esporte do Paran\u00e1! Destaca o esporte do Brasil!","potentialAction":[{"@type":"SearchAction","target":{"@type":"EntryPoint","urlTemplate":"https:\/\/maringapost.com.br\/orlandogonzalez\/?s={search_term_string}"},"query-input":"required name=search_term_string"}],"inLanguage":"pt-BR"},{"@type":"Person","@id":"https:\/\/maringapost.com.br\/orlandogonzalez\/#\/schema\/person\/5cbe6257d08edea6afc9ebaa613b0633","name":"Orlando Gonzalez","image":{"@type":"ImageObject","inLanguage":"pt-BR","@id":"https:\/\/maringapost.com.br\/orlandogonzalez\/#\/schema\/person\/image\/","url":"https:\/\/secure.gravatar.com\/avatar\/ecef9d1c9afe5ebdafadde8369065ba5?s=96&d=mm&r=g","contentUrl":"https:\/\/secure.gravatar.com\/avatar\/ecef9d1c9afe5ebdafadde8369065ba5?s=96&d=mm&r=g","caption":"Orlando Gonzalez"},"description":"H\u00e1 29 anos na cobertura do esporte de Maring\u00e1. Plant\u00e3o e narrador esportivo. Presta\u00e7\u00e3o de assessoria de imprensa esportiva, cobertura e transmiss\u00f5es ao vivo de eventos esportivos. E-mail: orlandogonzalez.assessoria@gmail.com WhatsApp: (44) 9 9126-6119","sameAs":["http:\/\/www.radiomaringa.com.br\/","https:\/\/www.facebook.com\/profile.php?id=100011095815065","https:\/\/www.instagram.com\/orlandomgonzalez\/","https:\/\/br.pinterest.com\/ogonzalez0530\/","https:\/\/x.com\/gonzalezorlando","https:\/\/www.youtube.com\/channel\/UCvFpl55btth8wjnKiSS1ibA","https:\/\/radiomaringaweb.tumblr.com\/"],"url":"https:\/\/maringapost.com.br\/orlandogonzalez\/author\/orlando\/"}]}},"_links":{"self":[{"href":"https:\/\/maringapost.com.br\/orlandogonzalez\/wp-json\/wp\/v2\/posts\/41884"}],"collection":[{"href":"https:\/\/maringapost.com.br\/orlandogonzalez\/wp-json\/wp\/v2\/posts"}],"about":[{"href":"https:\/\/maringapost.com.br\/orlandogonzalez\/wp-json\/wp\/v2\/types\/post"}],"author":[{"embeddable":true,"href":"https:\/\/maringapost.com.br\/orlandogonzalez\/wp-json\/wp\/v2\/users\/6307"}],"replies":[{"embeddable":true,"href":"https:\/\/maringapost.com.br\/orlandogonzalez\/wp-json\/wp\/v2\/comments?post=41884"}],"version-history":[{"count":2,"href":"https:\/\/maringapost.com.br\/orlandogonzalez\/wp-json\/wp\/v2\/posts\/41884\/revisions"}],"predecessor-version":[{"id":41887,"href":"https:\/\/maringapost.com.br\/orlandogonzalez\/wp-json\/wp\/v2\/posts\/41884\/revisions\/41887"}],"wp:featuredmedia":[{"embeddable":true,"href":"https:\/\/maringapost.com.br\/orlandogonzalez\/wp-json\/wp\/v2\/media\/41885"}],"wp:attachment":[{"href":"https:\/\/maringapost.com.br\/orlandogonzalez\/wp-json\/wp\/v2\/media?parent=41884"}],"wp:term":[{"taxonomy":"category","embeddable":true,"href":"https:\/\/maringapost.com.br\/orlandogonzalez\/wp-json\/wp\/v2\/categories?post=41884"},{"taxonomy":"post_tag","embeddable":true,"href":"https:\/\/maringapost.com.br\/orlandogonzalez\/wp-json\/wp\/v2\/tags?post=41884"}],"curies":[{"name":"wp","href":"https:\/\/api.w.org\/{rel}","templated":true}]}}