{"id":41850,"date":"2020-11-15T15:33:20","date_gmt":"2020-11-15T18:33:20","guid":{"rendered":"http:\/\/maringapost.com.br\/orlandogonzalez\/?p=41850"},"modified":"2020-11-15T15:34:44","modified_gmt":"2020-11-15T18:34:44","slug":"radio-maringa-kart-de-cascavel-estabelece-os-campeoes-do-metropolitano-2020","status":"publish","type":"post","link":"https:\/\/maringapost.com.br\/orlandogonzalez\/2020\/11\/15\/radio-maringa-kart-de-cascavel-estabelece-os-campeoes-do-metropolitano-2020\/","title":{"rendered":"R\u00c1DIO MARING\u00c1 &#8211; Kart de Cascavel estabelece os campe\u00f5es do Metropolitano 2020"},"content":{"rendered":"<p style=\"margin: 0cm 0cm 0pt;color: #222222;font-family: Arial, Helvetica, sans-serif;font-size: small;text-align: justify\">O Campeonato Metropolitano de Kart de Cascavel chegou ao fim no \u00faltimo s\u00e1bado (14), com realiza\u00e7\u00e3o da 5\u00aa etapa. Foi a melhor etapa do campeonato, com a participa\u00e7\u00e3o de pilotos de Cascavel, Toledo, Mari\u00f3polis, Toledo, Cafel\u00e2ndia, Umuarama, Ubirat\u00e3, Gua\u00edra, Francisco Beltr\u00e3o, Ponta Por\u00e3 (MS), Mundo Novo (MS) e S\u00e3o Paulo (SP). A promo\u00e7\u00e3o e organiza\u00e7\u00e3o foram do Kart Clube de Cascavel, com supervis\u00e3o da Federa\u00e7\u00e3o Paranaense de Automobilismo (FPrA)<a href=\"https:\/\/radiomaringa.com.br\/\" target=\"_blank\" rel=\"noopener noreferrer\">.<\/a><\/p>\n<p style=\"margin: 0cm 0cm 0pt;color: #222222;font-family: Arial, Helvetica, sans-serif;font-size: small;text-align: justify\">Depois de duas baterias por categorias, os vencedores da 5\u00aa etapa foram: Bernardo Motter (Cascavel) na categoria Mirim; Rafael Dietrich (Cascavel), na Cadete; F\u00e1bio Martins (Cascavel), na F-4 Light; Agnaldo Sampaio (Cascavel), na F-4 For\u00e7a Livre; Juliano Pertile (Ubirat\u00e3), na 125 Sprinter A; Dirceu Pacheco (Cascavel), na 125 Sprinter B; Assis Marcos Gurgacz (Cascavel), na F-4 B; e Gustavo Fiore (Cascavel), na categoria F-4 A.<\/p>\n<p style=\"margin: 0cm 0cm 0pt;color: #222222;font-family: Arial, Helvetica, sans-serif;font-size: small;text-align: justify\">Depois de cinco etapas, os campe\u00f5es do Metropolitano de Cascavel foram Bernardo Motter (Cascavel), na categoria Mirim; Rafael Dietrich (Cascavel), na Cadete; Luiz Schroeder (Umuarama), na F-4 For\u00e7a Livre; Murilo Fiore (Cascavel), na F-4 A; F\u00e1bio Martins (Cascavel), na F-4 B; Diogo Cavalcante (Toledo), na F-4 Light; e D\u00e9lia Pires (Cascavel), na categoria 125 Sprinter.<\/p>\n<p style=\"margin: 0cm 0cm 0pt;color: #222222;font-family: Arial, Helvetica, sans-serif;font-size: small;text-align: justify\"><strong>Classifica\u00e7\u00e3o final do Campeonato Metropolitano de Kart de Cascavel<\/strong><\/p>\n<p style=\"margin: 0cm 0cm 0pt;color: #222222;font-family: Arial, Helvetica, sans-serif;font-size: small;text-align: justify\"><strong>Categoria Mirim<\/strong><\/p>\n<p style=\"margin: 0cm 0cm 0pt;color: #222222;font-family: Arial, Helvetica, sans-serif;font-size: small;text-align: justify\">1\u00ba) Bernardo Motter (Cascavel), com 120 pontos<\/p>\n<p style=\"margin: 0cm 0cm 0pt;color: #222222;font-family: Arial, Helvetica, sans-serif;font-size: small;text-align: justify\">2\u00ba) Matheus Z. de Avis (Cascavel), 94<\/p>\n<p style=\"margin: 0cm 0cm 0pt;color: #222222;font-family: Arial, Helvetica, sans-serif;font-size: small;text-align: justify\">3\u00ba) Bernardo Cavalcante (Toledo), 83<\/p>\n<p style=\"margin: 0cm 0cm 0pt;color: #222222;font-family: Arial, Helvetica, sans-serif;font-size: small;text-align: justify\">4\u00ba) Caetano Cavalcante (Toledo), 55<\/p>\n<p style=\"margin: 0cm 0cm 0pt;color: #222222;font-family: Arial, Helvetica, sans-serif;font-size: small;text-align: justify\">5\u00ba) Rafael da Silva (Cascavel), com 23 pontos<\/p>\n<p style=\"margin: 0cm 0cm 0pt;color: #222222;font-family: Arial, Helvetica, sans-serif;font-size: small;text-align: justify\"><strong>Categoria Cadete<\/strong><\/p>\n<p style=\"margin: 0cm 0cm 0pt;color: #222222;font-family: Arial, Helvetica, sans-serif;font-size: small;text-align: justify\">1\u00ba) Rafael Dietrich (Cascavel), com 123 pontos<\/p>\n<p style=\"margin: 0cm 0cm 0pt;color: #222222;font-family: Arial, Helvetica, sans-serif;font-size: small;text-align: justify\">2\u00ba) Benjamin Zawoski (Cascavel), 89<\/p>\n<p style=\"margin: 0cm 0cm 0pt;color: #222222;font-family: Arial, Helvetica, sans-serif;font-size: small;text-align: justify\">3\u00ba) Murilo Souza (Cascavel), 33,5<\/p>\n<p style=\"margin: 0cm 0cm 0pt;color: #222222;font-family: Arial, Helvetica, sans-serif;font-size: small;text-align: justify\">4\u00ba) Gustavo Verona (Gua\u00edra), 22,5<\/p>\n<p style=\"margin: 0cm 0cm 0pt;color: #222222;font-family: Arial, Helvetica, sans-serif;font-size: small;text-align: justify\">5\u00ba) Caio Zorzetto (S\u00e3o Miguel do Igua\u00e7u), com 21,5 pontos<\/p>\n<p style=\"margin: 0cm 0cm 0pt;color: #222222;font-family: Arial, Helvetica, sans-serif;font-size: small;text-align: justify\"><strong>Categoria F-4 For\u00e7a Livre<\/strong><\/p>\n<p style=\"margin: 0cm 0cm 0pt;color: #222222;font-family: Arial, Helvetica, sans-serif;font-size: small;text-align: justify\">1\u00ba) Luiz Schroeder (Umuarama), com 103,5 pontos<\/p>\n<p style=\"margin: 0cm 0cm 0pt;color: #222222;font-family: Arial, Helvetica, sans-serif;font-size: small;text-align: justify\">2\u00ba) Agnaldo Sampaio (Cascavel), 92,5<\/p>\n<p style=\"margin: 0cm 0cm 0pt;color: #222222;font-family: Arial, Helvetica, sans-serif;font-size: small;text-align: justify\">3\u00ba) William Zawoski (Cascavel), 89<\/p>\n<p style=\"margin: 0cm 0cm 0pt;color: #222222;font-family: Arial, Helvetica, sans-serif;font-size: small;text-align: justify\">4\u00ba) Milton M. dos Santos J\u00fanior (Cascavel), 61,5<\/p>\n<p style=\"margin: 0cm 0cm 0pt;color: #222222;font-family: Arial, Helvetica, sans-serif;font-size: small;text-align: justify\">5\u00ba) Mateus Sousa (Cascavel), com 25 pontos<\/p>\n<p style=\"margin: 0cm 0cm 0pt;color: #222222;font-family: Arial, Helvetica, sans-serif;font-size: small;text-align: justify\"><strong>Categoria F-4 A<\/strong><\/p>\n<p style=\"margin: 0cm 0cm 0pt;color: #222222;font-family: Arial, Helvetica, sans-serif;font-size: small;text-align: justify\">1\u00ba) Murilo Fiore (Cascavel), com 94 pontos<\/p>\n<p style=\"margin: 0cm 0cm 0pt;color: #222222;font-family: Arial, Helvetica, sans-serif;font-size: small;text-align: justify\">2\u00ba) Gustavo Fiore (Cascavel), 89,5<\/p>\n<p style=\"margin: 0cm 0cm 0pt;color: #222222;font-family: Arial, Helvetica, sans-serif;font-size: small;text-align: justify\">3\u00ba) Mauricio Zaffari (Cascavel), 77,5<\/p>\n<p style=\"margin: 0cm 0cm 0pt;color: #222222;font-family: Arial, Helvetica, sans-serif;font-size: small;text-align: justify\">4\u00ba) Edwardo Tanabe (Cascavel), 71<\/p>\n<p style=\"margin: 0cm 0cm 0pt;color: #222222;font-family: Arial, Helvetica, sans-serif;font-size: small;text-align: justify\">5\u00ba) Rodrigo B. Santos (Cascavel), com 70 pontos<\/p>\n<p style=\"margin: 0cm 0cm 0pt;color: #222222;font-family: Arial, Helvetica, sans-serif;font-size: small;text-align: justify\"><strong>Categoria F- 4 B<\/strong><\/p>\n<p style=\"margin: 0cm 0cm 0pt;color: #222222;font-family: Arial, Helvetica, sans-serif;font-size: small;text-align: justify\">1\u00ba) F\u00e1bio Martins (Cascavel), com 113 pontos<\/p>\n<p style=\"margin: 0cm 0cm 0pt;color: #222222;font-family: Arial, Helvetica, sans-serif;font-size: small;text-align: justify\">2\u00ba) Samuel Xavier (Cascavel), 76<\/p>\n<p style=\"margin: 0cm 0cm 0pt;color: #222222;font-family: Arial, Helvetica, sans-serif;font-size: small;text-align: justify\">3\u00ba) Claudecir Guligurski (Cascavel), 74<\/p>\n<p style=\"margin: 0cm 0cm 0pt;color: #222222;font-family: Arial, Helvetica, sans-serif;font-size: small;text-align: justify\">4\u00ba) Valdinei Vieria (Cascavel), 73,5<\/p>\n<p style=\"margin: 0cm 0cm 0pt;color: #222222;font-family: Arial, Helvetica, sans-serif;font-size: small;text-align: justify\">5\u00ba) Daniel Verona (Gua\u00edra), com 73 pontos<\/p>\n<p style=\"margin: 0cm 0cm 0pt;color: #222222;font-family: Arial, Helvetica, sans-serif;font-size: small;text-align: justify\"><strong>Categoria F-4 Light<\/strong><\/p>\n<p style=\"margin: 0cm 0cm 0pt;color: #222222;font-family: Arial, Helvetica, sans-serif;font-size: small;text-align: justify\">1\u00ba) Diogo Cavalcante (Toledo), com 73 pontos<\/p>\n<p style=\"margin: 0cm 0cm 0pt;color: #222222;font-family: Arial, Helvetica, sans-serif;font-size: small;text-align: justify\">2\u00ba) Rafael Mascarello (Mari\u00f3polis), 67<\/p>\n<p style=\"margin: 0cm 0cm 0pt;color: #222222;font-family: Arial, Helvetica, sans-serif;font-size: small;text-align: justify\">3\u00ba) Rafael Deitos (Cascavel), 37<\/p>\n<p style=\"margin: 0cm 0cm 0pt;color: #222222;font-family: Arial, Helvetica, sans-serif;font-size: small;text-align: justify\">4\u00ba) Mateus Sousa (Cascavel), 24,5<\/p>\n<p style=\"margin: 0cm 0cm 0pt;color: #222222;font-family: Arial, Helvetica, sans-serif;font-size: small;text-align: justify\">5\u00ba) Rafael Vasco (Francisco Beltr\u00e3o), com 21,5 pontos<\/p>\n<p style=\"margin: 0cm 0cm 0pt;color: #222222;font-family: Arial, Helvetica, sans-serif;font-size: small;text-align: justify\"><strong>Categoria 125 Sprinter<\/strong><\/p>\n<p style=\"margin: 0cm 0cm 0pt;color: #222222;font-family: Arial, Helvetica, sans-serif;font-size: small;text-align: justify\">1\u00ba) D\u00e9lia Pires (Cascavel), com 66 pontos<\/p>\n<p style=\"margin: 0cm 0cm 0pt;color: #222222;font-family: Arial, Helvetica, sans-serif;font-size: small;text-align: justify\">2\u00ba) Juliano Perile (Ubirat\u00e3), 29,5<\/p>\n<p style=\"margin: 0cm 0cm 0pt;color: #222222;font-family: Arial, Helvetica, sans-serif;font-size: small;text-align: justify\">3\u00ba) Gilberto Delicato (Mundo Novo), 22,5<\/p>\n<p style=\"margin: 0cm 0cm 0pt;color: #222222;font-family: Arial, Helvetica, sans-serif;font-size: small;text-align: justify\">4\u00ba) Paulo Krausse (Cascavel), 19,5<\/p>\n<p style=\"margin: 0cm 0cm 0pt;color: #222222;font-family: Arial, Helvetica, sans-serif;font-size: small;text-align: justify\">(Assessoria)<\/p>\n","protected":false},"excerpt":{"rendered":"<p>O Campeonato Metropolitano de Kart de Cascavel chegou ao fim no \u00faltimo s\u00e1bado (14), com realiza\u00e7\u00e3o da 5\u00aa etapa. Foi a melhor etapa do campeonato, com a participa\u00e7\u00e3o de pilotos de Cascavel, Toledo, Mari\u00f3polis, Toledo, Cafel\u00e2ndia, Umuarama, Ubirat\u00e3, Gua\u00edra, Francisco Beltr\u00e3o, Ponta Por\u00e3 (MS), Mundo Novo (MS) e S\u00e3o Paulo (SP). A promo\u00e7\u00e3o e organiza\u00e7\u00e3o [&hellip;]<\/p>\n","protected":false},"author":6307,"featured_media":41851,"comment_status":"closed","ping_status":"open","sticky":false,"template":"","format":"standard","meta":{"_exactmetrics_skip_tracking":false,"_exactmetrics_sitenote_active":false,"_exactmetrics_sitenote_note":"","_exactmetrics_sitenote_category":0,"footnotes":""},"categories":[1267],"tags":[8910,47],"yoast_head":"<!-- This site is optimized with the Yoast SEO Premium plugin v22.7 (Yoast SEO v22.7) - https:\/\/yoast.com\/wordpress\/plugins\/seo\/ -->\n<title>R\u00c1DIO MARING\u00c1 - Kart de Cascavel estabelece os campe\u00f5es do Metropolitano 2020 - Orlando Gonzalez<\/title>\n<meta name=\"robots\" content=\"index, follow, max-snippet:-1, max-image-preview:large, max-video-preview:-1\" \/>\n<link rel=\"canonical\" href=\"https:\/\/maringapost.com.br\/orlandogonzalez\/2020\/11\/15\/radio-maringa-kart-de-cascavel-estabelece-os-campeoes-do-metropolitano-2020\/\" \/>\n<meta property=\"og:locale\" content=\"pt_BR\" \/>\n<meta property=\"og:type\" content=\"article\" \/>\n<meta property=\"og:title\" content=\"R\u00c1DIO MARING\u00c1 - Kart de Cascavel estabelece os campe\u00f5es do Metropolitano 2020\" \/>\n<meta property=\"og:description\" content=\"O Campeonato Metropolitano de Kart de Cascavel chegou ao fim no \u00faltimo s\u00e1bado (14), com realiza\u00e7\u00e3o da 5\u00aa etapa. Foi a melhor etapa do campeonato, com a participa\u00e7\u00e3o de pilotos de Cascavel, Toledo, Mari\u00f3polis, Toledo, Cafel\u00e2ndia, Umuarama, Ubirat\u00e3, Gua\u00edra, Francisco Beltr\u00e3o, Ponta Por\u00e3 (MS), Mundo Novo (MS) e S\u00e3o Paulo (SP). A promo\u00e7\u00e3o e organiza\u00e7\u00e3o [&hellip;]\" \/>\n<meta property=\"og:url\" content=\"https:\/\/maringapost.com.br\/orlandogonzalez\/2020\/11\/15\/radio-maringa-kart-de-cascavel-estabelece-os-campeoes-do-metropolitano-2020\/\" \/>\n<meta property=\"og:site_name\" content=\"Orlando Gonzalez\" \/>\n<meta property=\"article:author\" content=\"https:\/\/www.facebook.com\/profile.php?id=100011095815065\" \/>\n<meta property=\"article:published_time\" content=\"2020-11-15T18:33:20+00:00\" \/>\n<meta property=\"article:modified_time\" content=\"2020-11-15T18:34:44+00:00\" \/>\n<meta property=\"og:image\" content=\"https:\/\/maringapost.com.br\/orlandogonzalez\/wp-content\/uploads\/sites\/17\/2020\/11\/Rafael-Dietrich07-Tiago-Guedes.jpeg\" \/>\n\t<meta property=\"og:image:width\" content=\"1280\" \/>\n\t<meta property=\"og:image:height\" content=\"853\" \/>\n\t<meta property=\"og:image:type\" content=\"image\/jpeg\" \/>\n<meta name=\"author\" content=\"Orlando Gonzalez\" \/>\n<meta name=\"twitter:card\" content=\"summary_large_image\" \/>\n<meta name=\"twitter:creator\" content=\"@gonzalezorlando\" \/>\n<meta name=\"twitter:label1\" content=\"Escrito por\" \/>\n\t<meta name=\"twitter:data1\" content=\"\" \/>\n\t<meta name=\"twitter:label2\" content=\"Est. tempo de leitura\" \/>\n\t<meta name=\"twitter:data2\" content=\"2 minutos\" \/>\n<script type=\"application\/ld+json\" class=\"yoast-schema-graph\">{\"@context\":\"https:\/\/schema.org\",\"@graph\":[{\"@type\":\"WebPage\",\"@id\":\"https:\/\/maringapost.com.br\/orlandogonzalez\/2020\/11\/15\/radio-maringa-kart-de-cascavel-estabelece-os-campeoes-do-metropolitano-2020\/\",\"url\":\"https:\/\/maringapost.com.br\/orlandogonzalez\/2020\/11\/15\/radio-maringa-kart-de-cascavel-estabelece-os-campeoes-do-metropolitano-2020\/\",\"name\":\"R\u00c1DIO MARING\u00c1 - Kart de Cascavel estabelece os campe\u00f5es do Metropolitano 2020 - Orlando Gonzalez\",\"isPartOf\":{\"@id\":\"https:\/\/maringapost.com.br\/orlandogonzalez\/#website\"},\"primaryImageOfPage\":{\"@id\":\"https:\/\/maringapost.com.br\/orlandogonzalez\/2020\/11\/15\/radio-maringa-kart-de-cascavel-estabelece-os-campeoes-do-metropolitano-2020\/#primaryimage\"},\"image\":{\"@id\":\"https:\/\/maringapost.com.br\/orlandogonzalez\/2020\/11\/15\/radio-maringa-kart-de-cascavel-estabelece-os-campeoes-do-metropolitano-2020\/#primaryimage\"},\"thumbnailUrl\":\"https:\/\/maringapost.com.br\/orlandogonzalez\/wp-content\/uploads\/sites\/17\/2020\/11\/Rafael-Dietrich07-Tiago-Guedes.jpeg\",\"datePublished\":\"2020-11-15T18:33:20+00:00\",\"dateModified\":\"2020-11-15T18:34:44+00:00\",\"author\":{\"@id\":\"https:\/\/maringapost.com.br\/orlandogonzalez\/#\/schema\/person\/5cbe6257d08edea6afc9ebaa613b0633\"},\"inLanguage\":\"pt-BR\",\"potentialAction\":[{\"@type\":\"ReadAction\",\"target\":[\"https:\/\/maringapost.com.br\/orlandogonzalez\/2020\/11\/15\/radio-maringa-kart-de-cascavel-estabelece-os-campeoes-do-metropolitano-2020\/\"]}]},{\"@type\":\"ImageObject\",\"inLanguage\":\"pt-BR\",\"@id\":\"https:\/\/maringapost.com.br\/orlandogonzalez\/2020\/11\/15\/radio-maringa-kart-de-cascavel-estabelece-os-campeoes-do-metropolitano-2020\/#primaryimage\",\"url\":\"https:\/\/maringapost.com.br\/orlandogonzalez\/wp-content\/uploads\/sites\/17\/2020\/11\/Rafael-Dietrich07-Tiago-Guedes.jpeg\",\"contentUrl\":\"https:\/\/maringapost.com.br\/orlandogonzalez\/wp-content\/uploads\/sites\/17\/2020\/11\/Rafael-Dietrich07-Tiago-Guedes.jpeg\",\"width\":1280,\"height\":853},{\"@type\":\"WebSite\",\"@id\":\"https:\/\/maringapost.com.br\/orlandogonzalez\/#website\",\"url\":\"https:\/\/maringapost.com.br\/orlandogonzalez\/\",\"name\":\"Orlando Gonzalez\",\"description\":\"Destaca o esporte de Maring\u00e1! Destaca o esporte do Paran\u00e1! Destaca o esporte do Brasil!\",\"potentialAction\":[{\"@type\":\"SearchAction\",\"target\":{\"@type\":\"EntryPoint\",\"urlTemplate\":\"https:\/\/maringapost.com.br\/orlandogonzalez\/?s={search_term_string}\"},\"query-input\":\"required name=search_term_string\"}],\"inLanguage\":\"pt-BR\"},{\"@type\":\"Person\",\"@id\":\"https:\/\/maringapost.com.br\/orlandogonzalez\/#\/schema\/person\/5cbe6257d08edea6afc9ebaa613b0633\",\"name\":\"Orlando Gonzalez\",\"image\":{\"@type\":\"ImageObject\",\"inLanguage\":\"pt-BR\",\"@id\":\"https:\/\/maringapost.com.br\/orlandogonzalez\/#\/schema\/person\/image\/\",\"url\":\"https:\/\/secure.gravatar.com\/avatar\/ecef9d1c9afe5ebdafadde8369065ba5?s=96&d=mm&r=g\",\"contentUrl\":\"https:\/\/secure.gravatar.com\/avatar\/ecef9d1c9afe5ebdafadde8369065ba5?s=96&d=mm&r=g\",\"caption\":\"Orlando Gonzalez\"},\"description\":\"H\u00e1 29 anos na cobertura do esporte de Maring\u00e1. Plant\u00e3o e narrador esportivo. Presta\u00e7\u00e3o de assessoria de imprensa esportiva, cobertura e transmiss\u00f5es ao vivo de eventos esportivos. E-mail: orlandogonzalez.assessoria@gmail.com WhatsApp: (44) 9 9126-6119\",\"sameAs\":[\"http:\/\/www.radiomaringa.com.br\/\",\"https:\/\/www.facebook.com\/profile.php?id=100011095815065\",\"https:\/\/www.instagram.com\/orlandomgonzalez\/\",\"https:\/\/br.pinterest.com\/ogonzalez0530\/\",\"https:\/\/x.com\/gonzalezorlando\",\"https:\/\/www.youtube.com\/channel\/UCvFpl55btth8wjnKiSS1ibA\",\"https:\/\/radiomaringaweb.tumblr.com\/\"],\"url\":\"https:\/\/maringapost.com.br\/orlandogonzalez\/author\/orlando\/\"}]}<\/script>\n<!-- \/ Yoast SEO Premium plugin. -->","yoast_head_json":{"title":"R\u00c1DIO MARING\u00c1 - Kart de Cascavel estabelece os campe\u00f5es do Metropolitano 2020 - Orlando Gonzalez","robots":{"index":"index","follow":"follow","max-snippet":"max-snippet:-1","max-image-preview":"max-image-preview:large","max-video-preview":"max-video-preview:-1"},"canonical":"https:\/\/maringapost.com.br\/orlandogonzalez\/2020\/11\/15\/radio-maringa-kart-de-cascavel-estabelece-os-campeoes-do-metropolitano-2020\/","og_locale":"pt_BR","og_type":"article","og_title":"R\u00c1DIO MARING\u00c1 - Kart de Cascavel estabelece os campe\u00f5es do Metropolitano 2020","og_description":"O Campeonato Metropolitano de Kart de Cascavel chegou ao fim no \u00faltimo s\u00e1bado (14), com realiza\u00e7\u00e3o da 5\u00aa etapa. Foi a melhor etapa do campeonato, com a participa\u00e7\u00e3o de pilotos de Cascavel, Toledo, Mari\u00f3polis, Toledo, Cafel\u00e2ndia, Umuarama, Ubirat\u00e3, Gua\u00edra, Francisco Beltr\u00e3o, Ponta Por\u00e3 (MS), Mundo Novo (MS) e S\u00e3o Paulo (SP). A promo\u00e7\u00e3o e organiza\u00e7\u00e3o [&hellip;]","og_url":"https:\/\/maringapost.com.br\/orlandogonzalez\/2020\/11\/15\/radio-maringa-kart-de-cascavel-estabelece-os-campeoes-do-metropolitano-2020\/","og_site_name":"Orlando Gonzalez","article_author":"https:\/\/www.facebook.com\/profile.php?id=100011095815065","article_published_time":"2020-11-15T18:33:20+00:00","article_modified_time":"2020-11-15T18:34:44+00:00","og_image":[{"width":1280,"height":853,"url":"https:\/\/maringapost.com.br\/orlandogonzalez\/wp-content\/uploads\/sites\/17\/2020\/11\/Rafael-Dietrich07-Tiago-Guedes.jpeg","type":"image\/jpeg"}],"author":"Orlando Gonzalez","twitter_card":"summary_large_image","twitter_creator":"@gonzalezorlando","twitter_misc":{"Escrito por":false,"Est. tempo de leitura":"2 minutos"},"schema":{"@context":"https:\/\/schema.org","@graph":[{"@type":"WebPage","@id":"https:\/\/maringapost.com.br\/orlandogonzalez\/2020\/11\/15\/radio-maringa-kart-de-cascavel-estabelece-os-campeoes-do-metropolitano-2020\/","url":"https:\/\/maringapost.com.br\/orlandogonzalez\/2020\/11\/15\/radio-maringa-kart-de-cascavel-estabelece-os-campeoes-do-metropolitano-2020\/","name":"R\u00c1DIO MARING\u00c1 - Kart de Cascavel estabelece os campe\u00f5es do Metropolitano 2020 - Orlando Gonzalez","isPartOf":{"@id":"https:\/\/maringapost.com.br\/orlandogonzalez\/#website"},"primaryImageOfPage":{"@id":"https:\/\/maringapost.com.br\/orlandogonzalez\/2020\/11\/15\/radio-maringa-kart-de-cascavel-estabelece-os-campeoes-do-metropolitano-2020\/#primaryimage"},"image":{"@id":"https:\/\/maringapost.com.br\/orlandogonzalez\/2020\/11\/15\/radio-maringa-kart-de-cascavel-estabelece-os-campeoes-do-metropolitano-2020\/#primaryimage"},"thumbnailUrl":"https:\/\/maringapost.com.br\/orlandogonzalez\/wp-content\/uploads\/sites\/17\/2020\/11\/Rafael-Dietrich07-Tiago-Guedes.jpeg","datePublished":"2020-11-15T18:33:20+00:00","dateModified":"2020-11-15T18:34:44+00:00","author":{"@id":"https:\/\/maringapost.com.br\/orlandogonzalez\/#\/schema\/person\/5cbe6257d08edea6afc9ebaa613b0633"},"inLanguage":"pt-BR","potentialAction":[{"@type":"ReadAction","target":["https:\/\/maringapost.com.br\/orlandogonzalez\/2020\/11\/15\/radio-maringa-kart-de-cascavel-estabelece-os-campeoes-do-metropolitano-2020\/"]}]},{"@type":"ImageObject","inLanguage":"pt-BR","@id":"https:\/\/maringapost.com.br\/orlandogonzalez\/2020\/11\/15\/radio-maringa-kart-de-cascavel-estabelece-os-campeoes-do-metropolitano-2020\/#primaryimage","url":"https:\/\/maringapost.com.br\/orlandogonzalez\/wp-content\/uploads\/sites\/17\/2020\/11\/Rafael-Dietrich07-Tiago-Guedes.jpeg","contentUrl":"https:\/\/maringapost.com.br\/orlandogonzalez\/wp-content\/uploads\/sites\/17\/2020\/11\/Rafael-Dietrich07-Tiago-Guedes.jpeg","width":1280,"height":853},{"@type":"WebSite","@id":"https:\/\/maringapost.com.br\/orlandogonzalez\/#website","url":"https:\/\/maringapost.com.br\/orlandogonzalez\/","name":"Orlando Gonzalez","description":"Destaca o esporte de Maring\u00e1! Destaca o esporte do Paran\u00e1! Destaca o esporte do Brasil!","potentialAction":[{"@type":"SearchAction","target":{"@type":"EntryPoint","urlTemplate":"https:\/\/maringapost.com.br\/orlandogonzalez\/?s={search_term_string}"},"query-input":"required name=search_term_string"}],"inLanguage":"pt-BR"},{"@type":"Person","@id":"https:\/\/maringapost.com.br\/orlandogonzalez\/#\/schema\/person\/5cbe6257d08edea6afc9ebaa613b0633","name":"Orlando Gonzalez","image":{"@type":"ImageObject","inLanguage":"pt-BR","@id":"https:\/\/maringapost.com.br\/orlandogonzalez\/#\/schema\/person\/image\/","url":"https:\/\/secure.gravatar.com\/avatar\/ecef9d1c9afe5ebdafadde8369065ba5?s=96&d=mm&r=g","contentUrl":"https:\/\/secure.gravatar.com\/avatar\/ecef9d1c9afe5ebdafadde8369065ba5?s=96&d=mm&r=g","caption":"Orlando Gonzalez"},"description":"H\u00e1 29 anos na cobertura do esporte de Maring\u00e1. Plant\u00e3o e narrador esportivo. Presta\u00e7\u00e3o de assessoria de imprensa esportiva, cobertura e transmiss\u00f5es ao vivo de eventos esportivos. E-mail: orlandogonzalez.assessoria@gmail.com WhatsApp: (44) 9 9126-6119","sameAs":["http:\/\/www.radiomaringa.com.br\/","https:\/\/www.facebook.com\/profile.php?id=100011095815065","https:\/\/www.instagram.com\/orlandomgonzalez\/","https:\/\/br.pinterest.com\/ogonzalez0530\/","https:\/\/x.com\/gonzalezorlando","https:\/\/www.youtube.com\/channel\/UCvFpl55btth8wjnKiSS1ibA","https:\/\/radiomaringaweb.tumblr.com\/"],"url":"https:\/\/maringapost.com.br\/orlandogonzalez\/author\/orlando\/"}]}},"_links":{"self":[{"href":"https:\/\/maringapost.com.br\/orlandogonzalez\/wp-json\/wp\/v2\/posts\/41850"}],"collection":[{"href":"https:\/\/maringapost.com.br\/orlandogonzalez\/wp-json\/wp\/v2\/posts"}],"about":[{"href":"https:\/\/maringapost.com.br\/orlandogonzalez\/wp-json\/wp\/v2\/types\/post"}],"author":[{"embeddable":true,"href":"https:\/\/maringapost.com.br\/orlandogonzalez\/wp-json\/wp\/v2\/users\/6307"}],"replies":[{"embeddable":true,"href":"https:\/\/maringapost.com.br\/orlandogonzalez\/wp-json\/wp\/v2\/comments?post=41850"}],"version-history":[{"count":4,"href":"https:\/\/maringapost.com.br\/orlandogonzalez\/wp-json\/wp\/v2\/posts\/41850\/revisions"}],"predecessor-version":[{"id":41855,"href":"https:\/\/maringapost.com.br\/orlandogonzalez\/wp-json\/wp\/v2\/posts\/41850\/revisions\/41855"}],"wp:featuredmedia":[{"embeddable":true,"href":"https:\/\/maringapost.com.br\/orlandogonzalez\/wp-json\/wp\/v2\/media\/41851"}],"wp:attachment":[{"href":"https:\/\/maringapost.com.br\/orlandogonzalez\/wp-json\/wp\/v2\/media?parent=41850"}],"wp:term":[{"taxonomy":"category","embeddable":true,"href":"https:\/\/maringapost.com.br\/orlandogonzalez\/wp-json\/wp\/v2\/categories?post=41850"},{"taxonomy":"post_tag","embeddable":true,"href":"https:\/\/maringapost.com.br\/orlandogonzalez\/wp-json\/wp\/v2\/tags?post=41850"}],"curies":[{"name":"wp","href":"https:\/\/api.w.org\/{rel}","templated":true}]}}