{"id":41635,"date":"2020-11-07T14:43:36","date_gmt":"2020-11-07T17:43:36","guid":{"rendered":"http:\/\/maringapost.com.br\/orlandogonzalez\/?p=41635"},"modified":"2020-11-07T14:48:10","modified_gmt":"2020-11-07T17:48:10","slug":"radio-maringa-curitiba-tem-vitoria-de-camilo-em-dia-de-comocao-na-stock-car","status":"publish","type":"post","link":"https:\/\/maringapost.com.br\/orlandogonzalez\/2020\/11\/07\/radio-maringa-curitiba-tem-vitoria-de-camilo-em-dia-de-comocao-na-stock-car\/","title":{"rendered":"R\u00c1DIO MARING\u00c1 &#8211; Curitiba tem vit\u00f3ria de Camilo em dia de como\u00e7\u00e3o na Stock Car"},"content":{"rendered":"<p>No dia em que a Stock Car parou para homenagear um de seus nomes hist\u00f3ricos, o chefe de equipe Amadeu Rodrigues, falecido no s\u00e1bado passado em um acidente automobil\u00edstico, o paulista Thiago Camilo obteve uma vit\u00f3ria dram\u00e1tica durante a oitava etapa da temporada, disputada hoje (7) no Aut\u00f3dromo Internacional de Curitiba. Depois de largar da pole, Camilo perdeu a ponta para Guilherme Salas na 10\u00aa volta durante o pit stop obrigat\u00f3rio, mas recuperou a dianteira na volta 24 utilizando com intelig\u00eancia o bot\u00e3o de pot\u00eancia extra (push to pass). Emocionado, o vencedor levou para o p\u00f3dio as filhas de Rodrigues, B\u00e1rbara e Juliana, em uma cena que silenciou os membros das equipes presentes. Esta foi a quarta vit\u00f3ria da carreira de Thiago Camilo em Curitiba, feito que agora o al\u00e7a da quinta para a segunda posi\u00e7\u00e3o da tabela, com 178 pontos.<br \/>\nO parceiro de equipe de Camilo, o ga\u00facho Cesar Ramos, largou da quinta posi\u00e7\u00e3o e terminou em 13\u00ba depois de perder dez segundos durante o pit stop devido a um problema na porca do pneu traseiro esquerdo. Ramos chegou l\u00edder em Curitiba e segue na ponta, mas agora tem apenas dois pontos de vantagem para o vencedor de hoje. Com os dois pilotos no alto da tabela, a situa\u00e7\u00e3o do campeonato destaca a for\u00e7a da equipe A.Mattheis Ipiranga em 2020. Entre as demais equipes, somente a Eurofarma RC tem dois pilotos entre os dez melhores, com Ricardo Maur\u00edcio somando 165 pontos e Daniel Serra, 153, na quarta e sexta posi\u00e7\u00f5es, respectivamente<a href=\"https:\/\/radiomaringa.com.br\/\" target=\"_blank\" rel=\"noopener noreferrer\">.<\/a><\/p>\n<p>Campeonato \u2013 Com Ramos (180 pontos) e Camilo (178) na lideran\u00e7a, a tabela tem agora Ricardo Zonta em terceiro (167), seguido por Maur\u00edcio (165), Rubens Barrichello (162), Serra (153), Allam Khodair (145) e Gabriel Casagrande (140) fechando os oito primeiros. O momento, no entanto, n\u00e3o \u00e9 c\u00f4modo para ningu\u00e9m, uma vez que neste domingo a Stock Car coloca em jogo um m\u00e1ximo de 54 pontos durante a nona etapa, com 30 concedidos para o vencedor da primeira corrida e 24 para quem faturar a prova complementar da rodada dupla do dia.<br \/>\n\u201cFoi uma vit\u00f3ria emocionante. Fico feliz de ter sido a figura representativa no p\u00f3dio na homenagem ao querido Amadeu, um cara que foi muito guerreiro, muito batalhador\u201d, comentou o vencedor cujo pai, Bel Camilo, foi piloto contempor\u00e2neo de Amadeu na \u00e9poca em que tamb\u00e9m competia ao volante. \u201cA gente v\u00ea isso na for\u00e7a das filhas dele, dando continuidade ao trabalho eu ele fazia, ao legado. Eu sei que ele torcia muito por mim, sei que ele gostava muito de mim. Ent\u00e3o, esteja onde estiver, que ele continue me aben\u00e7oando para eu conquistar meu objetivo no final do ano\u201d, comentou Thiago, que \u00e9 um dos pilotos mais bem sucedidos da categoria, mas ainda tenta obter seu primeiro t\u00edtulo de campe\u00e3o.<\/p>\n<p>\u201dVit\u00f3ria escapou\u201d &#8211; O segundo lugar foi de Guilherme Salas, que liderou uma corrida da Stock pela primeira vez em \u201ccarreira solo\u201d \u2013 em 2015, o piloto da KTF largou da pole como convidado de Ricardo Maur\u00edcio na Corrida de Duplas. \u201cO ritmo do carro hoje estava na medida certa. Mas depois do pit stop nosso carro perdeu um pouco de equil\u00edbrio e isso atrapalhou bastante nas voltas finais. Se n\u00e3o tivesse o safety car, a vit\u00f3ria seria da nossa equipe. Mas um passinho de cada vez e a gente vai chegar l\u00e1\u201d, resumiu Salas, referindo \u00e0 entrada do carro de seguran\u00e7a para a retirada do Chevrolet Cruze de \u00c1tila Abreu, que havia ficado preso na brita.<br \/>\nEm terceiro chegou o atual campe\u00e3o, Daniel Serra, que com o resultado ganhou uma posi\u00e7\u00e3o na classifica\u00e7\u00e3o do campeonato e continua a desenhar uma rea\u00e7\u00e3o ap\u00f3s um in\u00edcio de temporada t\u00edmido. \u201cMais um p\u00f3dio e \u00e9 isso&#8230; a gente vai subindo\u201d, disse Serra, ponderando sobre o seu resultado. \u201cPensamos que t\u00ednhamos um pouco mais de potencial na corrida. Mas, no fim, estavam todos mais ou menos iguais em quantidade de combust\u00edvel porque viemos da classifica\u00e7\u00e3o. Mas para o campeonato foi bom\u201d, completou referindo-se \u00e0 estrat\u00e9gia de corrida dele e dos rivais.<\/p>\n<p>Adeus a Rodrigues &#8211; Antes da largada os pilotos se reuniram em um semic\u00edrculo na linha de chegada para a realiza\u00e7\u00e3o de um minuto de sil\u00eancio em homenagem a Amadeu Rodrigues. No dia anterior, os membros das equipes se postaram perfilados diante dos boxes em uma cerim\u00f4nia na qual todos aplaudiram o caminh\u00e3o da equipe Hot Car, de Amadeu Rodrigues, que cruzou lentamente o pit lane.<br \/>\nTodas as provas do final de semana foram nomeadas GP Amadeu Rodrigues. O SporTV2 transmitir\u00e1 na \u00edntegra o classificat\u00f3rio e as duas corridas da nona etapa neste domingo. A defini\u00e7\u00e3o do grid est\u00e1 marcada para as 8h45 horas, enquanto a rodada dupla come\u00e7a a ser exibida a partir das 11h.<\/p>\n<p>PROGRAMA\u00c7\u00c3O DA STOCK CAR EM CURITIBA<br \/>\nDomingo, 8 de novembro, 9\u00aa etapa<br \/>\n8h30 \u00e0s 8h45 &#8211; treino pr\u00e9-classifica\u00e7\u00e3o<br \/>\n9h00 \u00e0s 9h35 \u2013 classifica\u00e7\u00e3o<br \/>\n11h00 \u2013 Corrida 01, 9\u00aa etapa (30 minutos)<br \/>\n11h55 \u2013 Corrida 02, 9\u00aa etapa (30 minutos)<\/p>\n<p>CAMPEONATO AP\u00d3S OITO ETAPAS<br \/>\n1\u00ba &#8211; Cesar Ramos &#8211; 180 pontos<br \/>\n2\u00ba &#8211; Thiago Camilo \u2013 178<br \/>\n3\u00ba &#8211; Ricardo Zonta \u2013 167<br \/>\n4\u00ba &#8211; Ricardo Maur\u00edcio \u2013 165<br \/>\n5\u00ba &#8211; Rubens Barrichello \u2013 162<br \/>\n6\u00ba &#8211; Daniel Serra \u2013 153<br \/>\n7\u00ba &#8211; Allam Khodair \u2013 145<br \/>\n8\u00ba &#8211; Gabriel Casagrande \u2013 140<br \/>\n9\u00ba &#8211; \u00c1tila Abreu \u2013 128<br \/>\n10\u00ba &#8211; Nelsinho Piquet \u2013 123<br \/>\n11\u00ba &#8211; Rafael Suzuki \u2013 122<br \/>\n12\u00ba &#8211; Bruno Baptista \u2013 121<br \/>\n13\u00ba &#8211; Diego Nunes \u2013 119<br \/>\n14\u00ba &#8211; Julio Campos \u2013 112<br \/>\n15\u00ba &#8211; Guilherme Salas \u2013 108<br \/>\n16\u00ba &#8211; Mat\u00edas Rossi \u2013 97<br \/>\n17\u00ba &#8211; Cac\u00e1 Bueno \u2013 92<br \/>\n18\u00ba &#8211; Denis Navarro \u2013 80<br \/>\n19\u00ba &#8211; Lucas Foresti \u2013 68<br \/>\n20\u00ba &#8211; Galid Osman \u2013 68<br \/>\n21\u00ba &#8211; Gaetano di Mauro \u2013 52<br \/>\n22\u00ba &#8211; Marcos Gomes \u2013 52<br \/>\n23\u00ba &#8211; Pedro Cardoso &#8211; 44<br \/>\n24\u00ba &#8211; Tuca Antoniazzi \u2013 27<br \/>\n25\u00ba &#8211; Vitor Genz \u2013 11<br \/>\n26\u00ba &#8211; Vitor Baptista \u2013 8<br \/>\n27\u00ba &#8211; Felipe Lapenna \u2013 0<\/p>\n<p>RESULTADO DA 8\u00aa ETAPA EM CURITIBA<br \/>\n1\u00ba &#8211; Thiago Camilo (Ipiranga Racing\/Toyota Corolla) &#8211; 28 voltas<br \/>\n2\u00ba &#8211; Guilherme Salas (KTF Sports\/Chevrolet Cruze) &#8211; a 1s393<br \/>\n3\u00ba &#8211; Daniel Serra (Eurofarma RC\/Chevrolet Cruze) &#8211; a 1s799<br \/>\n4\u00ba &#8211; Mat\u00edas Rossi (Full Time Sports\/Toyota Corolla) &#8211; a 2s244<br \/>\n5\u00ba &#8211; Diego Nunes (Blau Motorsports\/Chevrolet Cruze) &#8211; a 7s188<br \/>\n6\u00ba &#8211; Bruno Baptista (RCM Motorsport\/Toyota Corolla) &#8211; a 7s897<br \/>\n7\u00ba &#8211; Allam Khodair (Blau Motorsport\/Chevrolet Cruze) &#8211; a 8s919<br \/>\n8\u00ba &#8211; Rubens Barrichello (Full Time Sports\/Toyota Corolla) &#8211; a 9s504<br \/>\n9\u00ba &#8211; Julio Campos (Crown Racing\/Chevrolet Cruze) &#8211; a 10s019<br \/>\n10\u00ba &#8211; Ricardo Maur\u00edcio (Eurofarma RC\/Chevrolet Cruze) &#8211; a 10s161<br \/>\n11\u00ba &#8211; Cac\u00e1 Bueno (Crown Racing\/Chevrolet Cruze) &#8211; a 10s446<br \/>\n12\u00ba &#8211; Ricardo Zonta (RCM Motorsport\/Toyota Corolla) &#8211; a 11s114<br \/>\n13\u00ba &#8211; Cesar Ramos (Ipiranga Racing\/Toyota Corolla) &#8211; a 12s644<br \/>\n14\u00ba &#8211; Gabriel Casagrande (R. Mattheis\/Chevrolet Cruze) &#8211; a 15s442<br \/>\n15\u00ba &#8211; Pedro Cardoso (R. Mattheis\/Chevrolet Cruze) &#8211; a 16s372<br \/>\n16\u00ba &#8211; Nelson Piquet Jr. (Full Time Bassani\/Toyota Corolla) &#8211; a 16s625<br \/>\n17\u00ba &#8211; Marcos Gomes (Cavaleiro Sports\/Chevrolet Cruze) &#8211; a 49s003<br \/>\n18\u00ba &#8211; Rafael Suzuki (Full Time Bassani\/Toyota Corolla) &#8211; a 59s918<\/p>\n<p>(N\u00e3o completaram)<br \/>\nDenis Navarro (Cavaleiro Sports\/Chevrolet Cruze)<br \/>\n\u00c1tila Abreu (Shell V-Power\/Chevrolet Cruze)<br \/>\nFelipe Lapenna (Vogel Motorsports\/Chevrolet Cruze)<br \/>\nLucas Foresti (Vogel Motorsports\/Chevrolet Cruze)<br \/>\nTuca Antoniazi (Hot Car\/Chevrolet Cruze)<br \/>\nGaetano di Mauro (KTF Sports\/Chevrolet Cruze)<br \/>\nGalid Osman (Shell V-Power\/Chevrolet Cruze)<\/p>\n<p>GRID DE LARGADA DA 8\u00aa ETAPA<br \/>\n1\u00ba &#8211; Thiago Camilo (Ipiranga Racing\/Toyota Corolla) &#8211; 1min21s219<br \/>\n2\u00ba &#8211; Diego Nunes (Blau Motorsport\/Chevrolet Cruze) &#8211; 1min21s396<br \/>\n3\u00ba &#8211; Guilherme Salas (KTF Sports\/Chevrolet Cruze) &#8211; 1min21s447<br \/>\n4\u00ba &#8211; Daniel Serra (Eurofarma RC\/Chevrolet Cruze) &#8211; 1min21s461<br \/>\n5\u00ba &#8211; Cesar Ramos (Ipiranga Racing\/Toyota Corolla) &#8211; 1min21s534<br \/>\n6\u00ba &#8211; Nelson Piquet Jr. (Full Time Bassani\/Toyota Corolla) &#8211; 1min21s597<br \/>\n7\u00ba &#8211; Mat\u00edas Rossi (Full Time Sports\/Toyota Corolla) &#8211; 1min21s653<br \/>\n8\u00ba &#8211; Cac\u00e1 Bueno (Crown Racing\/Chevrolet Cruze) &#8211; 1min21s665<br \/>\n9\u00ba &#8211; Bruno Baptista (RCM Motorsport\/Toyota Corolla) &#8211; 1min21s703<br \/>\n10\u00ba &#8211; Julio Campos (Crown Racing\/Chevrolet Cruze) &#8211; 1min21s741<br \/>\n11\u00ba &#8211; Ricardo Maur\u00edcio (Eurofarma RC\/Chevrolet Cruze) &#8211; 1min21s751<br \/>\n12\u00ba &#8211; Denis Navarro (Cavaleiro Sports\/Chevrolet Cruze) &#8211; 1min21s885<br \/>\n13\u00ba &#8211; Felipe Lapenna (Vogel Motorsports\/Chevrolet Cruze) &#8211; 1min21s962<br \/>\n14\u00ba &#8211; Galid Osman (Shell V-Power\/Chevrolet Cruze) &#8211; 1min22s116<br \/>\n15\u00ba &#8211; Gaetano di Mauro (KTF Sports\/Chevrolet Cruze) &#8211; 1min22s265<\/p>\n<p>(eliminados no Q1)<br \/>\n16\u00ba &#8211; Marcos Gomes (Cavaleiro Sport\/Chevrolet Cruze) &#8211; 1min22s004<br \/>\n17\u00ba &#8211; Allam Khodair (Blau Motorsport\/Chevrolet Cruze) &#8211; 1min22s065<br \/>\n18\u00ba &#8211; \u00c1tila Abreu (Shell V-Power\/Chevrolet Cruze) &#8211; 1min22s071<br \/>\n19\u00ba &#8211; Gabriel Casagrande (R. Mattheis\/Chevrolet Cruze) &#8211; 1min22s072<br \/>\n20\u00ba &#8211; Ricardo Zonta (RCM Motorsport\/Toyota Corolla) &#8211; 1min22s115<br \/>\n21\u00ba &#8211; Rubens Barrichello (Full Time Sports\/Toyota Corolla) &#8211; 1min22s116<br \/>\n22\u00ba &#8211; Pedro Cardoso (R. Mattheis\/Chevrolet Cruze) &#8211; 1min22s166<br \/>\n23\u00ba &#8211; Tuca Antoniazi (Hot Car\/Chevrolet Cruze) &#8211; 1min24s562<br \/>\n24\u00ba &#8211; Rafael Suzuki (Full Time Bassani\/Toyota Corolla) &#8211; sem tempo<br \/>\n25\u00ba &#8211; Lucas Foresti (Vogel Motorsports\/Chevrolet Cruze) &#8211; sem tempo<\/p>\n<p>VENCEDORES EM 2020:<br \/>\nGoi\u00e2nia: Ricardo Zonta e Rubens Barrichello<br \/>\nS\u00e3o Paulo: Nelsinho Piquet e Ricardo Zonta<br \/>\nLondrina: Rafael Suzuki e Ricardo Maur\u00edcio<br \/>\nCascavel: Thiago Camilo, Bruno Baptista e Daniel Serra<br \/>\nVelocitta: Julio Campos e Diego Nunes<br \/>\nCuritiba: Thiago Camilo<\/p>\n<p>VENCEDORES EM CURITIBA<br \/>\n1) Ingo Hoffmann, 9 vit\u00f3rias<br \/>\n2) Chico Serra, 7<br \/>\n3) Daniel Serra, 5<br \/>\n4) Xandy Negr\u00e3o e Ricardo Maur\u00edcio, 4<br \/>\n6) Thiago Camilo, 4<br \/>\n7) Adalberto Jardim, Paulo Gomes, Guto Negr\u00e3o, Cac\u00e1 Bueno, Valdeno Brito, \u00c1tila Abreu, Marcos Gomes e Felipe Fraga, 2<br \/>\n15) F\u00e1bio Sotto Mayor, Wilson Fittipaldi Jr, \u00c2ngelo Giombelli, Giuliano Losacco, Pedro Gomes, Antonio Jorge Neto, Rodrigo Sperafico, Allam Khodair, Diego Nunes, Julio Campos, Sergio Jimenez, Lucas Foresti, Max Wilson, Antonio Pizzonia e Lucas Di Grassi, 1 vit\u00f3ria<\/p>\n<p>VIT\u00d3RIAS DE PILOTOS EM ATIVIDADE<br \/>\n1) Daniel Serra, 5<br \/>\n2) Ricardo Maur\u00edcio e Thiago Camilo, 4<br \/>\n4) Cac\u00e1 Bueno, \u00c1tila Abreu e Marcos Gomes, 2<br \/>\n7) Allam Khodair, Diego Nunes, Julio Campos e Lucas Foresti, 1 vit\u00f3ria<\/p>\n<p>AUT\u00d3DROMO INTERNACIONAL CURITIBA<br \/>\nTotal de provas realizadas: 62 corridas entre 1989 e 2019 (exceto 1992, 94 e 95)<br \/>\nResultados de 2018:<br \/>\nData: 08\/04\/2018<br \/>\nPole Position: Rubens Barrichello, 1min18s029, m\u00e9dia de 170,475 km\/h<br \/>\nVencedor Corrida 01: Felipe Fraga<br \/>\nMelhor volta Corrida 01: Felipe Fraga<br \/>\nVencedor Corrida 02: Lucas Di Grassi<br \/>\nMelhor volta Corrida 02: Diego Nunes<br \/>\nDist\u00e2ncia: 30 voltas ou 110,85km (Corrida 1) e 28 voltas ou 103,46km (Corrida 2)<br \/>\nExtens\u00e3o da pista: 3.695 metros<\/p>\n<p>PR\u00d3XIMAS ETAPAS<br \/>\n8\u00aa e 9\u00aa etapas \u2013 Curitiba, 07 e 08 de novembro<br \/>\n10\u00aa e 11\u00aa etapas \u2013 Goi\u00e2nia, 21 e 22 de novembro<br \/>\n12\u00aa etapa \u2013 S\u00e3o Paulo, 13 de dezembro<br \/>\n(Foto: Duda Bairros\/Stock Car)<\/p>\n","protected":false},"excerpt":{"rendered":"<p>No dia em que a Stock Car parou para homenagear um de seus nomes hist\u00f3ricos, o chefe de equipe Amadeu Rodrigues, falecido no s\u00e1bado passado em um acidente automobil\u00edstico, o paulista Thiago Camilo obteve uma vit\u00f3ria dram\u00e1tica durante a oitava etapa da temporada, disputada hoje (7) no Aut\u00f3dromo Internacional de Curitiba. Depois de largar da [&hellip;]<\/p>\n","protected":false},"author":6307,"featured_media":41636,"comment_status":"closed","ping_status":"open","sticky":false,"template":"","format":"standard","meta":{"_exactmetrics_skip_tracking":false,"_exactmetrics_sitenote_active":false,"_exactmetrics_sitenote_note":"","_exactmetrics_sitenote_category":0,"footnotes":""},"categories":[1267],"tags":[13715,47,704],"yoast_head":"<!-- This site is optimized with the Yoast SEO Premium plugin v22.7 (Yoast SEO v22.7) - https:\/\/yoast.com\/wordpress\/plugins\/seo\/ -->\n<title>R\u00c1DIO MARING\u00c1 - Curitiba tem vit\u00f3ria de Camilo em dia de como\u00e7\u00e3o na Stock Car - Orlando Gonzalez<\/title>\n<meta name=\"robots\" content=\"index, follow, max-snippet:-1, max-image-preview:large, max-video-preview:-1\" \/>\n<link rel=\"canonical\" href=\"https:\/\/maringapost.com.br\/orlandogonzalez\/2020\/11\/07\/radio-maringa-curitiba-tem-vitoria-de-camilo-em-dia-de-comocao-na-stock-car\/\" \/>\n<meta property=\"og:locale\" content=\"pt_BR\" \/>\n<meta property=\"og:type\" content=\"article\" \/>\n<meta property=\"og:title\" content=\"R\u00c1DIO MARING\u00c1 - Curitiba tem vit\u00f3ria de Camilo em dia de como\u00e7\u00e3o na Stock Car\" \/>\n<meta property=\"og:description\" content=\"No dia em que a Stock Car parou para homenagear um de seus nomes hist\u00f3ricos, o chefe de equipe Amadeu Rodrigues, falecido no s\u00e1bado passado em um acidente automobil\u00edstico, o paulista Thiago Camilo obteve uma vit\u00f3ria dram\u00e1tica durante a oitava etapa da temporada, disputada hoje (7) no Aut\u00f3dromo Internacional de Curitiba. Depois de largar da [&hellip;]\" \/>\n<meta property=\"og:url\" content=\"https:\/\/maringapost.com.br\/orlandogonzalez\/2020\/11\/07\/radio-maringa-curitiba-tem-vitoria-de-camilo-em-dia-de-comocao-na-stock-car\/\" \/>\n<meta property=\"og:site_name\" content=\"Orlando Gonzalez\" \/>\n<meta property=\"article:author\" content=\"https:\/\/www.facebook.com\/profile.php?id=100011095815065\" \/>\n<meta property=\"article:published_time\" content=\"2020-11-07T17:43:36+00:00\" \/>\n<meta property=\"article:modified_time\" content=\"2020-11-07T17:48:10+00:00\" \/>\n<meta property=\"og:image\" content=\"https:\/\/maringapost.com.br\/orlandogonzalez\/wp-content\/uploads\/sites\/17\/2020\/11\/385644_953970_08_stockcar2020_dudabairros_curitiba_035310_web_.jpg\" \/>\n\t<meta property=\"og:image:width\" content=\"600\" \/>\n\t<meta property=\"og:image:height\" content=\"399\" \/>\n\t<meta property=\"og:image:type\" content=\"image\/jpeg\" \/>\n<meta name=\"author\" content=\"Orlando Gonzalez\" \/>\n<meta name=\"twitter:card\" content=\"summary_large_image\" \/>\n<meta name=\"twitter:creator\" content=\"@gonzalezorlando\" \/>\n<meta name=\"twitter:label1\" content=\"Escrito por\" \/>\n\t<meta name=\"twitter:data1\" content=\"\" \/>\n\t<meta name=\"twitter:label2\" content=\"Est. tempo de leitura\" \/>\n\t<meta name=\"twitter:data2\" content=\"8 minutos\" \/>\n<script type=\"application\/ld+json\" class=\"yoast-schema-graph\">{\"@context\":\"https:\/\/schema.org\",\"@graph\":[{\"@type\":\"WebPage\",\"@id\":\"https:\/\/maringapost.com.br\/orlandogonzalez\/2020\/11\/07\/radio-maringa-curitiba-tem-vitoria-de-camilo-em-dia-de-comocao-na-stock-car\/\",\"url\":\"https:\/\/maringapost.com.br\/orlandogonzalez\/2020\/11\/07\/radio-maringa-curitiba-tem-vitoria-de-camilo-em-dia-de-comocao-na-stock-car\/\",\"name\":\"R\u00c1DIO MARING\u00c1 - Curitiba tem vit\u00f3ria de Camilo em dia de como\u00e7\u00e3o na Stock Car - Orlando Gonzalez\",\"isPartOf\":{\"@id\":\"https:\/\/maringapost.com.br\/orlandogonzalez\/#website\"},\"primaryImageOfPage\":{\"@id\":\"https:\/\/maringapost.com.br\/orlandogonzalez\/2020\/11\/07\/radio-maringa-curitiba-tem-vitoria-de-camilo-em-dia-de-comocao-na-stock-car\/#primaryimage\"},\"image\":{\"@id\":\"https:\/\/maringapost.com.br\/orlandogonzalez\/2020\/11\/07\/radio-maringa-curitiba-tem-vitoria-de-camilo-em-dia-de-comocao-na-stock-car\/#primaryimage\"},\"thumbnailUrl\":\"https:\/\/maringapost.com.br\/orlandogonzalez\/wp-content\/uploads\/sites\/17\/2020\/11\/385644_953970_08_stockcar2020_dudabairros_curitiba_035310_web_.jpg\",\"datePublished\":\"2020-11-07T17:43:36+00:00\",\"dateModified\":\"2020-11-07T17:48:10+00:00\",\"author\":{\"@id\":\"https:\/\/maringapost.com.br\/orlandogonzalez\/#\/schema\/person\/5cbe6257d08edea6afc9ebaa613b0633\"},\"inLanguage\":\"pt-BR\",\"potentialAction\":[{\"@type\":\"ReadAction\",\"target\":[\"https:\/\/maringapost.com.br\/orlandogonzalez\/2020\/11\/07\/radio-maringa-curitiba-tem-vitoria-de-camilo-em-dia-de-comocao-na-stock-car\/\"]}]},{\"@type\":\"ImageObject\",\"inLanguage\":\"pt-BR\",\"@id\":\"https:\/\/maringapost.com.br\/orlandogonzalez\/2020\/11\/07\/radio-maringa-curitiba-tem-vitoria-de-camilo-em-dia-de-comocao-na-stock-car\/#primaryimage\",\"url\":\"https:\/\/maringapost.com.br\/orlandogonzalez\/wp-content\/uploads\/sites\/17\/2020\/11\/385644_953970_08_stockcar2020_dudabairros_curitiba_035310_web_.jpg\",\"contentUrl\":\"https:\/\/maringapost.com.br\/orlandogonzalez\/wp-content\/uploads\/sites\/17\/2020\/11\/385644_953970_08_stockcar2020_dudabairros_curitiba_035310_web_.jpg\",\"width\":600,\"height\":399},{\"@type\":\"WebSite\",\"@id\":\"https:\/\/maringapost.com.br\/orlandogonzalez\/#website\",\"url\":\"https:\/\/maringapost.com.br\/orlandogonzalez\/\",\"name\":\"Orlando Gonzalez\",\"description\":\"Destaca o esporte de Maring\u00e1! Destaca o esporte do Paran\u00e1! Destaca o esporte do Brasil!\",\"potentialAction\":[{\"@type\":\"SearchAction\",\"target\":{\"@type\":\"EntryPoint\",\"urlTemplate\":\"https:\/\/maringapost.com.br\/orlandogonzalez\/?s={search_term_string}\"},\"query-input\":\"required name=search_term_string\"}],\"inLanguage\":\"pt-BR\"},{\"@type\":\"Person\",\"@id\":\"https:\/\/maringapost.com.br\/orlandogonzalez\/#\/schema\/person\/5cbe6257d08edea6afc9ebaa613b0633\",\"name\":\"Orlando Gonzalez\",\"image\":{\"@type\":\"ImageObject\",\"inLanguage\":\"pt-BR\",\"@id\":\"https:\/\/maringapost.com.br\/orlandogonzalez\/#\/schema\/person\/image\/\",\"url\":\"https:\/\/secure.gravatar.com\/avatar\/ecef9d1c9afe5ebdafadde8369065ba5?s=96&d=mm&r=g\",\"contentUrl\":\"https:\/\/secure.gravatar.com\/avatar\/ecef9d1c9afe5ebdafadde8369065ba5?s=96&d=mm&r=g\",\"caption\":\"Orlando Gonzalez\"},\"description\":\"H\u00e1 29 anos na cobertura do esporte de Maring\u00e1. Plant\u00e3o e narrador esportivo. Presta\u00e7\u00e3o de assessoria de imprensa esportiva, cobertura e transmiss\u00f5es ao vivo de eventos esportivos. E-mail: orlandogonzalez.assessoria@gmail.com WhatsApp: (44) 9 9126-6119\",\"sameAs\":[\"http:\/\/www.radiomaringa.com.br\/\",\"https:\/\/www.facebook.com\/profile.php?id=100011095815065\",\"https:\/\/www.instagram.com\/orlandomgonzalez\/\",\"https:\/\/br.pinterest.com\/ogonzalez0530\/\",\"https:\/\/x.com\/gonzalezorlando\",\"https:\/\/www.youtube.com\/channel\/UCvFpl55btth8wjnKiSS1ibA\",\"https:\/\/radiomaringaweb.tumblr.com\/\"],\"url\":\"https:\/\/maringapost.com.br\/orlandogonzalez\/author\/orlando\/\"}]}<\/script>\n<!-- \/ Yoast SEO Premium plugin. -->","yoast_head_json":{"title":"R\u00c1DIO MARING\u00c1 - Curitiba tem vit\u00f3ria de Camilo em dia de como\u00e7\u00e3o na Stock Car - Orlando Gonzalez","robots":{"index":"index","follow":"follow","max-snippet":"max-snippet:-1","max-image-preview":"max-image-preview:large","max-video-preview":"max-video-preview:-1"},"canonical":"https:\/\/maringapost.com.br\/orlandogonzalez\/2020\/11\/07\/radio-maringa-curitiba-tem-vitoria-de-camilo-em-dia-de-comocao-na-stock-car\/","og_locale":"pt_BR","og_type":"article","og_title":"R\u00c1DIO MARING\u00c1 - Curitiba tem vit\u00f3ria de Camilo em dia de como\u00e7\u00e3o na Stock Car","og_description":"No dia em que a Stock Car parou para homenagear um de seus nomes hist\u00f3ricos, o chefe de equipe Amadeu Rodrigues, falecido no s\u00e1bado passado em um acidente automobil\u00edstico, o paulista Thiago Camilo obteve uma vit\u00f3ria dram\u00e1tica durante a oitava etapa da temporada, disputada hoje (7) no Aut\u00f3dromo Internacional de Curitiba. Depois de largar da [&hellip;]","og_url":"https:\/\/maringapost.com.br\/orlandogonzalez\/2020\/11\/07\/radio-maringa-curitiba-tem-vitoria-de-camilo-em-dia-de-comocao-na-stock-car\/","og_site_name":"Orlando Gonzalez","article_author":"https:\/\/www.facebook.com\/profile.php?id=100011095815065","article_published_time":"2020-11-07T17:43:36+00:00","article_modified_time":"2020-11-07T17:48:10+00:00","og_image":[{"width":600,"height":399,"url":"https:\/\/maringapost.com.br\/orlandogonzalez\/wp-content\/uploads\/sites\/17\/2020\/11\/385644_953970_08_stockcar2020_dudabairros_curitiba_035310_web_.jpg","type":"image\/jpeg"}],"author":"Orlando Gonzalez","twitter_card":"summary_large_image","twitter_creator":"@gonzalezorlando","twitter_misc":{"Escrito por":false,"Est. tempo de leitura":"8 minutos"},"schema":{"@context":"https:\/\/schema.org","@graph":[{"@type":"WebPage","@id":"https:\/\/maringapost.com.br\/orlandogonzalez\/2020\/11\/07\/radio-maringa-curitiba-tem-vitoria-de-camilo-em-dia-de-comocao-na-stock-car\/","url":"https:\/\/maringapost.com.br\/orlandogonzalez\/2020\/11\/07\/radio-maringa-curitiba-tem-vitoria-de-camilo-em-dia-de-comocao-na-stock-car\/","name":"R\u00c1DIO MARING\u00c1 - Curitiba tem vit\u00f3ria de Camilo em dia de como\u00e7\u00e3o na Stock Car - Orlando Gonzalez","isPartOf":{"@id":"https:\/\/maringapost.com.br\/orlandogonzalez\/#website"},"primaryImageOfPage":{"@id":"https:\/\/maringapost.com.br\/orlandogonzalez\/2020\/11\/07\/radio-maringa-curitiba-tem-vitoria-de-camilo-em-dia-de-comocao-na-stock-car\/#primaryimage"},"image":{"@id":"https:\/\/maringapost.com.br\/orlandogonzalez\/2020\/11\/07\/radio-maringa-curitiba-tem-vitoria-de-camilo-em-dia-de-comocao-na-stock-car\/#primaryimage"},"thumbnailUrl":"https:\/\/maringapost.com.br\/orlandogonzalez\/wp-content\/uploads\/sites\/17\/2020\/11\/385644_953970_08_stockcar2020_dudabairros_curitiba_035310_web_.jpg","datePublished":"2020-11-07T17:43:36+00:00","dateModified":"2020-11-07T17:48:10+00:00","author":{"@id":"https:\/\/maringapost.com.br\/orlandogonzalez\/#\/schema\/person\/5cbe6257d08edea6afc9ebaa613b0633"},"inLanguage":"pt-BR","potentialAction":[{"@type":"ReadAction","target":["https:\/\/maringapost.com.br\/orlandogonzalez\/2020\/11\/07\/radio-maringa-curitiba-tem-vitoria-de-camilo-em-dia-de-comocao-na-stock-car\/"]}]},{"@type":"ImageObject","inLanguage":"pt-BR","@id":"https:\/\/maringapost.com.br\/orlandogonzalez\/2020\/11\/07\/radio-maringa-curitiba-tem-vitoria-de-camilo-em-dia-de-comocao-na-stock-car\/#primaryimage","url":"https:\/\/maringapost.com.br\/orlandogonzalez\/wp-content\/uploads\/sites\/17\/2020\/11\/385644_953970_08_stockcar2020_dudabairros_curitiba_035310_web_.jpg","contentUrl":"https:\/\/maringapost.com.br\/orlandogonzalez\/wp-content\/uploads\/sites\/17\/2020\/11\/385644_953970_08_stockcar2020_dudabairros_curitiba_035310_web_.jpg","width":600,"height":399},{"@type":"WebSite","@id":"https:\/\/maringapost.com.br\/orlandogonzalez\/#website","url":"https:\/\/maringapost.com.br\/orlandogonzalez\/","name":"Orlando Gonzalez","description":"Destaca o esporte de Maring\u00e1! Destaca o esporte do Paran\u00e1! Destaca o esporte do Brasil!","potentialAction":[{"@type":"SearchAction","target":{"@type":"EntryPoint","urlTemplate":"https:\/\/maringapost.com.br\/orlandogonzalez\/?s={search_term_string}"},"query-input":"required name=search_term_string"}],"inLanguage":"pt-BR"},{"@type":"Person","@id":"https:\/\/maringapost.com.br\/orlandogonzalez\/#\/schema\/person\/5cbe6257d08edea6afc9ebaa613b0633","name":"Orlando Gonzalez","image":{"@type":"ImageObject","inLanguage":"pt-BR","@id":"https:\/\/maringapost.com.br\/orlandogonzalez\/#\/schema\/person\/image\/","url":"https:\/\/secure.gravatar.com\/avatar\/ecef9d1c9afe5ebdafadde8369065ba5?s=96&d=mm&r=g","contentUrl":"https:\/\/secure.gravatar.com\/avatar\/ecef9d1c9afe5ebdafadde8369065ba5?s=96&d=mm&r=g","caption":"Orlando Gonzalez"},"description":"H\u00e1 29 anos na cobertura do esporte de Maring\u00e1. Plant\u00e3o e narrador esportivo. Presta\u00e7\u00e3o de assessoria de imprensa esportiva, cobertura e transmiss\u00f5es ao vivo de eventos esportivos. E-mail: orlandogonzalez.assessoria@gmail.com WhatsApp: (44) 9 9126-6119","sameAs":["http:\/\/www.radiomaringa.com.br\/","https:\/\/www.facebook.com\/profile.php?id=100011095815065","https:\/\/www.instagram.com\/orlandomgonzalez\/","https:\/\/br.pinterest.com\/ogonzalez0530\/","https:\/\/x.com\/gonzalezorlando","https:\/\/www.youtube.com\/channel\/UCvFpl55btth8wjnKiSS1ibA","https:\/\/radiomaringaweb.tumblr.com\/"],"url":"https:\/\/maringapost.com.br\/orlandogonzalez\/author\/orlando\/"}]}},"_links":{"self":[{"href":"https:\/\/maringapost.com.br\/orlandogonzalez\/wp-json\/wp\/v2\/posts\/41635"}],"collection":[{"href":"https:\/\/maringapost.com.br\/orlandogonzalez\/wp-json\/wp\/v2\/posts"}],"about":[{"href":"https:\/\/maringapost.com.br\/orlandogonzalez\/wp-json\/wp\/v2\/types\/post"}],"author":[{"embeddable":true,"href":"https:\/\/maringapost.com.br\/orlandogonzalez\/wp-json\/wp\/v2\/users\/6307"}],"replies":[{"embeddable":true,"href":"https:\/\/maringapost.com.br\/orlandogonzalez\/wp-json\/wp\/v2\/comments?post=41635"}],"version-history":[{"count":2,"href":"https:\/\/maringapost.com.br\/orlandogonzalez\/wp-json\/wp\/v2\/posts\/41635\/revisions"}],"predecessor-version":[{"id":41638,"href":"https:\/\/maringapost.com.br\/orlandogonzalez\/wp-json\/wp\/v2\/posts\/41635\/revisions\/41638"}],"wp:featuredmedia":[{"embeddable":true,"href":"https:\/\/maringapost.com.br\/orlandogonzalez\/wp-json\/wp\/v2\/media\/41636"}],"wp:attachment":[{"href":"https:\/\/maringapost.com.br\/orlandogonzalez\/wp-json\/wp\/v2\/media?parent=41635"}],"wp:term":[{"taxonomy":"category","embeddable":true,"href":"https:\/\/maringapost.com.br\/orlandogonzalez\/wp-json\/wp\/v2\/categories?post=41635"},{"taxonomy":"post_tag","embeddable":true,"href":"https:\/\/maringapost.com.br\/orlandogonzalez\/wp-json\/wp\/v2\/tags?post=41635"}],"curies":[{"name":"wp","href":"https:\/\/api.w.org\/{rel}","templated":true}]}}