{"id":41340,"date":"2020-11-02T12:11:56","date_gmt":"2020-11-02T15:11:56","guid":{"rendered":"http:\/\/maringapost.com.br\/orlandogonzalez\/?p=41340"},"modified":"2020-11-02T12:12:09","modified_gmt":"2020-11-02T15:12:09","slug":"radio-maringa-transcatarina-2020-e-sucesso","status":"publish","type":"post","link":"https:\/\/maringapost.com.br\/orlandogonzalez\/2020\/11\/02\/radio-maringa-transcatarina-2020-e-sucesso\/","title":{"rendered":"R\u00c1DIO MARING\u00c1 &#8211; Transcatarina 2020 \u00e9 sucesso"},"content":{"rendered":"<p>O Transcatarina n\u00e3o perdeu a largada e, neste ano at\u00edpico de 2020, desdobrou-se para concretizar sua 12\u00aa edi\u00e7\u00e3o, que come\u00e7ou no \u00faltimo dia 27, e terminou neste s\u00e1bado (31), tendo a largada e chegada na cidade de Fraiburgo (SC), com pernoites nos munic\u00edpios de Treze T\u00edlias e Ca\u00e7ador<a href=\"https:\/\/radiomaringa.com.br\/\" target=\"_blank\" rel=\"noopener noreferrer\">.<\/a><\/p>\n<p>Com um r\u00edgido protocolo de seguran\u00e7a em preven\u00e7\u00e3o \u00e0 pandemia do Covid-19, esta edi\u00e7\u00e3o reuniu cerca de 700 pessoas, vindas de 116 cidades e nove estados, sendo: Rio Grande do Sul, Santa Catarina, Paran\u00e1, Mato Grosso, S\u00e3o Paulo, Rio de Janeiro, Minas Gerais, Goi\u00e2nia e Esp\u00edrito Santo. No total, 195 ve\u00edculos 4&#215;4 se alinharam no grid e depois espalharam-se pelo centro oeste catarinense; eles estavam divididos nas categorias de competi\u00e7\u00e3o (M\u00e1ster, Graduados, Turismo, Turismo Iniciante e Turismo Light), e de passeio (Passeio Expedition, Passeio Radical 1 e 2, e Adventure 1, 2 e 3).<\/p>\n<p>Antes de entrar no local da concentra\u00e7\u00e3o do Transcatarina, todos os participantes \u2013 incluindo o staff \u2013 foram obrigados a fazer o teste do Covid-19 para detectar a presen\u00e7a do coronav\u00edrus em indiv\u00edduos assintom\u00e1ticos e sintom\u00e1ticos, e apresentar o resultado negativo \u00e0 organiza\u00e7\u00e3o do evento. No decorrer dos dias, mantiveram-se todas as condutas de seguran\u00e7a, tais como, o uso de m\u00e1scaras e higieniza\u00e7\u00e3o de m\u00e3os e equipamentos com \u00e1lcool 70%.<\/p>\n<p>Chuva para coroar o \u00faltimo dia de Transcatarina<\/p>\n<p>Os participantes pediram tanto por chuva que o \u00faltimo dia foi coroado! Foram 144 quil\u00f4metros, com 100 quil\u00f4metros de navega\u00e7\u00e3o, e para tornar a disputa final ainda mais acirrada, o diretor de prova Vander Hirt, colocou 340 PCs (postos de controle). O roteiro passou por fazendas de reflorestamento de pinus e eucaliptos, pelas regi\u00f5es de Ca\u00e7ador e Rio das Antas, at\u00e9 alcan\u00e7ar o Parque da Ma\u00e7\u00e3, em Fraiburgo, onde foi colocado o p\u00f3rtico da grande final.<\/p>\n<p>A terceira prova do dia estava com o terreno bastante liso e, na avalia\u00e7\u00e3o dos competidores, foi bem dif\u00edcil para acelerar e manter o carro dentro da trilha. Poucos foram os pilotos que ousaram para conseguir manter as m\u00e9dias de velocidade, afinal, mais do que t\u00e9cnica e experi\u00eancia nas manobras, foi preciso coragem \u2013 um verdadeiro espet\u00e1culo \u00e0 parte, aumentando a adrenalina dos participantes. Enquanto isso, os navegadores trabalhavam duro para manter o hod\u00f4metro ajustado e cantar a refer\u00eancia.<\/p>\n<p>Os vencedores da quarta etapa<\/p>\n<p>Na categoria M\u00e1ster, os melhores do dia foram Fl\u00e1vio Roberto Kath e Rafain Walendowsky, seguidos por Leandro Pereira Moor e Claudio Roberto Flores, e Marcelo de Freitas Gouveia e Igor Quirrenbach de Carvalho, segundo e terceiro colocados, respectivamente.<\/p>\n<p>Entre os Graduados, Paulo Renato Carvalho Ribeiro e Lucca Monteiro Carvalho Ribeiro, conquistaram o primeiro lugar, com Flavio Boghossian e Leonardo Jos\u00e9 Berg Martins, em segundo, Deonilson Salla e Henrique Domingos Glir.<\/p>\n<p>A dupla vencedora da Turismo foi Paulo Antinio Lacowicz e Ramon Lemons Lacowicz, com Jos\u00e9 Andrade J\u00fanior e Bernardo Schafer Andrade, na segunda posi\u00e7\u00e3o, e Osmar Fleischmann e Vitor Fleischman, em terceiro.<\/p>\n<p>Na Turismo Iniciante, venceram os estreantes Alan Fernando dos Santos e Alfredo Henrique da Mota Mooor, Ricardo Silva de Farias e Wilson Rodrigues Pintos, obtiveram a segunda posi\u00e7\u00e3o, com Marcos Cominesi e Lucas Cominesi, em terceiro.<\/p>\n<p>E na Turismo Light, Vinicius Parizotto Gustaman e Felipe Tavares foram para o primeiro lugar do p\u00f3dio. Ao lado deles, em segundo lugar, ficaram Fernando Mee e Aline Luiza Bergmann, e em terceiro lugar, Marcelo Vassoler e Jo\u00e3o Batista Freitas.<\/p>\n<p>Os campe\u00f5es do 12\u00ba Transcatarina<\/p>\n<p>Foram quatro dias de disputas, a contar com o pr\u00f3logo que tamb\u00e9m valeu pontos pela classifica\u00e7\u00e3o geral. N\u00e3o \u00e9 novidade que a competitividade no Transcatarina \u00e9 extremamente acirrada, sendo que a cada etapa a classifica\u00e7\u00e3o geral tinha sobe e desce de posi\u00e7\u00f5es entre os competidores. No total, foram percorridos cerca de 600 quil\u00f4metros, em quatro dias de disputas.<\/p>\n<p>Na categoria M\u00e1ster, o t\u00edtulo foi extremamente disputado com empate entre Leandro Pereira Moor e Claudio Roberto Flores, e Marcelo de Freitas Gouveia e Igor Quirrenbach de Carvalho, com 112 pontos, por\u00e9m, no crit\u00e9rio de desempate, Leandro e Claudio levaram a melhor e conquistaram o trof\u00e9u que buscam a nove anos. \u201cFinalmente subimos no primeiro lugar do p\u00f3dio e a emo\u00e7\u00e3o \u00e9 muito grande. N\u00e3o existem palavras que possam descrever essa sensa\u00e7\u00e3o de ser campe\u00e3o de um Transcatarina, e ainda mais nesta edi\u00e7\u00e3o, em um ano at\u00edpico, em uma disputa muito parelha. Chegamos at\u00e9 a acreditar que t\u00ednhamos deixado escapar o t\u00edtulo\u201d, comemorou Moor. Na terceira posi\u00e7\u00e3o, com apenas um ponto de diferen\u00e7a, ficaram Flavio Roberto Kath e Rafain Walendowsky.<\/p>\n<p>O primeiro lugar do p\u00f3dio foi ocupado por pai e filho, Paulo Renato Carvalho Ribeiro e Lucca Monteiro Carvalho Ribeiro, de apenas 17 anos (sendo que a estreia de Lucca no Transcatarina). \u201cA nossa parceria e cumplicidade foi o segredo para vencermos. Voltei a competir no rali de regularidade por causa do meu filho, para passarmos mais tempo juntos\u201d, contou o piloto. \u201cProvas, m\u00e9dias de velocidade, equipe de apoio (que tornam seus amigos), na minha opini\u00e3o foi tudo incr\u00edvel\u201d, disse o navegador. As duplas Alexandre Menezes Ferreira e Guilherme de Sousa Siqueira, e Dirceu Potrich e Leonardo Borges Menarim, vieram logo atr\u00e1s, em segundo e terceiro lugares.<\/p>\n<p>O piloto Dirceu Ara\u00fajo Salla e o navegador Rodrigo Dionizio Silva conquistaram o t\u00edtulo da categoria Turismo. \u201cO segredo da nossa vit\u00f3ria foi o entrosamento e o conjunto \u2018piloto, navegador, carro e navega\u00e7\u00e3o\u2019 que funcionou. Nunca competimos juntos e decidimos de \u00faltima hora participar do Transcatarina\u201d, comentou Silva. O segundo lugar foi para Paulo Antonio Lacowicz e Ramon Paulo Lemos Lacowicz, e Jos\u00e9 Andrade J\u00fanior e Bernardo Schafer Andrade, nas segundas e terceiras coloca\u00e7\u00f5es, respectivamente.<\/p>\n<p>Na categoria Turismo Iniciante, Eduardo Pereira Silva e Maria Beatriz de Andrade Silva, sagraram-se os campe\u00f5es. \u201cEstamos surpresos com esse resultado, por\u00e9m, a cada etapa ganh\u00e1vamos mais confian\u00e7a e os resultados vieram. E a \u00faltima etapa foi mais r\u00e1pida e din\u00e2mica, e isso nos favoreceu\u201d, contou Eduardo. \u201cE claro, sem brigas\u201d, brincou o piloto que \u00e9 casado h\u00e1 40 anos com Maria Beatriz. Na segunda posi\u00e7\u00e3o, vieram Alan Fernando dos Santos e Alfredo Henrique da Mota Moor, com Marcos Cominesi e Lucas Cominesi, em terceiro.<\/p>\n<p>Os campe\u00f5es na categoria Turismo Light foram Vinicius Parizotto Gustaman e Felipe Tavares. \u201c\u00c9 muita emo\u00e7\u00e3o. Principalmente, porque tivemos problemas mec\u00e2nicos no carro e pensamos que n\u00e3o dar\u00edamos conta, e agradecemos a nossa equipe de apoio. Passou muito r\u00e1pido, adoramos. A organiza\u00e7\u00e3o est\u00e1 de parab\u00e9ns e no ano que vem estaremos de volta\u201d, disse Gustaman. Em segundo lugar ficaram Marcelo Vassoler e Jo\u00e3o Batista Freitas, e em terceiro, Marco Aur\u00e9lio Santana de Oliveira e Marcos Ant\u00f4nio Couto Neto.<\/p>\n<p>A import\u00e2ncia da credibilidade<\/p>\n<p>O Transcatarina fez 12 anos de vida e com uma organiza\u00e7\u00e3o grandiosa e impec\u00e1vel, sob o comando de Edson Jo\u00e3o da Costa, o evento re\u00fane pessoas de diversas regi\u00f5es do Brasil, com uma mistura de culturas e sotaques. Por meio da alegria, da uni\u00e3o e, com os jantares de confraterniza\u00e7\u00e3o e premia\u00e7\u00e3o, traz um tom especial ao evento, que \u00e9 um dos mais aguardados pela na\u00e7\u00e3o off-road.<\/p>\n<p>Fam\u00edlia! Essa \u00e9 a palavra que resume o Transcatarina. \u201cAgradecemos imensamente aos nossos patrocinadores, as prefeituras locais e aos propriet\u00e1rios de fazendas que, mesmo em um ano t\u00e3o dif\u00edcil e diferente, confiou na nossa proposta e nos ajudou na realiza\u00e7\u00e3o da 12\u00aa edi\u00e7\u00e3o. Gra\u00e7as aos esfor\u00e7os de uma equipe dedicada e parceiros fieis, fizemos o Transcatarina 2020, com a certeza de que em 2021, tudo ser\u00e1 ainda melhor\u201d, encerrou Costa.<\/p>\n<p>Classifica\u00e7\u00e3o \u2013 quarta etapa<\/p>\n<p>Ca\u00e7ador a Fraiburgo, SC<\/p>\n<p>Categoria M\u00e1ster<\/p>\n<p>1\u00ba Flavio Roberto Kath \/ Rafain Walendowsky, 625 pontos perdidos<\/p>\n<p>2\u00ba Leandro Pereira Moor \/ Claudio Roberto Flores, 1.102 pontos perdidos<\/p>\n<p>3\u00ba Marcelo de Freitas Gouveia \/ Igor Quirrenbach de Carvalho, 1.940 pontos perdidos<\/p>\n<p>4\u00ba Acyr Hideki Rodrigues da Silva \/ Renan Medeiros, 4.093 pontos perdidos<\/p>\n<p>5\u00ba Ednilso Leonel Borguezani \/ Marcos Fernando Evangelista, 4.754 pontos perdidos<\/p>\n<p>&nbsp;<\/p>\n<p>Categoria Graduado<\/p>\n<p>1\u00ba Paulo Renato Carvalho Ribeiro \/ Lucca Monteiro Carvalho Ribeiro, 1.733 pontos perdidos<\/p>\n<p>2\u00ba Flavio Boghossian \/ Leonardo Martins, 3.593 pontos perdidos<\/p>\n<p>3\u00ba Deonilson Salla \/ Henrique Domingos Glir, 8.271 pontos perdidos<\/p>\n<p>4\u00ba Luis Miguel Sono \/ Rosimeri Vasconcelos Dias, 9.675 pontos perdidos<\/p>\n<p>5\u00ba Marcio Schlindwein \/ Leonardo Agustinho de Melo, 13.605 pontos perdidos<\/p>\n<p>&nbsp;<\/p>\n<p>Categoria Turismo<\/p>\n<p>1\u00ba Paulo Antonio Lacowicz \/ Ramon Paulo Lemos Lacowicz, 1.666 pontos perdidos<\/p>\n<p>2\u00ba Jos\u00e9 Andrade J\u00fanior \/ Bernardo Schafer Andrade, 3.516 pontos perdidos<\/p>\n<p>3\u00ba Osmar Fleischmann \/ Vitor Fleischmann, 4.818 pontos perdidos<\/p>\n<p>4\u00ba Edson Ziolkowski \/ Luciano Pasqual, 5.710 pontos perdidos<\/p>\n<p>5\u00ba Benedito Lopes \/ Fernando Jos\u00e9 Freneda da Silva, 5.865 pontos perdidos<\/p>\n<p>&nbsp;<\/p>\n<p>Categoria Turismo Iniciante<\/p>\n<p>1\u00ba Alan Fernando dos Santos \/ Alfredo Henrique da Mota Moor, 1.759 pontos perdidos<\/p>\n<p>2\u00ba Ricardo Silva de Farias Oliveira \/ Wilson Rodrigues Pinto, 1.946 pontos perdidos<\/p>\n<p>3\u00ba Marcos Cominesi \/ Lucas Cominesi, 1.989 pontos perdidos<\/p>\n<p>4\u00ba Ricardo Hoffmann \/ Guilherme Hoffmann, 2.472 pontos perdidos<\/p>\n<p>5\u00ba F\u00e1bio Francisco Dalpaz \/ Deivid de Giacometi, 6.681 pontos perdidos<\/p>\n<p>&nbsp;<\/p>\n<p>Categoria Turismo Light<\/p>\n<p>1\u00ba Vinicius Parizotto Gustaman \/ Felipe Tavares, 39.364 pontos perdidos<\/p>\n<p>2\u00ba Fernando Mees \/ Aline Bergmann, 64.276 pontos perdidos<\/p>\n<p>3\u00ba Marcelo Vassoler \/ Jo\u00e3o Batista Freitas, 89.696 pontos perdidos<\/p>\n<p>4\u00ba Antonio Becchi \/ Cezar Mariani Ceron, 261.842 pontos perdidos<\/p>\n<p>5\u00ba Marco Aur\u00e9lio Santana de Oliveira \/ Marcos Ant\u00f4nio Couto Neto, 499.007 pontos perdidos<\/p>\n<p>&nbsp;<\/p>\n<p>Classifica\u00e7\u00e3o Geral \u2013 12\u00ba Transcatarina<\/p>\n<p>27 a 31 de outubro<\/p>\n<p>&nbsp;<\/p>\n<p>Categoria M\u00e1ster<\/p>\n<p>1\u00ba Leandro Pereira Moor \/ Claudio Roberto Flores, 113 pontos<\/p>\n<p>2\u00ba Marcelo de Freitas Gouveia \/ Igor Quirrenbach de Carvalho, 113 pontos<\/p>\n<p>3\u00ba Flavio Roberto Kath \/ Rafain Walendowsky, 112 pontos<\/p>\n<p>4\u00ba Leandro Rodrigo Riffel \/ Michael da Silveira Masson, 106 pontos<\/p>\n<p>5\u00ba Victor Pudell \/ Ronando Willian Rodrigues dos Santos, 98 pontos<\/p>\n<p>&nbsp;<\/p>\n<p>Categoria Graduados<\/p>\n<p>1\u00ba Paulo Renato Carvalho Ribeiro \/ Lucca Monteiro Carvalho Ribeiro, 119 pontos<\/p>\n<p>2\u00ba Alexandre Menezes Ferreira \/ Guilherme de Sousa Siqueira, 113 pontos<\/p>\n<p>3\u00ba Dirceu Potrich \/ Leonardo Borges Menarim, 107 pontos<\/p>\n<p>4\u00ba Deonilson Salla \/ Henrique Domingos Glir, 95 pontos<\/p>\n<p>5\u00ba Rui Cesar Schmitz \/ Andr\u00e9 Luiz Lender, 90 pontos<\/p>\n<p>&nbsp;<\/p>\n<p>Categoria Turismo<\/p>\n<p>1\u00ba Dirceu Ara\u00fajo Salla \/ Rodrigo Dionizio Silva, 113 pontos<\/p>\n<p>2\u00ba Paulo Antonio Lacowicz \/ Ramon Paulo Lemos Lacowicz, 105 pontos<\/p>\n<p>3\u00ba Jos\u00e9 Andrade J\u00fanior \/ Bernardo Schafer Andrade, 101 pontos<\/p>\n<p>4\u00ba Marcos Giannoni \/ David Taufik Rahd, 98 pontos<\/p>\n<p>5\u00ba Benedito Lopes \/ Fernando Jos\u00e9 Freneda da Silva, 93 pontos<\/p>\n<p>&nbsp;<\/p>\n<p>Categoria Turismo Iniciante<\/p>\n<p>1\u00ba Eduardo Pereira Silva \/ Maria Beatriz de Andrade Silva, 124 pontos<\/p>\n<p>2\u00ba Alan Fernando dos Santos \/ Alfredo Henrique da Mota Moor, 112 pontos<\/p>\n<p>3\u00ba Marcos Cominesi \/ Lucas Cominesi, 111 pontos<\/p>\n<p>4\u00ba Ricardo Silva de Farias Oliveira \/ Wilson Rodrigues Pinto, 102 pontos<\/p>\n<p>5\u00ba Ricardo Hoffmann \/ Guilherme Hoffmann, 101 pontos<\/p>\n<p>&nbsp;<\/p>\n<p>Categoria Turismo Light<\/p>\n<p>1\u00ba Vinicius Parizotto Gustaman \/ Felipe Tavares, 130 pontos perdidos<\/p>\n<p>2\u00ba Marcelo Vassoler \/ Jo\u00e3o Batista Freitas, 125 pontos perdidos<\/p>\n<p>3\u00ba Marco Aur\u00e9lio Santana de Oliveira \/ Marcos Ant\u00f4nio Couto Neto, 107 pontos<\/p>\n<p>4\u00ba Antonio Becchi \/ Cezar Mariani Ceron, 103 pontos<\/p>\n<p>5\u00ba Fernando Mees \/ Aline Bergmann, 96 pontos<br \/>\n(Assessoria)<\/p>\n","protected":false},"excerpt":{"rendered":"<p>O Transcatarina n\u00e3o perdeu a largada e, neste ano at\u00edpico de 2020, desdobrou-se para concretizar sua 12\u00aa edi\u00e7\u00e3o, que come\u00e7ou no \u00faltimo dia 27, e terminou neste s\u00e1bado (31), tendo a largada e chegada na cidade de Fraiburgo (SC), com pernoites nos munic\u00edpios de Treze T\u00edlias e Ca\u00e7ador. Com um r\u00edgido protocolo de seguran\u00e7a em [&hellip;]<\/p>\n","protected":false},"author":6307,"featured_media":41341,"comment_status":"closed","ping_status":"open","sticky":false,"template":"","format":"standard","meta":{"_exactmetrics_skip_tracking":false,"_exactmetrics_sitenote_active":false,"_exactmetrics_sitenote_note":"","_exactmetrics_sitenote_category":0,"footnotes":""},"categories":[1267],"tags":[8910,4619,47],"yoast_head":"<!-- This site is optimized with the Yoast SEO Premium plugin v22.7 (Yoast SEO v22.7) - https:\/\/yoast.com\/wordpress\/plugins\/seo\/ -->\n<title>R\u00c1DIO MARING\u00c1 - Transcatarina 2020 \u00e9 sucesso - Orlando Gonzalez<\/title>\n<meta name=\"robots\" content=\"index, follow, max-snippet:-1, max-image-preview:large, max-video-preview:-1\" \/>\n<link rel=\"canonical\" href=\"https:\/\/maringapost.com.br\/orlandogonzalez\/2020\/11\/02\/radio-maringa-transcatarina-2020-e-sucesso\/\" \/>\n<meta property=\"og:locale\" content=\"pt_BR\" \/>\n<meta property=\"og:type\" content=\"article\" \/>\n<meta property=\"og:title\" content=\"R\u00c1DIO MARING\u00c1 - Transcatarina 2020 \u00e9 sucesso\" \/>\n<meta property=\"og:description\" content=\"O Transcatarina n\u00e3o perdeu a largada e, neste ano at\u00edpico de 2020, desdobrou-se para concretizar sua 12\u00aa edi\u00e7\u00e3o, que come\u00e7ou no \u00faltimo dia 27, e terminou neste s\u00e1bado (31), tendo a largada e chegada na cidade de Fraiburgo (SC), com pernoites nos munic\u00edpios de Treze T\u00edlias e Ca\u00e7ador. Com um r\u00edgido protocolo de seguran\u00e7a em [&hellip;]\" \/>\n<meta property=\"og:url\" content=\"https:\/\/maringapost.com.br\/orlandogonzalez\/2020\/11\/02\/radio-maringa-transcatarina-2020-e-sucesso\/\" \/>\n<meta property=\"og:site_name\" content=\"Orlando Gonzalez\" \/>\n<meta property=\"article:author\" content=\"https:\/\/www.facebook.com\/profile.php?id=100011095815065\" \/>\n<meta property=\"article:published_time\" content=\"2020-11-02T15:11:56+00:00\" \/>\n<meta property=\"article:modified_time\" content=\"2020-11-02T15:12:09+00:00\" \/>\n<meta property=\"og:image\" content=\"https:\/\/maringapost.com.br\/orlandogonzalez\/wp-content\/uploads\/sites\/17\/2020\/11\/385296_952941_257_04_donicastilho_tc20_0939_web_.jpg\" \/>\n\t<meta property=\"og:image:width\" content=\"600\" \/>\n\t<meta property=\"og:image:height\" content=\"400\" \/>\n\t<meta property=\"og:image:type\" content=\"image\/jpeg\" \/>\n<meta name=\"author\" content=\"Orlando Gonzalez\" \/>\n<meta name=\"twitter:card\" content=\"summary_large_image\" \/>\n<meta name=\"twitter:creator\" content=\"@gonzalezorlando\" \/>\n<meta name=\"twitter:label1\" content=\"Escrito por\" \/>\n\t<meta name=\"twitter:data1\" content=\"\" \/>\n\t<meta name=\"twitter:label2\" content=\"Est. tempo de leitura\" \/>\n\t<meta name=\"twitter:data2\" content=\"9 minutos\" \/>\n<script type=\"application\/ld+json\" class=\"yoast-schema-graph\">{\"@context\":\"https:\/\/schema.org\",\"@graph\":[{\"@type\":\"WebPage\",\"@id\":\"https:\/\/maringapost.com.br\/orlandogonzalez\/2020\/11\/02\/radio-maringa-transcatarina-2020-e-sucesso\/\",\"url\":\"https:\/\/maringapost.com.br\/orlandogonzalez\/2020\/11\/02\/radio-maringa-transcatarina-2020-e-sucesso\/\",\"name\":\"R\u00c1DIO MARING\u00c1 - Transcatarina 2020 \u00e9 sucesso - Orlando Gonzalez\",\"isPartOf\":{\"@id\":\"https:\/\/maringapost.com.br\/orlandogonzalez\/#website\"},\"primaryImageOfPage\":{\"@id\":\"https:\/\/maringapost.com.br\/orlandogonzalez\/2020\/11\/02\/radio-maringa-transcatarina-2020-e-sucesso\/#primaryimage\"},\"image\":{\"@id\":\"https:\/\/maringapost.com.br\/orlandogonzalez\/2020\/11\/02\/radio-maringa-transcatarina-2020-e-sucesso\/#primaryimage\"},\"thumbnailUrl\":\"https:\/\/maringapost.com.br\/orlandogonzalez\/wp-content\/uploads\/sites\/17\/2020\/11\/385296_952941_257_04_donicastilho_tc20_0939_web_.jpg\",\"datePublished\":\"2020-11-02T15:11:56+00:00\",\"dateModified\":\"2020-11-02T15:12:09+00:00\",\"author\":{\"@id\":\"https:\/\/maringapost.com.br\/orlandogonzalez\/#\/schema\/person\/5cbe6257d08edea6afc9ebaa613b0633\"},\"inLanguage\":\"pt-BR\",\"potentialAction\":[{\"@type\":\"ReadAction\",\"target\":[\"https:\/\/maringapost.com.br\/orlandogonzalez\/2020\/11\/02\/radio-maringa-transcatarina-2020-e-sucesso\/\"]}]},{\"@type\":\"ImageObject\",\"inLanguage\":\"pt-BR\",\"@id\":\"https:\/\/maringapost.com.br\/orlandogonzalez\/2020\/11\/02\/radio-maringa-transcatarina-2020-e-sucesso\/#primaryimage\",\"url\":\"https:\/\/maringapost.com.br\/orlandogonzalez\/wp-content\/uploads\/sites\/17\/2020\/11\/385296_952941_257_04_donicastilho_tc20_0939_web_.jpg\",\"contentUrl\":\"https:\/\/maringapost.com.br\/orlandogonzalez\/wp-content\/uploads\/sites\/17\/2020\/11\/385296_952941_257_04_donicastilho_tc20_0939_web_.jpg\",\"width\":600,\"height\":400},{\"@type\":\"WebSite\",\"@id\":\"https:\/\/maringapost.com.br\/orlandogonzalez\/#website\",\"url\":\"https:\/\/maringapost.com.br\/orlandogonzalez\/\",\"name\":\"Orlando Gonzalez\",\"description\":\"Destaca o esporte de Maring\u00e1! Destaca o esporte do Paran\u00e1! Destaca o esporte do Brasil!\",\"potentialAction\":[{\"@type\":\"SearchAction\",\"target\":{\"@type\":\"EntryPoint\",\"urlTemplate\":\"https:\/\/maringapost.com.br\/orlandogonzalez\/?s={search_term_string}\"},\"query-input\":\"required name=search_term_string\"}],\"inLanguage\":\"pt-BR\"},{\"@type\":\"Person\",\"@id\":\"https:\/\/maringapost.com.br\/orlandogonzalez\/#\/schema\/person\/5cbe6257d08edea6afc9ebaa613b0633\",\"name\":\"Orlando Gonzalez\",\"image\":{\"@type\":\"ImageObject\",\"inLanguage\":\"pt-BR\",\"@id\":\"https:\/\/maringapost.com.br\/orlandogonzalez\/#\/schema\/person\/image\/\",\"url\":\"https:\/\/secure.gravatar.com\/avatar\/ecef9d1c9afe5ebdafadde8369065ba5?s=96&d=mm&r=g\",\"contentUrl\":\"https:\/\/secure.gravatar.com\/avatar\/ecef9d1c9afe5ebdafadde8369065ba5?s=96&d=mm&r=g\",\"caption\":\"Orlando Gonzalez\"},\"description\":\"H\u00e1 29 anos na cobertura do esporte de Maring\u00e1. Plant\u00e3o e narrador esportivo. Presta\u00e7\u00e3o de assessoria de imprensa esportiva, cobertura e transmiss\u00f5es ao vivo de eventos esportivos. E-mail: orlandogonzalez.assessoria@gmail.com WhatsApp: (44) 9 9126-6119\",\"sameAs\":[\"http:\/\/www.radiomaringa.com.br\/\",\"https:\/\/www.facebook.com\/profile.php?id=100011095815065\",\"https:\/\/www.instagram.com\/orlandomgonzalez\/\",\"https:\/\/br.pinterest.com\/ogonzalez0530\/\",\"https:\/\/x.com\/gonzalezorlando\",\"https:\/\/www.youtube.com\/channel\/UCvFpl55btth8wjnKiSS1ibA\",\"https:\/\/radiomaringaweb.tumblr.com\/\"],\"url\":\"https:\/\/maringapost.com.br\/orlandogonzalez\/author\/orlando\/\"}]}<\/script>\n<!-- \/ Yoast SEO Premium plugin. -->","yoast_head_json":{"title":"R\u00c1DIO MARING\u00c1 - Transcatarina 2020 \u00e9 sucesso - Orlando Gonzalez","robots":{"index":"index","follow":"follow","max-snippet":"max-snippet:-1","max-image-preview":"max-image-preview:large","max-video-preview":"max-video-preview:-1"},"canonical":"https:\/\/maringapost.com.br\/orlandogonzalez\/2020\/11\/02\/radio-maringa-transcatarina-2020-e-sucesso\/","og_locale":"pt_BR","og_type":"article","og_title":"R\u00c1DIO MARING\u00c1 - Transcatarina 2020 \u00e9 sucesso","og_description":"O Transcatarina n\u00e3o perdeu a largada e, neste ano at\u00edpico de 2020, desdobrou-se para concretizar sua 12\u00aa edi\u00e7\u00e3o, que come\u00e7ou no \u00faltimo dia 27, e terminou neste s\u00e1bado (31), tendo a largada e chegada na cidade de Fraiburgo (SC), com pernoites nos munic\u00edpios de Treze T\u00edlias e Ca\u00e7ador. Com um r\u00edgido protocolo de seguran\u00e7a em [&hellip;]","og_url":"https:\/\/maringapost.com.br\/orlandogonzalez\/2020\/11\/02\/radio-maringa-transcatarina-2020-e-sucesso\/","og_site_name":"Orlando Gonzalez","article_author":"https:\/\/www.facebook.com\/profile.php?id=100011095815065","article_published_time":"2020-11-02T15:11:56+00:00","article_modified_time":"2020-11-02T15:12:09+00:00","og_image":[{"width":600,"height":400,"url":"https:\/\/maringapost.com.br\/orlandogonzalez\/wp-content\/uploads\/sites\/17\/2020\/11\/385296_952941_257_04_donicastilho_tc20_0939_web_.jpg","type":"image\/jpeg"}],"author":"Orlando Gonzalez","twitter_card":"summary_large_image","twitter_creator":"@gonzalezorlando","twitter_misc":{"Escrito por":false,"Est. tempo de leitura":"9 minutos"},"schema":{"@context":"https:\/\/schema.org","@graph":[{"@type":"WebPage","@id":"https:\/\/maringapost.com.br\/orlandogonzalez\/2020\/11\/02\/radio-maringa-transcatarina-2020-e-sucesso\/","url":"https:\/\/maringapost.com.br\/orlandogonzalez\/2020\/11\/02\/radio-maringa-transcatarina-2020-e-sucesso\/","name":"R\u00c1DIO MARING\u00c1 - Transcatarina 2020 \u00e9 sucesso - Orlando Gonzalez","isPartOf":{"@id":"https:\/\/maringapost.com.br\/orlandogonzalez\/#website"},"primaryImageOfPage":{"@id":"https:\/\/maringapost.com.br\/orlandogonzalez\/2020\/11\/02\/radio-maringa-transcatarina-2020-e-sucesso\/#primaryimage"},"image":{"@id":"https:\/\/maringapost.com.br\/orlandogonzalez\/2020\/11\/02\/radio-maringa-transcatarina-2020-e-sucesso\/#primaryimage"},"thumbnailUrl":"https:\/\/maringapost.com.br\/orlandogonzalez\/wp-content\/uploads\/sites\/17\/2020\/11\/385296_952941_257_04_donicastilho_tc20_0939_web_.jpg","datePublished":"2020-11-02T15:11:56+00:00","dateModified":"2020-11-02T15:12:09+00:00","author":{"@id":"https:\/\/maringapost.com.br\/orlandogonzalez\/#\/schema\/person\/5cbe6257d08edea6afc9ebaa613b0633"},"inLanguage":"pt-BR","potentialAction":[{"@type":"ReadAction","target":["https:\/\/maringapost.com.br\/orlandogonzalez\/2020\/11\/02\/radio-maringa-transcatarina-2020-e-sucesso\/"]}]},{"@type":"ImageObject","inLanguage":"pt-BR","@id":"https:\/\/maringapost.com.br\/orlandogonzalez\/2020\/11\/02\/radio-maringa-transcatarina-2020-e-sucesso\/#primaryimage","url":"https:\/\/maringapost.com.br\/orlandogonzalez\/wp-content\/uploads\/sites\/17\/2020\/11\/385296_952941_257_04_donicastilho_tc20_0939_web_.jpg","contentUrl":"https:\/\/maringapost.com.br\/orlandogonzalez\/wp-content\/uploads\/sites\/17\/2020\/11\/385296_952941_257_04_donicastilho_tc20_0939_web_.jpg","width":600,"height":400},{"@type":"WebSite","@id":"https:\/\/maringapost.com.br\/orlandogonzalez\/#website","url":"https:\/\/maringapost.com.br\/orlandogonzalez\/","name":"Orlando Gonzalez","description":"Destaca o esporte de Maring\u00e1! Destaca o esporte do Paran\u00e1! Destaca o esporte do Brasil!","potentialAction":[{"@type":"SearchAction","target":{"@type":"EntryPoint","urlTemplate":"https:\/\/maringapost.com.br\/orlandogonzalez\/?s={search_term_string}"},"query-input":"required name=search_term_string"}],"inLanguage":"pt-BR"},{"@type":"Person","@id":"https:\/\/maringapost.com.br\/orlandogonzalez\/#\/schema\/person\/5cbe6257d08edea6afc9ebaa613b0633","name":"Orlando Gonzalez","image":{"@type":"ImageObject","inLanguage":"pt-BR","@id":"https:\/\/maringapost.com.br\/orlandogonzalez\/#\/schema\/person\/image\/","url":"https:\/\/secure.gravatar.com\/avatar\/ecef9d1c9afe5ebdafadde8369065ba5?s=96&d=mm&r=g","contentUrl":"https:\/\/secure.gravatar.com\/avatar\/ecef9d1c9afe5ebdafadde8369065ba5?s=96&d=mm&r=g","caption":"Orlando Gonzalez"},"description":"H\u00e1 29 anos na cobertura do esporte de Maring\u00e1. Plant\u00e3o e narrador esportivo. Presta\u00e7\u00e3o de assessoria de imprensa esportiva, cobertura e transmiss\u00f5es ao vivo de eventos esportivos. E-mail: orlandogonzalez.assessoria@gmail.com WhatsApp: (44) 9 9126-6119","sameAs":["http:\/\/www.radiomaringa.com.br\/","https:\/\/www.facebook.com\/profile.php?id=100011095815065","https:\/\/www.instagram.com\/orlandomgonzalez\/","https:\/\/br.pinterest.com\/ogonzalez0530\/","https:\/\/x.com\/gonzalezorlando","https:\/\/www.youtube.com\/channel\/UCvFpl55btth8wjnKiSS1ibA","https:\/\/radiomaringaweb.tumblr.com\/"],"url":"https:\/\/maringapost.com.br\/orlandogonzalez\/author\/orlando\/"}]}},"_links":{"self":[{"href":"https:\/\/maringapost.com.br\/orlandogonzalez\/wp-json\/wp\/v2\/posts\/41340"}],"collection":[{"href":"https:\/\/maringapost.com.br\/orlandogonzalez\/wp-json\/wp\/v2\/posts"}],"about":[{"href":"https:\/\/maringapost.com.br\/orlandogonzalez\/wp-json\/wp\/v2\/types\/post"}],"author":[{"embeddable":true,"href":"https:\/\/maringapost.com.br\/orlandogonzalez\/wp-json\/wp\/v2\/users\/6307"}],"replies":[{"embeddable":true,"href":"https:\/\/maringapost.com.br\/orlandogonzalez\/wp-json\/wp\/v2\/comments?post=41340"}],"version-history":[{"count":1,"href":"https:\/\/maringapost.com.br\/orlandogonzalez\/wp-json\/wp\/v2\/posts\/41340\/revisions"}],"predecessor-version":[{"id":41342,"href":"https:\/\/maringapost.com.br\/orlandogonzalez\/wp-json\/wp\/v2\/posts\/41340\/revisions\/41342"}],"wp:featuredmedia":[{"embeddable":true,"href":"https:\/\/maringapost.com.br\/orlandogonzalez\/wp-json\/wp\/v2\/media\/41341"}],"wp:attachment":[{"href":"https:\/\/maringapost.com.br\/orlandogonzalez\/wp-json\/wp\/v2\/media?parent=41340"}],"wp:term":[{"taxonomy":"category","embeddable":true,"href":"https:\/\/maringapost.com.br\/orlandogonzalez\/wp-json\/wp\/v2\/categories?post=41340"},{"taxonomy":"post_tag","embeddable":true,"href":"https:\/\/maringapost.com.br\/orlandogonzalez\/wp-json\/wp\/v2\/tags?post=41340"}],"curies":[{"name":"wp","href":"https:\/\/api.w.org\/{rel}","templated":true}]}}