{"id":41089,"date":"2020-10-27T12:30:35","date_gmt":"2020-10-27T15:30:35","guid":{"rendered":"http:\/\/maringapost.com.br\/orlandogonzalez\/?p=41089"},"modified":"2020-10-27T14:06:32","modified_gmt":"2020-10-27T17:06:32","slug":"radio-maringa-comecou-o-transcatarina-2020","status":"publish","type":"post","link":"https:\/\/maringapost.com.br\/orlandogonzalez\/2020\/10\/27\/radio-maringa-comecou-o-transcatarina-2020\/","title":{"rendered":"R\u00c1DIO MARING\u00c1 &#8211; Come\u00e7ou o Transcatarina 2020"},"content":{"rendered":"<p>Est\u00e1 oficialmente aberto o 12\u00ba Transcatarina que come\u00e7ou a receber na manh\u00e3 desta ter\u00e7a-feira, 27, os amantes do fora-de-estrada nacional. At\u00e9 o dia 31 de outubro, representantes de quase 120 cidades e nove estados desbravar\u00e3o as melhores trilhas do meio oeste catarinense, com largada e chegada em Fraiburgo, e pernoites em Treze T\u00edlias e Ca\u00e7ador<a href=\"https:\/\/radiomaringa.com.br\/\" target=\"_blank\" rel=\"noopener noreferrer\">.<\/a><\/p>\n<p>Cerca de 500 pessoas alinhar\u00e3o os ve\u00edculos 4&#215;4 no p\u00f3rtico do evento, e elas estar\u00e3o divididas pelas categorias de competi\u00e7\u00e3o (M\u00e1ster, Graduados, Turismo, Turismo Iniciante e Turismo Light), e passeio (Passeio Expedition, Passeio Radical 1 e 2, e Adventure 1, 2 e 3). \u201cO Transcatarina \u00e9 a melhor prova que j\u00e1 competi. Do levantamento do percurso ao briefing, dos jantares a premia\u00e7\u00e3o&#8230; Tudo \u00e9 muito bem feito, organizado e caprichado. Dif\u00edcil descrever, s\u00f3 participando para entender o que \u00e9 e significa para n\u00f3s\u201d, declara o piloto da categoria da Turismo, Benedito Lopes, de S\u00e3o Jos\u00e9 do Rio Preto (SP).<\/p>\n<p>O diretor geral do Transcatarina, Edson Jo\u00e3o da Costa, garante que a 12\u00aa edi\u00e7\u00e3o ser\u00e1 uma das melhores da hist\u00f3ria do evento, com boa parte do roteiro in\u00e9dita, bastante t\u00e9cnica e, de \u201cbrinde\u201d, belas paisagens. \u201cO Transcatarina \u00e9 bem democr\u00e1tico, aberto a todos os perfis de off-roaders. Temos categorias para quem gosta de competir, sentir a adrenalina no limite e superar seus pr\u00f3prios desafios em busca do melhor resultado; e recebemos tamb\u00e9m aquelas pessoas que querem passear, sem se preocupar em cumprir tempo e m\u00e9dias de velocidade, onde a supera\u00e7\u00e3o de limites tem outros objetivos e prioridades\u201d, explica Costa. \u201cTodo ano pensamos em criar algo novo a fim de agregar mais indiv\u00edduos a nossa fam\u00edlia. A paix\u00e3o pelo off-road tem muitas vari\u00e1veis, e queremos unir todo mundo em um \u00fanico lugar, no Transcatarina\u201d, ressalta.<\/p>\n<p>A\u00e7\u00e3o do bem<\/p>\n<p>Organizado pelo Ca\u00e7ador Jeep Clube e SC Racing, o Transcatarina faz mais do que incentivar a pratica do off-road e do rali de regularidade no Brasil. Ao reunir centenas de pessoas, vindas de diversas regi\u00f5es do pa\u00eds, percebeu-se a oportunidade de juntar esfor\u00e7os e ajudar tamb\u00e9m as demandas mais carentes das cidades que recebem o evento, ou seja, fazer o bem a quem precisa.<\/p>\n<p>Portanto, desde a primeira edi\u00e7\u00e3o, no ato da inscri\u00e7\u00e3o, os participantes doam 40 quilos de alimentos n\u00e3o perec\u00edveis e uma caixa de leite com 12 unidades (por carro). Na m\u00e9dia, s\u00e3o arrecadados cerca de 10 mil quilos de alimentos e 480 litros de leites.<\/p>\n<p>Para a diretora do Rotary Clube de Fraiburgo, V\u00e2nia Franceschi, o movimento de doa\u00e7\u00f5es organizado pelo Transcatarina faz toda a diferen\u00e7a na vida das pessoas que tem mais necessidades. \u201cOs alimentos s\u00e3o distribu\u00eddos pelas comunidades e institui\u00e7\u00f5es que apoiamos. Eles recebem com muito carinho e respeito. \u00c9 muito gratificante\u201d, reconhece Vania.<br \/>\n(Assessoria)<\/p>\n","protected":false},"excerpt":{"rendered":"<p>Est\u00e1 oficialmente aberto o 12\u00ba Transcatarina que come\u00e7ou a receber na manh\u00e3 desta ter\u00e7a-feira, 27, os amantes do fora-de-estrada nacional. At\u00e9 o dia 31 de outubro, representantes de quase 120 cidades e nove estados desbravar\u00e3o as melhores trilhas do meio oeste catarinense, com largada e chegada em Fraiburgo, e pernoites em Treze T\u00edlias e Ca\u00e7ador. [&hellip;]<\/p>\n","protected":false},"author":6307,"featured_media":41090,"comment_status":"closed","ping_status":"open","sticky":false,"template":"","format":"standard","meta":{"_exactmetrics_skip_tracking":false,"_exactmetrics_sitenote_active":false,"_exactmetrics_sitenote_note":"","_exactmetrics_sitenote_category":0,"footnotes":""},"categories":[1267],"tags":[4619,47,9295],"yoast_head":"<!-- This site is optimized with the Yoast SEO Premium plugin v22.7 (Yoast SEO v22.7) - https:\/\/yoast.com\/wordpress\/plugins\/seo\/ -->\n<title>R\u00c1DIO MARING\u00c1 - Come\u00e7ou o Transcatarina 2020 - Orlando Gonzalez<\/title>\n<meta name=\"robots\" content=\"index, follow, max-snippet:-1, max-image-preview:large, max-video-preview:-1\" \/>\n<link rel=\"canonical\" href=\"https:\/\/maringapost.com.br\/orlandogonzalez\/2020\/10\/27\/radio-maringa-comecou-o-transcatarina-2020\/\" \/>\n<meta property=\"og:locale\" content=\"pt_BR\" \/>\n<meta property=\"og:type\" content=\"article\" \/>\n<meta property=\"og:title\" content=\"R\u00c1DIO MARING\u00c1 - Come\u00e7ou o Transcatarina 2020\" \/>\n<meta property=\"og:description\" content=\"Est\u00e1 oficialmente aberto o 12\u00ba Transcatarina que come\u00e7ou a receber na manh\u00e3 desta ter\u00e7a-feira, 27, os amantes do fora-de-estrada nacional. At\u00e9 o dia 31 de outubro, representantes de quase 120 cidades e nove estados desbravar\u00e3o as melhores trilhas do meio oeste catarinense, com largada e chegada em Fraiburgo, e pernoites em Treze T\u00edlias e Ca\u00e7ador. [&hellip;]\" \/>\n<meta property=\"og:url\" content=\"https:\/\/maringapost.com.br\/orlandogonzalez\/2020\/10\/27\/radio-maringa-comecou-o-transcatarina-2020\/\" \/>\n<meta property=\"og:site_name\" content=\"Orlando Gonzalez\" \/>\n<meta property=\"article:author\" content=\"https:\/\/www.facebook.com\/profile.php?id=100011095815065\" \/>\n<meta property=\"article:published_time\" content=\"2020-10-27T15:30:35+00:00\" \/>\n<meta property=\"article:modified_time\" content=\"2020-10-27T17:06:32+00:00\" \/>\n<meta property=\"og:image\" content=\"https:\/\/maringapost.com.br\/orlandogonzalez\/wp-content\/uploads\/sites\/17\/2020\/10\/384989_951877_neyevangelista_00_tc_dsc_5336_web_.jpg\" \/>\n\t<meta property=\"og:image:width\" content=\"600\" \/>\n\t<meta property=\"og:image:height\" content=\"398\" \/>\n\t<meta property=\"og:image:type\" content=\"image\/jpeg\" \/>\n<meta name=\"author\" content=\"Orlando Gonzalez\" \/>\n<meta name=\"twitter:card\" content=\"summary_large_image\" \/>\n<meta name=\"twitter:creator\" content=\"@gonzalezorlando\" \/>\n<meta name=\"twitter:label1\" content=\"Escrito por\" \/>\n\t<meta name=\"twitter:data1\" content=\"\" \/>\n\t<meta name=\"twitter:label2\" content=\"Est. tempo de leitura\" \/>\n\t<meta name=\"twitter:data2\" content=\"2 minutos\" \/>\n<script type=\"application\/ld+json\" class=\"yoast-schema-graph\">{\"@context\":\"https:\/\/schema.org\",\"@graph\":[{\"@type\":\"WebPage\",\"@id\":\"https:\/\/maringapost.com.br\/orlandogonzalez\/2020\/10\/27\/radio-maringa-comecou-o-transcatarina-2020\/\",\"url\":\"https:\/\/maringapost.com.br\/orlandogonzalez\/2020\/10\/27\/radio-maringa-comecou-o-transcatarina-2020\/\",\"name\":\"R\u00c1DIO MARING\u00c1 - Come\u00e7ou o Transcatarina 2020 - Orlando Gonzalez\",\"isPartOf\":{\"@id\":\"https:\/\/maringapost.com.br\/orlandogonzalez\/#website\"},\"primaryImageOfPage\":{\"@id\":\"https:\/\/maringapost.com.br\/orlandogonzalez\/2020\/10\/27\/radio-maringa-comecou-o-transcatarina-2020\/#primaryimage\"},\"image\":{\"@id\":\"https:\/\/maringapost.com.br\/orlandogonzalez\/2020\/10\/27\/radio-maringa-comecou-o-transcatarina-2020\/#primaryimage\"},\"thumbnailUrl\":\"https:\/\/maringapost.com.br\/orlandogonzalez\/wp-content\/uploads\/sites\/17\/2020\/10\/384989_951877_neyevangelista_00_tc_dsc_5336_web_.jpg\",\"datePublished\":\"2020-10-27T15:30:35+00:00\",\"dateModified\":\"2020-10-27T17:06:32+00:00\",\"author\":{\"@id\":\"https:\/\/maringapost.com.br\/orlandogonzalez\/#\/schema\/person\/5cbe6257d08edea6afc9ebaa613b0633\"},\"inLanguage\":\"pt-BR\",\"potentialAction\":[{\"@type\":\"ReadAction\",\"target\":[\"https:\/\/maringapost.com.br\/orlandogonzalez\/2020\/10\/27\/radio-maringa-comecou-o-transcatarina-2020\/\"]}]},{\"@type\":\"ImageObject\",\"inLanguage\":\"pt-BR\",\"@id\":\"https:\/\/maringapost.com.br\/orlandogonzalez\/2020\/10\/27\/radio-maringa-comecou-o-transcatarina-2020\/#primaryimage\",\"url\":\"https:\/\/maringapost.com.br\/orlandogonzalez\/wp-content\/uploads\/sites\/17\/2020\/10\/384989_951877_neyevangelista_00_tc_dsc_5336_web_.jpg\",\"contentUrl\":\"https:\/\/maringapost.com.br\/orlandogonzalez\/wp-content\/uploads\/sites\/17\/2020\/10\/384989_951877_neyevangelista_00_tc_dsc_5336_web_.jpg\",\"width\":600,\"height\":398},{\"@type\":\"WebSite\",\"@id\":\"https:\/\/maringapost.com.br\/orlandogonzalez\/#website\",\"url\":\"https:\/\/maringapost.com.br\/orlandogonzalez\/\",\"name\":\"Orlando Gonzalez\",\"description\":\"Destaca o esporte de Maring\u00e1! Destaca o esporte do Paran\u00e1! Destaca o esporte do Brasil!\",\"potentialAction\":[{\"@type\":\"SearchAction\",\"target\":{\"@type\":\"EntryPoint\",\"urlTemplate\":\"https:\/\/maringapost.com.br\/orlandogonzalez\/?s={search_term_string}\"},\"query-input\":\"required name=search_term_string\"}],\"inLanguage\":\"pt-BR\"},{\"@type\":\"Person\",\"@id\":\"https:\/\/maringapost.com.br\/orlandogonzalez\/#\/schema\/person\/5cbe6257d08edea6afc9ebaa613b0633\",\"name\":\"Orlando Gonzalez\",\"image\":{\"@type\":\"ImageObject\",\"inLanguage\":\"pt-BR\",\"@id\":\"https:\/\/maringapost.com.br\/orlandogonzalez\/#\/schema\/person\/image\/\",\"url\":\"https:\/\/secure.gravatar.com\/avatar\/ecef9d1c9afe5ebdafadde8369065ba5?s=96&d=mm&r=g\",\"contentUrl\":\"https:\/\/secure.gravatar.com\/avatar\/ecef9d1c9afe5ebdafadde8369065ba5?s=96&d=mm&r=g\",\"caption\":\"Orlando Gonzalez\"},\"description\":\"H\u00e1 29 anos na cobertura do esporte de Maring\u00e1. Plant\u00e3o e narrador esportivo. Presta\u00e7\u00e3o de assessoria de imprensa esportiva, cobertura e transmiss\u00f5es ao vivo de eventos esportivos. E-mail: orlandogonzalez.assessoria@gmail.com WhatsApp: (44) 9 9126-6119\",\"sameAs\":[\"http:\/\/www.radiomaringa.com.br\/\",\"https:\/\/www.facebook.com\/profile.php?id=100011095815065\",\"https:\/\/www.instagram.com\/orlandomgonzalez\/\",\"https:\/\/br.pinterest.com\/ogonzalez0530\/\",\"https:\/\/x.com\/gonzalezorlando\",\"https:\/\/www.youtube.com\/channel\/UCvFpl55btth8wjnKiSS1ibA\",\"https:\/\/radiomaringaweb.tumblr.com\/\"],\"url\":\"https:\/\/maringapost.com.br\/orlandogonzalez\/author\/orlando\/\"}]}<\/script>\n<!-- \/ Yoast SEO Premium plugin. -->","yoast_head_json":{"title":"R\u00c1DIO MARING\u00c1 - Come\u00e7ou o Transcatarina 2020 - Orlando Gonzalez","robots":{"index":"index","follow":"follow","max-snippet":"max-snippet:-1","max-image-preview":"max-image-preview:large","max-video-preview":"max-video-preview:-1"},"canonical":"https:\/\/maringapost.com.br\/orlandogonzalez\/2020\/10\/27\/radio-maringa-comecou-o-transcatarina-2020\/","og_locale":"pt_BR","og_type":"article","og_title":"R\u00c1DIO MARING\u00c1 - Come\u00e7ou o Transcatarina 2020","og_description":"Est\u00e1 oficialmente aberto o 12\u00ba Transcatarina que come\u00e7ou a receber na manh\u00e3 desta ter\u00e7a-feira, 27, os amantes do fora-de-estrada nacional. At\u00e9 o dia 31 de outubro, representantes de quase 120 cidades e nove estados desbravar\u00e3o as melhores trilhas do meio oeste catarinense, com largada e chegada em Fraiburgo, e pernoites em Treze T\u00edlias e Ca\u00e7ador. [&hellip;]","og_url":"https:\/\/maringapost.com.br\/orlandogonzalez\/2020\/10\/27\/radio-maringa-comecou-o-transcatarina-2020\/","og_site_name":"Orlando Gonzalez","article_author":"https:\/\/www.facebook.com\/profile.php?id=100011095815065","article_published_time":"2020-10-27T15:30:35+00:00","article_modified_time":"2020-10-27T17:06:32+00:00","og_image":[{"width":600,"height":398,"url":"https:\/\/maringapost.com.br\/orlandogonzalez\/wp-content\/uploads\/sites\/17\/2020\/10\/384989_951877_neyevangelista_00_tc_dsc_5336_web_.jpg","type":"image\/jpeg"}],"author":"Orlando Gonzalez","twitter_card":"summary_large_image","twitter_creator":"@gonzalezorlando","twitter_misc":{"Escrito por":false,"Est. tempo de leitura":"2 minutos"},"schema":{"@context":"https:\/\/schema.org","@graph":[{"@type":"WebPage","@id":"https:\/\/maringapost.com.br\/orlandogonzalez\/2020\/10\/27\/radio-maringa-comecou-o-transcatarina-2020\/","url":"https:\/\/maringapost.com.br\/orlandogonzalez\/2020\/10\/27\/radio-maringa-comecou-o-transcatarina-2020\/","name":"R\u00c1DIO MARING\u00c1 - Come\u00e7ou o Transcatarina 2020 - Orlando Gonzalez","isPartOf":{"@id":"https:\/\/maringapost.com.br\/orlandogonzalez\/#website"},"primaryImageOfPage":{"@id":"https:\/\/maringapost.com.br\/orlandogonzalez\/2020\/10\/27\/radio-maringa-comecou-o-transcatarina-2020\/#primaryimage"},"image":{"@id":"https:\/\/maringapost.com.br\/orlandogonzalez\/2020\/10\/27\/radio-maringa-comecou-o-transcatarina-2020\/#primaryimage"},"thumbnailUrl":"https:\/\/maringapost.com.br\/orlandogonzalez\/wp-content\/uploads\/sites\/17\/2020\/10\/384989_951877_neyevangelista_00_tc_dsc_5336_web_.jpg","datePublished":"2020-10-27T15:30:35+00:00","dateModified":"2020-10-27T17:06:32+00:00","author":{"@id":"https:\/\/maringapost.com.br\/orlandogonzalez\/#\/schema\/person\/5cbe6257d08edea6afc9ebaa613b0633"},"inLanguage":"pt-BR","potentialAction":[{"@type":"ReadAction","target":["https:\/\/maringapost.com.br\/orlandogonzalez\/2020\/10\/27\/radio-maringa-comecou-o-transcatarina-2020\/"]}]},{"@type":"ImageObject","inLanguage":"pt-BR","@id":"https:\/\/maringapost.com.br\/orlandogonzalez\/2020\/10\/27\/radio-maringa-comecou-o-transcatarina-2020\/#primaryimage","url":"https:\/\/maringapost.com.br\/orlandogonzalez\/wp-content\/uploads\/sites\/17\/2020\/10\/384989_951877_neyevangelista_00_tc_dsc_5336_web_.jpg","contentUrl":"https:\/\/maringapost.com.br\/orlandogonzalez\/wp-content\/uploads\/sites\/17\/2020\/10\/384989_951877_neyevangelista_00_tc_dsc_5336_web_.jpg","width":600,"height":398},{"@type":"WebSite","@id":"https:\/\/maringapost.com.br\/orlandogonzalez\/#website","url":"https:\/\/maringapost.com.br\/orlandogonzalez\/","name":"Orlando Gonzalez","description":"Destaca o esporte de Maring\u00e1! Destaca o esporte do Paran\u00e1! Destaca o esporte do Brasil!","potentialAction":[{"@type":"SearchAction","target":{"@type":"EntryPoint","urlTemplate":"https:\/\/maringapost.com.br\/orlandogonzalez\/?s={search_term_string}"},"query-input":"required name=search_term_string"}],"inLanguage":"pt-BR"},{"@type":"Person","@id":"https:\/\/maringapost.com.br\/orlandogonzalez\/#\/schema\/person\/5cbe6257d08edea6afc9ebaa613b0633","name":"Orlando Gonzalez","image":{"@type":"ImageObject","inLanguage":"pt-BR","@id":"https:\/\/maringapost.com.br\/orlandogonzalez\/#\/schema\/person\/image\/","url":"https:\/\/secure.gravatar.com\/avatar\/ecef9d1c9afe5ebdafadde8369065ba5?s=96&d=mm&r=g","contentUrl":"https:\/\/secure.gravatar.com\/avatar\/ecef9d1c9afe5ebdafadde8369065ba5?s=96&d=mm&r=g","caption":"Orlando Gonzalez"},"description":"H\u00e1 29 anos na cobertura do esporte de Maring\u00e1. Plant\u00e3o e narrador esportivo. Presta\u00e7\u00e3o de assessoria de imprensa esportiva, cobertura e transmiss\u00f5es ao vivo de eventos esportivos. E-mail: orlandogonzalez.assessoria@gmail.com WhatsApp: (44) 9 9126-6119","sameAs":["http:\/\/www.radiomaringa.com.br\/","https:\/\/www.facebook.com\/profile.php?id=100011095815065","https:\/\/www.instagram.com\/orlandomgonzalez\/","https:\/\/br.pinterest.com\/ogonzalez0530\/","https:\/\/x.com\/gonzalezorlando","https:\/\/www.youtube.com\/channel\/UCvFpl55btth8wjnKiSS1ibA","https:\/\/radiomaringaweb.tumblr.com\/"],"url":"https:\/\/maringapost.com.br\/orlandogonzalez\/author\/orlando\/"}]}},"_links":{"self":[{"href":"https:\/\/maringapost.com.br\/orlandogonzalez\/wp-json\/wp\/v2\/posts\/41089"}],"collection":[{"href":"https:\/\/maringapost.com.br\/orlandogonzalez\/wp-json\/wp\/v2\/posts"}],"about":[{"href":"https:\/\/maringapost.com.br\/orlandogonzalez\/wp-json\/wp\/v2\/types\/post"}],"author":[{"embeddable":true,"href":"https:\/\/maringapost.com.br\/orlandogonzalez\/wp-json\/wp\/v2\/users\/6307"}],"replies":[{"embeddable":true,"href":"https:\/\/maringapost.com.br\/orlandogonzalez\/wp-json\/wp\/v2\/comments?post=41089"}],"version-history":[{"count":1,"href":"https:\/\/maringapost.com.br\/orlandogonzalez\/wp-json\/wp\/v2\/posts\/41089\/revisions"}],"predecessor-version":[{"id":41091,"href":"https:\/\/maringapost.com.br\/orlandogonzalez\/wp-json\/wp\/v2\/posts\/41089\/revisions\/41091"}],"wp:featuredmedia":[{"embeddable":true,"href":"https:\/\/maringapost.com.br\/orlandogonzalez\/wp-json\/wp\/v2\/media\/41090"}],"wp:attachment":[{"href":"https:\/\/maringapost.com.br\/orlandogonzalez\/wp-json\/wp\/v2\/media?parent=41089"}],"wp:term":[{"taxonomy":"category","embeddable":true,"href":"https:\/\/maringapost.com.br\/orlandogonzalez\/wp-json\/wp\/v2\/categories?post=41089"},{"taxonomy":"post_tag","embeddable":true,"href":"https:\/\/maringapost.com.br\/orlandogonzalez\/wp-json\/wp\/v2\/tags?post=41089"}],"curies":[{"name":"wp","href":"https:\/\/api.w.org\/{rel}","templated":true}]}}