{"id":40358,"date":"2020-10-14T11:34:30","date_gmt":"2020-10-14T14:34:30","guid":{"rendered":"http:\/\/maringapost.com.br\/orlandogonzalez\/?p=40358"},"modified":"2020-10-14T14:45:32","modified_gmt":"2020-10-14T17:45:32","slug":"radio-maringa-pista-favorita-motiva-pedro-cardoso-para-proxima-etapa-da-stock-car","status":"publish","type":"post","link":"https:\/\/maringapost.com.br\/orlandogonzalez\/2020\/10\/14\/radio-maringa-pista-favorita-motiva-pedro-cardoso-para-proxima-etapa-da-stock-car\/","title":{"rendered":"R\u00c1DIO MARING\u00c1 &#8211; &#8220;Pista favorita&#8221; motiva Pedro Cardoso para pr\u00f3xima etapa da Stock Car"},"content":{"rendered":"<p>A caravana da Stock Car chega a sua s\u00e9tima etapa, das 12 previstas para a temporada, neste fim de semana no Aut\u00f3dromo Velocitt\u00e0, em Mogi Gua\u00e7u (SP). Com a classifica\u00e7\u00e3o acontecendo no s\u00e1bado (17) e duas corridas \u2018curtas\u2019 no domingo (18), os pilotos ganharam mais um dia para testarem os carros da nova gera\u00e7\u00e3o da Stock Car. A sexta-feira (17) ter\u00e1 uma sess\u00e3o de treino livre para que pilotos e equipes possam trabalhar um dia a mais nos carros. Piloto mais jovem do grid da categoria na temporada, Pedro Cardoso tem a pista do interior paulista como um de suas preferidas no Brasil e costuma ter bom desempenho, como a vit\u00f3ria na Stock Light em 2018<a href=\"https:\/\/radiomaringa.com.br\/\" target=\"_blank\" rel=\"noopener noreferrer\">.<\/a><\/p>\n<p>Na sua segunda temporada na principal categoria do automobilismo nacional, Pedro v\u00ea a pista do Velocitt\u00e0 como um tra\u00e7ado t\u00e9cnico e desafiador. \u201cEu gosto muito do Velocitt\u00e0, muito mesmo. Desde a primeira vez que eu andei na Light eu andei muito bem, ganhei corrida. Na Stock no ano passado tamb\u00e9m gostei muito. \u00c9 uma pista diferente, muito t\u00e9cnica, mais curta, n\u00e3o tem muitas retas e n\u00e3o tem muitos pontos de ultrapassagem, mas tem algumas alternativas que se forem bem exploradas podem surpreender\u201d, avalia o piloto de 21 anos que nesta temporada carrega as cores do Banco BRB.<\/p>\n<p>Em constante evolu\u00e7\u00e3o com o Chevrolet Cruza #43 da equipe R.Mattheis, Cardoso viu a sua confian\u00e7a crescer ap\u00f3s a d\u00e9cima coloca\u00e7\u00e3o no classificat\u00f3rio em Cascavel (PR). \u201cA minha expectativa \u00e9 boa, por ser uma pista que eu gosto muito, e porque o nosso carro vem melhorando a cada fim de semana. Depois da classifica\u00e7\u00e3o de Cascavel a minha confian\u00e7a subiu muito, ent\u00e3o eu espero que seja um grande final de semana\u201d, completa.<\/p>\n<p>A oitava etapa, que tamb\u00e9m seria disputada neste fim de semana no Velocitt\u00e0 foi adiada para Goi\u00e2nia (GO), que passar\u00e1 a ter etapa etapa dupla nos dias 21 e 22 de novembro. Brasiliense, Cardoso gostou da ideia de ter uma etapa a mais \u2018perto\u2019 de casa. \u201c\u00c9 legal poder correr perto de casa, \u00e9 \u00f3timo para o Banco BRB, meu patrocinador, que a gente tenha uma etapa a mais em Goi\u00e2nia. Vamos trabalhar duro para que seja um fim de semana especial, mas por enquanto o pensamento est\u00e1 no caminho que vamos tra\u00e7ar at\u00e9 chegar l\u00e1, j\u00e1 que ser\u00e1 a pen\u00faltima data da nossa temporada\u201d, concluiu.<\/p>\n<p>A etapa ter\u00e1 a sess\u00e3o de treino do s\u00e1bado (17) transmitida ao vivo pelo canal do YouTube da Stock Car a partir das 8h40. O classificat\u00f3rio acontece a partir de 12h com transmiss\u00e3o ao vivo do SporTV 2. As corridas no domingo (18) tamb\u00e9m ser\u00e3o transmitidas pelo Canal Campe\u00e3o e come\u00e7am a partir das 10h30. As duas provas do fim de semana ter\u00e3o dura\u00e7\u00e3o de 30 minutos mais uma volta.<\/p>\n<p>Confira abaixo a programa\u00e7\u00e3o do fim de semana no Velocitt\u00e0:<\/p>\n<p>Sexta-feira, 16 de outubro<br \/>\n12h30 \u2013 12h40 \u2013 Shakedown Stock Car<br \/>\n13h35 \u2013 14h05 \u2013 1\u00ba treino Stock Car \u2013 Grupo 01<br \/>\n14h15 \u2013 14h45 \u2013 1\u00ba treino Stock Car \u2013 Grupo 02<\/p>\n<p>S\u00e1bado, 17 de outubro<br \/>\n08h40 \u2013 09h10 \u2013 2\u00ba treino Stock Car \u2013 1\u00ba Grupo<br \/>\n09h20 \u2013 09h50 \u2013 2\u00ba treino Stock Car \u2013 2\u00ba Grupo<br \/>\n12h15 \u2013 12h50 \u2013 Classifica\u00e7\u00e3o Stock Car<\/p>\n<p>Domingo, 18 de outubro<br \/>\n11h00 \u2013 Largada 7\u00aa etapa Stock Car, Corrida 01 \u2013 30 minutos + 1 volta<br \/>\n11h55 \u2013 Largada 7\u00aa etapa Stock Car, Corrida 02 \u2013 30 minutos + 1 volta<\/p>\n<p>Confira as pr\u00f3ximas datas e locais* da Stock Car em 2020:<br \/>\n4\u00aa etapa \u2013 13\/09 \u2013 Londrina (PR)<br \/>\n5\u00aa etapa \u2013 03\/10 \u2013 Cascavel (PR)<br \/>\n6\u00aa etapa \u2013 04\/10 \u2013 Cascavel (PR)<br \/>\n7\u00aa etapa \u2013 18\/10 \u2013 Mogi Gua\u00e7u (Velocitt\u00e0, SP)<br \/>\n8\u00aa etapa \u2013 07\/11 \u2013 Curitiba (PR)<br \/>\n9\u00aa etapa \u2013 08\/11 \u2013 Curitiba (PR)<br \/>\n10\u00aa etapa \u2013 21\/11 \u2013 Goi\u00e2nia (GO)<br \/>\n11\u00aa etapa \u2013 22\/11 \u2013 Goi\u00e2nia (GO)<br \/>\n12\u00aa etapa \u2013 13\/12 \u2013 S\u00e3o Paulo (SP)<br \/>\n*Datas e locais pass\u00edveis de revis\u00e3o em fun\u00e7\u00e3o das condi\u00e7\u00f5es sanit\u00e1rias.<br \/>\n(Assessoria)<\/p>\n","protected":false},"excerpt":{"rendered":"<p>A caravana da Stock Car chega a sua s\u00e9tima etapa, das 12 previstas para a temporada, neste fim de semana no Aut\u00f3dromo Velocitt\u00e0, em Mogi Gua\u00e7u (SP). Com a classifica\u00e7\u00e3o acontecendo no s\u00e1bado (17) e duas corridas \u2018curtas\u2019 no domingo (18), os pilotos ganharam mais um dia para testarem os carros da nova gera\u00e7\u00e3o da [&hellip;]<\/p>\n","protected":false},"author":6307,"featured_media":40359,"comment_status":"closed","ping_status":"open","sticky":false,"template":"","format":"standard","meta":{"_exactmetrics_skip_tracking":false,"_exactmetrics_sitenote_active":false,"_exactmetrics_sitenote_note":"","_exactmetrics_sitenote_category":0,"footnotes":""},"categories":[1267],"tags":[4619,47,704],"yoast_head":"<!-- This site is optimized with the Yoast SEO Premium plugin v22.7 (Yoast SEO v22.7) - https:\/\/yoast.com\/wordpress\/plugins\/seo\/ -->\n<title>R\u00c1DIO MARING\u00c1 - &quot;Pista favorita&quot; motiva Pedro Cardoso para pr\u00f3xima etapa da Stock Car - Orlando Gonzalez<\/title>\n<meta name=\"robots\" content=\"index, follow, max-snippet:-1, max-image-preview:large, max-video-preview:-1\" \/>\n<link rel=\"canonical\" href=\"https:\/\/maringapost.com.br\/orlandogonzalez\/2020\/10\/14\/radio-maringa-pista-favorita-motiva-pedro-cardoso-para-proxima-etapa-da-stock-car\/\" \/>\n<meta property=\"og:locale\" content=\"pt_BR\" \/>\n<meta property=\"og:type\" content=\"article\" \/>\n<meta property=\"og:title\" content=\"R\u00c1DIO MARING\u00c1 - &quot;Pista favorita&quot; motiva Pedro Cardoso para pr\u00f3xima etapa da Stock Car\" \/>\n<meta property=\"og:description\" content=\"A caravana da Stock Car chega a sua s\u00e9tima etapa, das 12 previstas para a temporada, neste fim de semana no Aut\u00f3dromo Velocitt\u00e0, em Mogi Gua\u00e7u (SP). Com a classifica\u00e7\u00e3o acontecendo no s\u00e1bado (17) e duas corridas \u2018curtas\u2019 no domingo (18), os pilotos ganharam mais um dia para testarem os carros da nova gera\u00e7\u00e3o da [&hellip;]\" \/>\n<meta property=\"og:url\" content=\"https:\/\/maringapost.com.br\/orlandogonzalez\/2020\/10\/14\/radio-maringa-pista-favorita-motiva-pedro-cardoso-para-proxima-etapa-da-stock-car\/\" \/>\n<meta property=\"og:site_name\" content=\"Orlando Gonzalez\" \/>\n<meta property=\"article:author\" content=\"https:\/\/www.facebook.com\/profile.php?id=100011095815065\" \/>\n<meta property=\"article:published_time\" content=\"2020-10-14T14:34:30+00:00\" \/>\n<meta property=\"article:modified_time\" content=\"2020-10-14T17:45:32+00:00\" \/>\n<meta property=\"og:image\" content=\"https:\/\/maringapost.com.br\/orlandogonzalez\/wp-content\/uploads\/sites\/17\/2020\/10\/384337_950060_raf25348_web_.jpg\" \/>\n\t<meta property=\"og:image:width\" content=\"600\" \/>\n\t<meta property=\"og:image:height\" content=\"400\" \/>\n\t<meta property=\"og:image:type\" content=\"image\/jpeg\" \/>\n<meta name=\"author\" content=\"Orlando Gonzalez\" \/>\n<meta name=\"twitter:card\" content=\"summary_large_image\" \/>\n<meta name=\"twitter:creator\" content=\"@gonzalezorlando\" \/>\n<meta name=\"twitter:label1\" content=\"Escrito por\" \/>\n\t<meta name=\"twitter:data1\" content=\"\" \/>\n\t<meta name=\"twitter:label2\" content=\"Est. tempo de leitura\" \/>\n\t<meta name=\"twitter:data2\" content=\"3 minutos\" \/>\n<script type=\"application\/ld+json\" class=\"yoast-schema-graph\">{\"@context\":\"https:\/\/schema.org\",\"@graph\":[{\"@type\":\"WebPage\",\"@id\":\"https:\/\/maringapost.com.br\/orlandogonzalez\/2020\/10\/14\/radio-maringa-pista-favorita-motiva-pedro-cardoso-para-proxima-etapa-da-stock-car\/\",\"url\":\"https:\/\/maringapost.com.br\/orlandogonzalez\/2020\/10\/14\/radio-maringa-pista-favorita-motiva-pedro-cardoso-para-proxima-etapa-da-stock-car\/\",\"name\":\"R\u00c1DIO MARING\u00c1 - \\\"Pista favorita\\\" motiva Pedro Cardoso para pr\u00f3xima etapa da Stock Car - Orlando Gonzalez\",\"isPartOf\":{\"@id\":\"https:\/\/maringapost.com.br\/orlandogonzalez\/#website\"},\"primaryImageOfPage\":{\"@id\":\"https:\/\/maringapost.com.br\/orlandogonzalez\/2020\/10\/14\/radio-maringa-pista-favorita-motiva-pedro-cardoso-para-proxima-etapa-da-stock-car\/#primaryimage\"},\"image\":{\"@id\":\"https:\/\/maringapost.com.br\/orlandogonzalez\/2020\/10\/14\/radio-maringa-pista-favorita-motiva-pedro-cardoso-para-proxima-etapa-da-stock-car\/#primaryimage\"},\"thumbnailUrl\":\"https:\/\/maringapost.com.br\/orlandogonzalez\/wp-content\/uploads\/sites\/17\/2020\/10\/384337_950060_raf25348_web_.jpg\",\"datePublished\":\"2020-10-14T14:34:30+00:00\",\"dateModified\":\"2020-10-14T17:45:32+00:00\",\"author\":{\"@id\":\"https:\/\/maringapost.com.br\/orlandogonzalez\/#\/schema\/person\/5cbe6257d08edea6afc9ebaa613b0633\"},\"inLanguage\":\"pt-BR\",\"potentialAction\":[{\"@type\":\"ReadAction\",\"target\":[\"https:\/\/maringapost.com.br\/orlandogonzalez\/2020\/10\/14\/radio-maringa-pista-favorita-motiva-pedro-cardoso-para-proxima-etapa-da-stock-car\/\"]}]},{\"@type\":\"ImageObject\",\"inLanguage\":\"pt-BR\",\"@id\":\"https:\/\/maringapost.com.br\/orlandogonzalez\/2020\/10\/14\/radio-maringa-pista-favorita-motiva-pedro-cardoso-para-proxima-etapa-da-stock-car\/#primaryimage\",\"url\":\"https:\/\/maringapost.com.br\/orlandogonzalez\/wp-content\/uploads\/sites\/17\/2020\/10\/384337_950060_raf25348_web_.jpg\",\"contentUrl\":\"https:\/\/maringapost.com.br\/orlandogonzalez\/wp-content\/uploads\/sites\/17\/2020\/10\/384337_950060_raf25348_web_.jpg\",\"width\":600,\"height\":400},{\"@type\":\"WebSite\",\"@id\":\"https:\/\/maringapost.com.br\/orlandogonzalez\/#website\",\"url\":\"https:\/\/maringapost.com.br\/orlandogonzalez\/\",\"name\":\"Orlando Gonzalez\",\"description\":\"Destaca o esporte de Maring\u00e1! Destaca o esporte do Paran\u00e1! Destaca o esporte do Brasil!\",\"potentialAction\":[{\"@type\":\"SearchAction\",\"target\":{\"@type\":\"EntryPoint\",\"urlTemplate\":\"https:\/\/maringapost.com.br\/orlandogonzalez\/?s={search_term_string}\"},\"query-input\":\"required name=search_term_string\"}],\"inLanguage\":\"pt-BR\"},{\"@type\":\"Person\",\"@id\":\"https:\/\/maringapost.com.br\/orlandogonzalez\/#\/schema\/person\/5cbe6257d08edea6afc9ebaa613b0633\",\"name\":\"Orlando Gonzalez\",\"image\":{\"@type\":\"ImageObject\",\"inLanguage\":\"pt-BR\",\"@id\":\"https:\/\/maringapost.com.br\/orlandogonzalez\/#\/schema\/person\/image\/\",\"url\":\"https:\/\/secure.gravatar.com\/avatar\/ecef9d1c9afe5ebdafadde8369065ba5?s=96&d=mm&r=g\",\"contentUrl\":\"https:\/\/secure.gravatar.com\/avatar\/ecef9d1c9afe5ebdafadde8369065ba5?s=96&d=mm&r=g\",\"caption\":\"Orlando Gonzalez\"},\"description\":\"H\u00e1 29 anos na cobertura do esporte de Maring\u00e1. Plant\u00e3o e narrador esportivo. Presta\u00e7\u00e3o de assessoria de imprensa esportiva, cobertura e transmiss\u00f5es ao vivo de eventos esportivos. E-mail: orlandogonzalez.assessoria@gmail.com WhatsApp: (44) 9 9126-6119\",\"sameAs\":[\"http:\/\/www.radiomaringa.com.br\/\",\"https:\/\/www.facebook.com\/profile.php?id=100011095815065\",\"https:\/\/www.instagram.com\/orlandomgonzalez\/\",\"https:\/\/br.pinterest.com\/ogonzalez0530\/\",\"https:\/\/x.com\/gonzalezorlando\",\"https:\/\/www.youtube.com\/channel\/UCvFpl55btth8wjnKiSS1ibA\",\"https:\/\/radiomaringaweb.tumblr.com\/\"],\"url\":\"https:\/\/maringapost.com.br\/orlandogonzalez\/author\/orlando\/\"}]}<\/script>\n<!-- \/ Yoast SEO Premium plugin. -->","yoast_head_json":{"title":"R\u00c1DIO MARING\u00c1 - \"Pista favorita\" motiva Pedro Cardoso para pr\u00f3xima etapa da Stock Car - Orlando Gonzalez","robots":{"index":"index","follow":"follow","max-snippet":"max-snippet:-1","max-image-preview":"max-image-preview:large","max-video-preview":"max-video-preview:-1"},"canonical":"https:\/\/maringapost.com.br\/orlandogonzalez\/2020\/10\/14\/radio-maringa-pista-favorita-motiva-pedro-cardoso-para-proxima-etapa-da-stock-car\/","og_locale":"pt_BR","og_type":"article","og_title":"R\u00c1DIO MARING\u00c1 - \"Pista favorita\" motiva Pedro Cardoso para pr\u00f3xima etapa da Stock Car","og_description":"A caravana da Stock Car chega a sua s\u00e9tima etapa, das 12 previstas para a temporada, neste fim de semana no Aut\u00f3dromo Velocitt\u00e0, em Mogi Gua\u00e7u (SP). Com a classifica\u00e7\u00e3o acontecendo no s\u00e1bado (17) e duas corridas \u2018curtas\u2019 no domingo (18), os pilotos ganharam mais um dia para testarem os carros da nova gera\u00e7\u00e3o da [&hellip;]","og_url":"https:\/\/maringapost.com.br\/orlandogonzalez\/2020\/10\/14\/radio-maringa-pista-favorita-motiva-pedro-cardoso-para-proxima-etapa-da-stock-car\/","og_site_name":"Orlando Gonzalez","article_author":"https:\/\/www.facebook.com\/profile.php?id=100011095815065","article_published_time":"2020-10-14T14:34:30+00:00","article_modified_time":"2020-10-14T17:45:32+00:00","og_image":[{"width":600,"height":400,"url":"https:\/\/maringapost.com.br\/orlandogonzalez\/wp-content\/uploads\/sites\/17\/2020\/10\/384337_950060_raf25348_web_.jpg","type":"image\/jpeg"}],"author":"Orlando Gonzalez","twitter_card":"summary_large_image","twitter_creator":"@gonzalezorlando","twitter_misc":{"Escrito por":false,"Est. tempo de leitura":"3 minutos"},"schema":{"@context":"https:\/\/schema.org","@graph":[{"@type":"WebPage","@id":"https:\/\/maringapost.com.br\/orlandogonzalez\/2020\/10\/14\/radio-maringa-pista-favorita-motiva-pedro-cardoso-para-proxima-etapa-da-stock-car\/","url":"https:\/\/maringapost.com.br\/orlandogonzalez\/2020\/10\/14\/radio-maringa-pista-favorita-motiva-pedro-cardoso-para-proxima-etapa-da-stock-car\/","name":"R\u00c1DIO MARING\u00c1 - \"Pista favorita\" motiva Pedro Cardoso para pr\u00f3xima etapa da Stock Car - Orlando Gonzalez","isPartOf":{"@id":"https:\/\/maringapost.com.br\/orlandogonzalez\/#website"},"primaryImageOfPage":{"@id":"https:\/\/maringapost.com.br\/orlandogonzalez\/2020\/10\/14\/radio-maringa-pista-favorita-motiva-pedro-cardoso-para-proxima-etapa-da-stock-car\/#primaryimage"},"image":{"@id":"https:\/\/maringapost.com.br\/orlandogonzalez\/2020\/10\/14\/radio-maringa-pista-favorita-motiva-pedro-cardoso-para-proxima-etapa-da-stock-car\/#primaryimage"},"thumbnailUrl":"https:\/\/maringapost.com.br\/orlandogonzalez\/wp-content\/uploads\/sites\/17\/2020\/10\/384337_950060_raf25348_web_.jpg","datePublished":"2020-10-14T14:34:30+00:00","dateModified":"2020-10-14T17:45:32+00:00","author":{"@id":"https:\/\/maringapost.com.br\/orlandogonzalez\/#\/schema\/person\/5cbe6257d08edea6afc9ebaa613b0633"},"inLanguage":"pt-BR","potentialAction":[{"@type":"ReadAction","target":["https:\/\/maringapost.com.br\/orlandogonzalez\/2020\/10\/14\/radio-maringa-pista-favorita-motiva-pedro-cardoso-para-proxima-etapa-da-stock-car\/"]}]},{"@type":"ImageObject","inLanguage":"pt-BR","@id":"https:\/\/maringapost.com.br\/orlandogonzalez\/2020\/10\/14\/radio-maringa-pista-favorita-motiva-pedro-cardoso-para-proxima-etapa-da-stock-car\/#primaryimage","url":"https:\/\/maringapost.com.br\/orlandogonzalez\/wp-content\/uploads\/sites\/17\/2020\/10\/384337_950060_raf25348_web_.jpg","contentUrl":"https:\/\/maringapost.com.br\/orlandogonzalez\/wp-content\/uploads\/sites\/17\/2020\/10\/384337_950060_raf25348_web_.jpg","width":600,"height":400},{"@type":"WebSite","@id":"https:\/\/maringapost.com.br\/orlandogonzalez\/#website","url":"https:\/\/maringapost.com.br\/orlandogonzalez\/","name":"Orlando Gonzalez","description":"Destaca o esporte de Maring\u00e1! Destaca o esporte do Paran\u00e1! Destaca o esporte do Brasil!","potentialAction":[{"@type":"SearchAction","target":{"@type":"EntryPoint","urlTemplate":"https:\/\/maringapost.com.br\/orlandogonzalez\/?s={search_term_string}"},"query-input":"required name=search_term_string"}],"inLanguage":"pt-BR"},{"@type":"Person","@id":"https:\/\/maringapost.com.br\/orlandogonzalez\/#\/schema\/person\/5cbe6257d08edea6afc9ebaa613b0633","name":"Orlando Gonzalez","image":{"@type":"ImageObject","inLanguage":"pt-BR","@id":"https:\/\/maringapost.com.br\/orlandogonzalez\/#\/schema\/person\/image\/","url":"https:\/\/secure.gravatar.com\/avatar\/ecef9d1c9afe5ebdafadde8369065ba5?s=96&d=mm&r=g","contentUrl":"https:\/\/secure.gravatar.com\/avatar\/ecef9d1c9afe5ebdafadde8369065ba5?s=96&d=mm&r=g","caption":"Orlando Gonzalez"},"description":"H\u00e1 29 anos na cobertura do esporte de Maring\u00e1. Plant\u00e3o e narrador esportivo. Presta\u00e7\u00e3o de assessoria de imprensa esportiva, cobertura e transmiss\u00f5es ao vivo de eventos esportivos. E-mail: orlandogonzalez.assessoria@gmail.com WhatsApp: (44) 9 9126-6119","sameAs":["http:\/\/www.radiomaringa.com.br\/","https:\/\/www.facebook.com\/profile.php?id=100011095815065","https:\/\/www.instagram.com\/orlandomgonzalez\/","https:\/\/br.pinterest.com\/ogonzalez0530\/","https:\/\/x.com\/gonzalezorlando","https:\/\/www.youtube.com\/channel\/UCvFpl55btth8wjnKiSS1ibA","https:\/\/radiomaringaweb.tumblr.com\/"],"url":"https:\/\/maringapost.com.br\/orlandogonzalez\/author\/orlando\/"}]}},"_links":{"self":[{"href":"https:\/\/maringapost.com.br\/orlandogonzalez\/wp-json\/wp\/v2\/posts\/40358"}],"collection":[{"href":"https:\/\/maringapost.com.br\/orlandogonzalez\/wp-json\/wp\/v2\/posts"}],"about":[{"href":"https:\/\/maringapost.com.br\/orlandogonzalez\/wp-json\/wp\/v2\/types\/post"}],"author":[{"embeddable":true,"href":"https:\/\/maringapost.com.br\/orlandogonzalez\/wp-json\/wp\/v2\/users\/6307"}],"replies":[{"embeddable":true,"href":"https:\/\/maringapost.com.br\/orlandogonzalez\/wp-json\/wp\/v2\/comments?post=40358"}],"version-history":[{"count":1,"href":"https:\/\/maringapost.com.br\/orlandogonzalez\/wp-json\/wp\/v2\/posts\/40358\/revisions"}],"predecessor-version":[{"id":40360,"href":"https:\/\/maringapost.com.br\/orlandogonzalez\/wp-json\/wp\/v2\/posts\/40358\/revisions\/40360"}],"wp:featuredmedia":[{"embeddable":true,"href":"https:\/\/maringapost.com.br\/orlandogonzalez\/wp-json\/wp\/v2\/media\/40359"}],"wp:attachment":[{"href":"https:\/\/maringapost.com.br\/orlandogonzalez\/wp-json\/wp\/v2\/media?parent=40358"}],"wp:term":[{"taxonomy":"category","embeddable":true,"href":"https:\/\/maringapost.com.br\/orlandogonzalez\/wp-json\/wp\/v2\/categories?post=40358"},{"taxonomy":"post_tag","embeddable":true,"href":"https:\/\/maringapost.com.br\/orlandogonzalez\/wp-json\/wp\/v2\/tags?post=40358"}],"curies":[{"name":"wp","href":"https:\/\/api.w.org\/{rel}","templated":true}]}}