{"id":40237,"date":"2020-10-11T08:09:24","date_gmt":"2020-10-11T11:09:24","guid":{"rendered":"http:\/\/maringapost.com.br\/orlandogonzalez\/?p=40237"},"modified":"2020-10-11T08:09:43","modified_gmt":"2020-10-11T11:09:43","slug":"radio-maringa-paranaense-sperafico-e-candidato-a-presidencia-da-cba","status":"publish","type":"post","link":"https:\/\/maringapost.com.br\/orlandogonzalez\/2020\/10\/11\/radio-maringa-paranaense-sperafico-e-candidato-a-presidencia-da-cba\/","title":{"rendered":"R\u00c1DIO MARING\u00c1 &#8211; Paranaense Sperafico \u00e9 candidato \u00e0 presid\u00eancia da CBA"},"content":{"rendered":"<p>O paranaense Milton Sperafico oficializa sua candidatura \u00e0 presid\u00eancia da CBA (Confedera\u00e7\u00e3o Brasileira de Automobilismo). A elei\u00e7\u00e3o ser\u00e1 na primeira quinzena de janeiro e a posse ser\u00e1 no mesmo dia. O ex-piloto lidera a oposi\u00e7\u00e3o e ir\u00e1 enfrentar Giovani Guerra, do Maranh\u00e3o, candidato da situa\u00e7\u00e3o<a href=\"https:\/\/radiomaringa.com.br\/\" target=\"_blank\" rel=\"noopener noreferrer\">.<\/a><\/p>\n<p>Milton Sperafico destaca que decidiu ser candidato a pedido de presidentes de Federa\u00e7\u00f5es, pilotos, chefes de equipes, jornalistas e in\u00fameros amigos que formou ao longo de mais de 40 anos atuando no automobilismo.<\/p>\n<p>Sperafico enfatiza que ir\u00e1 trabalhar muito para ser o eleito pelos presidentes das federa\u00e7\u00f5es. \u201cH\u00e1 muita coisa a fazer. Al\u00e9m dos problemas que j\u00e1 t\u00ednhamos nos \u00faltimos anos, h\u00e1 outros que surgiram com a pandemia do coronav\u00edrus. \u00c9 preciso valorizar pilotos, chefes de equipes, presidentes dos clubes e das federa\u00e7\u00f5es, e os preparadores, que foram os mais afetados pela pandemia do coronav\u00edrus. S\u00e3o essas pessoas que est\u00e3o na linha de frente, fazendo automobilismo todos os dias. Al\u00e9m de tudo aquilo que entendo que precisa mudar, de acordo com as experi\u00eancias que adquiri dentro e fora das pistas, me proponho a realizar um grande trabalho e vou conversar com todos os segmentos para elaborar um plano de a\u00e7\u00e3o. \u00c9 hora de buscarmos uni\u00e3o em torno de um bem comum, que \u00e9 o fortalecimento do automobilismo\u201d, enfatiza Milton Sperafico.<\/p>\n<p>Quem \u00e9 Milton Sperafico<\/p>\n<p>Milton Sperafico \u00e9 advogado e empres\u00e1rio; casado com Suzan Formighieri Sperafico, ex-jogadora de handebol; pai de quatro filhos. \u00c9 de fam\u00edlia tradicional, pioneira de Toledo, no Oeste do Paran\u00e1. No automobilismo, integra um cl\u00e3 de 10 pilotos.<\/p>\n<p>A hist\u00f3ria dos Speraficos com o automobilismo come\u00e7ou nos anos 70 do s\u00e9culo passado. Em 1973, Dilso Sperafico disputou provas de Turismo Divis\u00e3o 3 no Paran\u00e1 e a n\u00edvel nacional competiu na Super V\u00ea, confrontando-se com pilotos como Nelson Piquet, Alex Dias Ribeiro, Alfredo Guaran\u00e1 Menezes, entre outros. Em 1986 Dilso sagrou-se campe\u00e3o da Cascavel de Ouro, prova destaque do automobilismo paranaense ganha em 1976 por Nelson Piquet, que premia o vencedor com um trof\u00e9u em ouro puro. No ano passado, a fam\u00edlia voltou a vencer a Cascavel de Ouro com Natan e Ricardo Spreafico.<br \/>\nDepois de D\u00edlson, ingressaram no automobilismo Milton, El\u00f3i, Fabiano, Ricardo, Rodrigo, Alexandre, Rafael, Guilherme e Natan.<\/p>\n<p>Milton \u00e9 tio dos g\u00eameos Ricardo e Rodrigo Sperafico, que competiram na F-3.000 Internacional e na Stock Car; e pai de Guilherme.<\/p>\n<p>Milton tamb\u00e9m \u00e9 tio de Rafael Speafico, que morreu em um acidente da Stock Car Light em 2007, em Interlagos.<br \/>\n(Assessoria)<\/p>\n","protected":false},"excerpt":{"rendered":"<p>O paranaense Milton Sperafico oficializa sua candidatura \u00e0 presid\u00eancia da CBA (Confedera\u00e7\u00e3o Brasileira de Automobilismo). A elei\u00e7\u00e3o ser\u00e1 na primeira quinzena de janeiro e a posse ser\u00e1 no mesmo dia. O ex-piloto lidera a oposi\u00e7\u00e3o e ir\u00e1 enfrentar Giovani Guerra, do Maranh\u00e3o, candidato da situa\u00e7\u00e3o. Milton Sperafico destaca que decidiu ser candidato a pedido de [&hellip;]<\/p>\n","protected":false},"author":6307,"featured_media":40238,"comment_status":"closed","ping_status":"open","sticky":false,"template":"","format":"standard","meta":{"_exactmetrics_skip_tracking":false,"_exactmetrics_sitenote_active":false,"_exactmetrics_sitenote_note":"","_exactmetrics_sitenote_category":0,"footnotes":""},"categories":[1267],"tags":[4619,1068,47],"yoast_head":"<!-- This site is optimized with the Yoast SEO Premium plugin v22.7 (Yoast SEO v22.7) - https:\/\/yoast.com\/wordpress\/plugins\/seo\/ -->\n<title>R\u00c1DIO MARING\u00c1 - Paranaense Sperafico \u00e9 candidato \u00e0 presid\u00eancia da CBA - Orlando Gonzalez<\/title>\n<meta name=\"robots\" content=\"index, follow, max-snippet:-1, max-image-preview:large, max-video-preview:-1\" \/>\n<link rel=\"canonical\" href=\"https:\/\/maringapost.com.br\/orlandogonzalez\/2020\/10\/11\/radio-maringa-paranaense-sperafico-e-candidato-a-presidencia-da-cba\/\" \/>\n<meta property=\"og:locale\" content=\"pt_BR\" \/>\n<meta property=\"og:type\" content=\"article\" \/>\n<meta property=\"og:title\" content=\"R\u00c1DIO MARING\u00c1 - Paranaense Sperafico \u00e9 candidato \u00e0 presid\u00eancia da CBA\" \/>\n<meta property=\"og:description\" content=\"O paranaense Milton Sperafico oficializa sua candidatura \u00e0 presid\u00eancia da CBA (Confedera\u00e7\u00e3o Brasileira de Automobilismo). A elei\u00e7\u00e3o ser\u00e1 na primeira quinzena de janeiro e a posse ser\u00e1 no mesmo dia. O ex-piloto lidera a oposi\u00e7\u00e3o e ir\u00e1 enfrentar Giovani Guerra, do Maranh\u00e3o, candidato da situa\u00e7\u00e3o. Milton Sperafico destaca que decidiu ser candidato a pedido de [&hellip;]\" \/>\n<meta property=\"og:url\" content=\"https:\/\/maringapost.com.br\/orlandogonzalez\/2020\/10\/11\/radio-maringa-paranaense-sperafico-e-candidato-a-presidencia-da-cba\/\" \/>\n<meta property=\"og:site_name\" content=\"Orlando Gonzalez\" \/>\n<meta property=\"article:author\" content=\"https:\/\/www.facebook.com\/profile.php?id=100011095815065\" \/>\n<meta property=\"article:published_time\" content=\"2020-10-11T11:09:24+00:00\" \/>\n<meta property=\"article:modified_time\" content=\"2020-10-11T11:09:43+00:00\" \/>\n<meta property=\"og:image\" content=\"https:\/\/maringapost.com.br\/orlandogonzalez\/wp-content\/uploads\/sites\/17\/2020\/10\/Milton-Sperafico20.jpeg\" \/>\n\t<meta property=\"og:image:width\" content=\"768\" \/>\n\t<meta property=\"og:image:height\" content=\"1024\" \/>\n\t<meta property=\"og:image:type\" content=\"image\/jpeg\" \/>\n<meta name=\"author\" content=\"Orlando Gonzalez\" \/>\n<meta name=\"twitter:card\" content=\"summary_large_image\" \/>\n<meta name=\"twitter:creator\" content=\"@gonzalezorlando\" \/>\n<meta name=\"twitter:label1\" content=\"Escrito por\" \/>\n\t<meta name=\"twitter:data1\" content=\"\" \/>\n\t<meta name=\"twitter:label2\" content=\"Est. tempo de leitura\" \/>\n\t<meta name=\"twitter:data2\" content=\"2 minutos\" \/>\n<script type=\"application\/ld+json\" class=\"yoast-schema-graph\">{\"@context\":\"https:\/\/schema.org\",\"@graph\":[{\"@type\":\"WebPage\",\"@id\":\"https:\/\/maringapost.com.br\/orlandogonzalez\/2020\/10\/11\/radio-maringa-paranaense-sperafico-e-candidato-a-presidencia-da-cba\/\",\"url\":\"https:\/\/maringapost.com.br\/orlandogonzalez\/2020\/10\/11\/radio-maringa-paranaense-sperafico-e-candidato-a-presidencia-da-cba\/\",\"name\":\"R\u00c1DIO MARING\u00c1 - Paranaense Sperafico \u00e9 candidato \u00e0 presid\u00eancia da CBA - Orlando Gonzalez\",\"isPartOf\":{\"@id\":\"https:\/\/maringapost.com.br\/orlandogonzalez\/#website\"},\"primaryImageOfPage\":{\"@id\":\"https:\/\/maringapost.com.br\/orlandogonzalez\/2020\/10\/11\/radio-maringa-paranaense-sperafico-e-candidato-a-presidencia-da-cba\/#primaryimage\"},\"image\":{\"@id\":\"https:\/\/maringapost.com.br\/orlandogonzalez\/2020\/10\/11\/radio-maringa-paranaense-sperafico-e-candidato-a-presidencia-da-cba\/#primaryimage\"},\"thumbnailUrl\":\"https:\/\/maringapost.com.br\/orlandogonzalez\/wp-content\/uploads\/sites\/17\/2020\/10\/Milton-Sperafico20.jpeg\",\"datePublished\":\"2020-10-11T11:09:24+00:00\",\"dateModified\":\"2020-10-11T11:09:43+00:00\",\"author\":{\"@id\":\"https:\/\/maringapost.com.br\/orlandogonzalez\/#\/schema\/person\/5cbe6257d08edea6afc9ebaa613b0633\"},\"inLanguage\":\"pt-BR\",\"potentialAction\":[{\"@type\":\"ReadAction\",\"target\":[\"https:\/\/maringapost.com.br\/orlandogonzalez\/2020\/10\/11\/radio-maringa-paranaense-sperafico-e-candidato-a-presidencia-da-cba\/\"]}]},{\"@type\":\"ImageObject\",\"inLanguage\":\"pt-BR\",\"@id\":\"https:\/\/maringapost.com.br\/orlandogonzalez\/2020\/10\/11\/radio-maringa-paranaense-sperafico-e-candidato-a-presidencia-da-cba\/#primaryimage\",\"url\":\"https:\/\/maringapost.com.br\/orlandogonzalez\/wp-content\/uploads\/sites\/17\/2020\/10\/Milton-Sperafico20.jpeg\",\"contentUrl\":\"https:\/\/maringapost.com.br\/orlandogonzalez\/wp-content\/uploads\/sites\/17\/2020\/10\/Milton-Sperafico20.jpeg\",\"width\":768,\"height\":1024},{\"@type\":\"WebSite\",\"@id\":\"https:\/\/maringapost.com.br\/orlandogonzalez\/#website\",\"url\":\"https:\/\/maringapost.com.br\/orlandogonzalez\/\",\"name\":\"Orlando Gonzalez\",\"description\":\"Destaca o esporte de Maring\u00e1! Destaca o esporte do Paran\u00e1! Destaca o esporte do Brasil!\",\"potentialAction\":[{\"@type\":\"SearchAction\",\"target\":{\"@type\":\"EntryPoint\",\"urlTemplate\":\"https:\/\/maringapost.com.br\/orlandogonzalez\/?s={search_term_string}\"},\"query-input\":\"required name=search_term_string\"}],\"inLanguage\":\"pt-BR\"},{\"@type\":\"Person\",\"@id\":\"https:\/\/maringapost.com.br\/orlandogonzalez\/#\/schema\/person\/5cbe6257d08edea6afc9ebaa613b0633\",\"name\":\"Orlando Gonzalez\",\"image\":{\"@type\":\"ImageObject\",\"inLanguage\":\"pt-BR\",\"@id\":\"https:\/\/maringapost.com.br\/orlandogonzalez\/#\/schema\/person\/image\/\",\"url\":\"https:\/\/secure.gravatar.com\/avatar\/ecef9d1c9afe5ebdafadde8369065ba5?s=96&d=mm&r=g\",\"contentUrl\":\"https:\/\/secure.gravatar.com\/avatar\/ecef9d1c9afe5ebdafadde8369065ba5?s=96&d=mm&r=g\",\"caption\":\"Orlando Gonzalez\"},\"description\":\"H\u00e1 29 anos na cobertura do esporte de Maring\u00e1. Plant\u00e3o e narrador esportivo. Presta\u00e7\u00e3o de assessoria de imprensa esportiva, cobertura e transmiss\u00f5es ao vivo de eventos esportivos. E-mail: orlandogonzalez.assessoria@gmail.com WhatsApp: (44) 9 9126-6119\",\"sameAs\":[\"http:\/\/www.radiomaringa.com.br\/\",\"https:\/\/www.facebook.com\/profile.php?id=100011095815065\",\"https:\/\/www.instagram.com\/orlandomgonzalez\/\",\"https:\/\/br.pinterest.com\/ogonzalez0530\/\",\"https:\/\/x.com\/gonzalezorlando\",\"https:\/\/www.youtube.com\/channel\/UCvFpl55btth8wjnKiSS1ibA\",\"https:\/\/radiomaringaweb.tumblr.com\/\"],\"url\":\"https:\/\/maringapost.com.br\/orlandogonzalez\/author\/orlando\/\"}]}<\/script>\n<!-- \/ Yoast SEO Premium plugin. -->","yoast_head_json":{"title":"R\u00c1DIO MARING\u00c1 - Paranaense Sperafico \u00e9 candidato \u00e0 presid\u00eancia da CBA - Orlando Gonzalez","robots":{"index":"index","follow":"follow","max-snippet":"max-snippet:-1","max-image-preview":"max-image-preview:large","max-video-preview":"max-video-preview:-1"},"canonical":"https:\/\/maringapost.com.br\/orlandogonzalez\/2020\/10\/11\/radio-maringa-paranaense-sperafico-e-candidato-a-presidencia-da-cba\/","og_locale":"pt_BR","og_type":"article","og_title":"R\u00c1DIO MARING\u00c1 - Paranaense Sperafico \u00e9 candidato \u00e0 presid\u00eancia da CBA","og_description":"O paranaense Milton Sperafico oficializa sua candidatura \u00e0 presid\u00eancia da CBA (Confedera\u00e7\u00e3o Brasileira de Automobilismo). A elei\u00e7\u00e3o ser\u00e1 na primeira quinzena de janeiro e a posse ser\u00e1 no mesmo dia. O ex-piloto lidera a oposi\u00e7\u00e3o e ir\u00e1 enfrentar Giovani Guerra, do Maranh\u00e3o, candidato da situa\u00e7\u00e3o. Milton Sperafico destaca que decidiu ser candidato a pedido de [&hellip;]","og_url":"https:\/\/maringapost.com.br\/orlandogonzalez\/2020\/10\/11\/radio-maringa-paranaense-sperafico-e-candidato-a-presidencia-da-cba\/","og_site_name":"Orlando Gonzalez","article_author":"https:\/\/www.facebook.com\/profile.php?id=100011095815065","article_published_time":"2020-10-11T11:09:24+00:00","article_modified_time":"2020-10-11T11:09:43+00:00","og_image":[{"width":768,"height":1024,"url":"https:\/\/maringapost.com.br\/orlandogonzalez\/wp-content\/uploads\/sites\/17\/2020\/10\/Milton-Sperafico20.jpeg","type":"image\/jpeg"}],"author":"Orlando Gonzalez","twitter_card":"summary_large_image","twitter_creator":"@gonzalezorlando","twitter_misc":{"Escrito por":false,"Est. tempo de leitura":"2 minutos"},"schema":{"@context":"https:\/\/schema.org","@graph":[{"@type":"WebPage","@id":"https:\/\/maringapost.com.br\/orlandogonzalez\/2020\/10\/11\/radio-maringa-paranaense-sperafico-e-candidato-a-presidencia-da-cba\/","url":"https:\/\/maringapost.com.br\/orlandogonzalez\/2020\/10\/11\/radio-maringa-paranaense-sperafico-e-candidato-a-presidencia-da-cba\/","name":"R\u00c1DIO MARING\u00c1 - Paranaense Sperafico \u00e9 candidato \u00e0 presid\u00eancia da CBA - Orlando Gonzalez","isPartOf":{"@id":"https:\/\/maringapost.com.br\/orlandogonzalez\/#website"},"primaryImageOfPage":{"@id":"https:\/\/maringapost.com.br\/orlandogonzalez\/2020\/10\/11\/radio-maringa-paranaense-sperafico-e-candidato-a-presidencia-da-cba\/#primaryimage"},"image":{"@id":"https:\/\/maringapost.com.br\/orlandogonzalez\/2020\/10\/11\/radio-maringa-paranaense-sperafico-e-candidato-a-presidencia-da-cba\/#primaryimage"},"thumbnailUrl":"https:\/\/maringapost.com.br\/orlandogonzalez\/wp-content\/uploads\/sites\/17\/2020\/10\/Milton-Sperafico20.jpeg","datePublished":"2020-10-11T11:09:24+00:00","dateModified":"2020-10-11T11:09:43+00:00","author":{"@id":"https:\/\/maringapost.com.br\/orlandogonzalez\/#\/schema\/person\/5cbe6257d08edea6afc9ebaa613b0633"},"inLanguage":"pt-BR","potentialAction":[{"@type":"ReadAction","target":["https:\/\/maringapost.com.br\/orlandogonzalez\/2020\/10\/11\/radio-maringa-paranaense-sperafico-e-candidato-a-presidencia-da-cba\/"]}]},{"@type":"ImageObject","inLanguage":"pt-BR","@id":"https:\/\/maringapost.com.br\/orlandogonzalez\/2020\/10\/11\/radio-maringa-paranaense-sperafico-e-candidato-a-presidencia-da-cba\/#primaryimage","url":"https:\/\/maringapost.com.br\/orlandogonzalez\/wp-content\/uploads\/sites\/17\/2020\/10\/Milton-Sperafico20.jpeg","contentUrl":"https:\/\/maringapost.com.br\/orlandogonzalez\/wp-content\/uploads\/sites\/17\/2020\/10\/Milton-Sperafico20.jpeg","width":768,"height":1024},{"@type":"WebSite","@id":"https:\/\/maringapost.com.br\/orlandogonzalez\/#website","url":"https:\/\/maringapost.com.br\/orlandogonzalez\/","name":"Orlando Gonzalez","description":"Destaca o esporte de Maring\u00e1! Destaca o esporte do Paran\u00e1! Destaca o esporte do Brasil!","potentialAction":[{"@type":"SearchAction","target":{"@type":"EntryPoint","urlTemplate":"https:\/\/maringapost.com.br\/orlandogonzalez\/?s={search_term_string}"},"query-input":"required name=search_term_string"}],"inLanguage":"pt-BR"},{"@type":"Person","@id":"https:\/\/maringapost.com.br\/orlandogonzalez\/#\/schema\/person\/5cbe6257d08edea6afc9ebaa613b0633","name":"Orlando Gonzalez","image":{"@type":"ImageObject","inLanguage":"pt-BR","@id":"https:\/\/maringapost.com.br\/orlandogonzalez\/#\/schema\/person\/image\/","url":"https:\/\/secure.gravatar.com\/avatar\/ecef9d1c9afe5ebdafadde8369065ba5?s=96&d=mm&r=g","contentUrl":"https:\/\/secure.gravatar.com\/avatar\/ecef9d1c9afe5ebdafadde8369065ba5?s=96&d=mm&r=g","caption":"Orlando Gonzalez"},"description":"H\u00e1 29 anos na cobertura do esporte de Maring\u00e1. Plant\u00e3o e narrador esportivo. Presta\u00e7\u00e3o de assessoria de imprensa esportiva, cobertura e transmiss\u00f5es ao vivo de eventos esportivos. E-mail: orlandogonzalez.assessoria@gmail.com WhatsApp: (44) 9 9126-6119","sameAs":["http:\/\/www.radiomaringa.com.br\/","https:\/\/www.facebook.com\/profile.php?id=100011095815065","https:\/\/www.instagram.com\/orlandomgonzalez\/","https:\/\/br.pinterest.com\/ogonzalez0530\/","https:\/\/x.com\/gonzalezorlando","https:\/\/www.youtube.com\/channel\/UCvFpl55btth8wjnKiSS1ibA","https:\/\/radiomaringaweb.tumblr.com\/"],"url":"https:\/\/maringapost.com.br\/orlandogonzalez\/author\/orlando\/"}]}},"_links":{"self":[{"href":"https:\/\/maringapost.com.br\/orlandogonzalez\/wp-json\/wp\/v2\/posts\/40237"}],"collection":[{"href":"https:\/\/maringapost.com.br\/orlandogonzalez\/wp-json\/wp\/v2\/posts"}],"about":[{"href":"https:\/\/maringapost.com.br\/orlandogonzalez\/wp-json\/wp\/v2\/types\/post"}],"author":[{"embeddable":true,"href":"https:\/\/maringapost.com.br\/orlandogonzalez\/wp-json\/wp\/v2\/users\/6307"}],"replies":[{"embeddable":true,"href":"https:\/\/maringapost.com.br\/orlandogonzalez\/wp-json\/wp\/v2\/comments?post=40237"}],"version-history":[{"count":1,"href":"https:\/\/maringapost.com.br\/orlandogonzalez\/wp-json\/wp\/v2\/posts\/40237\/revisions"}],"predecessor-version":[{"id":40239,"href":"https:\/\/maringapost.com.br\/orlandogonzalez\/wp-json\/wp\/v2\/posts\/40237\/revisions\/40239"}],"wp:featuredmedia":[{"embeddable":true,"href":"https:\/\/maringapost.com.br\/orlandogonzalez\/wp-json\/wp\/v2\/media\/40238"}],"wp:attachment":[{"href":"https:\/\/maringapost.com.br\/orlandogonzalez\/wp-json\/wp\/v2\/media?parent=40237"}],"wp:term":[{"taxonomy":"category","embeddable":true,"href":"https:\/\/maringapost.com.br\/orlandogonzalez\/wp-json\/wp\/v2\/categories?post=40237"},{"taxonomy":"post_tag","embeddable":true,"href":"https:\/\/maringapost.com.br\/orlandogonzalez\/wp-json\/wp\/v2\/tags?post=40237"}],"curies":[{"name":"wp","href":"https:\/\/api.w.org\/{rel}","templated":true}]}}