{"id":39919,"date":"2020-10-07T06:29:08","date_gmt":"2020-10-07T09:29:08","guid":{"rendered":"http:\/\/maringapost.com.br\/orlandogonzalez\/?p=39919"},"modified":"2020-10-07T06:29:08","modified_gmt":"2020-10-07T09:29:08","slug":"radio-maringa-serena-williams-afirma-ser-desvalorizada-como-mulher-negra-no-tenis","status":"publish","type":"post","link":"https:\/\/maringapost.com.br\/orlandogonzalez\/2020\/10\/07\/radio-maringa-serena-williams-afirma-ser-desvalorizada-como-mulher-negra-no-tenis\/","title":{"rendered":"R\u00c1DIO MARING\u00c1 &#8211; Serena Williams afirma ser desvalorizada como mulher negra no t\u00eanis"},"content":{"rendered":"<p>Serena Williams disse que recebeu menos e foi \u201cdesvalorizada\u201d como mulher negra no t\u00eanis, elogiando o movimento Black Lives Matter (vidas negras importam, em tradu\u00e7\u00e3o livre) por evidenciar o racismo enraizado. As declara\u00e7\u00f5es da tenista foram dadas \u00e0 revista Vogue<a href=\"https:\/\/radiomaringa.com.br\/\" target=\"_blank\" rel=\"noopener noreferrer\">.<\/a><\/p>\n<p>A estrela norte-americana, que conquistou 23 t\u00edtulos de Grand Slam, falou abertamente sobre sexismo e racismo durante sua carreira, disse que a tecnologia tamb\u00e9m teve um papel fundamental para destacar a discrimina\u00e7\u00e3o racial e a viol\u00eancia.<\/p>\n<p>\u201cAgora, n\u00f3s, como negros, temos uma voz [e a tecnologia tem sido uma grande parte disso]\u201d, afirmou em entrevista \u00e0 edi\u00e7\u00e3o de novembro da Vogue brit\u00e2nica.<\/p>\n<p>\u201cVemos coisas que estiveram escondidas por anos, as coisas pelas quais n\u00f3s, como pessoas, temos que passar. Isso vem acontecendo h\u00e1 anos. As pessoas simplesmente n\u00e3o conseguiam pegar seus telefones e gravar isso antes\u201d, declarou.<\/p>\n<p>\u201cAcho que, por um minuto, eles [os brancos] come\u00e7aram, n\u00e3o a entender, porque n\u00e3o acho que se possa entender, mas eles come\u00e7aram a ver\u201d, acrescentou.<\/p>\n<p>\u201cEu estava tipo: bem, voc\u00ea n\u00e3o viu nada disso antes? Tenho falado sobre isso durante toda a minha carreira. Tem sido uma coisa ap\u00f3s a outra\u201d, afirmou a tenista.<\/p>\n<p>Serena est\u00e1 entre as estrelas mais conhecidas e bem-sucedidas do t\u00eanis mundial, junto com sua irm\u00e3 Venus, e j\u00e1 destacou repetidamente o preconceito que enfrentou dentro e fora das quadras.<\/p>\n<p>Ela boicotou o Torneio de Indian Wells por 14 anos depois de receber coment\u00e1rios racistas em 2001, um incidente que ela disse t\u00ea-la deixado chorando no vesti\u00e1rio por horas.<\/p>\n<p>Em 2018, ela denunciou um ato de sexismo ap\u00f3s perder um ponto por quebrar sua raquete em ato de frustra\u00e7\u00e3o no US Open. Essa den\u00fancia foi elogiada pela pioneira do t\u00eanis feminino Billie Jean King, que afirmou que Serena exp\u00f4s um \u201cpadr\u00e3o duplo\u201d para as jogadoras.<\/p>\n<p>Al\u00e9m disso, Williams, de 39 anos, disse \u00e0 Vogue brit\u00e2nica que tem orgulho de representar \u201cbelas mulheres negras\u201d e espera que as atitudes possam mudar gradualmente.<\/p>\n<p>\u201cTalvez isso n\u00e3o melhore a tempo para mim, mas algu\u00e9m na minha posi\u00e7\u00e3o pode mostrar \u00e0s mulheres e pessoas negras que temos uma voz, porque Deus sabe que eu uso a minha\u201d, concluiu.<br \/>\n(Texto: Ag\u00eancia Brasil)<\/p>\n","protected":false},"excerpt":{"rendered":"<p>Serena Williams disse que recebeu menos e foi \u201cdesvalorizada\u201d como mulher negra no t\u00eanis, elogiando o movimento Black Lives Matter (vidas negras importam, em tradu\u00e7\u00e3o livre) por evidenciar o racismo enraizado. As declara\u00e7\u00f5es da tenista foram dadas \u00e0 revista Vogue. A estrela norte-americana, que conquistou 23 t\u00edtulos de Grand Slam, falou abertamente sobre sexismo e [&hellip;]<\/p>\n","protected":false},"author":6307,"featured_media":39920,"comment_status":"closed","ping_status":"open","sticky":false,"template":"","format":"standard","meta":{"_exactmetrics_skip_tracking":false,"_exactmetrics_sitenote_active":false,"_exactmetrics_sitenote_note":"","_exactmetrics_sitenote_category":0,"footnotes":""},"categories":[2544],"tags":[47,13711,11725],"yoast_head":"<!-- This site is optimized with the Yoast SEO Premium plugin v22.7 (Yoast SEO v22.7) - https:\/\/yoast.com\/wordpress\/plugins\/seo\/ -->\n<title>R\u00c1DIO MARING\u00c1 - Serena Williams afirma ser desvalorizada como mulher negra no t\u00eanis - Orlando Gonzalez<\/title>\n<meta name=\"robots\" content=\"index, follow, max-snippet:-1, max-image-preview:large, max-video-preview:-1\" \/>\n<link rel=\"canonical\" href=\"https:\/\/maringapost.com.br\/orlandogonzalez\/2020\/10\/07\/radio-maringa-serena-williams-afirma-ser-desvalorizada-como-mulher-negra-no-tenis\/\" \/>\n<meta property=\"og:locale\" content=\"pt_BR\" \/>\n<meta property=\"og:type\" content=\"article\" \/>\n<meta property=\"og:title\" content=\"R\u00c1DIO MARING\u00c1 - Serena Williams afirma ser desvalorizada como mulher negra no t\u00eanis\" \/>\n<meta property=\"og:description\" content=\"Serena Williams disse que recebeu menos e foi \u201cdesvalorizada\u201d como mulher negra no t\u00eanis, elogiando o movimento Black Lives Matter (vidas negras importam, em tradu\u00e7\u00e3o livre) por evidenciar o racismo enraizado. As declara\u00e7\u00f5es da tenista foram dadas \u00e0 revista Vogue. A estrela norte-americana, que conquistou 23 t\u00edtulos de Grand Slam, falou abertamente sobre sexismo e [&hellip;]\" \/>\n<meta property=\"og:url\" content=\"https:\/\/maringapost.com.br\/orlandogonzalez\/2020\/10\/07\/radio-maringa-serena-williams-afirma-ser-desvalorizada-como-mulher-negra-no-tenis\/\" \/>\n<meta property=\"og:site_name\" content=\"Orlando Gonzalez\" \/>\n<meta property=\"article:author\" content=\"https:\/\/www.facebook.com\/profile.php?id=100011095815065\" \/>\n<meta property=\"article:published_time\" content=\"2020-10-07T09:29:08+00:00\" \/>\n<meta property=\"og:image\" content=\"https:\/\/maringapost.com.br\/orlandogonzalez\/wp-content\/uploads\/sites\/17\/2020\/10\/serene44.jpg\" \/>\n\t<meta property=\"og:image:width\" content=\"275\" \/>\n\t<meta property=\"og:image:height\" content=\"183\" \/>\n\t<meta property=\"og:image:type\" content=\"image\/jpeg\" \/>\n<meta name=\"author\" content=\"Orlando Gonzalez\" \/>\n<meta name=\"twitter:card\" content=\"summary_large_image\" \/>\n<meta name=\"twitter:creator\" content=\"@gonzalezorlando\" \/>\n<meta name=\"twitter:label1\" content=\"Escrito por\" \/>\n\t<meta name=\"twitter:data1\" content=\"\" \/>\n\t<meta name=\"twitter:label2\" content=\"Est. tempo de leitura\" \/>\n\t<meta name=\"twitter:data2\" content=\"2 minutos\" \/>\n<script type=\"application\/ld+json\" class=\"yoast-schema-graph\">{\"@context\":\"https:\/\/schema.org\",\"@graph\":[{\"@type\":\"WebPage\",\"@id\":\"https:\/\/maringapost.com.br\/orlandogonzalez\/2020\/10\/07\/radio-maringa-serena-williams-afirma-ser-desvalorizada-como-mulher-negra-no-tenis\/\",\"url\":\"https:\/\/maringapost.com.br\/orlandogonzalez\/2020\/10\/07\/radio-maringa-serena-williams-afirma-ser-desvalorizada-como-mulher-negra-no-tenis\/\",\"name\":\"R\u00c1DIO MARING\u00c1 - Serena Williams afirma ser desvalorizada como mulher negra no t\u00eanis - Orlando Gonzalez\",\"isPartOf\":{\"@id\":\"https:\/\/maringapost.com.br\/orlandogonzalez\/#website\"},\"primaryImageOfPage\":{\"@id\":\"https:\/\/maringapost.com.br\/orlandogonzalez\/2020\/10\/07\/radio-maringa-serena-williams-afirma-ser-desvalorizada-como-mulher-negra-no-tenis\/#primaryimage\"},\"image\":{\"@id\":\"https:\/\/maringapost.com.br\/orlandogonzalez\/2020\/10\/07\/radio-maringa-serena-williams-afirma-ser-desvalorizada-como-mulher-negra-no-tenis\/#primaryimage\"},\"thumbnailUrl\":\"https:\/\/maringapost.com.br\/orlandogonzalez\/wp-content\/uploads\/sites\/17\/2020\/10\/serene44.jpg\",\"datePublished\":\"2020-10-07T09:29:08+00:00\",\"dateModified\":\"2020-10-07T09:29:08+00:00\",\"author\":{\"@id\":\"https:\/\/maringapost.com.br\/orlandogonzalez\/#\/schema\/person\/5cbe6257d08edea6afc9ebaa613b0633\"},\"inLanguage\":\"pt-BR\",\"potentialAction\":[{\"@type\":\"ReadAction\",\"target\":[\"https:\/\/maringapost.com.br\/orlandogonzalez\/2020\/10\/07\/radio-maringa-serena-williams-afirma-ser-desvalorizada-como-mulher-negra-no-tenis\/\"]}]},{\"@type\":\"ImageObject\",\"inLanguage\":\"pt-BR\",\"@id\":\"https:\/\/maringapost.com.br\/orlandogonzalez\/2020\/10\/07\/radio-maringa-serena-williams-afirma-ser-desvalorizada-como-mulher-negra-no-tenis\/#primaryimage\",\"url\":\"https:\/\/maringapost.com.br\/orlandogonzalez\/wp-content\/uploads\/sites\/17\/2020\/10\/serene44.jpg\",\"contentUrl\":\"https:\/\/maringapost.com.br\/orlandogonzalez\/wp-content\/uploads\/sites\/17\/2020\/10\/serene44.jpg\",\"width\":275,\"height\":183},{\"@type\":\"WebSite\",\"@id\":\"https:\/\/maringapost.com.br\/orlandogonzalez\/#website\",\"url\":\"https:\/\/maringapost.com.br\/orlandogonzalez\/\",\"name\":\"Orlando Gonzalez\",\"description\":\"Destaca o esporte de Maring\u00e1! Destaca o esporte do Paran\u00e1! Destaca o esporte do Brasil!\",\"potentialAction\":[{\"@type\":\"SearchAction\",\"target\":{\"@type\":\"EntryPoint\",\"urlTemplate\":\"https:\/\/maringapost.com.br\/orlandogonzalez\/?s={search_term_string}\"},\"query-input\":\"required name=search_term_string\"}],\"inLanguage\":\"pt-BR\"},{\"@type\":\"Person\",\"@id\":\"https:\/\/maringapost.com.br\/orlandogonzalez\/#\/schema\/person\/5cbe6257d08edea6afc9ebaa613b0633\",\"name\":\"Orlando Gonzalez\",\"image\":{\"@type\":\"ImageObject\",\"inLanguage\":\"pt-BR\",\"@id\":\"https:\/\/maringapost.com.br\/orlandogonzalez\/#\/schema\/person\/image\/\",\"url\":\"https:\/\/secure.gravatar.com\/avatar\/ecef9d1c9afe5ebdafadde8369065ba5?s=96&d=mm&r=g\",\"contentUrl\":\"https:\/\/secure.gravatar.com\/avatar\/ecef9d1c9afe5ebdafadde8369065ba5?s=96&d=mm&r=g\",\"caption\":\"Orlando Gonzalez\"},\"description\":\"H\u00e1 29 anos na cobertura do esporte de Maring\u00e1. Plant\u00e3o e narrador esportivo. Presta\u00e7\u00e3o de assessoria de imprensa esportiva, cobertura e transmiss\u00f5es ao vivo de eventos esportivos. E-mail: orlandogonzalez.assessoria@gmail.com WhatsApp: (44) 9 9126-6119\",\"sameAs\":[\"http:\/\/www.radiomaringa.com.br\/\",\"https:\/\/www.facebook.com\/profile.php?id=100011095815065\",\"https:\/\/www.instagram.com\/orlandomgonzalez\/\",\"https:\/\/br.pinterest.com\/ogonzalez0530\/\",\"https:\/\/x.com\/gonzalezorlando\",\"https:\/\/www.youtube.com\/channel\/UCvFpl55btth8wjnKiSS1ibA\",\"https:\/\/radiomaringaweb.tumblr.com\/\"],\"url\":\"https:\/\/maringapost.com.br\/orlandogonzalez\/author\/orlando\/\"}]}<\/script>\n<!-- \/ Yoast SEO Premium plugin. -->","yoast_head_json":{"title":"R\u00c1DIO MARING\u00c1 - Serena Williams afirma ser desvalorizada como mulher negra no t\u00eanis - Orlando Gonzalez","robots":{"index":"index","follow":"follow","max-snippet":"max-snippet:-1","max-image-preview":"max-image-preview:large","max-video-preview":"max-video-preview:-1"},"canonical":"https:\/\/maringapost.com.br\/orlandogonzalez\/2020\/10\/07\/radio-maringa-serena-williams-afirma-ser-desvalorizada-como-mulher-negra-no-tenis\/","og_locale":"pt_BR","og_type":"article","og_title":"R\u00c1DIO MARING\u00c1 - Serena Williams afirma ser desvalorizada como mulher negra no t\u00eanis","og_description":"Serena Williams disse que recebeu menos e foi \u201cdesvalorizada\u201d como mulher negra no t\u00eanis, elogiando o movimento Black Lives Matter (vidas negras importam, em tradu\u00e7\u00e3o livre) por evidenciar o racismo enraizado. As declara\u00e7\u00f5es da tenista foram dadas \u00e0 revista Vogue. A estrela norte-americana, que conquistou 23 t\u00edtulos de Grand Slam, falou abertamente sobre sexismo e [&hellip;]","og_url":"https:\/\/maringapost.com.br\/orlandogonzalez\/2020\/10\/07\/radio-maringa-serena-williams-afirma-ser-desvalorizada-como-mulher-negra-no-tenis\/","og_site_name":"Orlando Gonzalez","article_author":"https:\/\/www.facebook.com\/profile.php?id=100011095815065","article_published_time":"2020-10-07T09:29:08+00:00","og_image":[{"width":275,"height":183,"url":"https:\/\/maringapost.com.br\/orlandogonzalez\/wp-content\/uploads\/sites\/17\/2020\/10\/serene44.jpg","type":"image\/jpeg"}],"author":"Orlando Gonzalez","twitter_card":"summary_large_image","twitter_creator":"@gonzalezorlando","twitter_misc":{"Escrito por":false,"Est. tempo de leitura":"2 minutos"},"schema":{"@context":"https:\/\/schema.org","@graph":[{"@type":"WebPage","@id":"https:\/\/maringapost.com.br\/orlandogonzalez\/2020\/10\/07\/radio-maringa-serena-williams-afirma-ser-desvalorizada-como-mulher-negra-no-tenis\/","url":"https:\/\/maringapost.com.br\/orlandogonzalez\/2020\/10\/07\/radio-maringa-serena-williams-afirma-ser-desvalorizada-como-mulher-negra-no-tenis\/","name":"R\u00c1DIO MARING\u00c1 - Serena Williams afirma ser desvalorizada como mulher negra no t\u00eanis - Orlando Gonzalez","isPartOf":{"@id":"https:\/\/maringapost.com.br\/orlandogonzalez\/#website"},"primaryImageOfPage":{"@id":"https:\/\/maringapost.com.br\/orlandogonzalez\/2020\/10\/07\/radio-maringa-serena-williams-afirma-ser-desvalorizada-como-mulher-negra-no-tenis\/#primaryimage"},"image":{"@id":"https:\/\/maringapost.com.br\/orlandogonzalez\/2020\/10\/07\/radio-maringa-serena-williams-afirma-ser-desvalorizada-como-mulher-negra-no-tenis\/#primaryimage"},"thumbnailUrl":"https:\/\/maringapost.com.br\/orlandogonzalez\/wp-content\/uploads\/sites\/17\/2020\/10\/serene44.jpg","datePublished":"2020-10-07T09:29:08+00:00","dateModified":"2020-10-07T09:29:08+00:00","author":{"@id":"https:\/\/maringapost.com.br\/orlandogonzalez\/#\/schema\/person\/5cbe6257d08edea6afc9ebaa613b0633"},"inLanguage":"pt-BR","potentialAction":[{"@type":"ReadAction","target":["https:\/\/maringapost.com.br\/orlandogonzalez\/2020\/10\/07\/radio-maringa-serena-williams-afirma-ser-desvalorizada-como-mulher-negra-no-tenis\/"]}]},{"@type":"ImageObject","inLanguage":"pt-BR","@id":"https:\/\/maringapost.com.br\/orlandogonzalez\/2020\/10\/07\/radio-maringa-serena-williams-afirma-ser-desvalorizada-como-mulher-negra-no-tenis\/#primaryimage","url":"https:\/\/maringapost.com.br\/orlandogonzalez\/wp-content\/uploads\/sites\/17\/2020\/10\/serene44.jpg","contentUrl":"https:\/\/maringapost.com.br\/orlandogonzalez\/wp-content\/uploads\/sites\/17\/2020\/10\/serene44.jpg","width":275,"height":183},{"@type":"WebSite","@id":"https:\/\/maringapost.com.br\/orlandogonzalez\/#website","url":"https:\/\/maringapost.com.br\/orlandogonzalez\/","name":"Orlando Gonzalez","description":"Destaca o esporte de Maring\u00e1! Destaca o esporte do Paran\u00e1! Destaca o esporte do Brasil!","potentialAction":[{"@type":"SearchAction","target":{"@type":"EntryPoint","urlTemplate":"https:\/\/maringapost.com.br\/orlandogonzalez\/?s={search_term_string}"},"query-input":"required name=search_term_string"}],"inLanguage":"pt-BR"},{"@type":"Person","@id":"https:\/\/maringapost.com.br\/orlandogonzalez\/#\/schema\/person\/5cbe6257d08edea6afc9ebaa613b0633","name":"Orlando Gonzalez","image":{"@type":"ImageObject","inLanguage":"pt-BR","@id":"https:\/\/maringapost.com.br\/orlandogonzalez\/#\/schema\/person\/image\/","url":"https:\/\/secure.gravatar.com\/avatar\/ecef9d1c9afe5ebdafadde8369065ba5?s=96&d=mm&r=g","contentUrl":"https:\/\/secure.gravatar.com\/avatar\/ecef9d1c9afe5ebdafadde8369065ba5?s=96&d=mm&r=g","caption":"Orlando Gonzalez"},"description":"H\u00e1 29 anos na cobertura do esporte de Maring\u00e1. Plant\u00e3o e narrador esportivo. Presta\u00e7\u00e3o de assessoria de imprensa esportiva, cobertura e transmiss\u00f5es ao vivo de eventos esportivos. E-mail: orlandogonzalez.assessoria@gmail.com WhatsApp: (44) 9 9126-6119","sameAs":["http:\/\/www.radiomaringa.com.br\/","https:\/\/www.facebook.com\/profile.php?id=100011095815065","https:\/\/www.instagram.com\/orlandomgonzalez\/","https:\/\/br.pinterest.com\/ogonzalez0530\/","https:\/\/x.com\/gonzalezorlando","https:\/\/www.youtube.com\/channel\/UCvFpl55btth8wjnKiSS1ibA","https:\/\/radiomaringaweb.tumblr.com\/"],"url":"https:\/\/maringapost.com.br\/orlandogonzalez\/author\/orlando\/"}]}},"_links":{"self":[{"href":"https:\/\/maringapost.com.br\/orlandogonzalez\/wp-json\/wp\/v2\/posts\/39919"}],"collection":[{"href":"https:\/\/maringapost.com.br\/orlandogonzalez\/wp-json\/wp\/v2\/posts"}],"about":[{"href":"https:\/\/maringapost.com.br\/orlandogonzalez\/wp-json\/wp\/v2\/types\/post"}],"author":[{"embeddable":true,"href":"https:\/\/maringapost.com.br\/orlandogonzalez\/wp-json\/wp\/v2\/users\/6307"}],"replies":[{"embeddable":true,"href":"https:\/\/maringapost.com.br\/orlandogonzalez\/wp-json\/wp\/v2\/comments?post=39919"}],"version-history":[{"count":1,"href":"https:\/\/maringapost.com.br\/orlandogonzalez\/wp-json\/wp\/v2\/posts\/39919\/revisions"}],"predecessor-version":[{"id":39921,"href":"https:\/\/maringapost.com.br\/orlandogonzalez\/wp-json\/wp\/v2\/posts\/39919\/revisions\/39921"}],"wp:featuredmedia":[{"embeddable":true,"href":"https:\/\/maringapost.com.br\/orlandogonzalez\/wp-json\/wp\/v2\/media\/39920"}],"wp:attachment":[{"href":"https:\/\/maringapost.com.br\/orlandogonzalez\/wp-json\/wp\/v2\/media?parent=39919"}],"wp:term":[{"taxonomy":"category","embeddable":true,"href":"https:\/\/maringapost.com.br\/orlandogonzalez\/wp-json\/wp\/v2\/categories?post=39919"},{"taxonomy":"post_tag","embeddable":true,"href":"https:\/\/maringapost.com.br\/orlandogonzalez\/wp-json\/wp\/v2\/tags?post=39919"}],"curies":[{"name":"wp","href":"https:\/\/api.w.org\/{rel}","templated":true}]}}