{"id":39581,"date":"2020-10-01T06:13:55","date_gmt":"2020-10-01T09:13:55","guid":{"rendered":"http:\/\/maringapost.com.br\/orlandogonzalez\/?p=39581"},"modified":"2020-10-01T06:14:06","modified_gmt":"2020-10-01T09:14:06","slug":"radio-maringa-tenistas-brasileiros-avancam-em-roland-garros-e-buscam-vaga-nas-oitavas-de-final","status":"publish","type":"post","link":"https:\/\/maringapost.com.br\/orlandogonzalez\/2020\/10\/01\/radio-maringa-tenistas-brasileiros-avancam-em-roland-garros-e-buscam-vaga-nas-oitavas-de-final\/","title":{"rendered":"R\u00c1DIO MARING\u00c1 &#8211; Tenistas brasileiros avan\u00e7am em Roland Garros e buscam vaga nas oitavas de final"},"content":{"rendered":"<p>Marcelo Melo e Lukasz Kubot estrearam com vit\u00f3ria nesta quarta-feira (30) em Roland Garros. Confirmando o favoritismo e n\u00e3o dando chances aos advers\u00e1rios, os cabe\u00e7as de chave n\u00famero 4 derrotaram os franceses Arthur Cazaux e Harold Mayot para avan\u00e7ar no Grand Slam, em Paris, na Fran\u00e7a. Melo e Kubot venceram por 2 sets a 0, parciais de 6\/2 e 6\/2, em 1h20min. E j\u00e1 voltam \u00e0 quadra pela segunda rodada, nesta quinta-feira (1\u00ba), por volta das 14h (hor\u00e1rio de Bras\u00edlia), diante dos norte-americanos Nicholas Monroe e Tommy Paul, valendo vaga nas oitavas de final<a href=\"https:\/\/radiomaringa.com.br\/\" target=\"_blank\" rel=\"noopener noreferrer\">.<\/a><\/p>\n<p>Uma estreia especial, na quadra central, a Philippe-Chatrier, em que Melo tem na mem\u00f3ria a conquista do t\u00edtulo de Roland Garros em 2015, ao lado do croata Ivan Dodig, seu primeiro Grand Slam. Depois, com Kubot, em 2017, comemorou seu segundo Grand Slam, vencendo o torneio de Wimbledon, em Londres, na Inglaterra.<\/p>\n<p>&#8220;Eu fiquei muito feliz de poder ter jogado a primeira rodada na quadra central. Tenho belas recorda\u00e7\u00f5es de l\u00e1, quando fui campe\u00e3o com o Ivan. Ent\u00e3o realmente foi muito especial estrear na Philippe-Chatrier. Normalmente jogamos a final l\u00e1. Estrear o torneio jogando muito bem, na quadra central, foi muito legal, muito prazeroso&#8221;, explicou Marcelo, que tem o patroc\u00ednio de Centauro, BMG e Itamb\u00e9, com apoio da Volvo, Orfeu Caf\u00e9s Especiais, Head, Voss, Foxton, Asics, Bolsa Atleta e Confedera\u00e7\u00e3o Brasileira de T\u00eanis.<\/p>\n<p>&#8220;Agora \u00e9 seguir firme amanh\u00e3 (quinta). J\u00e1 jogamos de novo. Com foco total. Temos um jogo duro. Acho que foi muito importante a maneira que jogamos hoje do come\u00e7o ao fim. Foi muito positivo o dia, em especial pela Chatrier&#8221;, completou Marcelo.<\/p>\n<p>Melo e Kubot tiveram o dom\u00ednio do jogo, mostrando muita confian\u00e7a em busca dessa primeira vit\u00f3ria na capital francesa. Foi no terceiro game do primeiro set que quebraram, abrindo em seguida 3\/1. E, com mais uma quebra, no s\u00e9timo game, ampliaram a vantagem, 5\/2, e fecharam em 6\/2, ap\u00f3s 31 minutos. No segundo set, a quebra veio logo no primeiro game. Quando venciam por 3\/2, os franceses tiveram chance de break, que Melo e Kubot salvaram, quebrando em seguida para fazer mais uma vez 5\/2 e vencer por 6\/2, garantindo lugar na segunda rodada em Roland Garros.<\/p>\n<p>No ranking mundial individual de duplas, Melo e Kubot est\u00e3o empatados em nono lugar, com 5.140 pontos. Na Corrida para Londres, a parceria ocupa a d\u00e9cima coloca\u00e7\u00e3o, com 995 pontos.<\/p>\n<p>Recordista em t\u00edtulos e semanas no topo do ranking \u2013 Recordista brasileiro em n\u00famero de t\u00edtulos, com 34 conquistas, e tamb\u00e9m em semanas no topo do ranking da ATP \u2013 56 -, assim como em participa\u00e7\u00f5es no ATP Finals \u2013 completou sete seguidas -, em 2019, Marcelo somou mais um recorde ao chegar a 500 vit\u00f3rias, na estreia no ATP 500 de Washington, em julho, maior vencedor entre os tenistas do Brasil, passando a ser o 35\u00ba jogador de todos os tempos a atingir essa marca.<\/p>\n<p>Entre 2017 e 2018, Marcelo ficou 30 semanas \u2013 25 consecutivas &#8211; como l\u00edder do ranking mundial individual de duplas da ATP (13 semanas em 2017 \u2013 terminando o ano como n\u00famero 1 &#8211; e 17 semanas em 2018). Antes, ocupou a lideran\u00e7a pela primeira vez em 2015, por 22 semanas, tamb\u00e9m virando o ano na frente, e voltou ao primeiro lugar por mais quatro semanas a partir de maio de 2016.<\/p>\n<p>Agora em 2020, no M\u00e9xico, no ATP 500 de Acapulco, o mineiro Marcelo conquistou o 34\u00ba t\u00edtulo da carreira, o 14\u00aa com o parceiro polon\u00eas Lukasz Kubot. Pelo 14\u00ba ano consecutivo comemora no m\u00ednimo um t\u00edtulo por temporada. Juntos, Melo e Kubot ganharam pelo menos um torneio por ano desde 2015.<\/p>\n<p>Dos 34 t\u00edtulos, todos em duplas, dois s\u00e3o Grand Slam \u2013 Roland Garros, na Fran\u00e7a (2015) e Wimbledon, em Londres (2017) e nove Masters 1000, al\u00e9m de oito ATP 500 e 15 ATP 250. Marcelo, 37 anos, e Kubot, 38 anos, formam parceria desde o in\u00edcio da temporada 2017. Antes, jogaram em torneios como o ATP 500 de Viena, em que foram campe\u00f5es em 2015 e 2016.<\/p>\n<p>Onze vit\u00f3rias em 2020 &#8211; Melo e Kubot somam 11 vit\u00f3rias em 2020, na estreia no Australian Open e no ATP 250 de Adelaide, na Austr\u00e1lia, duas no Rio Open, quatro em Acapulco, uma no Masters 1000 de Cincinnati, uma no ATP 500 de Hamburgo e uma agora na estreia em Roland Garros. A temporada 2019 teve 46 vit\u00f3rias em 68 jogos. A dupla fechou o ano passado como a segunda melhor parceria do mundo, com 5.000 pontos &#8211; atr\u00e1s apenas dos colombianos Juan Sebastian Cabal e Robert Farah (8.500). J\u00e1 no ranking mundial individual de duplas, ficaram entre os top 10 na temporada passada: Marcelo em s\u00e9timo, com 4.910 pontos, pela s\u00e9tima vez consecutiva entre os dez melhores do ano. Kubot, na sexta coloca\u00e7\u00e3o, com 5.090. Marcelo encerrou 2018 como nono do mundo, foi primeiro em 2017 e 2015, oitavo em 2016 e sexto colocado em 2013 e 2014.<\/p>\n<p>O primeiro t\u00edtulo de Marcelo em torneios ATP foi em 2007, no Estoril, em Portugal. Tem dois Grand Slam, al\u00e9m de um vice em Londres (2013) e um vice (2018) e duas semifinais no US Open. Marcelo tamb\u00e9m lidera no n\u00famero de t\u00edtulos em Masters 1000. Em Xangai 2018 chegou ao nono, depois de ganhar Xangai (2013 e 2015), Paris (2015 e 2017), Toronto (2016), Cincinnati (2016), Miami (2017) e Madri (2017).<\/p>\n<p>Temporada 2020<\/p>\n<p>T\u00edtulo<br \/>\nATP 500 &#8211; Acapulco (M\u00e9xico), r\u00e1pida<\/p>\n<p>Temporada 2019<\/p>\n<p>T\u00edtulo<br \/>\nATP 250 \u2013 Winston-Salem (EUA), r\u00e1pida<\/p>\n<p>Vice-campeonato<br \/>\nMasters 1000 \u2013 Indian Wells (EUA), r\u00e1pida<br \/>\nATP 500 &#8211; Halle (Alemanha), grama<br \/>\nATP 500 &#8211; Beijing (China), r\u00e1pida<br \/>\nMasters 1000 &#8211; Xangai (China), r\u00e1pida<br \/>\nATP 500 &#8211; Viena (\u00c1ustria), r\u00e1pida<br \/>\n(Assessoria)<\/p>\n","protected":false},"excerpt":{"rendered":"<p>Marcelo Melo e Lukasz Kubot estrearam com vit\u00f3ria nesta quarta-feira (30) em Roland Garros. Confirmando o favoritismo e n\u00e3o dando chances aos advers\u00e1rios, os cabe\u00e7as de chave n\u00famero 4 derrotaram os franceses Arthur Cazaux e Harold Mayot para avan\u00e7ar no Grand Slam, em Paris, na Fran\u00e7a. Melo e Kubot venceram por 2 sets a 0, [&hellip;]<\/p>\n","protected":false},"author":6307,"featured_media":39582,"comment_status":"closed","ping_status":"open","sticky":false,"template":"","format":"standard","meta":{"_exactmetrics_skip_tracking":false,"_exactmetrics_sitenote_active":false,"_exactmetrics_sitenote_note":"","_exactmetrics_sitenote_category":0,"footnotes":""},"categories":[2544],"tags":[4619,47,7912],"yoast_head":"<!-- This site is optimized with the Yoast SEO Premium plugin v22.7 (Yoast SEO v22.7) - https:\/\/yoast.com\/wordpress\/plugins\/seo\/ -->\n<title>R\u00c1DIO MARING\u00c1 - Tenistas brasileiros avan\u00e7am em Roland Garros e buscam vaga nas oitavas de final - Orlando Gonzalez<\/title>\n<meta name=\"robots\" content=\"index, follow, max-snippet:-1, max-image-preview:large, max-video-preview:-1\" \/>\n<link rel=\"canonical\" href=\"https:\/\/maringapost.com.br\/orlandogonzalez\/2020\/10\/01\/radio-maringa-tenistas-brasileiros-avancam-em-roland-garros-e-buscam-vaga-nas-oitavas-de-final\/\" \/>\n<meta property=\"og:locale\" content=\"pt_BR\" \/>\n<meta property=\"og:type\" content=\"article\" \/>\n<meta property=\"og:title\" content=\"R\u00c1DIO MARING\u00c1 - Tenistas brasileiros avan\u00e7am em Roland Garros e buscam vaga nas oitavas de final\" \/>\n<meta property=\"og:description\" content=\"Marcelo Melo e Lukasz Kubot estrearam com vit\u00f3ria nesta quarta-feira (30) em Roland Garros. Confirmando o favoritismo e n\u00e3o dando chances aos advers\u00e1rios, os cabe\u00e7as de chave n\u00famero 4 derrotaram os franceses Arthur Cazaux e Harold Mayot para avan\u00e7ar no Grand Slam, em Paris, na Fran\u00e7a. Melo e Kubot venceram por 2 sets a 0, [&hellip;]\" \/>\n<meta property=\"og:url\" content=\"https:\/\/maringapost.com.br\/orlandogonzalez\/2020\/10\/01\/radio-maringa-tenistas-brasileiros-avancam-em-roland-garros-e-buscam-vaga-nas-oitavas-de-final\/\" \/>\n<meta property=\"og:site_name\" content=\"Orlando Gonzalez\" \/>\n<meta property=\"article:author\" content=\"https:\/\/www.facebook.com\/profile.php?id=100011095815065\" \/>\n<meta property=\"article:published_time\" content=\"2020-10-01T09:13:55+00:00\" \/>\n<meta property=\"article:modified_time\" content=\"2020-10-01T09:14:06+00:00\" \/>\n<meta property=\"og:image\" content=\"https:\/\/maringapost.com.br\/orlandogonzalez\/wp-content\/uploads\/sites\/17\/2020\/10\/383802_948629_img_20200930_wa0009.jpg\" \/>\n\t<meta property=\"og:image:width\" content=\"1280\" \/>\n\t<meta property=\"og:image:height\" content=\"853\" \/>\n\t<meta property=\"og:image:type\" content=\"image\/jpeg\" \/>\n<meta name=\"author\" content=\"Orlando Gonzalez\" \/>\n<meta name=\"twitter:card\" content=\"summary_large_image\" \/>\n<meta name=\"twitter:creator\" content=\"@gonzalezorlando\" \/>\n<meta name=\"twitter:label1\" content=\"Escrito por\" \/>\n\t<meta name=\"twitter:data1\" content=\"\" \/>\n\t<meta name=\"twitter:label2\" content=\"Est. tempo de leitura\" \/>\n\t<meta name=\"twitter:data2\" content=\"5 minutos\" \/>\n<script type=\"application\/ld+json\" class=\"yoast-schema-graph\">{\"@context\":\"https:\/\/schema.org\",\"@graph\":[{\"@type\":\"WebPage\",\"@id\":\"https:\/\/maringapost.com.br\/orlandogonzalez\/2020\/10\/01\/radio-maringa-tenistas-brasileiros-avancam-em-roland-garros-e-buscam-vaga-nas-oitavas-de-final\/\",\"url\":\"https:\/\/maringapost.com.br\/orlandogonzalez\/2020\/10\/01\/radio-maringa-tenistas-brasileiros-avancam-em-roland-garros-e-buscam-vaga-nas-oitavas-de-final\/\",\"name\":\"R\u00c1DIO MARING\u00c1 - Tenistas brasileiros avan\u00e7am em Roland Garros e buscam vaga nas oitavas de final - Orlando Gonzalez\",\"isPartOf\":{\"@id\":\"https:\/\/maringapost.com.br\/orlandogonzalez\/#website\"},\"primaryImageOfPage\":{\"@id\":\"https:\/\/maringapost.com.br\/orlandogonzalez\/2020\/10\/01\/radio-maringa-tenistas-brasileiros-avancam-em-roland-garros-e-buscam-vaga-nas-oitavas-de-final\/#primaryimage\"},\"image\":{\"@id\":\"https:\/\/maringapost.com.br\/orlandogonzalez\/2020\/10\/01\/radio-maringa-tenistas-brasileiros-avancam-em-roland-garros-e-buscam-vaga-nas-oitavas-de-final\/#primaryimage\"},\"thumbnailUrl\":\"https:\/\/maringapost.com.br\/orlandogonzalez\/wp-content\/uploads\/sites\/17\/2020\/10\/383802_948629_img_20200930_wa0009.jpg\",\"datePublished\":\"2020-10-01T09:13:55+00:00\",\"dateModified\":\"2020-10-01T09:14:06+00:00\",\"author\":{\"@id\":\"https:\/\/maringapost.com.br\/orlandogonzalez\/#\/schema\/person\/5cbe6257d08edea6afc9ebaa613b0633\"},\"inLanguage\":\"pt-BR\",\"potentialAction\":[{\"@type\":\"ReadAction\",\"target\":[\"https:\/\/maringapost.com.br\/orlandogonzalez\/2020\/10\/01\/radio-maringa-tenistas-brasileiros-avancam-em-roland-garros-e-buscam-vaga-nas-oitavas-de-final\/\"]}]},{\"@type\":\"ImageObject\",\"inLanguage\":\"pt-BR\",\"@id\":\"https:\/\/maringapost.com.br\/orlandogonzalez\/2020\/10\/01\/radio-maringa-tenistas-brasileiros-avancam-em-roland-garros-e-buscam-vaga-nas-oitavas-de-final\/#primaryimage\",\"url\":\"https:\/\/maringapost.com.br\/orlandogonzalez\/wp-content\/uploads\/sites\/17\/2020\/10\/383802_948629_img_20200930_wa0009.jpg\",\"contentUrl\":\"https:\/\/maringapost.com.br\/orlandogonzalez\/wp-content\/uploads\/sites\/17\/2020\/10\/383802_948629_img_20200930_wa0009.jpg\",\"width\":1280,\"height\":853},{\"@type\":\"WebSite\",\"@id\":\"https:\/\/maringapost.com.br\/orlandogonzalez\/#website\",\"url\":\"https:\/\/maringapost.com.br\/orlandogonzalez\/\",\"name\":\"Orlando Gonzalez\",\"description\":\"Destaca o esporte de Maring\u00e1! Destaca o esporte do Paran\u00e1! Destaca o esporte do Brasil!\",\"potentialAction\":[{\"@type\":\"SearchAction\",\"target\":{\"@type\":\"EntryPoint\",\"urlTemplate\":\"https:\/\/maringapost.com.br\/orlandogonzalez\/?s={search_term_string}\"},\"query-input\":\"required name=search_term_string\"}],\"inLanguage\":\"pt-BR\"},{\"@type\":\"Person\",\"@id\":\"https:\/\/maringapost.com.br\/orlandogonzalez\/#\/schema\/person\/5cbe6257d08edea6afc9ebaa613b0633\",\"name\":\"Orlando Gonzalez\",\"image\":{\"@type\":\"ImageObject\",\"inLanguage\":\"pt-BR\",\"@id\":\"https:\/\/maringapost.com.br\/orlandogonzalez\/#\/schema\/person\/image\/\",\"url\":\"https:\/\/secure.gravatar.com\/avatar\/ecef9d1c9afe5ebdafadde8369065ba5?s=96&d=mm&r=g\",\"contentUrl\":\"https:\/\/secure.gravatar.com\/avatar\/ecef9d1c9afe5ebdafadde8369065ba5?s=96&d=mm&r=g\",\"caption\":\"Orlando Gonzalez\"},\"description\":\"H\u00e1 29 anos na cobertura do esporte de Maring\u00e1. Plant\u00e3o e narrador esportivo. Presta\u00e7\u00e3o de assessoria de imprensa esportiva, cobertura e transmiss\u00f5es ao vivo de eventos esportivos. E-mail: orlandogonzalez.assessoria@gmail.com WhatsApp: (44) 9 9126-6119\",\"sameAs\":[\"http:\/\/www.radiomaringa.com.br\/\",\"https:\/\/www.facebook.com\/profile.php?id=100011095815065\",\"https:\/\/www.instagram.com\/orlandomgonzalez\/\",\"https:\/\/br.pinterest.com\/ogonzalez0530\/\",\"https:\/\/x.com\/gonzalezorlando\",\"https:\/\/www.youtube.com\/channel\/UCvFpl55btth8wjnKiSS1ibA\",\"https:\/\/radiomaringaweb.tumblr.com\/\"],\"url\":\"https:\/\/maringapost.com.br\/orlandogonzalez\/author\/orlando\/\"}]}<\/script>\n<!-- \/ Yoast SEO Premium plugin. -->","yoast_head_json":{"title":"R\u00c1DIO MARING\u00c1 - Tenistas brasileiros avan\u00e7am em Roland Garros e buscam vaga nas oitavas de final - Orlando Gonzalez","robots":{"index":"index","follow":"follow","max-snippet":"max-snippet:-1","max-image-preview":"max-image-preview:large","max-video-preview":"max-video-preview:-1"},"canonical":"https:\/\/maringapost.com.br\/orlandogonzalez\/2020\/10\/01\/radio-maringa-tenistas-brasileiros-avancam-em-roland-garros-e-buscam-vaga-nas-oitavas-de-final\/","og_locale":"pt_BR","og_type":"article","og_title":"R\u00c1DIO MARING\u00c1 - Tenistas brasileiros avan\u00e7am em Roland Garros e buscam vaga nas oitavas de final","og_description":"Marcelo Melo e Lukasz Kubot estrearam com vit\u00f3ria nesta quarta-feira (30) em Roland Garros. Confirmando o favoritismo e n\u00e3o dando chances aos advers\u00e1rios, os cabe\u00e7as de chave n\u00famero 4 derrotaram os franceses Arthur Cazaux e Harold Mayot para avan\u00e7ar no Grand Slam, em Paris, na Fran\u00e7a. Melo e Kubot venceram por 2 sets a 0, [&hellip;]","og_url":"https:\/\/maringapost.com.br\/orlandogonzalez\/2020\/10\/01\/radio-maringa-tenistas-brasileiros-avancam-em-roland-garros-e-buscam-vaga-nas-oitavas-de-final\/","og_site_name":"Orlando Gonzalez","article_author":"https:\/\/www.facebook.com\/profile.php?id=100011095815065","article_published_time":"2020-10-01T09:13:55+00:00","article_modified_time":"2020-10-01T09:14:06+00:00","og_image":[{"width":1280,"height":853,"url":"https:\/\/maringapost.com.br\/orlandogonzalez\/wp-content\/uploads\/sites\/17\/2020\/10\/383802_948629_img_20200930_wa0009.jpg","type":"image\/jpeg"}],"author":"Orlando Gonzalez","twitter_card":"summary_large_image","twitter_creator":"@gonzalezorlando","twitter_misc":{"Escrito por":false,"Est. tempo de leitura":"5 minutos"},"schema":{"@context":"https:\/\/schema.org","@graph":[{"@type":"WebPage","@id":"https:\/\/maringapost.com.br\/orlandogonzalez\/2020\/10\/01\/radio-maringa-tenistas-brasileiros-avancam-em-roland-garros-e-buscam-vaga-nas-oitavas-de-final\/","url":"https:\/\/maringapost.com.br\/orlandogonzalez\/2020\/10\/01\/radio-maringa-tenistas-brasileiros-avancam-em-roland-garros-e-buscam-vaga-nas-oitavas-de-final\/","name":"R\u00c1DIO MARING\u00c1 - Tenistas brasileiros avan\u00e7am em Roland Garros e buscam vaga nas oitavas de final - Orlando Gonzalez","isPartOf":{"@id":"https:\/\/maringapost.com.br\/orlandogonzalez\/#website"},"primaryImageOfPage":{"@id":"https:\/\/maringapost.com.br\/orlandogonzalez\/2020\/10\/01\/radio-maringa-tenistas-brasileiros-avancam-em-roland-garros-e-buscam-vaga-nas-oitavas-de-final\/#primaryimage"},"image":{"@id":"https:\/\/maringapost.com.br\/orlandogonzalez\/2020\/10\/01\/radio-maringa-tenistas-brasileiros-avancam-em-roland-garros-e-buscam-vaga-nas-oitavas-de-final\/#primaryimage"},"thumbnailUrl":"https:\/\/maringapost.com.br\/orlandogonzalez\/wp-content\/uploads\/sites\/17\/2020\/10\/383802_948629_img_20200930_wa0009.jpg","datePublished":"2020-10-01T09:13:55+00:00","dateModified":"2020-10-01T09:14:06+00:00","author":{"@id":"https:\/\/maringapost.com.br\/orlandogonzalez\/#\/schema\/person\/5cbe6257d08edea6afc9ebaa613b0633"},"inLanguage":"pt-BR","potentialAction":[{"@type":"ReadAction","target":["https:\/\/maringapost.com.br\/orlandogonzalez\/2020\/10\/01\/radio-maringa-tenistas-brasileiros-avancam-em-roland-garros-e-buscam-vaga-nas-oitavas-de-final\/"]}]},{"@type":"ImageObject","inLanguage":"pt-BR","@id":"https:\/\/maringapost.com.br\/orlandogonzalez\/2020\/10\/01\/radio-maringa-tenistas-brasileiros-avancam-em-roland-garros-e-buscam-vaga-nas-oitavas-de-final\/#primaryimage","url":"https:\/\/maringapost.com.br\/orlandogonzalez\/wp-content\/uploads\/sites\/17\/2020\/10\/383802_948629_img_20200930_wa0009.jpg","contentUrl":"https:\/\/maringapost.com.br\/orlandogonzalez\/wp-content\/uploads\/sites\/17\/2020\/10\/383802_948629_img_20200930_wa0009.jpg","width":1280,"height":853},{"@type":"WebSite","@id":"https:\/\/maringapost.com.br\/orlandogonzalez\/#website","url":"https:\/\/maringapost.com.br\/orlandogonzalez\/","name":"Orlando Gonzalez","description":"Destaca o esporte de Maring\u00e1! Destaca o esporte do Paran\u00e1! Destaca o esporte do Brasil!","potentialAction":[{"@type":"SearchAction","target":{"@type":"EntryPoint","urlTemplate":"https:\/\/maringapost.com.br\/orlandogonzalez\/?s={search_term_string}"},"query-input":"required name=search_term_string"}],"inLanguage":"pt-BR"},{"@type":"Person","@id":"https:\/\/maringapost.com.br\/orlandogonzalez\/#\/schema\/person\/5cbe6257d08edea6afc9ebaa613b0633","name":"Orlando Gonzalez","image":{"@type":"ImageObject","inLanguage":"pt-BR","@id":"https:\/\/maringapost.com.br\/orlandogonzalez\/#\/schema\/person\/image\/","url":"https:\/\/secure.gravatar.com\/avatar\/ecef9d1c9afe5ebdafadde8369065ba5?s=96&d=mm&r=g","contentUrl":"https:\/\/secure.gravatar.com\/avatar\/ecef9d1c9afe5ebdafadde8369065ba5?s=96&d=mm&r=g","caption":"Orlando Gonzalez"},"description":"H\u00e1 29 anos na cobertura do esporte de Maring\u00e1. Plant\u00e3o e narrador esportivo. Presta\u00e7\u00e3o de assessoria de imprensa esportiva, cobertura e transmiss\u00f5es ao vivo de eventos esportivos. E-mail: orlandogonzalez.assessoria@gmail.com WhatsApp: (44) 9 9126-6119","sameAs":["http:\/\/www.radiomaringa.com.br\/","https:\/\/www.facebook.com\/profile.php?id=100011095815065","https:\/\/www.instagram.com\/orlandomgonzalez\/","https:\/\/br.pinterest.com\/ogonzalez0530\/","https:\/\/x.com\/gonzalezorlando","https:\/\/www.youtube.com\/channel\/UCvFpl55btth8wjnKiSS1ibA","https:\/\/radiomaringaweb.tumblr.com\/"],"url":"https:\/\/maringapost.com.br\/orlandogonzalez\/author\/orlando\/"}]}},"_links":{"self":[{"href":"https:\/\/maringapost.com.br\/orlandogonzalez\/wp-json\/wp\/v2\/posts\/39581"}],"collection":[{"href":"https:\/\/maringapost.com.br\/orlandogonzalez\/wp-json\/wp\/v2\/posts"}],"about":[{"href":"https:\/\/maringapost.com.br\/orlandogonzalez\/wp-json\/wp\/v2\/types\/post"}],"author":[{"embeddable":true,"href":"https:\/\/maringapost.com.br\/orlandogonzalez\/wp-json\/wp\/v2\/users\/6307"}],"replies":[{"embeddable":true,"href":"https:\/\/maringapost.com.br\/orlandogonzalez\/wp-json\/wp\/v2\/comments?post=39581"}],"version-history":[{"count":1,"href":"https:\/\/maringapost.com.br\/orlandogonzalez\/wp-json\/wp\/v2\/posts\/39581\/revisions"}],"predecessor-version":[{"id":39583,"href":"https:\/\/maringapost.com.br\/orlandogonzalez\/wp-json\/wp\/v2\/posts\/39581\/revisions\/39583"}],"wp:featuredmedia":[{"embeddable":true,"href":"https:\/\/maringapost.com.br\/orlandogonzalez\/wp-json\/wp\/v2\/media\/39582"}],"wp:attachment":[{"href":"https:\/\/maringapost.com.br\/orlandogonzalez\/wp-json\/wp\/v2\/media?parent=39581"}],"wp:term":[{"taxonomy":"category","embeddable":true,"href":"https:\/\/maringapost.com.br\/orlandogonzalez\/wp-json\/wp\/v2\/categories?post=39581"},{"taxonomy":"post_tag","embeddable":true,"href":"https:\/\/maringapost.com.br\/orlandogonzalez\/wp-json\/wp\/v2\/tags?post=39581"}],"curies":[{"name":"wp","href":"https:\/\/api.w.org\/{rel}","templated":true}]}}