{"id":39411,"date":"2020-09-28T11:40:37","date_gmt":"2020-09-28T14:40:37","guid":{"rendered":"http:\/\/maringapost.com.br\/orlandogonzalez\/?p=39411"},"modified":"2020-09-28T11:41:16","modified_gmt":"2020-09-28T14:41:16","slug":"radio-maringa-com-muito-calor-e-tempo-seco-mitsubishi-cup-abre-temporada-2020-com-rodada-dupla-em-mogi-guacu","status":"publish","type":"post","link":"https:\/\/maringapost.com.br\/orlandogonzalez\/2020\/09\/28\/radio-maringa-com-muito-calor-e-tempo-seco-mitsubishi-cup-abre-temporada-2020-com-rodada-dupla-em-mogi-guacu\/","title":{"rendered":"R\u00c1DIO MARING\u00c1 &#8211; Com muito calor e tempo seco, Mitsubishi Cup abre temporada 2020 com rodada dupla em Mogi Gua\u00e7u"},"content":{"rendered":"<p>Terminou no domingo, 27, a abertura da temporada 2020 da Mitsubishi Cup, maior rali cross-country de velocidade da Am\u00e9rica Latina. Debaixo de um calor de mais de 33 graus em todo momento, 30 carros levantaram poeira pelo desafiador circuito de terra entre as planta\u00e7\u00f5es da regi\u00e3o de Mogi Gua\u00e7u, nos arredores do Aut\u00f3dromo Velocitta<a href=\"http:\/\/www.radiomaringa.com.br\" target=\"_blank\" rel=\"noopener noreferrer\">.<\/a><\/p>\n<p>Em dois dias de prova, os grandes vencedores do fim de semana foram as duplas:<\/p>\n<p>Categoria ASX RS &#8211; Cristiano Rocha e Anderson Deraldi<\/p>\n<p>Categoria ASX RS Pro \u2013 Emerson Destro e Sergio Avallone<\/p>\n<p>Categoria L200 Triton ER \u2013 Juliano Diener e Gunnar Dums<\/p>\n<p>Categoria L200 Triton Sport R \u2013 Ricardo Feltre e Ivo Mayer (Primeira etapa)<\/p>\n<p>Elcio Bardelli Junior e Luis Felipe Eckel (Segunda etapa)<\/p>\n<p>Categoria L200 Triton Sport RS \u2013 Thiago Rizzo e Leo Magalh\u00e3es (Primeira Etapa)<\/p>\n<p>Ricardo Feltre e Ivo Mayer (Segunda etapa).<\/p>\n<p>Para a realiza\u00e7\u00e3o do evento, a organiza\u00e7\u00e3o da competi\u00e7\u00e3o adotou uma s\u00e9rie de protocolos de seguran\u00e7a em rela\u00e7\u00e3o ao cont\u00e1gio do Covid-19. Exames de PCR para a detec\u00e7\u00e3o do v\u00edrus foram obrigat\u00f3rios para todos os presentes no evento, assim como o uso de m\u00e1scaras e equipamentos de prote\u00e7\u00e3o.<\/p>\n<p>\u201cEsse \u00e9 um ano at\u00edpico e, por isso, exige uma s\u00e9rie de cuidados e adapta\u00e7\u00f5es como forma de mantermos todos os envolvidos em m\u00e1xima seguran\u00e7a. Mesmo assim, esperamos ter muita emo\u00e7\u00e3o e uma competi\u00e7\u00e3o bastante empolgante\u201d, afirma Guiga Spinelli, organizador da categoria.<\/p>\n<p>No s\u00e1bado, durante a primeira rodada, as depend\u00eancias do Velocitta receberam a ilustre visita da dupla sertaneja Fernando &amp; Sorocaba. Este \u00faltimo arriscou uma experi\u00eancia ao volante de uma L200 totalmente preparada para a competi\u00e7\u00e3o, ao lado do renomado navegador, vencedor do Rali dos Sert\u00f5es.<\/p>\n<p>Foco na solidariedade<\/p>\n<p>Neste ano, o foco da Mitsubishi CUP assim como dos demais eventos de experi\u00eancia promovidos pela Mitsubishi est\u00e1 totalmente voltado \u00e0 solidariedade.<\/p>\n<p>Parte do valor arrecadado com as inscri\u00e7\u00f5es para a Mitsubishi Cup ser\u00e1 doado para institui\u00e7\u00f5es de caridade da regi\u00e3o onde cada etapa ser\u00e1 realizada.<\/p>\n<p>A pr\u00f3xima etapa da Mitsubishi Cup acontecer\u00e1 nos dias 17 e 18 de Outubro, tamb\u00e9m no Velocitta, onde ser\u00e3o promovidas as duas \u00faltimas rodadas do ano e conheceremos os campe\u00f5es de cada categoria.<\/p>\n<p>A temporada 2020 do Mitsubishi Cup tem patroc\u00ednio de Lubrax-Petrobras, W.Truffi Blindados, Axalta, Banco Ita\u00fa, Pirelli, Harman-JBL, Mit Cons\u00f3rcio, Pilkington e Mit Seguros.<br \/>\n(Foto: Divulga\u00e7\u00e3o)<\/p>\n","protected":false},"excerpt":{"rendered":"<p>Terminou no domingo, 27, a abertura da temporada 2020 da Mitsubishi Cup, maior rali cross-country de velocidade da Am\u00e9rica Latina. Debaixo de um calor de mais de 33 graus em todo momento, 30 carros levantaram poeira pelo desafiador circuito de terra entre as planta\u00e7\u00f5es da regi\u00e3o de Mogi Gua\u00e7u, nos arredores do Aut\u00f3dromo Velocitta. Em [&hellip;]<\/p>\n","protected":false},"author":6307,"featured_media":39412,"comment_status":"closed","ping_status":"open","sticky":false,"template":"","format":"standard","meta":{"_exactmetrics_skip_tracking":false,"_exactmetrics_sitenote_active":false,"_exactmetrics_sitenote_note":"","_exactmetrics_sitenote_category":0,"footnotes":""},"categories":[1267],"tags":[4619,47],"yoast_head":"<!-- This site is optimized with the Yoast SEO Premium plugin v22.7 (Yoast SEO v22.7) - https:\/\/yoast.com\/wordpress\/plugins\/seo\/ -->\n<title>R\u00c1DIO MARING\u00c1 - Com muito calor e tempo seco, Mitsubishi Cup abre temporada 2020 com rodada dupla em Mogi Gua\u00e7u - Orlando Gonzalez<\/title>\n<meta name=\"robots\" content=\"index, follow, max-snippet:-1, max-image-preview:large, max-video-preview:-1\" \/>\n<link rel=\"canonical\" href=\"https:\/\/maringapost.com.br\/orlandogonzalez\/2020\/09\/28\/radio-maringa-com-muito-calor-e-tempo-seco-mitsubishi-cup-abre-temporada-2020-com-rodada-dupla-em-mogi-guacu\/\" \/>\n<meta property=\"og:locale\" content=\"pt_BR\" \/>\n<meta property=\"og:type\" content=\"article\" \/>\n<meta property=\"og:title\" content=\"R\u00c1DIO MARING\u00c1 - Com muito calor e tempo seco, Mitsubishi Cup abre temporada 2020 com rodada dupla em Mogi Gua\u00e7u\" \/>\n<meta property=\"og:description\" content=\"Terminou no domingo, 27, a abertura da temporada 2020 da Mitsubishi Cup, maior rali cross-country de velocidade da Am\u00e9rica Latina. Debaixo de um calor de mais de 33 graus em todo momento, 30 carros levantaram poeira pelo desafiador circuito de terra entre as planta\u00e7\u00f5es da regi\u00e3o de Mogi Gua\u00e7u, nos arredores do Aut\u00f3dromo Velocitta. Em [&hellip;]\" \/>\n<meta property=\"og:url\" content=\"https:\/\/maringapost.com.br\/orlandogonzalez\/2020\/09\/28\/radio-maringa-com-muito-calor-e-tempo-seco-mitsubishi-cup-abre-temporada-2020-com-rodada-dupla-em-mogi-guacu\/\" \/>\n<meta property=\"og:site_name\" content=\"Orlando Gonzalez\" \/>\n<meta property=\"article:author\" content=\"https:\/\/www.facebook.com\/profile.php?id=100011095815065\" \/>\n<meta property=\"article:published_time\" content=\"2020-09-28T14:40:37+00:00\" \/>\n<meta property=\"article:modified_time\" content=\"2020-09-28T14:41:16+00:00\" \/>\n<meta property=\"og:image\" content=\"https:\/\/maringapost.com.br\/orlandogonzalez\/wp-content\/uploads\/sites\/17\/2020\/09\/383640_948176_cup20_mogi1_tompapp__686_web_.jpg\" \/>\n\t<meta property=\"og:image:width\" content=\"600\" \/>\n\t<meta property=\"og:image:height\" content=\"400\" \/>\n\t<meta property=\"og:image:type\" content=\"image\/jpeg\" \/>\n<meta name=\"author\" content=\"Orlando Gonzalez\" \/>\n<meta name=\"twitter:card\" content=\"summary_large_image\" \/>\n<meta name=\"twitter:creator\" content=\"@gonzalezorlando\" \/>\n<meta name=\"twitter:label1\" content=\"Escrito por\" \/>\n\t<meta name=\"twitter:data1\" content=\"\" \/>\n\t<meta name=\"twitter:label2\" content=\"Est. tempo de leitura\" \/>\n\t<meta name=\"twitter:data2\" content=\"2 minutos\" \/>\n<script type=\"application\/ld+json\" class=\"yoast-schema-graph\">{\"@context\":\"https:\/\/schema.org\",\"@graph\":[{\"@type\":\"WebPage\",\"@id\":\"https:\/\/maringapost.com.br\/orlandogonzalez\/2020\/09\/28\/radio-maringa-com-muito-calor-e-tempo-seco-mitsubishi-cup-abre-temporada-2020-com-rodada-dupla-em-mogi-guacu\/\",\"url\":\"https:\/\/maringapost.com.br\/orlandogonzalez\/2020\/09\/28\/radio-maringa-com-muito-calor-e-tempo-seco-mitsubishi-cup-abre-temporada-2020-com-rodada-dupla-em-mogi-guacu\/\",\"name\":\"R\u00c1DIO MARING\u00c1 - Com muito calor e tempo seco, Mitsubishi Cup abre temporada 2020 com rodada dupla em Mogi Gua\u00e7u - Orlando Gonzalez\",\"isPartOf\":{\"@id\":\"https:\/\/maringapost.com.br\/orlandogonzalez\/#website\"},\"primaryImageOfPage\":{\"@id\":\"https:\/\/maringapost.com.br\/orlandogonzalez\/2020\/09\/28\/radio-maringa-com-muito-calor-e-tempo-seco-mitsubishi-cup-abre-temporada-2020-com-rodada-dupla-em-mogi-guacu\/#primaryimage\"},\"image\":{\"@id\":\"https:\/\/maringapost.com.br\/orlandogonzalez\/2020\/09\/28\/radio-maringa-com-muito-calor-e-tempo-seco-mitsubishi-cup-abre-temporada-2020-com-rodada-dupla-em-mogi-guacu\/#primaryimage\"},\"thumbnailUrl\":\"https:\/\/maringapost.com.br\/orlandogonzalez\/wp-content\/uploads\/sites\/17\/2020\/09\/383640_948176_cup20_mogi1_tompapp__686_web_.jpg\",\"datePublished\":\"2020-09-28T14:40:37+00:00\",\"dateModified\":\"2020-09-28T14:41:16+00:00\",\"author\":{\"@id\":\"https:\/\/maringapost.com.br\/orlandogonzalez\/#\/schema\/person\/5cbe6257d08edea6afc9ebaa613b0633\"},\"inLanguage\":\"pt-BR\",\"potentialAction\":[{\"@type\":\"ReadAction\",\"target\":[\"https:\/\/maringapost.com.br\/orlandogonzalez\/2020\/09\/28\/radio-maringa-com-muito-calor-e-tempo-seco-mitsubishi-cup-abre-temporada-2020-com-rodada-dupla-em-mogi-guacu\/\"]}]},{\"@type\":\"ImageObject\",\"inLanguage\":\"pt-BR\",\"@id\":\"https:\/\/maringapost.com.br\/orlandogonzalez\/2020\/09\/28\/radio-maringa-com-muito-calor-e-tempo-seco-mitsubishi-cup-abre-temporada-2020-com-rodada-dupla-em-mogi-guacu\/#primaryimage\",\"url\":\"https:\/\/maringapost.com.br\/orlandogonzalez\/wp-content\/uploads\/sites\/17\/2020\/09\/383640_948176_cup20_mogi1_tompapp__686_web_.jpg\",\"contentUrl\":\"https:\/\/maringapost.com.br\/orlandogonzalez\/wp-content\/uploads\/sites\/17\/2020\/09\/383640_948176_cup20_mogi1_tompapp__686_web_.jpg\",\"width\":600,\"height\":400},{\"@type\":\"WebSite\",\"@id\":\"https:\/\/maringapost.com.br\/orlandogonzalez\/#website\",\"url\":\"https:\/\/maringapost.com.br\/orlandogonzalez\/\",\"name\":\"Orlando Gonzalez\",\"description\":\"Destaca o esporte de Maring\u00e1! Destaca o esporte do Paran\u00e1! Destaca o esporte do Brasil!\",\"potentialAction\":[{\"@type\":\"SearchAction\",\"target\":{\"@type\":\"EntryPoint\",\"urlTemplate\":\"https:\/\/maringapost.com.br\/orlandogonzalez\/?s={search_term_string}\"},\"query-input\":\"required name=search_term_string\"}],\"inLanguage\":\"pt-BR\"},{\"@type\":\"Person\",\"@id\":\"https:\/\/maringapost.com.br\/orlandogonzalez\/#\/schema\/person\/5cbe6257d08edea6afc9ebaa613b0633\",\"name\":\"Orlando Gonzalez\",\"image\":{\"@type\":\"ImageObject\",\"inLanguage\":\"pt-BR\",\"@id\":\"https:\/\/maringapost.com.br\/orlandogonzalez\/#\/schema\/person\/image\/\",\"url\":\"https:\/\/secure.gravatar.com\/avatar\/ecef9d1c9afe5ebdafadde8369065ba5?s=96&d=mm&r=g\",\"contentUrl\":\"https:\/\/secure.gravatar.com\/avatar\/ecef9d1c9afe5ebdafadde8369065ba5?s=96&d=mm&r=g\",\"caption\":\"Orlando Gonzalez\"},\"description\":\"H\u00e1 29 anos na cobertura do esporte de Maring\u00e1. Plant\u00e3o e narrador esportivo. Presta\u00e7\u00e3o de assessoria de imprensa esportiva, cobertura e transmiss\u00f5es ao vivo de eventos esportivos. E-mail: orlandogonzalez.assessoria@gmail.com WhatsApp: (44) 9 9126-6119\",\"sameAs\":[\"http:\/\/www.radiomaringa.com.br\/\",\"https:\/\/www.facebook.com\/profile.php?id=100011095815065\",\"https:\/\/www.instagram.com\/orlandomgonzalez\/\",\"https:\/\/br.pinterest.com\/ogonzalez0530\/\",\"https:\/\/x.com\/gonzalezorlando\",\"https:\/\/www.youtube.com\/channel\/UCvFpl55btth8wjnKiSS1ibA\",\"https:\/\/radiomaringaweb.tumblr.com\/\"],\"url\":\"https:\/\/maringapost.com.br\/orlandogonzalez\/author\/orlando\/\"}]}<\/script>\n<!-- \/ Yoast SEO Premium plugin. -->","yoast_head_json":{"title":"R\u00c1DIO MARING\u00c1 - Com muito calor e tempo seco, Mitsubishi Cup abre temporada 2020 com rodada dupla em Mogi Gua\u00e7u - Orlando Gonzalez","robots":{"index":"index","follow":"follow","max-snippet":"max-snippet:-1","max-image-preview":"max-image-preview:large","max-video-preview":"max-video-preview:-1"},"canonical":"https:\/\/maringapost.com.br\/orlandogonzalez\/2020\/09\/28\/radio-maringa-com-muito-calor-e-tempo-seco-mitsubishi-cup-abre-temporada-2020-com-rodada-dupla-em-mogi-guacu\/","og_locale":"pt_BR","og_type":"article","og_title":"R\u00c1DIO MARING\u00c1 - Com muito calor e tempo seco, Mitsubishi Cup abre temporada 2020 com rodada dupla em Mogi Gua\u00e7u","og_description":"Terminou no domingo, 27, a abertura da temporada 2020 da Mitsubishi Cup, maior rali cross-country de velocidade da Am\u00e9rica Latina. Debaixo de um calor de mais de 33 graus em todo momento, 30 carros levantaram poeira pelo desafiador circuito de terra entre as planta\u00e7\u00f5es da regi\u00e3o de Mogi Gua\u00e7u, nos arredores do Aut\u00f3dromo Velocitta. Em [&hellip;]","og_url":"https:\/\/maringapost.com.br\/orlandogonzalez\/2020\/09\/28\/radio-maringa-com-muito-calor-e-tempo-seco-mitsubishi-cup-abre-temporada-2020-com-rodada-dupla-em-mogi-guacu\/","og_site_name":"Orlando Gonzalez","article_author":"https:\/\/www.facebook.com\/profile.php?id=100011095815065","article_published_time":"2020-09-28T14:40:37+00:00","article_modified_time":"2020-09-28T14:41:16+00:00","og_image":[{"width":600,"height":400,"url":"https:\/\/maringapost.com.br\/orlandogonzalez\/wp-content\/uploads\/sites\/17\/2020\/09\/383640_948176_cup20_mogi1_tompapp__686_web_.jpg","type":"image\/jpeg"}],"author":"Orlando Gonzalez","twitter_card":"summary_large_image","twitter_creator":"@gonzalezorlando","twitter_misc":{"Escrito por":false,"Est. tempo de leitura":"2 minutos"},"schema":{"@context":"https:\/\/schema.org","@graph":[{"@type":"WebPage","@id":"https:\/\/maringapost.com.br\/orlandogonzalez\/2020\/09\/28\/radio-maringa-com-muito-calor-e-tempo-seco-mitsubishi-cup-abre-temporada-2020-com-rodada-dupla-em-mogi-guacu\/","url":"https:\/\/maringapost.com.br\/orlandogonzalez\/2020\/09\/28\/radio-maringa-com-muito-calor-e-tempo-seco-mitsubishi-cup-abre-temporada-2020-com-rodada-dupla-em-mogi-guacu\/","name":"R\u00c1DIO MARING\u00c1 - Com muito calor e tempo seco, Mitsubishi Cup abre temporada 2020 com rodada dupla em Mogi Gua\u00e7u - Orlando Gonzalez","isPartOf":{"@id":"https:\/\/maringapost.com.br\/orlandogonzalez\/#website"},"primaryImageOfPage":{"@id":"https:\/\/maringapost.com.br\/orlandogonzalez\/2020\/09\/28\/radio-maringa-com-muito-calor-e-tempo-seco-mitsubishi-cup-abre-temporada-2020-com-rodada-dupla-em-mogi-guacu\/#primaryimage"},"image":{"@id":"https:\/\/maringapost.com.br\/orlandogonzalez\/2020\/09\/28\/radio-maringa-com-muito-calor-e-tempo-seco-mitsubishi-cup-abre-temporada-2020-com-rodada-dupla-em-mogi-guacu\/#primaryimage"},"thumbnailUrl":"https:\/\/maringapost.com.br\/orlandogonzalez\/wp-content\/uploads\/sites\/17\/2020\/09\/383640_948176_cup20_mogi1_tompapp__686_web_.jpg","datePublished":"2020-09-28T14:40:37+00:00","dateModified":"2020-09-28T14:41:16+00:00","author":{"@id":"https:\/\/maringapost.com.br\/orlandogonzalez\/#\/schema\/person\/5cbe6257d08edea6afc9ebaa613b0633"},"inLanguage":"pt-BR","potentialAction":[{"@type":"ReadAction","target":["https:\/\/maringapost.com.br\/orlandogonzalez\/2020\/09\/28\/radio-maringa-com-muito-calor-e-tempo-seco-mitsubishi-cup-abre-temporada-2020-com-rodada-dupla-em-mogi-guacu\/"]}]},{"@type":"ImageObject","inLanguage":"pt-BR","@id":"https:\/\/maringapost.com.br\/orlandogonzalez\/2020\/09\/28\/radio-maringa-com-muito-calor-e-tempo-seco-mitsubishi-cup-abre-temporada-2020-com-rodada-dupla-em-mogi-guacu\/#primaryimage","url":"https:\/\/maringapost.com.br\/orlandogonzalez\/wp-content\/uploads\/sites\/17\/2020\/09\/383640_948176_cup20_mogi1_tompapp__686_web_.jpg","contentUrl":"https:\/\/maringapost.com.br\/orlandogonzalez\/wp-content\/uploads\/sites\/17\/2020\/09\/383640_948176_cup20_mogi1_tompapp__686_web_.jpg","width":600,"height":400},{"@type":"WebSite","@id":"https:\/\/maringapost.com.br\/orlandogonzalez\/#website","url":"https:\/\/maringapost.com.br\/orlandogonzalez\/","name":"Orlando Gonzalez","description":"Destaca o esporte de Maring\u00e1! Destaca o esporte do Paran\u00e1! Destaca o esporte do Brasil!","potentialAction":[{"@type":"SearchAction","target":{"@type":"EntryPoint","urlTemplate":"https:\/\/maringapost.com.br\/orlandogonzalez\/?s={search_term_string}"},"query-input":"required name=search_term_string"}],"inLanguage":"pt-BR"},{"@type":"Person","@id":"https:\/\/maringapost.com.br\/orlandogonzalez\/#\/schema\/person\/5cbe6257d08edea6afc9ebaa613b0633","name":"Orlando Gonzalez","image":{"@type":"ImageObject","inLanguage":"pt-BR","@id":"https:\/\/maringapost.com.br\/orlandogonzalez\/#\/schema\/person\/image\/","url":"https:\/\/secure.gravatar.com\/avatar\/ecef9d1c9afe5ebdafadde8369065ba5?s=96&d=mm&r=g","contentUrl":"https:\/\/secure.gravatar.com\/avatar\/ecef9d1c9afe5ebdafadde8369065ba5?s=96&d=mm&r=g","caption":"Orlando Gonzalez"},"description":"H\u00e1 29 anos na cobertura do esporte de Maring\u00e1. Plant\u00e3o e narrador esportivo. Presta\u00e7\u00e3o de assessoria de imprensa esportiva, cobertura e transmiss\u00f5es ao vivo de eventos esportivos. E-mail: orlandogonzalez.assessoria@gmail.com WhatsApp: (44) 9 9126-6119","sameAs":["http:\/\/www.radiomaringa.com.br\/","https:\/\/www.facebook.com\/profile.php?id=100011095815065","https:\/\/www.instagram.com\/orlandomgonzalez\/","https:\/\/br.pinterest.com\/ogonzalez0530\/","https:\/\/x.com\/gonzalezorlando","https:\/\/www.youtube.com\/channel\/UCvFpl55btth8wjnKiSS1ibA","https:\/\/radiomaringaweb.tumblr.com\/"],"url":"https:\/\/maringapost.com.br\/orlandogonzalez\/author\/orlando\/"}]}},"_links":{"self":[{"href":"https:\/\/maringapost.com.br\/orlandogonzalez\/wp-json\/wp\/v2\/posts\/39411"}],"collection":[{"href":"https:\/\/maringapost.com.br\/orlandogonzalez\/wp-json\/wp\/v2\/posts"}],"about":[{"href":"https:\/\/maringapost.com.br\/orlandogonzalez\/wp-json\/wp\/v2\/types\/post"}],"author":[{"embeddable":true,"href":"https:\/\/maringapost.com.br\/orlandogonzalez\/wp-json\/wp\/v2\/users\/6307"}],"replies":[{"embeddable":true,"href":"https:\/\/maringapost.com.br\/orlandogonzalez\/wp-json\/wp\/v2\/comments?post=39411"}],"version-history":[{"count":1,"href":"https:\/\/maringapost.com.br\/orlandogonzalez\/wp-json\/wp\/v2\/posts\/39411\/revisions"}],"predecessor-version":[{"id":39413,"href":"https:\/\/maringapost.com.br\/orlandogonzalez\/wp-json\/wp\/v2\/posts\/39411\/revisions\/39413"}],"wp:featuredmedia":[{"embeddable":true,"href":"https:\/\/maringapost.com.br\/orlandogonzalez\/wp-json\/wp\/v2\/media\/39412"}],"wp:attachment":[{"href":"https:\/\/maringapost.com.br\/orlandogonzalez\/wp-json\/wp\/v2\/media?parent=39411"}],"wp:term":[{"taxonomy":"category","embeddable":true,"href":"https:\/\/maringapost.com.br\/orlandogonzalez\/wp-json\/wp\/v2\/categories?post=39411"},{"taxonomy":"post_tag","embeddable":true,"href":"https:\/\/maringapost.com.br\/orlandogonzalez\/wp-json\/wp\/v2\/tags?post=39411"}],"curies":[{"name":"wp","href":"https:\/\/api.w.org\/{rel}","templated":true}]}}