{"id":38888,"date":"2020-09-17T07:38:00","date_gmt":"2020-09-17T10:38:00","guid":{"rendered":"http:\/\/maringapost.com.br\/orlandogonzalez\/?p=38888"},"modified":"2020-09-17T07:38:14","modified_gmt":"2020-09-17T10:38:14","slug":"radio-maringa-ponte-e-america-mg-abrem-4a-fase-da-copa-do-brasil-com-empate","status":"publish","type":"post","link":"https:\/\/maringapost.com.br\/orlandogonzalez\/2020\/09\/17\/radio-maringa-ponte-e-america-mg-abrem-4a-fase-da-copa-do-brasil-com-empate\/","title":{"rendered":"R\u00c1DIO MARING\u00c1 &#8211; Ponte Preta e Am\u00e9rica-MG abrem 4\u00aa fase da Copa do Brasil com empate"},"content":{"rendered":"<p><a href=\"https:\/\/radiomaringa.com.br\/\" target=\"_blank\" rel=\"noopener noreferrer\">Na partida que abriu a quarta fase da Copa do Brasil, Ponte Preta e Am\u00e9rica-MG empataram em 2 a 2, na quarta (16), no est\u00e1dio Mois\u00e9s Lucarelli<\/a>.<\/p>\n<p>Com este resultado, como n\u00e3o h\u00e1 gol qualificado na competi\u00e7\u00e3o, quem vencer a partida de volta avan\u00e7a direto. Em caso de empate por qualquer placar, a vaga ser\u00e1 decidida na disputa de p\u00eanaltis.<\/p>\n<p>Gol nos primeiros minutos<br \/>\nMesmo jogando fora de casa, foi o Am\u00e9rica-MG que criou a primeira boa oportunidade de marcar, quando Jo\u00e3o Paulo cruzou com perigo aos 3 minutos buscando Rodolfo, mas Alisson foi mais r\u00e1pido e conseguiu cortar.<\/p>\n<p>Mas a Ponte respondeu dois minutos depois. Bruno Rodrigues avan\u00e7ou pela ponta esquerda, se livrou da marca\u00e7\u00e3o e cruzou para Mois\u00e9s, entre os zagueiros, cabecear para abrir o marcador.<\/p>\n<p>O confronto continuou aberto, com oportunidades de lado a lado, mas o Coelho foi mais eficiente. O time de Minas consegue empatar aos 43 minutos. Marcelo Toscano escora cruzamento rasteiro de L\u00e9o Passos para vencer o goleiro Ivan.<\/p>\n<p>Lei do ex<br \/>\nA segunda etapa come\u00e7ou com o Ponte Preta controlando as a\u00e7\u00f5es, valorizando a posse de bola diante de um Am\u00e9rica que at\u00e9 tenta responder adiantando a marca\u00e7\u00e3o, mas que foi pouco eficiente nesta proposta.<\/p>\n<p>E a postura do time da casa se mostrou mais acertada aos 29 minutos da etapa final, quando, mesmo marcado, Matheus Peixoto marcou de cabe\u00e7a ap\u00f3s bola levantada na \u00e1rea por Bruno Rodrigues.<\/p>\n<p>Por\u00e9m, quando tudo parecia indicar que a Ponte Preta conseguiria segurar uma importante vit\u00f3ria, a lei do ex entrou em a\u00e7\u00e3o aos 46 minutos do segundo tempo. Neto Berola toca para Vit\u00e3o, que, de carrinho, n\u00e3o deixa a bola sair e encontra Felipe Azevedo, que escora para deixar tudo igual no marcador. Ponte 2, Am\u00e9rica-MG 2.<\/p>\n<p>Ponte Preta e Am\u00e9rica-MG decidem quem fica com a vaga nas oitavas de final da Copa do Brasil na pr\u00f3xima ter\u00e7a (22), em partida realizada na Arena Independ\u00eancia a partir das 21h30 (hor\u00e1rio de Bras\u00edlia).<br \/>\n(Texto: Ag\u00eancia Brasil. Foto: Alvaro Jr\/Ponte Preta)<\/p>\n","protected":false},"excerpt":{"rendered":"<p>Na partida que abriu a quarta fase da Copa do Brasil, Ponte Preta e Am\u00e9rica-MG empataram em 2 a 2, na quarta (16), no est\u00e1dio Mois\u00e9s Lucarelli. Com este resultado, como n\u00e3o h\u00e1 gol qualificado na competi\u00e7\u00e3o, quem vencer a partida de volta avan\u00e7a direto. Em caso de empate por qualquer placar, a vaga ser\u00e1 [&hellip;]<\/p>\n","protected":false},"author":6307,"featured_media":38889,"comment_status":"closed","ping_status":"open","sticky":false,"template":"","format":"standard","meta":{"_exactmetrics_skip_tracking":false,"_exactmetrics_sitenote_active":false,"_exactmetrics_sitenote_note":"","_exactmetrics_sitenote_category":0,"footnotes":""},"categories":[1505],"tags":[93,47],"yoast_head":"<!-- This site is optimized with the Yoast SEO Premium plugin v22.7 (Yoast SEO v22.7) - https:\/\/yoast.com\/wordpress\/plugins\/seo\/ -->\n<title>R\u00c1DIO MARING\u00c1 - Ponte Preta e Am\u00e9rica-MG abrem 4\u00aa fase da Copa do Brasil com empate - Orlando Gonzalez<\/title>\n<meta name=\"robots\" content=\"index, follow, max-snippet:-1, max-image-preview:large, max-video-preview:-1\" \/>\n<link rel=\"canonical\" href=\"https:\/\/maringapost.com.br\/orlandogonzalez\/2020\/09\/17\/radio-maringa-ponte-e-america-mg-abrem-4a-fase-da-copa-do-brasil-com-empate\/\" \/>\n<meta property=\"og:locale\" content=\"pt_BR\" \/>\n<meta property=\"og:type\" content=\"article\" \/>\n<meta property=\"og:title\" content=\"R\u00c1DIO MARING\u00c1 - Ponte Preta e Am\u00e9rica-MG abrem 4\u00aa fase da Copa do Brasil com empate\" \/>\n<meta property=\"og:description\" content=\"Na partida que abriu a quarta fase da Copa do Brasil, Ponte Preta e Am\u00e9rica-MG empataram em 2 a 2, na quarta (16), no est\u00e1dio Mois\u00e9s Lucarelli. Com este resultado, como n\u00e3o h\u00e1 gol qualificado na competi\u00e7\u00e3o, quem vencer a partida de volta avan\u00e7a direto. Em caso de empate por qualquer placar, a vaga ser\u00e1 [&hellip;]\" \/>\n<meta property=\"og:url\" content=\"https:\/\/maringapost.com.br\/orlandogonzalez\/2020\/09\/17\/radio-maringa-ponte-e-america-mg-abrem-4a-fase-da-copa-do-brasil-com-empate\/\" \/>\n<meta property=\"og:site_name\" content=\"Orlando Gonzalez\" \/>\n<meta property=\"article:author\" content=\"https:\/\/www.facebook.com\/profile.php?id=100011095815065\" \/>\n<meta property=\"article:published_time\" content=\"2020-09-17T10:38:00+00:00\" \/>\n<meta property=\"article:modified_time\" content=\"2020-09-17T10:38:14+00:00\" \/>\n<meta property=\"og:image\" content=\"https:\/\/maringapost.com.br\/orlandogonzalez\/wp-content\/uploads\/sites\/17\/2020\/09\/pontenacopadobrasil.jpg\" \/>\n\t<meta property=\"og:image:width\" content=\"1170\" \/>\n\t<meta property=\"og:image:height\" content=\"700\" \/>\n\t<meta property=\"og:image:type\" content=\"image\/jpeg\" \/>\n<meta name=\"author\" content=\"Orlando Gonzalez\" \/>\n<meta name=\"twitter:card\" content=\"summary_large_image\" \/>\n<meta name=\"twitter:creator\" content=\"@gonzalezorlando\" \/>\n<meta name=\"twitter:label1\" content=\"Escrito por\" \/>\n\t<meta name=\"twitter:data1\" content=\"\" \/>\n\t<meta name=\"twitter:label2\" content=\"Est. tempo de leitura\" \/>\n\t<meta name=\"twitter:data2\" content=\"2 minutos\" \/>\n<script type=\"application\/ld+json\" class=\"yoast-schema-graph\">{\"@context\":\"https:\/\/schema.org\",\"@graph\":[{\"@type\":\"WebPage\",\"@id\":\"https:\/\/maringapost.com.br\/orlandogonzalez\/2020\/09\/17\/radio-maringa-ponte-e-america-mg-abrem-4a-fase-da-copa-do-brasil-com-empate\/\",\"url\":\"https:\/\/maringapost.com.br\/orlandogonzalez\/2020\/09\/17\/radio-maringa-ponte-e-america-mg-abrem-4a-fase-da-copa-do-brasil-com-empate\/\",\"name\":\"R\u00c1DIO MARING\u00c1 - Ponte Preta e Am\u00e9rica-MG abrem 4\u00aa fase da Copa do Brasil com empate - Orlando Gonzalez\",\"isPartOf\":{\"@id\":\"https:\/\/maringapost.com.br\/orlandogonzalez\/#website\"},\"primaryImageOfPage\":{\"@id\":\"https:\/\/maringapost.com.br\/orlandogonzalez\/2020\/09\/17\/radio-maringa-ponte-e-america-mg-abrem-4a-fase-da-copa-do-brasil-com-empate\/#primaryimage\"},\"image\":{\"@id\":\"https:\/\/maringapost.com.br\/orlandogonzalez\/2020\/09\/17\/radio-maringa-ponte-e-america-mg-abrem-4a-fase-da-copa-do-brasil-com-empate\/#primaryimage\"},\"thumbnailUrl\":\"https:\/\/maringapost.com.br\/orlandogonzalez\/wp-content\/uploads\/sites\/17\/2020\/09\/pontenacopadobrasil.jpg\",\"datePublished\":\"2020-09-17T10:38:00+00:00\",\"dateModified\":\"2020-09-17T10:38:14+00:00\",\"author\":{\"@id\":\"https:\/\/maringapost.com.br\/orlandogonzalez\/#\/schema\/person\/5cbe6257d08edea6afc9ebaa613b0633\"},\"inLanguage\":\"pt-BR\",\"potentialAction\":[{\"@type\":\"ReadAction\",\"target\":[\"https:\/\/maringapost.com.br\/orlandogonzalez\/2020\/09\/17\/radio-maringa-ponte-e-america-mg-abrem-4a-fase-da-copa-do-brasil-com-empate\/\"]}]},{\"@type\":\"ImageObject\",\"inLanguage\":\"pt-BR\",\"@id\":\"https:\/\/maringapost.com.br\/orlandogonzalez\/2020\/09\/17\/radio-maringa-ponte-e-america-mg-abrem-4a-fase-da-copa-do-brasil-com-empate\/#primaryimage\",\"url\":\"https:\/\/maringapost.com.br\/orlandogonzalez\/wp-content\/uploads\/sites\/17\/2020\/09\/pontenacopadobrasil.jpg\",\"contentUrl\":\"https:\/\/maringapost.com.br\/orlandogonzalez\/wp-content\/uploads\/sites\/17\/2020\/09\/pontenacopadobrasil.jpg\",\"width\":1170,\"height\":700},{\"@type\":\"WebSite\",\"@id\":\"https:\/\/maringapost.com.br\/orlandogonzalez\/#website\",\"url\":\"https:\/\/maringapost.com.br\/orlandogonzalez\/\",\"name\":\"Orlando Gonzalez\",\"description\":\"Destaca o esporte de Maring\u00e1! Destaca o esporte do Paran\u00e1! Destaca o esporte do Brasil!\",\"potentialAction\":[{\"@type\":\"SearchAction\",\"target\":{\"@type\":\"EntryPoint\",\"urlTemplate\":\"https:\/\/maringapost.com.br\/orlandogonzalez\/?s={search_term_string}\"},\"query-input\":\"required name=search_term_string\"}],\"inLanguage\":\"pt-BR\"},{\"@type\":\"Person\",\"@id\":\"https:\/\/maringapost.com.br\/orlandogonzalez\/#\/schema\/person\/5cbe6257d08edea6afc9ebaa613b0633\",\"name\":\"Orlando Gonzalez\",\"image\":{\"@type\":\"ImageObject\",\"inLanguage\":\"pt-BR\",\"@id\":\"https:\/\/maringapost.com.br\/orlandogonzalez\/#\/schema\/person\/image\/\",\"url\":\"https:\/\/secure.gravatar.com\/avatar\/ecef9d1c9afe5ebdafadde8369065ba5?s=96&d=mm&r=g\",\"contentUrl\":\"https:\/\/secure.gravatar.com\/avatar\/ecef9d1c9afe5ebdafadde8369065ba5?s=96&d=mm&r=g\",\"caption\":\"Orlando Gonzalez\"},\"description\":\"H\u00e1 29 anos na cobertura do esporte de Maring\u00e1. Plant\u00e3o e narrador esportivo. Presta\u00e7\u00e3o de assessoria de imprensa esportiva, cobertura e transmiss\u00f5es ao vivo de eventos esportivos. E-mail: orlandogonzalez.assessoria@gmail.com WhatsApp: (44) 9 9126-6119\",\"sameAs\":[\"http:\/\/www.radiomaringa.com.br\/\",\"https:\/\/www.facebook.com\/profile.php?id=100011095815065\",\"https:\/\/www.instagram.com\/orlandomgonzalez\/\",\"https:\/\/br.pinterest.com\/ogonzalez0530\/\",\"https:\/\/x.com\/gonzalezorlando\",\"https:\/\/www.youtube.com\/channel\/UCvFpl55btth8wjnKiSS1ibA\",\"https:\/\/radiomaringaweb.tumblr.com\/\"],\"url\":\"https:\/\/maringapost.com.br\/orlandogonzalez\/author\/orlando\/\"}]}<\/script>\n<!-- \/ Yoast SEO Premium plugin. -->","yoast_head_json":{"title":"R\u00c1DIO MARING\u00c1 - Ponte Preta e Am\u00e9rica-MG abrem 4\u00aa fase da Copa do Brasil com empate - Orlando Gonzalez","robots":{"index":"index","follow":"follow","max-snippet":"max-snippet:-1","max-image-preview":"max-image-preview:large","max-video-preview":"max-video-preview:-1"},"canonical":"https:\/\/maringapost.com.br\/orlandogonzalez\/2020\/09\/17\/radio-maringa-ponte-e-america-mg-abrem-4a-fase-da-copa-do-brasil-com-empate\/","og_locale":"pt_BR","og_type":"article","og_title":"R\u00c1DIO MARING\u00c1 - Ponte Preta e Am\u00e9rica-MG abrem 4\u00aa fase da Copa do Brasil com empate","og_description":"Na partida que abriu a quarta fase da Copa do Brasil, Ponte Preta e Am\u00e9rica-MG empataram em 2 a 2, na quarta (16), no est\u00e1dio Mois\u00e9s Lucarelli. Com este resultado, como n\u00e3o h\u00e1 gol qualificado na competi\u00e7\u00e3o, quem vencer a partida de volta avan\u00e7a direto. Em caso de empate por qualquer placar, a vaga ser\u00e1 [&hellip;]","og_url":"https:\/\/maringapost.com.br\/orlandogonzalez\/2020\/09\/17\/radio-maringa-ponte-e-america-mg-abrem-4a-fase-da-copa-do-brasil-com-empate\/","og_site_name":"Orlando Gonzalez","article_author":"https:\/\/www.facebook.com\/profile.php?id=100011095815065","article_published_time":"2020-09-17T10:38:00+00:00","article_modified_time":"2020-09-17T10:38:14+00:00","og_image":[{"width":1170,"height":700,"url":"https:\/\/maringapost.com.br\/orlandogonzalez\/wp-content\/uploads\/sites\/17\/2020\/09\/pontenacopadobrasil.jpg","type":"image\/jpeg"}],"author":"Orlando Gonzalez","twitter_card":"summary_large_image","twitter_creator":"@gonzalezorlando","twitter_misc":{"Escrito por":false,"Est. tempo de leitura":"2 minutos"},"schema":{"@context":"https:\/\/schema.org","@graph":[{"@type":"WebPage","@id":"https:\/\/maringapost.com.br\/orlandogonzalez\/2020\/09\/17\/radio-maringa-ponte-e-america-mg-abrem-4a-fase-da-copa-do-brasil-com-empate\/","url":"https:\/\/maringapost.com.br\/orlandogonzalez\/2020\/09\/17\/radio-maringa-ponte-e-america-mg-abrem-4a-fase-da-copa-do-brasil-com-empate\/","name":"R\u00c1DIO MARING\u00c1 - Ponte Preta e Am\u00e9rica-MG abrem 4\u00aa fase da Copa do Brasil com empate - Orlando Gonzalez","isPartOf":{"@id":"https:\/\/maringapost.com.br\/orlandogonzalez\/#website"},"primaryImageOfPage":{"@id":"https:\/\/maringapost.com.br\/orlandogonzalez\/2020\/09\/17\/radio-maringa-ponte-e-america-mg-abrem-4a-fase-da-copa-do-brasil-com-empate\/#primaryimage"},"image":{"@id":"https:\/\/maringapost.com.br\/orlandogonzalez\/2020\/09\/17\/radio-maringa-ponte-e-america-mg-abrem-4a-fase-da-copa-do-brasil-com-empate\/#primaryimage"},"thumbnailUrl":"https:\/\/maringapost.com.br\/orlandogonzalez\/wp-content\/uploads\/sites\/17\/2020\/09\/pontenacopadobrasil.jpg","datePublished":"2020-09-17T10:38:00+00:00","dateModified":"2020-09-17T10:38:14+00:00","author":{"@id":"https:\/\/maringapost.com.br\/orlandogonzalez\/#\/schema\/person\/5cbe6257d08edea6afc9ebaa613b0633"},"inLanguage":"pt-BR","potentialAction":[{"@type":"ReadAction","target":["https:\/\/maringapost.com.br\/orlandogonzalez\/2020\/09\/17\/radio-maringa-ponte-e-america-mg-abrem-4a-fase-da-copa-do-brasil-com-empate\/"]}]},{"@type":"ImageObject","inLanguage":"pt-BR","@id":"https:\/\/maringapost.com.br\/orlandogonzalez\/2020\/09\/17\/radio-maringa-ponte-e-america-mg-abrem-4a-fase-da-copa-do-brasil-com-empate\/#primaryimage","url":"https:\/\/maringapost.com.br\/orlandogonzalez\/wp-content\/uploads\/sites\/17\/2020\/09\/pontenacopadobrasil.jpg","contentUrl":"https:\/\/maringapost.com.br\/orlandogonzalez\/wp-content\/uploads\/sites\/17\/2020\/09\/pontenacopadobrasil.jpg","width":1170,"height":700},{"@type":"WebSite","@id":"https:\/\/maringapost.com.br\/orlandogonzalez\/#website","url":"https:\/\/maringapost.com.br\/orlandogonzalez\/","name":"Orlando Gonzalez","description":"Destaca o esporte de Maring\u00e1! Destaca o esporte do Paran\u00e1! Destaca o esporte do Brasil!","potentialAction":[{"@type":"SearchAction","target":{"@type":"EntryPoint","urlTemplate":"https:\/\/maringapost.com.br\/orlandogonzalez\/?s={search_term_string}"},"query-input":"required name=search_term_string"}],"inLanguage":"pt-BR"},{"@type":"Person","@id":"https:\/\/maringapost.com.br\/orlandogonzalez\/#\/schema\/person\/5cbe6257d08edea6afc9ebaa613b0633","name":"Orlando Gonzalez","image":{"@type":"ImageObject","inLanguage":"pt-BR","@id":"https:\/\/maringapost.com.br\/orlandogonzalez\/#\/schema\/person\/image\/","url":"https:\/\/secure.gravatar.com\/avatar\/ecef9d1c9afe5ebdafadde8369065ba5?s=96&d=mm&r=g","contentUrl":"https:\/\/secure.gravatar.com\/avatar\/ecef9d1c9afe5ebdafadde8369065ba5?s=96&d=mm&r=g","caption":"Orlando Gonzalez"},"description":"H\u00e1 29 anos na cobertura do esporte de Maring\u00e1. Plant\u00e3o e narrador esportivo. Presta\u00e7\u00e3o de assessoria de imprensa esportiva, cobertura e transmiss\u00f5es ao vivo de eventos esportivos. E-mail: orlandogonzalez.assessoria@gmail.com WhatsApp: (44) 9 9126-6119","sameAs":["http:\/\/www.radiomaringa.com.br\/","https:\/\/www.facebook.com\/profile.php?id=100011095815065","https:\/\/www.instagram.com\/orlandomgonzalez\/","https:\/\/br.pinterest.com\/ogonzalez0530\/","https:\/\/x.com\/gonzalezorlando","https:\/\/www.youtube.com\/channel\/UCvFpl55btth8wjnKiSS1ibA","https:\/\/radiomaringaweb.tumblr.com\/"],"url":"https:\/\/maringapost.com.br\/orlandogonzalez\/author\/orlando\/"}]}},"_links":{"self":[{"href":"https:\/\/maringapost.com.br\/orlandogonzalez\/wp-json\/wp\/v2\/posts\/38888"}],"collection":[{"href":"https:\/\/maringapost.com.br\/orlandogonzalez\/wp-json\/wp\/v2\/posts"}],"about":[{"href":"https:\/\/maringapost.com.br\/orlandogonzalez\/wp-json\/wp\/v2\/types\/post"}],"author":[{"embeddable":true,"href":"https:\/\/maringapost.com.br\/orlandogonzalez\/wp-json\/wp\/v2\/users\/6307"}],"replies":[{"embeddable":true,"href":"https:\/\/maringapost.com.br\/orlandogonzalez\/wp-json\/wp\/v2\/comments?post=38888"}],"version-history":[{"count":2,"href":"https:\/\/maringapost.com.br\/orlandogonzalez\/wp-json\/wp\/v2\/posts\/38888\/revisions"}],"predecessor-version":[{"id":38891,"href":"https:\/\/maringapost.com.br\/orlandogonzalez\/wp-json\/wp\/v2\/posts\/38888\/revisions\/38891"}],"wp:featuredmedia":[{"embeddable":true,"href":"https:\/\/maringapost.com.br\/orlandogonzalez\/wp-json\/wp\/v2\/media\/38889"}],"wp:attachment":[{"href":"https:\/\/maringapost.com.br\/orlandogonzalez\/wp-json\/wp\/v2\/media?parent=38888"}],"wp:term":[{"taxonomy":"category","embeddable":true,"href":"https:\/\/maringapost.com.br\/orlandogonzalez\/wp-json\/wp\/v2\/categories?post=38888"},{"taxonomy":"post_tag","embeddable":true,"href":"https:\/\/maringapost.com.br\/orlandogonzalez\/wp-json\/wp\/v2\/tags?post=38888"}],"curies":[{"name":"wp","href":"https:\/\/api.w.org\/{rel}","templated":true}]}}