{"id":38862,"date":"2020-09-16T18:59:35","date_gmt":"2020-09-16T21:59:35","guid":{"rendered":"http:\/\/maringapost.com.br\/orlandogonzalez\/?p=38862"},"modified":"2020-09-16T20:49:08","modified_gmt":"2020-09-16T23:49:08","slug":"radio-maringa-surfista-adriano-de-souza-anuncia-aposentadoria-para-final-de-2021","status":"publish","type":"post","link":"https:\/\/maringapost.com.br\/orlandogonzalez\/2020\/09\/16\/radio-maringa-surfista-adriano-de-souza-anuncia-aposentadoria-para-final-de-2021\/","title":{"rendered":"R\u00c1DIO MARING\u00c1 &#8211; Surfista Adriano de Souza anuncia aposentadoria para final de 2021"},"content":{"rendered":"<p>Em entrevista coletiva virtual concedida na tarde desta quarta, o atleta de 33 anos disse que 2021 ser\u00e1 o \u00faltimo ano no qual participar\u00e1 do circuito mundial da modalidade: \u201cFoi uma decis\u00e3o tomada com base em alguns pilares. J\u00e1 s\u00e3o 15 anos na elite do circuito. Aos poucos, a pessoa vai cansando. Particularmente, n\u00e3o consigo ficar para sempre entre os melhores. Por isso, a minha escolha foi tentar sair em alta. Quero que todos tenham a lembran\u00e7a do Mineirinho competindo em alta performance\u201d.<\/p>\n<p><a href=\"https:\/\/radiomaringa.com.br\/\" target=\"_blank\" rel=\"noopener noreferrer\">A temporada de 2019 foi bastante complicada para o atleta. Ele passou muito tempo longe do mar se recuperando de uma les\u00e3o no joelho. Junto com isso, veio um in\u00edcio de 2020 um pouco atribulado, no qual o surfista n\u00e3o alcan\u00e7ou os resultados esperados. Depois, a pandemia do novo coronav\u00edrus (covid-19) pode ter sido a gota d\u00b4\u00e1gua: \u201cO ano de 2019 foi muito dif\u00edcil. Quando estava entrando novamente no cen\u00e1rio de competi\u00e7\u00e3o, acabei me machucando novamente. Voltei em janeiro desse ano. Iniciei na Austr\u00e1lia em dois WQS e depois veio a pandemia. O meu desejo, anteriormente, era encerrar minha carreira agora em 2020. Depois do t\u00edtulo em 2015, tinha definido essa meta. Me esforcei ao m\u00e1ximo para aproveitar esse per\u00edodo. Mas, com tudo o que aconteceu, acho que \u00e9 a coisa mais correta a fazer. Oferecer mais um ano de surfe para as pessoas que gostam de mim\u201d<\/a>.<\/p>\n<p>Na entrevista, o surfista tamb\u00e9m falou de suas refer\u00eancias no in\u00edcio da carreira, e reconheceu o papel que tem como \u00eddolo para a nova gera\u00e7\u00e3o: \u201cOs atletas vivem de refer\u00eancias. Quando entrei no circuito, tinha tr\u00eas grandes nomes que serviram de inspira\u00e7\u00e3o para mim, Vitor Ribas, F\u00e1bio Gouveia e Neco Padaratz. Lutei muito para super\u00e1-los. Depois do meu t\u00edtulo em 2015, vieram outros grandes surfistas brasileiros. Tem o \u00cdtalo Ferreira, campe\u00e3o do ano passado. Mas agora todo mundo quer superar o Gabriel Medina, que tem dois t\u00edtulos. O esporte \u00e9 assim mesmo. O atleta sempre vai deixar algo e outros v\u00e3o vir e ultrapass\u00e1-lo\u201d.<\/p>\n<p>O atleta, nascido no Guaruj\u00e1, litoral sul de S\u00e3o Paulo, come\u00e7ou a surfar aos oito anos. Com talento comprovado desde muito cedo, aos dezoito o surfista j\u00e1 integrava a elite do surfe mundial. A agenda preenchida integralmente com treinos, viagens e competi\u00e7\u00f5es impediu que Adriano realizasse completamente desejos e projetos pessoais, que ficaram em segundo plano. Nessa nova fase, o surfista avalia que \u00e9 o momento de realizar sonhos antigos, sempre conectados ao esporte: \u201cTodos esses anos foram extremamente desgastantes. Principalmente, depois da conquista do Mundial. E eu n\u00e3o consegui reencontrar aquele sentimento de alegria e felicidade. Principalmente, aquilo que sinto quando estou pegando onda com meu irm\u00e3o, por exemplo. Acredito que, ap\u00f3s o final da temporada de 2021, vou ter mais tempo, mais liberdade com as pessoas que amo. Acho que tudo isso vai me fazer uma pessoa melhor e mais feliz. Pretendo ainda participar de alguns campeonatos especiais ao redor do mundo, mas sem tanta press\u00e3o. N\u00e3o quero mais nada de WSL. Acredito que, a partir de 2021, esse peso de precisar alcan\u00e7ar uma boa performance sair\u00e1 das minhas costas, e conseguirei realizar coisas que tanto desejo\u201d.<\/p>\n<p>Com o intuito de encerrar esse ciclo de forma especial, Adriano pretende levar muita energia \u00e0 sua \u00faltima temporada no circuito, na qual participar\u00e1 de todas as etapas da WSL: \u201cMeu objetivo \u00e9 fazer o circuito inteiro, pois tenho muitos amigos em todas as etapas, e n\u00e3o quero me despedir pela metade. Estou com grandes expectativas, principalmente para Saquarema, pois acredito que ser\u00e1 muito intenso. Imagina s\u00f3, quinze anos estando sempre no mesmo evento, p\u00fablico com grandes expectativas sobre minha performance. Vai ser muito legal, acho que essa sensa\u00e7\u00e3o de despedida trar\u00e1 grandes expectativas e uma nova energia\u201d.<\/p>\n","protected":false},"excerpt":{"rendered":"<p>Em entrevista coletiva virtual concedida na tarde desta quarta, o atleta de 33 anos disse que 2021 ser\u00e1 o \u00faltimo ano no qual participar\u00e1 do circuito mundial da modalidade: \u201cFoi uma decis\u00e3o tomada com base em alguns pilares. J\u00e1 s\u00e3o 15 anos na elite do circuito. Aos poucos, a pessoa vai cansando. Particularmente, n\u00e3o consigo [&hellip;]<\/p>\n","protected":false},"author":6307,"featured_media":38863,"comment_status":"closed","ping_status":"open","sticky":false,"template":"","format":"standard","meta":{"_exactmetrics_skip_tracking":false,"_exactmetrics_sitenote_active":false,"_exactmetrics_sitenote_note":"","_exactmetrics_sitenote_category":0,"footnotes":""},"categories":[7995],"tags":[47],"yoast_head":"<!-- This site is optimized with the Yoast SEO Premium plugin v22.7 (Yoast SEO v22.7) - https:\/\/yoast.com\/wordpress\/plugins\/seo\/ -->\n<title>R\u00c1DIO MARING\u00c1 - Surfista Adriano de Souza anuncia aposentadoria para final de 2021 - Orlando Gonzalez<\/title>\n<meta name=\"robots\" content=\"index, follow, max-snippet:-1, max-image-preview:large, max-video-preview:-1\" \/>\n<link rel=\"canonical\" href=\"https:\/\/maringapost.com.br\/orlandogonzalez\/2020\/09\/16\/radio-maringa-surfista-adriano-de-souza-anuncia-aposentadoria-para-final-de-2021\/\" \/>\n<meta property=\"og:locale\" content=\"pt_BR\" \/>\n<meta property=\"og:type\" content=\"article\" \/>\n<meta property=\"og:title\" content=\"R\u00c1DIO MARING\u00c1 - Surfista Adriano de Souza anuncia aposentadoria para final de 2021\" \/>\n<meta property=\"og:description\" content=\"Em entrevista coletiva virtual concedida na tarde desta quarta, o atleta de 33 anos disse que 2021 ser\u00e1 o \u00faltimo ano no qual participar\u00e1 do circuito mundial da modalidade: \u201cFoi uma decis\u00e3o tomada com base em alguns pilares. J\u00e1 s\u00e3o 15 anos na elite do circuito. Aos poucos, a pessoa vai cansando. Particularmente, n\u00e3o consigo [&hellip;]\" \/>\n<meta property=\"og:url\" content=\"https:\/\/maringapost.com.br\/orlandogonzalez\/2020\/09\/16\/radio-maringa-surfista-adriano-de-souza-anuncia-aposentadoria-para-final-de-2021\/\" \/>\n<meta property=\"og:site_name\" content=\"Orlando Gonzalez\" \/>\n<meta property=\"article:author\" content=\"https:\/\/www.facebook.com\/profile.php?id=100011095815065\" \/>\n<meta property=\"article:published_time\" content=\"2020-09-16T21:59:35+00:00\" \/>\n<meta property=\"article:modified_time\" content=\"2020-09-16T23:49:08+00:00\" \/>\n<meta property=\"og:image\" content=\"https:\/\/maringapost.com.br\/orlandogonzalez\/wp-content\/uploads\/sites\/17\/2020\/09\/atleta.jpg\" \/>\n\t<meta property=\"og:image:width\" content=\"1170\" \/>\n\t<meta property=\"og:image:height\" content=\"700\" \/>\n\t<meta property=\"og:image:type\" content=\"image\/jpeg\" \/>\n<meta name=\"author\" content=\"Orlando Gonzalez\" \/>\n<meta name=\"twitter:card\" content=\"summary_large_image\" \/>\n<meta name=\"twitter:creator\" content=\"@gonzalezorlando\" \/>\n<meta name=\"twitter:label1\" content=\"Escrito por\" \/>\n\t<meta name=\"twitter:data1\" content=\"\" \/>\n\t<meta name=\"twitter:label2\" content=\"Est. tempo de leitura\" \/>\n\t<meta name=\"twitter:data2\" content=\"3 minutos\" \/>\n<script type=\"application\/ld+json\" class=\"yoast-schema-graph\">{\"@context\":\"https:\/\/schema.org\",\"@graph\":[{\"@type\":\"WebPage\",\"@id\":\"https:\/\/maringapost.com.br\/orlandogonzalez\/2020\/09\/16\/radio-maringa-surfista-adriano-de-souza-anuncia-aposentadoria-para-final-de-2021\/\",\"url\":\"https:\/\/maringapost.com.br\/orlandogonzalez\/2020\/09\/16\/radio-maringa-surfista-adriano-de-souza-anuncia-aposentadoria-para-final-de-2021\/\",\"name\":\"R\u00c1DIO MARING\u00c1 - Surfista Adriano de Souza anuncia aposentadoria para final de 2021 - Orlando Gonzalez\",\"isPartOf\":{\"@id\":\"https:\/\/maringapost.com.br\/orlandogonzalez\/#website\"},\"primaryImageOfPage\":{\"@id\":\"https:\/\/maringapost.com.br\/orlandogonzalez\/2020\/09\/16\/radio-maringa-surfista-adriano-de-souza-anuncia-aposentadoria-para-final-de-2021\/#primaryimage\"},\"image\":{\"@id\":\"https:\/\/maringapost.com.br\/orlandogonzalez\/2020\/09\/16\/radio-maringa-surfista-adriano-de-souza-anuncia-aposentadoria-para-final-de-2021\/#primaryimage\"},\"thumbnailUrl\":\"https:\/\/maringapost.com.br\/orlandogonzalez\/wp-content\/uploads\/sites\/17\/2020\/09\/atleta.jpg\",\"datePublished\":\"2020-09-16T21:59:35+00:00\",\"dateModified\":\"2020-09-16T23:49:08+00:00\",\"author\":{\"@id\":\"https:\/\/maringapost.com.br\/orlandogonzalez\/#\/schema\/person\/5cbe6257d08edea6afc9ebaa613b0633\"},\"inLanguage\":\"pt-BR\",\"potentialAction\":[{\"@type\":\"ReadAction\",\"target\":[\"https:\/\/maringapost.com.br\/orlandogonzalez\/2020\/09\/16\/radio-maringa-surfista-adriano-de-souza-anuncia-aposentadoria-para-final-de-2021\/\"]}]},{\"@type\":\"ImageObject\",\"inLanguage\":\"pt-BR\",\"@id\":\"https:\/\/maringapost.com.br\/orlandogonzalez\/2020\/09\/16\/radio-maringa-surfista-adriano-de-souza-anuncia-aposentadoria-para-final-de-2021\/#primaryimage\",\"url\":\"https:\/\/maringapost.com.br\/orlandogonzalez\/wp-content\/uploads\/sites\/17\/2020\/09\/atleta.jpg\",\"contentUrl\":\"https:\/\/maringapost.com.br\/orlandogonzalez\/wp-content\/uploads\/sites\/17\/2020\/09\/atleta.jpg\",\"width\":1170,\"height\":700,\"caption\":\"Adriano De Souza of Brazil won Heat 4 of Round 2 of the Quiksilver Pro, Gold Coast, 2018.\"},{\"@type\":\"WebSite\",\"@id\":\"https:\/\/maringapost.com.br\/orlandogonzalez\/#website\",\"url\":\"https:\/\/maringapost.com.br\/orlandogonzalez\/\",\"name\":\"Orlando Gonzalez\",\"description\":\"Destaca o esporte de Maring\u00e1! Destaca o esporte do Paran\u00e1! Destaca o esporte do Brasil!\",\"potentialAction\":[{\"@type\":\"SearchAction\",\"target\":{\"@type\":\"EntryPoint\",\"urlTemplate\":\"https:\/\/maringapost.com.br\/orlandogonzalez\/?s={search_term_string}\"},\"query-input\":\"required name=search_term_string\"}],\"inLanguage\":\"pt-BR\"},{\"@type\":\"Person\",\"@id\":\"https:\/\/maringapost.com.br\/orlandogonzalez\/#\/schema\/person\/5cbe6257d08edea6afc9ebaa613b0633\",\"name\":\"Orlando Gonzalez\",\"image\":{\"@type\":\"ImageObject\",\"inLanguage\":\"pt-BR\",\"@id\":\"https:\/\/maringapost.com.br\/orlandogonzalez\/#\/schema\/person\/image\/\",\"url\":\"https:\/\/secure.gravatar.com\/avatar\/ecef9d1c9afe5ebdafadde8369065ba5?s=96&d=mm&r=g\",\"contentUrl\":\"https:\/\/secure.gravatar.com\/avatar\/ecef9d1c9afe5ebdafadde8369065ba5?s=96&d=mm&r=g\",\"caption\":\"Orlando Gonzalez\"},\"description\":\"H\u00e1 29 anos na cobertura do esporte de Maring\u00e1. Plant\u00e3o e narrador esportivo. Presta\u00e7\u00e3o de assessoria de imprensa esportiva, cobertura e transmiss\u00f5es ao vivo de eventos esportivos. E-mail: orlandogonzalez.assessoria@gmail.com WhatsApp: (44) 9 9126-6119\",\"sameAs\":[\"http:\/\/www.radiomaringa.com.br\/\",\"https:\/\/www.facebook.com\/profile.php?id=100011095815065\",\"https:\/\/www.instagram.com\/orlandomgonzalez\/\",\"https:\/\/br.pinterest.com\/ogonzalez0530\/\",\"https:\/\/x.com\/gonzalezorlando\",\"https:\/\/www.youtube.com\/channel\/UCvFpl55btth8wjnKiSS1ibA\",\"https:\/\/radiomaringaweb.tumblr.com\/\"],\"url\":\"https:\/\/maringapost.com.br\/orlandogonzalez\/author\/orlando\/\"}]}<\/script>\n<!-- \/ Yoast SEO Premium plugin. -->","yoast_head_json":{"title":"R\u00c1DIO MARING\u00c1 - Surfista Adriano de Souza anuncia aposentadoria para final de 2021 - Orlando Gonzalez","robots":{"index":"index","follow":"follow","max-snippet":"max-snippet:-1","max-image-preview":"max-image-preview:large","max-video-preview":"max-video-preview:-1"},"canonical":"https:\/\/maringapost.com.br\/orlandogonzalez\/2020\/09\/16\/radio-maringa-surfista-adriano-de-souza-anuncia-aposentadoria-para-final-de-2021\/","og_locale":"pt_BR","og_type":"article","og_title":"R\u00c1DIO MARING\u00c1 - Surfista Adriano de Souza anuncia aposentadoria para final de 2021","og_description":"Em entrevista coletiva virtual concedida na tarde desta quarta, o atleta de 33 anos disse que 2021 ser\u00e1 o \u00faltimo ano no qual participar\u00e1 do circuito mundial da modalidade: \u201cFoi uma decis\u00e3o tomada com base em alguns pilares. J\u00e1 s\u00e3o 15 anos na elite do circuito. Aos poucos, a pessoa vai cansando. Particularmente, n\u00e3o consigo [&hellip;]","og_url":"https:\/\/maringapost.com.br\/orlandogonzalez\/2020\/09\/16\/radio-maringa-surfista-adriano-de-souza-anuncia-aposentadoria-para-final-de-2021\/","og_site_name":"Orlando Gonzalez","article_author":"https:\/\/www.facebook.com\/profile.php?id=100011095815065","article_published_time":"2020-09-16T21:59:35+00:00","article_modified_time":"2020-09-16T23:49:08+00:00","og_image":[{"width":1170,"height":700,"url":"https:\/\/maringapost.com.br\/orlandogonzalez\/wp-content\/uploads\/sites\/17\/2020\/09\/atleta.jpg","type":"image\/jpeg"}],"author":"Orlando Gonzalez","twitter_card":"summary_large_image","twitter_creator":"@gonzalezorlando","twitter_misc":{"Escrito por":false,"Est. tempo de leitura":"3 minutos"},"schema":{"@context":"https:\/\/schema.org","@graph":[{"@type":"WebPage","@id":"https:\/\/maringapost.com.br\/orlandogonzalez\/2020\/09\/16\/radio-maringa-surfista-adriano-de-souza-anuncia-aposentadoria-para-final-de-2021\/","url":"https:\/\/maringapost.com.br\/orlandogonzalez\/2020\/09\/16\/radio-maringa-surfista-adriano-de-souza-anuncia-aposentadoria-para-final-de-2021\/","name":"R\u00c1DIO MARING\u00c1 - Surfista Adriano de Souza anuncia aposentadoria para final de 2021 - Orlando Gonzalez","isPartOf":{"@id":"https:\/\/maringapost.com.br\/orlandogonzalez\/#website"},"primaryImageOfPage":{"@id":"https:\/\/maringapost.com.br\/orlandogonzalez\/2020\/09\/16\/radio-maringa-surfista-adriano-de-souza-anuncia-aposentadoria-para-final-de-2021\/#primaryimage"},"image":{"@id":"https:\/\/maringapost.com.br\/orlandogonzalez\/2020\/09\/16\/radio-maringa-surfista-adriano-de-souza-anuncia-aposentadoria-para-final-de-2021\/#primaryimage"},"thumbnailUrl":"https:\/\/maringapost.com.br\/orlandogonzalez\/wp-content\/uploads\/sites\/17\/2020\/09\/atleta.jpg","datePublished":"2020-09-16T21:59:35+00:00","dateModified":"2020-09-16T23:49:08+00:00","author":{"@id":"https:\/\/maringapost.com.br\/orlandogonzalez\/#\/schema\/person\/5cbe6257d08edea6afc9ebaa613b0633"},"inLanguage":"pt-BR","potentialAction":[{"@type":"ReadAction","target":["https:\/\/maringapost.com.br\/orlandogonzalez\/2020\/09\/16\/radio-maringa-surfista-adriano-de-souza-anuncia-aposentadoria-para-final-de-2021\/"]}]},{"@type":"ImageObject","inLanguage":"pt-BR","@id":"https:\/\/maringapost.com.br\/orlandogonzalez\/2020\/09\/16\/radio-maringa-surfista-adriano-de-souza-anuncia-aposentadoria-para-final-de-2021\/#primaryimage","url":"https:\/\/maringapost.com.br\/orlandogonzalez\/wp-content\/uploads\/sites\/17\/2020\/09\/atleta.jpg","contentUrl":"https:\/\/maringapost.com.br\/orlandogonzalez\/wp-content\/uploads\/sites\/17\/2020\/09\/atleta.jpg","width":1170,"height":700,"caption":"Adriano De Souza of Brazil won Heat 4 of Round 2 of the Quiksilver Pro, Gold Coast, 2018."},{"@type":"WebSite","@id":"https:\/\/maringapost.com.br\/orlandogonzalez\/#website","url":"https:\/\/maringapost.com.br\/orlandogonzalez\/","name":"Orlando Gonzalez","description":"Destaca o esporte de Maring\u00e1! Destaca o esporte do Paran\u00e1! Destaca o esporte do Brasil!","potentialAction":[{"@type":"SearchAction","target":{"@type":"EntryPoint","urlTemplate":"https:\/\/maringapost.com.br\/orlandogonzalez\/?s={search_term_string}"},"query-input":"required name=search_term_string"}],"inLanguage":"pt-BR"},{"@type":"Person","@id":"https:\/\/maringapost.com.br\/orlandogonzalez\/#\/schema\/person\/5cbe6257d08edea6afc9ebaa613b0633","name":"Orlando Gonzalez","image":{"@type":"ImageObject","inLanguage":"pt-BR","@id":"https:\/\/maringapost.com.br\/orlandogonzalez\/#\/schema\/person\/image\/","url":"https:\/\/secure.gravatar.com\/avatar\/ecef9d1c9afe5ebdafadde8369065ba5?s=96&d=mm&r=g","contentUrl":"https:\/\/secure.gravatar.com\/avatar\/ecef9d1c9afe5ebdafadde8369065ba5?s=96&d=mm&r=g","caption":"Orlando Gonzalez"},"description":"H\u00e1 29 anos na cobertura do esporte de Maring\u00e1. Plant\u00e3o e narrador esportivo. Presta\u00e7\u00e3o de assessoria de imprensa esportiva, cobertura e transmiss\u00f5es ao vivo de eventos esportivos. E-mail: orlandogonzalez.assessoria@gmail.com WhatsApp: (44) 9 9126-6119","sameAs":["http:\/\/www.radiomaringa.com.br\/","https:\/\/www.facebook.com\/profile.php?id=100011095815065","https:\/\/www.instagram.com\/orlandomgonzalez\/","https:\/\/br.pinterest.com\/ogonzalez0530\/","https:\/\/x.com\/gonzalezorlando","https:\/\/www.youtube.com\/channel\/UCvFpl55btth8wjnKiSS1ibA","https:\/\/radiomaringaweb.tumblr.com\/"],"url":"https:\/\/maringapost.com.br\/orlandogonzalez\/author\/orlando\/"}]}},"_links":{"self":[{"href":"https:\/\/maringapost.com.br\/orlandogonzalez\/wp-json\/wp\/v2\/posts\/38862"}],"collection":[{"href":"https:\/\/maringapost.com.br\/orlandogonzalez\/wp-json\/wp\/v2\/posts"}],"about":[{"href":"https:\/\/maringapost.com.br\/orlandogonzalez\/wp-json\/wp\/v2\/types\/post"}],"author":[{"embeddable":true,"href":"https:\/\/maringapost.com.br\/orlandogonzalez\/wp-json\/wp\/v2\/users\/6307"}],"replies":[{"embeddable":true,"href":"https:\/\/maringapost.com.br\/orlandogonzalez\/wp-json\/wp\/v2\/comments?post=38862"}],"version-history":[{"count":1,"href":"https:\/\/maringapost.com.br\/orlandogonzalez\/wp-json\/wp\/v2\/posts\/38862\/revisions"}],"predecessor-version":[{"id":38864,"href":"https:\/\/maringapost.com.br\/orlandogonzalez\/wp-json\/wp\/v2\/posts\/38862\/revisions\/38864"}],"wp:featuredmedia":[{"embeddable":true,"href":"https:\/\/maringapost.com.br\/orlandogonzalez\/wp-json\/wp\/v2\/media\/38863"}],"wp:attachment":[{"href":"https:\/\/maringapost.com.br\/orlandogonzalez\/wp-json\/wp\/v2\/media?parent=38862"}],"wp:term":[{"taxonomy":"category","embeddable":true,"href":"https:\/\/maringapost.com.br\/orlandogonzalez\/wp-json\/wp\/v2\/categories?post=38862"},{"taxonomy":"post_tag","embeddable":true,"href":"https:\/\/maringapost.com.br\/orlandogonzalez\/wp-json\/wp\/v2\/tags?post=38862"}],"curies":[{"name":"wp","href":"https:\/\/api.w.org\/{rel}","templated":true}]}}