{"id":38498,"date":"2020-09-05T11:47:57","date_gmt":"2020-09-05T14:47:57","guid":{"rendered":"http:\/\/maringapost.com.br\/orlandogonzalez\/?p=38498"},"modified":"2020-09-05T11:48:08","modified_gmt":"2020-09-05T14:48:08","slug":"radio-maringa-stock-car-confirma-datas-e-locais-para-2020","status":"publish","type":"post","link":"https:\/\/maringapost.com.br\/orlandogonzalez\/2020\/09\/05\/radio-maringa-stock-car-confirma-datas-e-locais-para-2020\/","title":{"rendered":"R\u00c1DIO MARING\u00c1 &#8211; Stock Car confirma datas e locais para 2020"},"content":{"rendered":"<p>A Stock Car anunciou nesta sexta-feira (04\/09) as datas e locais dos pr\u00f3ximos seis dos oito encontros que a categoria realizar\u00e1 no segundo semestre de 2020. O primeiro deles ser\u00e1 em Londrina (PR), onde ser\u00e1 disputada a quarta etapa, no dia 13 de setembro. O an\u00fancio d\u00e1 sequ\u00eancia ao calend\u00e1rio da categoria, que em oito encontros realizar\u00e1 as 12 etapas programadas para a atual temporada. At\u00e9 agora, a Stock j\u00e1 realizou uma etapa em Goi\u00e2nia (no formato rodada dupla no domingo) e duas em Interlagos, sendo a \u00faltima delas a Corrida do Milh\u00e3o Solid\u00e1rio, no dia 23 de agosto.<\/p>\n<p>Al\u00e9m de Londrina, o calend\u00e1rio conta com etapas nos aut\u00f3dromos de Cascavel, Mogi Gua\u00e7u (Velo Citt\u00e0), Curitiba, Goi\u00e2nia e S\u00e3o Paulo. Tr\u00eas destas pistas \u2013 Cascavel, Velo Citt\u00e0 e Curitiba \u2013 receber\u00e3o duas etapas no mesmo final de semana, com corridas no s\u00e1bado e no domingo.<br \/>\n\u201c\u00c9 uma not\u00edcia importante o fato de termos aprova\u00e7\u00e3o antecipada das autoridades locais para o nosso protocolo de seguran\u00e7a em todas estas cidades\u201d, diz Carlos Col, CEO da Vicar, promotora da categoria. \u201cTodas as etapas de 2020 est\u00e3o confirmadas e vamos seguir esse calend\u00e1rio. Alguma altera\u00e7\u00e3o pode ocorrer em fun\u00e7\u00e3o de uma nova orienta\u00e7\u00e3o moment\u00e2nea das autoridades respons\u00e1veis, mas a princ\u00edpio estas s\u00e3o as datas e locais j\u00e1 aprovadas e que iremos cumprir\u201d, completou o executivo.<br \/>\nLondrina \u2013 O encontro no Aut\u00f3dromo Internacional Ayrton Senna, em Londrina, no dia 13 ter\u00e1 duas provas da Stock no domingo. Os treinos livres ser\u00e3o realizados na sexta-feira e a defini\u00e7\u00e3o do grid, durante o s\u00e1bado. Mantendo o padr\u00e3o estabelecido para 2020 devido \u00e0 pandemia, a categoria seguir\u00e1 um r\u00edgido protocolo de seguran\u00e7a sanit\u00e1ria. Entre as v\u00e1rias medidas acordadas com as autoridades locais, est\u00e3o a realiza\u00e7\u00e3o das provas sem presen\u00e7a do p\u00fablico, imprensa e diversos tipos de profissionais e apoiadores que acompanhar\u00e3o as provas pelos canais Sportv e portal Globoesporte.com, em programa\u00e7\u00e3o a ser anunciada na semana que vem. O final de semana tamb\u00e9m registrar\u00e1 a realiza\u00e7\u00e3o da terceira etapa da categoria de acesso Stock Light, que contar\u00e1 com uma corrida no s\u00e1bado e outra no domingo.<\/p>\n<p>Hist\u00f3rico \u2013 O tra\u00e7ado paranaense come\u00e7ou sua hist\u00f3ria com a Stock Car em 1992, ano da inaugura\u00e7\u00e3o do circuito. Na ocasi\u00e3o, a vit\u00f3ria foi de Adalberto Jardim. Com 34 provas realizadas at\u00e9 agora, Londrina \u00e9 a s\u00e9tima pista que mais registrou corridas da principal categoria brasileira. De l\u00e1 para c\u00e1, a pista sediou etapas de 1992 a 1995, 1997 a 2008, 2010 a 2012, e finalmente de 2016 a 2019. Os \u00faltimos vencedores foram Thiago Camilo e Ricardo Maur\u00edcio, ambos na \u00faltima visita da categoria ao tra\u00e7ado, em junho do ano passado. Camilo tamb\u00e9m registrou a pole position. Ass duas provas tiveram 33 voltas pelos 3.055 metros da pista, totalizando 100,8 km de corrida cada uma.<\/p>\n<p>Doa\u00e7\u00f5es continuam \u2013 A Stock Car atingiu a meta de angariar o equivalente a R$ 1 milh\u00e3o em produtos como EPIs (equipamentos de seguran\u00e7a individual, como m\u00e1scaras e \u00e1lcool gel) e cestas b\u00e1sicas que ser\u00e3o cedidos para entidades que combatem a pandemia do coronav\u00edrus. Doados pelas empresas Eurofarma, Banco BV, Nutriex e Rennova, estes produtos ser\u00e3o distribu\u00eddos ao longo do ano em cidades por onde a categoria passar, al\u00e9m de outras regi\u00f5es. Mas as doa\u00e7\u00f5es n\u00e3o acabaram. A organiza\u00e7\u00e3o da categoria informa que ser\u00e1 poss\u00edvel participar desse movimento de apoio a entidades que combatem a pandemia do covid-19 at\u00e9 o dia da \u00faltima etapa da Stock, prevista para dezembro.<\/p>\n<p>Confira as pr\u00f3ximas datas e locais* da Stock Car em 2020:<br \/>\n4\u00aa etapa \u2013 13\/09 \u2013 Londrina (PR)<br \/>\n5\u00aa etapa \u2013 03\/10 \u2013 Cascavel (PR)<br \/>\n6\u00aa etapa \u2013 04\/10 \u2013 Cascavel (PR)<br \/>\n7\u00aa etapa \u2013 17\/10 \u2013 Mogi Gua\u00e7u (Velo Citt\u00e0, SP)<br \/>\n8\u00aa etapa \u2013 18\/10 \u2013 Mogi Gua\u00e7u (Velo Citt\u00e0, SP)<br \/>\n9\u00aa etapa \u2013 07\/11 \u2013 Curitiba (PR)<br \/>\n10\u00aa etapa \u2013 08\/11 \u2013 Curitiba (PR)<br \/>\n11\u00aa etapa \u2013 22\/11 \u2013 Goi\u00e2nia (GO)<br \/>\n12\u00aa etapa \u2013 13\/12 \u2013 S\u00e3o Paulo (SP)<br \/>\n* Datas e locais pass\u00edveis de revis\u00e3o em fun\u00e7\u00e3o das condi\u00e7\u00f5es sanit\u00e1rias.<br \/>\n(Foto: Duda Bairros\/Stock Car)<\/p>\n","protected":false},"excerpt":{"rendered":"<p>A Stock Car anunciou nesta sexta-feira (04\/09) as datas e locais dos pr\u00f3ximos seis dos oito encontros que a categoria realizar\u00e1 no segundo semestre de 2020. O primeiro deles ser\u00e1 em Londrina (PR), onde ser\u00e1 disputada a quarta etapa, no dia 13 de setembro. O an\u00fancio d\u00e1 sequ\u00eancia ao calend\u00e1rio da categoria, que em oito [&hellip;]<\/p>\n","protected":false},"author":6307,"featured_media":38499,"comment_status":"closed","ping_status":"open","sticky":false,"template":"","format":"standard","meta":{"_exactmetrics_skip_tracking":false,"_exactmetrics_sitenote_active":false,"_exactmetrics_sitenote_note":"","_exactmetrics_sitenote_category":0,"footnotes":""},"categories":[1267],"tags":[4619,47],"yoast_head":"<!-- This site is optimized with the Yoast SEO Premium plugin v22.7 (Yoast SEO v22.7) - https:\/\/yoast.com\/wordpress\/plugins\/seo\/ -->\n<title>R\u00c1DIO MARING\u00c1 - Stock Car confirma datas e locais para 2020 - Orlando Gonzalez<\/title>\n<meta name=\"robots\" content=\"index, follow, max-snippet:-1, max-image-preview:large, max-video-preview:-1\" \/>\n<link rel=\"canonical\" href=\"https:\/\/maringapost.com.br\/orlandogonzalez\/2020\/09\/05\/radio-maringa-stock-car-confirma-datas-e-locais-para-2020\/\" \/>\n<meta property=\"og:locale\" content=\"pt_BR\" \/>\n<meta property=\"og:type\" content=\"article\" \/>\n<meta property=\"og:title\" content=\"R\u00c1DIO MARING\u00c1 - Stock Car confirma datas e locais para 2020\" \/>\n<meta property=\"og:description\" content=\"A Stock Car anunciou nesta sexta-feira (04\/09) as datas e locais dos pr\u00f3ximos seis dos oito encontros que a categoria realizar\u00e1 no segundo semestre de 2020. O primeiro deles ser\u00e1 em Londrina (PR), onde ser\u00e1 disputada a quarta etapa, no dia 13 de setembro. O an\u00fancio d\u00e1 sequ\u00eancia ao calend\u00e1rio da categoria, que em oito [&hellip;]\" \/>\n<meta property=\"og:url\" content=\"https:\/\/maringapost.com.br\/orlandogonzalez\/2020\/09\/05\/radio-maringa-stock-car-confirma-datas-e-locais-para-2020\/\" \/>\n<meta property=\"og:site_name\" content=\"Orlando Gonzalez\" \/>\n<meta property=\"article:author\" content=\"https:\/\/www.facebook.com\/profile.php?id=100011095815065\" \/>\n<meta property=\"article:published_time\" content=\"2020-09-05T14:47:57+00:00\" \/>\n<meta property=\"article:modified_time\" content=\"2020-09-05T14:48:08+00:00\" \/>\n<meta property=\"og:image\" content=\"https:\/\/maringapost.com.br\/orlandogonzalez\/wp-content\/uploads\/sites\/17\/2020\/09\/382683_945579_02_stockcar2020_dudabairros_interlagos_corridadomilhao_043359.jpg\" \/>\n\t<meta property=\"og:image:width\" content=\"1280\" \/>\n\t<meta property=\"og:image:height\" content=\"852\" \/>\n\t<meta property=\"og:image:type\" content=\"image\/jpeg\" \/>\n<meta name=\"author\" content=\"Orlando Gonzalez\" \/>\n<meta name=\"twitter:card\" content=\"summary_large_image\" \/>\n<meta name=\"twitter:creator\" content=\"@gonzalezorlando\" \/>\n<meta name=\"twitter:label1\" content=\"Escrito por\" \/>\n\t<meta name=\"twitter:data1\" content=\"\" \/>\n\t<meta name=\"twitter:label2\" content=\"Est. tempo de leitura\" \/>\n\t<meta name=\"twitter:data2\" content=\"3 minutos\" \/>\n<script type=\"application\/ld+json\" class=\"yoast-schema-graph\">{\"@context\":\"https:\/\/schema.org\",\"@graph\":[{\"@type\":\"WebPage\",\"@id\":\"https:\/\/maringapost.com.br\/orlandogonzalez\/2020\/09\/05\/radio-maringa-stock-car-confirma-datas-e-locais-para-2020\/\",\"url\":\"https:\/\/maringapost.com.br\/orlandogonzalez\/2020\/09\/05\/radio-maringa-stock-car-confirma-datas-e-locais-para-2020\/\",\"name\":\"R\u00c1DIO MARING\u00c1 - Stock Car confirma datas e locais para 2020 - Orlando Gonzalez\",\"isPartOf\":{\"@id\":\"https:\/\/maringapost.com.br\/orlandogonzalez\/#website\"},\"primaryImageOfPage\":{\"@id\":\"https:\/\/maringapost.com.br\/orlandogonzalez\/2020\/09\/05\/radio-maringa-stock-car-confirma-datas-e-locais-para-2020\/#primaryimage\"},\"image\":{\"@id\":\"https:\/\/maringapost.com.br\/orlandogonzalez\/2020\/09\/05\/radio-maringa-stock-car-confirma-datas-e-locais-para-2020\/#primaryimage\"},\"thumbnailUrl\":\"https:\/\/maringapost.com.br\/orlandogonzalez\/wp-content\/uploads\/sites\/17\/2020\/09\/382683_945579_02_stockcar2020_dudabairros_interlagos_corridadomilhao_043359.jpg\",\"datePublished\":\"2020-09-05T14:47:57+00:00\",\"dateModified\":\"2020-09-05T14:48:08+00:00\",\"author\":{\"@id\":\"https:\/\/maringapost.com.br\/orlandogonzalez\/#\/schema\/person\/5cbe6257d08edea6afc9ebaa613b0633\"},\"inLanguage\":\"pt-BR\",\"potentialAction\":[{\"@type\":\"ReadAction\",\"target\":[\"https:\/\/maringapost.com.br\/orlandogonzalez\/2020\/09\/05\/radio-maringa-stock-car-confirma-datas-e-locais-para-2020\/\"]}]},{\"@type\":\"ImageObject\",\"inLanguage\":\"pt-BR\",\"@id\":\"https:\/\/maringapost.com.br\/orlandogonzalez\/2020\/09\/05\/radio-maringa-stock-car-confirma-datas-e-locais-para-2020\/#primaryimage\",\"url\":\"https:\/\/maringapost.com.br\/orlandogonzalez\/wp-content\/uploads\/sites\/17\/2020\/09\/382683_945579_02_stockcar2020_dudabairros_interlagos_corridadomilhao_043359.jpg\",\"contentUrl\":\"https:\/\/maringapost.com.br\/orlandogonzalez\/wp-content\/uploads\/sites\/17\/2020\/09\/382683_945579_02_stockcar2020_dudabairros_interlagos_corridadomilhao_043359.jpg\",\"width\":1280,\"height\":852},{\"@type\":\"WebSite\",\"@id\":\"https:\/\/maringapost.com.br\/orlandogonzalez\/#website\",\"url\":\"https:\/\/maringapost.com.br\/orlandogonzalez\/\",\"name\":\"Orlando Gonzalez\",\"description\":\"Destaca o esporte de Maring\u00e1! Destaca o esporte do Paran\u00e1! Destaca o esporte do Brasil!\",\"potentialAction\":[{\"@type\":\"SearchAction\",\"target\":{\"@type\":\"EntryPoint\",\"urlTemplate\":\"https:\/\/maringapost.com.br\/orlandogonzalez\/?s={search_term_string}\"},\"query-input\":\"required name=search_term_string\"}],\"inLanguage\":\"pt-BR\"},{\"@type\":\"Person\",\"@id\":\"https:\/\/maringapost.com.br\/orlandogonzalez\/#\/schema\/person\/5cbe6257d08edea6afc9ebaa613b0633\",\"name\":\"Orlando Gonzalez\",\"image\":{\"@type\":\"ImageObject\",\"inLanguage\":\"pt-BR\",\"@id\":\"https:\/\/maringapost.com.br\/orlandogonzalez\/#\/schema\/person\/image\/\",\"url\":\"https:\/\/secure.gravatar.com\/avatar\/ecef9d1c9afe5ebdafadde8369065ba5?s=96&d=mm&r=g\",\"contentUrl\":\"https:\/\/secure.gravatar.com\/avatar\/ecef9d1c9afe5ebdafadde8369065ba5?s=96&d=mm&r=g\",\"caption\":\"Orlando Gonzalez\"},\"description\":\"H\u00e1 29 anos na cobertura do esporte de Maring\u00e1. Plant\u00e3o e narrador esportivo. Presta\u00e7\u00e3o de assessoria de imprensa esportiva, cobertura e transmiss\u00f5es ao vivo de eventos esportivos. E-mail: orlandogonzalez.assessoria@gmail.com WhatsApp: (44) 9 9126-6119\",\"sameAs\":[\"http:\/\/www.radiomaringa.com.br\/\",\"https:\/\/www.facebook.com\/profile.php?id=100011095815065\",\"https:\/\/www.instagram.com\/orlandomgonzalez\/\",\"https:\/\/br.pinterest.com\/ogonzalez0530\/\",\"https:\/\/x.com\/gonzalezorlando\",\"https:\/\/www.youtube.com\/channel\/UCvFpl55btth8wjnKiSS1ibA\",\"https:\/\/radiomaringaweb.tumblr.com\/\"],\"url\":\"https:\/\/maringapost.com.br\/orlandogonzalez\/author\/orlando\/\"}]}<\/script>\n<!-- \/ Yoast SEO Premium plugin. -->","yoast_head_json":{"title":"R\u00c1DIO MARING\u00c1 - Stock Car confirma datas e locais para 2020 - Orlando Gonzalez","robots":{"index":"index","follow":"follow","max-snippet":"max-snippet:-1","max-image-preview":"max-image-preview:large","max-video-preview":"max-video-preview:-1"},"canonical":"https:\/\/maringapost.com.br\/orlandogonzalez\/2020\/09\/05\/radio-maringa-stock-car-confirma-datas-e-locais-para-2020\/","og_locale":"pt_BR","og_type":"article","og_title":"R\u00c1DIO MARING\u00c1 - Stock Car confirma datas e locais para 2020","og_description":"A Stock Car anunciou nesta sexta-feira (04\/09) as datas e locais dos pr\u00f3ximos seis dos oito encontros que a categoria realizar\u00e1 no segundo semestre de 2020. O primeiro deles ser\u00e1 em Londrina (PR), onde ser\u00e1 disputada a quarta etapa, no dia 13 de setembro. O an\u00fancio d\u00e1 sequ\u00eancia ao calend\u00e1rio da categoria, que em oito [&hellip;]","og_url":"https:\/\/maringapost.com.br\/orlandogonzalez\/2020\/09\/05\/radio-maringa-stock-car-confirma-datas-e-locais-para-2020\/","og_site_name":"Orlando Gonzalez","article_author":"https:\/\/www.facebook.com\/profile.php?id=100011095815065","article_published_time":"2020-09-05T14:47:57+00:00","article_modified_time":"2020-09-05T14:48:08+00:00","og_image":[{"width":1280,"height":852,"url":"https:\/\/maringapost.com.br\/orlandogonzalez\/wp-content\/uploads\/sites\/17\/2020\/09\/382683_945579_02_stockcar2020_dudabairros_interlagos_corridadomilhao_043359.jpg","type":"image\/jpeg"}],"author":"Orlando Gonzalez","twitter_card":"summary_large_image","twitter_creator":"@gonzalezorlando","twitter_misc":{"Escrito por":false,"Est. tempo de leitura":"3 minutos"},"schema":{"@context":"https:\/\/schema.org","@graph":[{"@type":"WebPage","@id":"https:\/\/maringapost.com.br\/orlandogonzalez\/2020\/09\/05\/radio-maringa-stock-car-confirma-datas-e-locais-para-2020\/","url":"https:\/\/maringapost.com.br\/orlandogonzalez\/2020\/09\/05\/radio-maringa-stock-car-confirma-datas-e-locais-para-2020\/","name":"R\u00c1DIO MARING\u00c1 - Stock Car confirma datas e locais para 2020 - Orlando Gonzalez","isPartOf":{"@id":"https:\/\/maringapost.com.br\/orlandogonzalez\/#website"},"primaryImageOfPage":{"@id":"https:\/\/maringapost.com.br\/orlandogonzalez\/2020\/09\/05\/radio-maringa-stock-car-confirma-datas-e-locais-para-2020\/#primaryimage"},"image":{"@id":"https:\/\/maringapost.com.br\/orlandogonzalez\/2020\/09\/05\/radio-maringa-stock-car-confirma-datas-e-locais-para-2020\/#primaryimage"},"thumbnailUrl":"https:\/\/maringapost.com.br\/orlandogonzalez\/wp-content\/uploads\/sites\/17\/2020\/09\/382683_945579_02_stockcar2020_dudabairros_interlagos_corridadomilhao_043359.jpg","datePublished":"2020-09-05T14:47:57+00:00","dateModified":"2020-09-05T14:48:08+00:00","author":{"@id":"https:\/\/maringapost.com.br\/orlandogonzalez\/#\/schema\/person\/5cbe6257d08edea6afc9ebaa613b0633"},"inLanguage":"pt-BR","potentialAction":[{"@type":"ReadAction","target":["https:\/\/maringapost.com.br\/orlandogonzalez\/2020\/09\/05\/radio-maringa-stock-car-confirma-datas-e-locais-para-2020\/"]}]},{"@type":"ImageObject","inLanguage":"pt-BR","@id":"https:\/\/maringapost.com.br\/orlandogonzalez\/2020\/09\/05\/radio-maringa-stock-car-confirma-datas-e-locais-para-2020\/#primaryimage","url":"https:\/\/maringapost.com.br\/orlandogonzalez\/wp-content\/uploads\/sites\/17\/2020\/09\/382683_945579_02_stockcar2020_dudabairros_interlagos_corridadomilhao_043359.jpg","contentUrl":"https:\/\/maringapost.com.br\/orlandogonzalez\/wp-content\/uploads\/sites\/17\/2020\/09\/382683_945579_02_stockcar2020_dudabairros_interlagos_corridadomilhao_043359.jpg","width":1280,"height":852},{"@type":"WebSite","@id":"https:\/\/maringapost.com.br\/orlandogonzalez\/#website","url":"https:\/\/maringapost.com.br\/orlandogonzalez\/","name":"Orlando Gonzalez","description":"Destaca o esporte de Maring\u00e1! Destaca o esporte do Paran\u00e1! Destaca o esporte do Brasil!","potentialAction":[{"@type":"SearchAction","target":{"@type":"EntryPoint","urlTemplate":"https:\/\/maringapost.com.br\/orlandogonzalez\/?s={search_term_string}"},"query-input":"required name=search_term_string"}],"inLanguage":"pt-BR"},{"@type":"Person","@id":"https:\/\/maringapost.com.br\/orlandogonzalez\/#\/schema\/person\/5cbe6257d08edea6afc9ebaa613b0633","name":"Orlando Gonzalez","image":{"@type":"ImageObject","inLanguage":"pt-BR","@id":"https:\/\/maringapost.com.br\/orlandogonzalez\/#\/schema\/person\/image\/","url":"https:\/\/secure.gravatar.com\/avatar\/ecef9d1c9afe5ebdafadde8369065ba5?s=96&d=mm&r=g","contentUrl":"https:\/\/secure.gravatar.com\/avatar\/ecef9d1c9afe5ebdafadde8369065ba5?s=96&d=mm&r=g","caption":"Orlando Gonzalez"},"description":"H\u00e1 29 anos na cobertura do esporte de Maring\u00e1. Plant\u00e3o e narrador esportivo. Presta\u00e7\u00e3o de assessoria de imprensa esportiva, cobertura e transmiss\u00f5es ao vivo de eventos esportivos. E-mail: orlandogonzalez.assessoria@gmail.com WhatsApp: (44) 9 9126-6119","sameAs":["http:\/\/www.radiomaringa.com.br\/","https:\/\/www.facebook.com\/profile.php?id=100011095815065","https:\/\/www.instagram.com\/orlandomgonzalez\/","https:\/\/br.pinterest.com\/ogonzalez0530\/","https:\/\/x.com\/gonzalezorlando","https:\/\/www.youtube.com\/channel\/UCvFpl55btth8wjnKiSS1ibA","https:\/\/radiomaringaweb.tumblr.com\/"],"url":"https:\/\/maringapost.com.br\/orlandogonzalez\/author\/orlando\/"}]}},"_links":{"self":[{"href":"https:\/\/maringapost.com.br\/orlandogonzalez\/wp-json\/wp\/v2\/posts\/38498"}],"collection":[{"href":"https:\/\/maringapost.com.br\/orlandogonzalez\/wp-json\/wp\/v2\/posts"}],"about":[{"href":"https:\/\/maringapost.com.br\/orlandogonzalez\/wp-json\/wp\/v2\/types\/post"}],"author":[{"embeddable":true,"href":"https:\/\/maringapost.com.br\/orlandogonzalez\/wp-json\/wp\/v2\/users\/6307"}],"replies":[{"embeddable":true,"href":"https:\/\/maringapost.com.br\/orlandogonzalez\/wp-json\/wp\/v2\/comments?post=38498"}],"version-history":[{"count":1,"href":"https:\/\/maringapost.com.br\/orlandogonzalez\/wp-json\/wp\/v2\/posts\/38498\/revisions"}],"predecessor-version":[{"id":38500,"href":"https:\/\/maringapost.com.br\/orlandogonzalez\/wp-json\/wp\/v2\/posts\/38498\/revisions\/38500"}],"wp:featuredmedia":[{"embeddable":true,"href":"https:\/\/maringapost.com.br\/orlandogonzalez\/wp-json\/wp\/v2\/media\/38499"}],"wp:attachment":[{"href":"https:\/\/maringapost.com.br\/orlandogonzalez\/wp-json\/wp\/v2\/media?parent=38498"}],"wp:term":[{"taxonomy":"category","embeddable":true,"href":"https:\/\/maringapost.com.br\/orlandogonzalez\/wp-json\/wp\/v2\/categories?post=38498"},{"taxonomy":"post_tag","embeddable":true,"href":"https:\/\/maringapost.com.br\/orlandogonzalez\/wp-json\/wp\/v2\/tags?post=38498"}],"curies":[{"name":"wp","href":"https:\/\/api.w.org\/{rel}","templated":true}]}}