{"id":38492,"date":"2020-08-31T11:13:07","date_gmt":"2020-08-31T14:13:07","guid":{"rendered":"http:\/\/maringapost.com.br\/orlandogonzalez\/?p=38492"},"modified":"2020-08-31T11:13:18","modified_gmt":"2020-08-31T14:13:18","slug":"radio-maringa-jojo-de-olivenca-e-candidato-a-presidencia-da-cbsurf","status":"publish","type":"post","link":"https:\/\/maringapost.com.br\/orlandogonzalez\/2020\/08\/31\/radio-maringa-jojo-de-olivenca-e-candidato-a-presidencia-da-cbsurf\/","title":{"rendered":"R\u00c1DIO MARING\u00c1 &#8211; Joj\u00f3 de Oliven\u00e7a \u00e9 candidato \u00e0 presid\u00eancia da CBSurf"},"content":{"rendered":"<p>Bicampe\u00e3o brasileiro, e diretor da ONG Projeto Ondas, no Guaruj\u00e1 (SP), Joj\u00f3 de Oliven\u00e7a tentar\u00e1 pela primeira vez um cargo eletivo e conta com um apoio de um seleto grupo de surfistas e pessoas envolvidas com a modalidade.<\/p>\n<p><a href=\"http:\/\/www.radiomaringa.com.br\" target=\"_blank\" rel=\"noopener noreferrer\"><img loading=\"lazy\" decoding=\"async\" class=\"alignnone wp-image-38427 size-full\" src=\"https:\/\/maringapost.com.br\/orlandogonzalez\/wp-content\/uploads\/sites\/17\/2020\/08\/Logo_RadioMaringa2-3-5.jpg\" alt=\"\" width=\"978\" height=\"231\" srcset=\"https:\/\/maringapost.com.br\/orlandogonzalez\/wp-content\/uploads\/sites\/17\/2020\/08\/Logo_RadioMaringa2-3-5.jpg 978w, https:\/\/maringapost.com.br\/orlandogonzalez\/wp-content\/uploads\/sites\/17\/2020\/08\/Logo_RadioMaringa2-3-5-300x71.jpg 300w, https:\/\/maringapost.com.br\/orlandogonzalez\/wp-content\/uploads\/sites\/17\/2020\/08\/Logo_RadioMaringa2-3-5-768x181.jpg 768w, https:\/\/maringapost.com.br\/orlandogonzalez\/wp-content\/uploads\/sites\/17\/2020\/08\/Logo_RadioMaringa2-3-5-696x164.jpg 696w\" sizes=\"(max-width: 978px) 100vw, 978px\" \/><\/a><\/p>\n<p>O Brasil \u00e9 o terceiro maior mercado do surf no mundo, contudo est\u00e1 longe de ser um dos mais estruturados. E para mudar esta situa\u00e7\u00e3o e trazer uma nova perspectiva de futuro para o esporte no Brasil que o baiano Joj\u00f3 de Oliven\u00e7a, bicampe\u00e3o brasileiro em 1988 e 1992, decidiu lan\u00e7ar sua candidatura e concorrer ao pleito que definir\u00e1 o novo presidente da CBSurf, em data a ser agendada pela entidade.<\/p>\n<p>E para potencializar a gest\u00e3o de um dos esportes mais tradicionais no pa\u00eds, o ex-top do WCT Joj\u00f3 de Oliven\u00e7a conta com o apoio de um seleto grupo de surfistas e profissionais ligados ao surf, composta por Luiz Henrique Campos \u201cPinga\u201d, Marcelo Andrade, Evandro Abreu, Fred Leite, Carlos Gianotti e Marcio Monteiro.<\/p>\n<p>Como \u2018cabe\u00e7a\u2019 de chapa, ao lado de Joj\u00f3, est\u00e1 o decacampe\u00e3o capixaba, ex-presidente da Federa\u00e7\u00e3o de surf do Espirito Santo (FESURF) e fundador da Associa\u00e7\u00e3o Brasileira de Surf Profissional (ABRASP), Nelson Ferreira, que ser\u00e1 o vice-presidente da chapa. \u201cEste \u00e9 um momento de reconstru\u00e7\u00e3o do surf no pa\u00eds e isso s\u00f3 ser\u00e1 poss\u00edvel com uma gest\u00e3o respons\u00e1vel e transparente, que ter\u00e1 a responsabilidade de organizar desde os processos e estruturas internas, at\u00e9 o gerenciamento e desenvolvimento das categorias de base visando garantir o futuro do esporte\u201d, explica Joj\u00f3.<\/p>\n<p>Outro nome de peso do grupo \u00e9 o de Juca de Barros, Diretor Regional \u2013 Sul\/ Sudeste, presidente da CBSurf de 2002 a 2009, considerada uma das melhores gest\u00f5es da hist\u00f3ria da entidade. \u00c9poca em que a entidede foi recebida pelo COB e Minist\u00e9rio do Esporte com o reconhecimento devido \u00e0 organiza\u00e7\u00e3o administrativa e esportiva.<\/p>\n<p>Projeto Surfa Brasil<\/p>\n<p>O grupo j\u00e1 trabalha desde mar\u00e7o para implementar ideias e projetos para o crescimento do surf, pensando na reestrutura\u00e7\u00e3o e organiza\u00e7\u00e3o da entidade, otimiza\u00e7\u00e3o dos custos da CBSurf e padronizando a organiza\u00e7\u00e3o dos eventos realizados pela confedera\u00e7\u00e3o.<\/p>\n<p>No plano de gest\u00e3o est\u00e3o inclusos a forma\u00e7\u00e3o e contrata\u00e7\u00e3o de profissionais capacitados para o quadro interno da entidade, o estabelecimento de um plano de metas a curto, m\u00e9dio e longo prazo, projetos para reestrutura\u00e7\u00e3o de todas as entidades ligadas \u00e0 CBSurf e cria\u00e7\u00e3o de um cadastro nacional de surf, para atletas, comiss\u00e3o t\u00e9cnica, dirigentes, treinadores, professor e ind\u00fastria.<\/p>\n<p>Existe ainda uma s\u00e9rie de propostas especiais, como a cria\u00e7\u00e3o de n\u00facleos para jovens de 10 a 17 anos e de oportunidade de capacita\u00e7\u00e3o para ex-atletas em um plano p\u00f3s-carreira. O grupo tamb\u00e9m est\u00e1 atento \u00e0s necessidades de se desenvolver parcerias socioambientais com entidades como WWF, Parley, Projeto Tamar etc.<\/p>\n<p>A ideia do Projeto Surfa Brasil \u00e9 determinar projetos que possam intensificar as modalidades de surf feminino, stand-up paddle e longboard.<\/p>\n<p>A chapa ainda possui propostas de realizar eventos como do amador ao profissional at\u00e9 o m\u00e1ster, buscar parcerias privadas e receitas atrav\u00e9s da negocia\u00e7\u00e3o de propriedades, cria\u00e7\u00e3o de canais de comunica\u00e7\u00e3o efetivos, transmiss\u00e3o dos eventos nacionais e gera\u00e7\u00e3o de conte\u00fado pr\u00f3prio.<\/p>\n<p>Conhe\u00e7a os integrantes da chapa Projeto #SurfaBrasil<\/p>\n<p>Joj\u00f3 de Oliven\u00e7a \u2013 Presidente<\/p>\n<p>Nelson Ferreira \u2013 Vice-Presidente<\/p>\n<p>Luiz Henrique Campos \u201cPinga\u201d \u2013 Diretor de Desenvolvimento e Alto Rendimento<\/p>\n<p>Fred Leite \u2013 Diretor Institucional<\/p>\n<p>Alexandre Beka \u2013 Diretor Jur\u00eddico<\/p>\n<p>Carlos Gianotti \u2013 Diretor de Desenvolvimento Educacional<\/p>\n<p>Evandro Abreu \u2013 Diretor de Marketing<\/p>\n<p>Karina Abras \u2013 Diretora de Surf Feminino<\/p>\n<p>Marcio Monteiro \u2013 Diretor T\u00e9cnico<\/p>\n<p>Marcelo Andrade \u2013 Diretor de Provas<\/p>\n<p>Juca de Barros \u2013 Diretor Regional \u2013 Sul\/Sudeste<\/p>\n<p>Armando Diniz \u2013 Diretor Regional \u2013 Norte\/Nordeste<br \/>\n(Assessoria)<\/p>\n","protected":false},"excerpt":{"rendered":"<p>Bicampe\u00e3o brasileiro, e diretor da ONG Projeto Ondas, no Guaruj\u00e1 (SP), Joj\u00f3 de Oliven\u00e7a tentar\u00e1 pela primeira vez um cargo eletivo e conta com um apoio de um seleto grupo de surfistas e pessoas envolvidas com a modalidade. O Brasil \u00e9 o terceiro maior mercado do surf no mundo, contudo est\u00e1 longe de ser um [&hellip;]<\/p>\n","protected":false},"author":6307,"featured_media":38493,"comment_status":"closed","ping_status":"open","sticky":false,"template":"","format":"standard","meta":{"_exactmetrics_skip_tracking":false,"_exactmetrics_sitenote_active":false,"_exactmetrics_sitenote_note":"","_exactmetrics_sitenote_category":0,"footnotes":""},"categories":[7995],"tags":[47,13419],"yoast_head":"<!-- This site is optimized with the Yoast SEO Premium plugin v22.7 (Yoast SEO v22.7) - https:\/\/yoast.com\/wordpress\/plugins\/seo\/ -->\n<title>R\u00c1DIO MARING\u00c1 - Joj\u00f3 de Oliven\u00e7a \u00e9 candidato \u00e0 presid\u00eancia da CBSurf - Orlando Gonzalez<\/title>\n<meta name=\"robots\" content=\"index, follow, max-snippet:-1, max-image-preview:large, max-video-preview:-1\" \/>\n<link rel=\"canonical\" href=\"https:\/\/maringapost.com.br\/orlandogonzalez\/2020\/08\/31\/radio-maringa-jojo-de-olivenca-e-candidato-a-presidencia-da-cbsurf\/\" \/>\n<meta property=\"og:locale\" content=\"pt_BR\" \/>\n<meta property=\"og:type\" content=\"article\" \/>\n<meta property=\"og:title\" content=\"R\u00c1DIO MARING\u00c1 - Joj\u00f3 de Oliven\u00e7a \u00e9 candidato \u00e0 presid\u00eancia da CBSurf\" \/>\n<meta property=\"og:description\" content=\"Bicampe\u00e3o brasileiro, e diretor da ONG Projeto Ondas, no Guaruj\u00e1 (SP), Joj\u00f3 de Oliven\u00e7a tentar\u00e1 pela primeira vez um cargo eletivo e conta com um apoio de um seleto grupo de surfistas e pessoas envolvidas com a modalidade. O Brasil \u00e9 o terceiro maior mercado do surf no mundo, contudo est\u00e1 longe de ser um [&hellip;]\" \/>\n<meta property=\"og:url\" content=\"https:\/\/maringapost.com.br\/orlandogonzalez\/2020\/08\/31\/radio-maringa-jojo-de-olivenca-e-candidato-a-presidencia-da-cbsurf\/\" \/>\n<meta property=\"og:site_name\" content=\"Orlando Gonzalez\" \/>\n<meta property=\"article:author\" content=\"https:\/\/www.facebook.com\/profile.php?id=100011095815065\" \/>\n<meta property=\"article:published_time\" content=\"2020-08-31T14:13:07+00:00\" \/>\n<meta property=\"article:modified_time\" content=\"2020-08-31T14:13:18+00:00\" \/>\n<meta property=\"og:image\" content=\"https:\/\/maringapost.com.br\/orlandogonzalez\/wp-content\/uploads\/sites\/17\/2020\/08\/jojo.jpg\" \/>\n\t<meta property=\"og:image:width\" content=\"1200\" \/>\n\t<meta property=\"og:image:height\" content=\"800\" \/>\n\t<meta property=\"og:image:type\" content=\"image\/jpeg\" \/>\n<meta name=\"author\" content=\"Orlando Gonzalez\" \/>\n<meta name=\"twitter:card\" content=\"summary_large_image\" \/>\n<meta name=\"twitter:creator\" content=\"@gonzalezorlando\" \/>\n<meta name=\"twitter:label1\" content=\"Escrito por\" \/>\n\t<meta name=\"twitter:data1\" content=\"\" \/>\n\t<meta name=\"twitter:label2\" content=\"Est. tempo de leitura\" \/>\n\t<meta name=\"twitter:data2\" content=\"3 minutos\" \/>\n<script type=\"application\/ld+json\" class=\"yoast-schema-graph\">{\"@context\":\"https:\/\/schema.org\",\"@graph\":[{\"@type\":\"WebPage\",\"@id\":\"https:\/\/maringapost.com.br\/orlandogonzalez\/2020\/08\/31\/radio-maringa-jojo-de-olivenca-e-candidato-a-presidencia-da-cbsurf\/\",\"url\":\"https:\/\/maringapost.com.br\/orlandogonzalez\/2020\/08\/31\/radio-maringa-jojo-de-olivenca-e-candidato-a-presidencia-da-cbsurf\/\",\"name\":\"R\u00c1DIO MARING\u00c1 - Joj\u00f3 de Oliven\u00e7a \u00e9 candidato \u00e0 presid\u00eancia da CBSurf - Orlando Gonzalez\",\"isPartOf\":{\"@id\":\"https:\/\/maringapost.com.br\/orlandogonzalez\/#website\"},\"primaryImageOfPage\":{\"@id\":\"https:\/\/maringapost.com.br\/orlandogonzalez\/2020\/08\/31\/radio-maringa-jojo-de-olivenca-e-candidato-a-presidencia-da-cbsurf\/#primaryimage\"},\"image\":{\"@id\":\"https:\/\/maringapost.com.br\/orlandogonzalez\/2020\/08\/31\/radio-maringa-jojo-de-olivenca-e-candidato-a-presidencia-da-cbsurf\/#primaryimage\"},\"thumbnailUrl\":\"https:\/\/maringapost.com.br\/orlandogonzalez\/wp-content\/uploads\/sites\/17\/2020\/08\/jojo.jpg\",\"datePublished\":\"2020-08-31T14:13:07+00:00\",\"dateModified\":\"2020-08-31T14:13:18+00:00\",\"author\":{\"@id\":\"https:\/\/maringapost.com.br\/orlandogonzalez\/#\/schema\/person\/5cbe6257d08edea6afc9ebaa613b0633\"},\"inLanguage\":\"pt-BR\",\"potentialAction\":[{\"@type\":\"ReadAction\",\"target\":[\"https:\/\/maringapost.com.br\/orlandogonzalez\/2020\/08\/31\/radio-maringa-jojo-de-olivenca-e-candidato-a-presidencia-da-cbsurf\/\"]}]},{\"@type\":\"ImageObject\",\"inLanguage\":\"pt-BR\",\"@id\":\"https:\/\/maringapost.com.br\/orlandogonzalez\/2020\/08\/31\/radio-maringa-jojo-de-olivenca-e-candidato-a-presidencia-da-cbsurf\/#primaryimage\",\"url\":\"https:\/\/maringapost.com.br\/orlandogonzalez\/wp-content\/uploads\/sites\/17\/2020\/08\/jojo.jpg\",\"contentUrl\":\"https:\/\/maringapost.com.br\/orlandogonzalez\/wp-content\/uploads\/sites\/17\/2020\/08\/jojo.jpg\",\"width\":1200,\"height\":800},{\"@type\":\"WebSite\",\"@id\":\"https:\/\/maringapost.com.br\/orlandogonzalez\/#website\",\"url\":\"https:\/\/maringapost.com.br\/orlandogonzalez\/\",\"name\":\"Orlando Gonzalez\",\"description\":\"Destaca o esporte de Maring\u00e1! Destaca o esporte do Paran\u00e1! Destaca o esporte do Brasil!\",\"potentialAction\":[{\"@type\":\"SearchAction\",\"target\":{\"@type\":\"EntryPoint\",\"urlTemplate\":\"https:\/\/maringapost.com.br\/orlandogonzalez\/?s={search_term_string}\"},\"query-input\":\"required name=search_term_string\"}],\"inLanguage\":\"pt-BR\"},{\"@type\":\"Person\",\"@id\":\"https:\/\/maringapost.com.br\/orlandogonzalez\/#\/schema\/person\/5cbe6257d08edea6afc9ebaa613b0633\",\"name\":\"Orlando Gonzalez\",\"image\":{\"@type\":\"ImageObject\",\"inLanguage\":\"pt-BR\",\"@id\":\"https:\/\/maringapost.com.br\/orlandogonzalez\/#\/schema\/person\/image\/\",\"url\":\"https:\/\/secure.gravatar.com\/avatar\/ecef9d1c9afe5ebdafadde8369065ba5?s=96&d=mm&r=g\",\"contentUrl\":\"https:\/\/secure.gravatar.com\/avatar\/ecef9d1c9afe5ebdafadde8369065ba5?s=96&d=mm&r=g\",\"caption\":\"Orlando Gonzalez\"},\"description\":\"H\u00e1 29 anos na cobertura do esporte de Maring\u00e1. Plant\u00e3o e narrador esportivo. Presta\u00e7\u00e3o de assessoria de imprensa esportiva, cobertura e transmiss\u00f5es ao vivo de eventos esportivos. E-mail: orlandogonzalez.assessoria@gmail.com WhatsApp: (44) 9 9126-6119\",\"sameAs\":[\"http:\/\/www.radiomaringa.com.br\/\",\"https:\/\/www.facebook.com\/profile.php?id=100011095815065\",\"https:\/\/www.instagram.com\/orlandomgonzalez\/\",\"https:\/\/br.pinterest.com\/ogonzalez0530\/\",\"https:\/\/x.com\/gonzalezorlando\",\"https:\/\/www.youtube.com\/channel\/UCvFpl55btth8wjnKiSS1ibA\",\"https:\/\/radiomaringaweb.tumblr.com\/\"],\"url\":\"https:\/\/maringapost.com.br\/orlandogonzalez\/author\/orlando\/\"}]}<\/script>\n<!-- \/ Yoast SEO Premium plugin. -->","yoast_head_json":{"title":"R\u00c1DIO MARING\u00c1 - Joj\u00f3 de Oliven\u00e7a \u00e9 candidato \u00e0 presid\u00eancia da CBSurf - Orlando Gonzalez","robots":{"index":"index","follow":"follow","max-snippet":"max-snippet:-1","max-image-preview":"max-image-preview:large","max-video-preview":"max-video-preview:-1"},"canonical":"https:\/\/maringapost.com.br\/orlandogonzalez\/2020\/08\/31\/radio-maringa-jojo-de-olivenca-e-candidato-a-presidencia-da-cbsurf\/","og_locale":"pt_BR","og_type":"article","og_title":"R\u00c1DIO MARING\u00c1 - Joj\u00f3 de Oliven\u00e7a \u00e9 candidato \u00e0 presid\u00eancia da CBSurf","og_description":"Bicampe\u00e3o brasileiro, e diretor da ONG Projeto Ondas, no Guaruj\u00e1 (SP), Joj\u00f3 de Oliven\u00e7a tentar\u00e1 pela primeira vez um cargo eletivo e conta com um apoio de um seleto grupo de surfistas e pessoas envolvidas com a modalidade. O Brasil \u00e9 o terceiro maior mercado do surf no mundo, contudo est\u00e1 longe de ser um [&hellip;]","og_url":"https:\/\/maringapost.com.br\/orlandogonzalez\/2020\/08\/31\/radio-maringa-jojo-de-olivenca-e-candidato-a-presidencia-da-cbsurf\/","og_site_name":"Orlando Gonzalez","article_author":"https:\/\/www.facebook.com\/profile.php?id=100011095815065","article_published_time":"2020-08-31T14:13:07+00:00","article_modified_time":"2020-08-31T14:13:18+00:00","og_image":[{"width":1200,"height":800,"url":"https:\/\/maringapost.com.br\/orlandogonzalez\/wp-content\/uploads\/sites\/17\/2020\/08\/jojo.jpg","type":"image\/jpeg"}],"author":"Orlando Gonzalez","twitter_card":"summary_large_image","twitter_creator":"@gonzalezorlando","twitter_misc":{"Escrito por":false,"Est. tempo de leitura":"3 minutos"},"schema":{"@context":"https:\/\/schema.org","@graph":[{"@type":"WebPage","@id":"https:\/\/maringapost.com.br\/orlandogonzalez\/2020\/08\/31\/radio-maringa-jojo-de-olivenca-e-candidato-a-presidencia-da-cbsurf\/","url":"https:\/\/maringapost.com.br\/orlandogonzalez\/2020\/08\/31\/radio-maringa-jojo-de-olivenca-e-candidato-a-presidencia-da-cbsurf\/","name":"R\u00c1DIO MARING\u00c1 - Joj\u00f3 de Oliven\u00e7a \u00e9 candidato \u00e0 presid\u00eancia da CBSurf - Orlando Gonzalez","isPartOf":{"@id":"https:\/\/maringapost.com.br\/orlandogonzalez\/#website"},"primaryImageOfPage":{"@id":"https:\/\/maringapost.com.br\/orlandogonzalez\/2020\/08\/31\/radio-maringa-jojo-de-olivenca-e-candidato-a-presidencia-da-cbsurf\/#primaryimage"},"image":{"@id":"https:\/\/maringapost.com.br\/orlandogonzalez\/2020\/08\/31\/radio-maringa-jojo-de-olivenca-e-candidato-a-presidencia-da-cbsurf\/#primaryimage"},"thumbnailUrl":"https:\/\/maringapost.com.br\/orlandogonzalez\/wp-content\/uploads\/sites\/17\/2020\/08\/jojo.jpg","datePublished":"2020-08-31T14:13:07+00:00","dateModified":"2020-08-31T14:13:18+00:00","author":{"@id":"https:\/\/maringapost.com.br\/orlandogonzalez\/#\/schema\/person\/5cbe6257d08edea6afc9ebaa613b0633"},"inLanguage":"pt-BR","potentialAction":[{"@type":"ReadAction","target":["https:\/\/maringapost.com.br\/orlandogonzalez\/2020\/08\/31\/radio-maringa-jojo-de-olivenca-e-candidato-a-presidencia-da-cbsurf\/"]}]},{"@type":"ImageObject","inLanguage":"pt-BR","@id":"https:\/\/maringapost.com.br\/orlandogonzalez\/2020\/08\/31\/radio-maringa-jojo-de-olivenca-e-candidato-a-presidencia-da-cbsurf\/#primaryimage","url":"https:\/\/maringapost.com.br\/orlandogonzalez\/wp-content\/uploads\/sites\/17\/2020\/08\/jojo.jpg","contentUrl":"https:\/\/maringapost.com.br\/orlandogonzalez\/wp-content\/uploads\/sites\/17\/2020\/08\/jojo.jpg","width":1200,"height":800},{"@type":"WebSite","@id":"https:\/\/maringapost.com.br\/orlandogonzalez\/#website","url":"https:\/\/maringapost.com.br\/orlandogonzalez\/","name":"Orlando Gonzalez","description":"Destaca o esporte de Maring\u00e1! Destaca o esporte do Paran\u00e1! Destaca o esporte do Brasil!","potentialAction":[{"@type":"SearchAction","target":{"@type":"EntryPoint","urlTemplate":"https:\/\/maringapost.com.br\/orlandogonzalez\/?s={search_term_string}"},"query-input":"required name=search_term_string"}],"inLanguage":"pt-BR"},{"@type":"Person","@id":"https:\/\/maringapost.com.br\/orlandogonzalez\/#\/schema\/person\/5cbe6257d08edea6afc9ebaa613b0633","name":"Orlando Gonzalez","image":{"@type":"ImageObject","inLanguage":"pt-BR","@id":"https:\/\/maringapost.com.br\/orlandogonzalez\/#\/schema\/person\/image\/","url":"https:\/\/secure.gravatar.com\/avatar\/ecef9d1c9afe5ebdafadde8369065ba5?s=96&d=mm&r=g","contentUrl":"https:\/\/secure.gravatar.com\/avatar\/ecef9d1c9afe5ebdafadde8369065ba5?s=96&d=mm&r=g","caption":"Orlando Gonzalez"},"description":"H\u00e1 29 anos na cobertura do esporte de Maring\u00e1. Plant\u00e3o e narrador esportivo. Presta\u00e7\u00e3o de assessoria de imprensa esportiva, cobertura e transmiss\u00f5es ao vivo de eventos esportivos. E-mail: orlandogonzalez.assessoria@gmail.com WhatsApp: (44) 9 9126-6119","sameAs":["http:\/\/www.radiomaringa.com.br\/","https:\/\/www.facebook.com\/profile.php?id=100011095815065","https:\/\/www.instagram.com\/orlandomgonzalez\/","https:\/\/br.pinterest.com\/ogonzalez0530\/","https:\/\/x.com\/gonzalezorlando","https:\/\/www.youtube.com\/channel\/UCvFpl55btth8wjnKiSS1ibA","https:\/\/radiomaringaweb.tumblr.com\/"],"url":"https:\/\/maringapost.com.br\/orlandogonzalez\/author\/orlando\/"}]}},"_links":{"self":[{"href":"https:\/\/maringapost.com.br\/orlandogonzalez\/wp-json\/wp\/v2\/posts\/38492"}],"collection":[{"href":"https:\/\/maringapost.com.br\/orlandogonzalez\/wp-json\/wp\/v2\/posts"}],"about":[{"href":"https:\/\/maringapost.com.br\/orlandogonzalez\/wp-json\/wp\/v2\/types\/post"}],"author":[{"embeddable":true,"href":"https:\/\/maringapost.com.br\/orlandogonzalez\/wp-json\/wp\/v2\/users\/6307"}],"replies":[{"embeddable":true,"href":"https:\/\/maringapost.com.br\/orlandogonzalez\/wp-json\/wp\/v2\/comments?post=38492"}],"version-history":[{"count":1,"href":"https:\/\/maringapost.com.br\/orlandogonzalez\/wp-json\/wp\/v2\/posts\/38492\/revisions"}],"predecessor-version":[{"id":38494,"href":"https:\/\/maringapost.com.br\/orlandogonzalez\/wp-json\/wp\/v2\/posts\/38492\/revisions\/38494"}],"wp:featuredmedia":[{"embeddable":true,"href":"https:\/\/maringapost.com.br\/orlandogonzalez\/wp-json\/wp\/v2\/media\/38493"}],"wp:attachment":[{"href":"https:\/\/maringapost.com.br\/orlandogonzalez\/wp-json\/wp\/v2\/media?parent=38492"}],"wp:term":[{"taxonomy":"category","embeddable":true,"href":"https:\/\/maringapost.com.br\/orlandogonzalez\/wp-json\/wp\/v2\/categories?post=38492"},{"taxonomy":"post_tag","embeddable":true,"href":"https:\/\/maringapost.com.br\/orlandogonzalez\/wp-json\/wp\/v2\/tags?post=38492"}],"curies":[{"name":"wp","href":"https:\/\/api.w.org\/{rel}","templated":true}]}}