{"id":38431,"date":"2020-08-30T16:31:44","date_gmt":"2020-08-30T19:31:44","guid":{"rendered":"http:\/\/maringapost.com.br\/orlandogonzalez\/?p=38431"},"modified":"2020-08-30T16:58:42","modified_gmt":"2020-08-30T19:58:42","slug":"radio-maringa-apos-treinos-na-europa-nadadora-viviane-jungblut-retorna-ao-brasil","status":"publish","type":"post","link":"https:\/\/maringapost.com.br\/orlandogonzalez\/2020\/08\/30\/radio-maringa-apos-treinos-na-europa-nadadora-viviane-jungblut-retorna-ao-brasil\/","title":{"rendered":"R\u00c1DIO MARING\u00c1 &#8211; Ap\u00f3s treinos na Europa, nadadora Viviane Jungblut retorna ao Brasil"},"content":{"rendered":"<p>A nadadora ga\u00facha Viviane Jungblut retorna ao Brasil neste domingo (30) ap\u00f3s tr\u00eas semanas de atividades na Europa, como parte do programa Miss\u00e3o Europa, no qual o Comit\u00ea Ol\u00edmpico do Brasil (COB) levou atletas para realizar treinos no Velho Continente.<\/p>\n<p><a href=\"http:\/\/www.radiomaringa.com.br\" target=\"_blank\" rel=\"noopener noreferrer\"><img loading=\"lazy\" decoding=\"async\" class=\"alignnone wp-image-38427 size-full\" src=\"https:\/\/maringapost.com.br\/orlandogonzalez\/wp-content\/uploads\/sites\/17\/2020\/08\/Logo_RadioMaringa2-3-5.jpg\" alt=\"\" width=\"978\" height=\"231\" srcset=\"https:\/\/maringapost.com.br\/orlandogonzalez\/wp-content\/uploads\/sites\/17\/2020\/08\/Logo_RadioMaringa2-3-5.jpg 978w, https:\/\/maringapost.com.br\/orlandogonzalez\/wp-content\/uploads\/sites\/17\/2020\/08\/Logo_RadioMaringa2-3-5-300x71.jpg 300w, https:\/\/maringapost.com.br\/orlandogonzalez\/wp-content\/uploads\/sites\/17\/2020\/08\/Logo_RadioMaringa2-3-5-768x181.jpg 768w, https:\/\/maringapost.com.br\/orlandogonzalez\/wp-content\/uploads\/sites\/17\/2020\/08\/Logo_RadioMaringa2-3-5-696x164.jpg 696w\" sizes=\"(max-width: 978px) 100vw, 978px\" \/><\/a><\/p>\n<p>Neste per\u00edodo ela teve a oportunidade de treinar com outros atletas, o que considerou muito positivo: \u201cEstar em contato com a sele\u00e7\u00e3o foi bem positivo. Fizemos alguns trabalhos com todo o grupo. Foi bom. Mas o principal foi a chance de voltar a competir. Fazia seis meses que n\u00e3o sentia esse clima\u201d, diz a nadadora do Gr\u00eamio N\u00e1utico Uni\u00e3o.<\/p>\n<p>Viviane foi um dos destaques da equipe verde e amarela no Open de Loul\u00e9 (Portugal), disputado entre os dias 14 e 16 de agosto. O principal resultado dela veio na prova dos 1.500 metros livre. Fechou a prova com o tempo de 16min27s31, quase cinco segundos abaixo do \u00edndice ol\u00edmpico (16min32s04). \u201cO resultado foi bem legal. Durante a quarentena, fiquei muito tempo fora da \u00e1gua. Voltar dessa forma foi um motivo a ser comemorado. Estar nadando com outras meninas de um n\u00edvel bom tamb\u00e9m foi algo bem positivo. Isso me ajudou bastante\u201d.<\/p>\n<p>Se fosse um torneio oficial, esse tempo daria \u00e0 brasileira a vaga para os Jogos de T\u00f3quio. Por\u00e9m, a seletiva ol\u00edmpica nacional acontece em abril de 2021 no Parque Aqu\u00e1tico Maria Lenk, no Rio de Janeiro. \u201cO grande objetivo \u00e9 repetir ou at\u00e9 melhorar essa marca no ano que vem, mas foi um passo a mais. Sem d\u00favida, foi minha segunda melhor marca\u201d, comemorou.<\/p>\n<p>O melhor tempo da nadadora nos 1.500 metros \u00e9 16min22s48, obtido em 2017 durante a Univers\u00edade (Jogos Mundiais Universit\u00e1rios) de Taipei (Taiwan). \u201cAntes, estava focando na prova dos 10 km. Mas agora meu objetivo \u00e9 total nos 1.500 metros. Estou trabalhando com meu t\u00e9cnico, Christiano Klaser, para melhorar a t\u00e9cnica e o fundamento da virada. O neg\u00f3cio \u00e9 ganhar um pouco a cada virada e segurar o ritmo durante a prova\u201d, diz Viviane.<\/p>\n<p>\u00danica melhor do grupo<br \/>\nViviane foi a \u00fanica mulher a fazer parte da sele\u00e7\u00e3o brasileira de nata\u00e7\u00e3o durante a Miss\u00e3o Europa. \u00c9 importante lembrar que Etiene Medeiros foi convidada, mas abriu m\u00e3o por ser do grupo de risco da covid-19, pois tem asma.<\/p>\n<p>Para a ga\u00facha, o principal foco das nadadoras deve ser sempre o resultado: \u201cEssa uni\u00e3o das mulheres \u00e9 muito positiva. Vejo que o principal objetivo das mulheres atletas deve ser sempre conseguir o \u00edndice e estar na Olimp\u00edada\u201d. No entanto, ela pede mais cuidado com a base: \u201cSei que a nata\u00e7\u00e3o feminina, infelizmente, n\u00e3o vive um bom momento. No ano passado, no Mundial, s\u00f3 a Etiene e eu participamos. Acredito que uma aten\u00e7\u00e3o maior, um trabalho mais estruturado focando a base, seja extremamente necess\u00e1rio. Justamente de gente disposta a se envolver nesse processo desde cedo\u201d, encerrou.<br \/>\n(Texto: Juliano Justo\/Ag\u00eancia Brasil. Foto: Satiro Sodr\u00e9\/SSPress\/CBDA)<\/p>\n","protected":false},"excerpt":{"rendered":"<p>A nadadora ga\u00facha Viviane Jungblut retorna ao Brasil neste domingo (30) ap\u00f3s tr\u00eas semanas de atividades na Europa, como parte do programa Miss\u00e3o Europa, no qual o Comit\u00ea Ol\u00edmpico do Brasil (COB) levou atletas para realizar treinos no Velho Continente. Neste per\u00edodo ela teve a oportunidade de treinar com outros atletas, o que considerou muito [&hellip;]<\/p>\n","protected":false},"author":6307,"featured_media":38432,"comment_status":"closed","ping_status":"open","sticky":false,"template":"","format":"standard","meta":{"_exactmetrics_skip_tracking":false,"_exactmetrics_sitenote_active":false,"_exactmetrics_sitenote_note":"","_exactmetrics_sitenote_category":0,"footnotes":""},"categories":[1052],"tags":[7334,47],"yoast_head":"<!-- This site is optimized with the Yoast SEO Premium plugin v22.7 (Yoast SEO v22.7) - https:\/\/yoast.com\/wordpress\/plugins\/seo\/ -->\n<title>R\u00c1DIO MARING\u00c1 - Ap\u00f3s treinos na Europa, nadadora Viviane Jungblut retorna ao Brasil - Orlando Gonzalez<\/title>\n<meta name=\"robots\" content=\"index, follow, max-snippet:-1, max-image-preview:large, max-video-preview:-1\" \/>\n<link rel=\"canonical\" href=\"https:\/\/maringapost.com.br\/orlandogonzalez\/2020\/08\/30\/radio-maringa-apos-treinos-na-europa-nadadora-viviane-jungblut-retorna-ao-brasil\/\" \/>\n<meta property=\"og:locale\" content=\"pt_BR\" \/>\n<meta property=\"og:type\" content=\"article\" \/>\n<meta property=\"og:title\" content=\"R\u00c1DIO MARING\u00c1 - Ap\u00f3s treinos na Europa, nadadora Viviane Jungblut retorna ao Brasil\" \/>\n<meta property=\"og:description\" content=\"A nadadora ga\u00facha Viviane Jungblut retorna ao Brasil neste domingo (30) ap\u00f3s tr\u00eas semanas de atividades na Europa, como parte do programa Miss\u00e3o Europa, no qual o Comit\u00ea Ol\u00edmpico do Brasil (COB) levou atletas para realizar treinos no Velho Continente. Neste per\u00edodo ela teve a oportunidade de treinar com outros atletas, o que considerou muito [&hellip;]\" \/>\n<meta property=\"og:url\" content=\"https:\/\/maringapost.com.br\/orlandogonzalez\/2020\/08\/30\/radio-maringa-apos-treinos-na-europa-nadadora-viviane-jungblut-retorna-ao-brasil\/\" \/>\n<meta property=\"og:site_name\" content=\"Orlando Gonzalez\" \/>\n<meta property=\"article:author\" content=\"https:\/\/www.facebook.com\/profile.php?id=100011095815065\" \/>\n<meta property=\"article:published_time\" content=\"2020-08-30T19:31:44+00:00\" \/>\n<meta property=\"article:modified_time\" content=\"2020-08-30T19:58:42+00:00\" \/>\n<meta property=\"og:image\" content=\"https:\/\/maringapost.com.br\/orlandogonzalez\/wp-content\/uploads\/sites\/17\/2020\/08\/viviane_natacao.jpg\" \/>\n\t<meta property=\"og:image:width\" content=\"1170\" \/>\n\t<meta property=\"og:image:height\" content=\"700\" \/>\n\t<meta property=\"og:image:type\" content=\"image\/jpeg\" \/>\n<meta name=\"author\" content=\"Orlando Gonzalez\" \/>\n<meta name=\"twitter:card\" content=\"summary_large_image\" \/>\n<meta name=\"twitter:creator\" content=\"@gonzalezorlando\" \/>\n<meta name=\"twitter:label1\" content=\"Escrito por\" \/>\n\t<meta name=\"twitter:data1\" content=\"\" \/>\n\t<meta name=\"twitter:label2\" content=\"Est. tempo de leitura\" \/>\n\t<meta name=\"twitter:data2\" content=\"3 minutos\" \/>\n<script type=\"application\/ld+json\" class=\"yoast-schema-graph\">{\"@context\":\"https:\/\/schema.org\",\"@graph\":[{\"@type\":\"WebPage\",\"@id\":\"https:\/\/maringapost.com.br\/orlandogonzalez\/2020\/08\/30\/radio-maringa-apos-treinos-na-europa-nadadora-viviane-jungblut-retorna-ao-brasil\/\",\"url\":\"https:\/\/maringapost.com.br\/orlandogonzalez\/2020\/08\/30\/radio-maringa-apos-treinos-na-europa-nadadora-viviane-jungblut-retorna-ao-brasil\/\",\"name\":\"R\u00c1DIO MARING\u00c1 - Ap\u00f3s treinos na Europa, nadadora Viviane Jungblut retorna ao Brasil - Orlando Gonzalez\",\"isPartOf\":{\"@id\":\"https:\/\/maringapost.com.br\/orlandogonzalez\/#website\"},\"primaryImageOfPage\":{\"@id\":\"https:\/\/maringapost.com.br\/orlandogonzalez\/2020\/08\/30\/radio-maringa-apos-treinos-na-europa-nadadora-viviane-jungblut-retorna-ao-brasil\/#primaryimage\"},\"image\":{\"@id\":\"https:\/\/maringapost.com.br\/orlandogonzalez\/2020\/08\/30\/radio-maringa-apos-treinos-na-europa-nadadora-viviane-jungblut-retorna-ao-brasil\/#primaryimage\"},\"thumbnailUrl\":\"https:\/\/maringapost.com.br\/orlandogonzalez\/wp-content\/uploads\/sites\/17\/2020\/08\/viviane_natacao.jpg\",\"datePublished\":\"2020-08-30T19:31:44+00:00\",\"dateModified\":\"2020-08-30T19:58:42+00:00\",\"author\":{\"@id\":\"https:\/\/maringapost.com.br\/orlandogonzalez\/#\/schema\/person\/5cbe6257d08edea6afc9ebaa613b0633\"},\"inLanguage\":\"pt-BR\",\"potentialAction\":[{\"@type\":\"ReadAction\",\"target\":[\"https:\/\/maringapost.com.br\/orlandogonzalez\/2020\/08\/30\/radio-maringa-apos-treinos-na-europa-nadadora-viviane-jungblut-retorna-ao-brasil\/\"]}]},{\"@type\":\"ImageObject\",\"inLanguage\":\"pt-BR\",\"@id\":\"https:\/\/maringapost.com.br\/orlandogonzalez\/2020\/08\/30\/radio-maringa-apos-treinos-na-europa-nadadora-viviane-jungblut-retorna-ao-brasil\/#primaryimage\",\"url\":\"https:\/\/maringapost.com.br\/orlandogonzalez\/wp-content\/uploads\/sites\/17\/2020\/08\/viviane_natacao.jpg\",\"contentUrl\":\"https:\/\/maringapost.com.br\/orlandogonzalez\/wp-content\/uploads\/sites\/17\/2020\/08\/viviane_natacao.jpg\",\"width\":1170,\"height\":700},{\"@type\":\"WebSite\",\"@id\":\"https:\/\/maringapost.com.br\/orlandogonzalez\/#website\",\"url\":\"https:\/\/maringapost.com.br\/orlandogonzalez\/\",\"name\":\"Orlando Gonzalez\",\"description\":\"Destaca o esporte de Maring\u00e1! Destaca o esporte do Paran\u00e1! Destaca o esporte do Brasil!\",\"potentialAction\":[{\"@type\":\"SearchAction\",\"target\":{\"@type\":\"EntryPoint\",\"urlTemplate\":\"https:\/\/maringapost.com.br\/orlandogonzalez\/?s={search_term_string}\"},\"query-input\":\"required name=search_term_string\"}],\"inLanguage\":\"pt-BR\"},{\"@type\":\"Person\",\"@id\":\"https:\/\/maringapost.com.br\/orlandogonzalez\/#\/schema\/person\/5cbe6257d08edea6afc9ebaa613b0633\",\"name\":\"Orlando Gonzalez\",\"image\":{\"@type\":\"ImageObject\",\"inLanguage\":\"pt-BR\",\"@id\":\"https:\/\/maringapost.com.br\/orlandogonzalez\/#\/schema\/person\/image\/\",\"url\":\"https:\/\/secure.gravatar.com\/avatar\/ecef9d1c9afe5ebdafadde8369065ba5?s=96&d=mm&r=g\",\"contentUrl\":\"https:\/\/secure.gravatar.com\/avatar\/ecef9d1c9afe5ebdafadde8369065ba5?s=96&d=mm&r=g\",\"caption\":\"Orlando Gonzalez\"},\"description\":\"H\u00e1 29 anos na cobertura do esporte de Maring\u00e1. Plant\u00e3o e narrador esportivo. Presta\u00e7\u00e3o de assessoria de imprensa esportiva, cobertura e transmiss\u00f5es ao vivo de eventos esportivos. E-mail: orlandogonzalez.assessoria@gmail.com WhatsApp: (44) 9 9126-6119\",\"sameAs\":[\"http:\/\/www.radiomaringa.com.br\/\",\"https:\/\/www.facebook.com\/profile.php?id=100011095815065\",\"https:\/\/www.instagram.com\/orlandomgonzalez\/\",\"https:\/\/br.pinterest.com\/ogonzalez0530\/\",\"https:\/\/x.com\/gonzalezorlando\",\"https:\/\/www.youtube.com\/channel\/UCvFpl55btth8wjnKiSS1ibA\",\"https:\/\/radiomaringaweb.tumblr.com\/\"],\"url\":\"https:\/\/maringapost.com.br\/orlandogonzalez\/author\/orlando\/\"}]}<\/script>\n<!-- \/ Yoast SEO Premium plugin. -->","yoast_head_json":{"title":"R\u00c1DIO MARING\u00c1 - Ap\u00f3s treinos na Europa, nadadora Viviane Jungblut retorna ao Brasil - Orlando Gonzalez","robots":{"index":"index","follow":"follow","max-snippet":"max-snippet:-1","max-image-preview":"max-image-preview:large","max-video-preview":"max-video-preview:-1"},"canonical":"https:\/\/maringapost.com.br\/orlandogonzalez\/2020\/08\/30\/radio-maringa-apos-treinos-na-europa-nadadora-viviane-jungblut-retorna-ao-brasil\/","og_locale":"pt_BR","og_type":"article","og_title":"R\u00c1DIO MARING\u00c1 - Ap\u00f3s treinos na Europa, nadadora Viviane Jungblut retorna ao Brasil","og_description":"A nadadora ga\u00facha Viviane Jungblut retorna ao Brasil neste domingo (30) ap\u00f3s tr\u00eas semanas de atividades na Europa, como parte do programa Miss\u00e3o Europa, no qual o Comit\u00ea Ol\u00edmpico do Brasil (COB) levou atletas para realizar treinos no Velho Continente. Neste per\u00edodo ela teve a oportunidade de treinar com outros atletas, o que considerou muito [&hellip;]","og_url":"https:\/\/maringapost.com.br\/orlandogonzalez\/2020\/08\/30\/radio-maringa-apos-treinos-na-europa-nadadora-viviane-jungblut-retorna-ao-brasil\/","og_site_name":"Orlando Gonzalez","article_author":"https:\/\/www.facebook.com\/profile.php?id=100011095815065","article_published_time":"2020-08-30T19:31:44+00:00","article_modified_time":"2020-08-30T19:58:42+00:00","og_image":[{"width":1170,"height":700,"url":"https:\/\/maringapost.com.br\/orlandogonzalez\/wp-content\/uploads\/sites\/17\/2020\/08\/viviane_natacao.jpg","type":"image\/jpeg"}],"author":"Orlando Gonzalez","twitter_card":"summary_large_image","twitter_creator":"@gonzalezorlando","twitter_misc":{"Escrito por":false,"Est. tempo de leitura":"3 minutos"},"schema":{"@context":"https:\/\/schema.org","@graph":[{"@type":"WebPage","@id":"https:\/\/maringapost.com.br\/orlandogonzalez\/2020\/08\/30\/radio-maringa-apos-treinos-na-europa-nadadora-viviane-jungblut-retorna-ao-brasil\/","url":"https:\/\/maringapost.com.br\/orlandogonzalez\/2020\/08\/30\/radio-maringa-apos-treinos-na-europa-nadadora-viviane-jungblut-retorna-ao-brasil\/","name":"R\u00c1DIO MARING\u00c1 - Ap\u00f3s treinos na Europa, nadadora Viviane Jungblut retorna ao Brasil - Orlando Gonzalez","isPartOf":{"@id":"https:\/\/maringapost.com.br\/orlandogonzalez\/#website"},"primaryImageOfPage":{"@id":"https:\/\/maringapost.com.br\/orlandogonzalez\/2020\/08\/30\/radio-maringa-apos-treinos-na-europa-nadadora-viviane-jungblut-retorna-ao-brasil\/#primaryimage"},"image":{"@id":"https:\/\/maringapost.com.br\/orlandogonzalez\/2020\/08\/30\/radio-maringa-apos-treinos-na-europa-nadadora-viviane-jungblut-retorna-ao-brasil\/#primaryimage"},"thumbnailUrl":"https:\/\/maringapost.com.br\/orlandogonzalez\/wp-content\/uploads\/sites\/17\/2020\/08\/viviane_natacao.jpg","datePublished":"2020-08-30T19:31:44+00:00","dateModified":"2020-08-30T19:58:42+00:00","author":{"@id":"https:\/\/maringapost.com.br\/orlandogonzalez\/#\/schema\/person\/5cbe6257d08edea6afc9ebaa613b0633"},"inLanguage":"pt-BR","potentialAction":[{"@type":"ReadAction","target":["https:\/\/maringapost.com.br\/orlandogonzalez\/2020\/08\/30\/radio-maringa-apos-treinos-na-europa-nadadora-viviane-jungblut-retorna-ao-brasil\/"]}]},{"@type":"ImageObject","inLanguage":"pt-BR","@id":"https:\/\/maringapost.com.br\/orlandogonzalez\/2020\/08\/30\/radio-maringa-apos-treinos-na-europa-nadadora-viviane-jungblut-retorna-ao-brasil\/#primaryimage","url":"https:\/\/maringapost.com.br\/orlandogonzalez\/wp-content\/uploads\/sites\/17\/2020\/08\/viviane_natacao.jpg","contentUrl":"https:\/\/maringapost.com.br\/orlandogonzalez\/wp-content\/uploads\/sites\/17\/2020\/08\/viviane_natacao.jpg","width":1170,"height":700},{"@type":"WebSite","@id":"https:\/\/maringapost.com.br\/orlandogonzalez\/#website","url":"https:\/\/maringapost.com.br\/orlandogonzalez\/","name":"Orlando Gonzalez","description":"Destaca o esporte de Maring\u00e1! Destaca o esporte do Paran\u00e1! Destaca o esporte do Brasil!","potentialAction":[{"@type":"SearchAction","target":{"@type":"EntryPoint","urlTemplate":"https:\/\/maringapost.com.br\/orlandogonzalez\/?s={search_term_string}"},"query-input":"required name=search_term_string"}],"inLanguage":"pt-BR"},{"@type":"Person","@id":"https:\/\/maringapost.com.br\/orlandogonzalez\/#\/schema\/person\/5cbe6257d08edea6afc9ebaa613b0633","name":"Orlando Gonzalez","image":{"@type":"ImageObject","inLanguage":"pt-BR","@id":"https:\/\/maringapost.com.br\/orlandogonzalez\/#\/schema\/person\/image\/","url":"https:\/\/secure.gravatar.com\/avatar\/ecef9d1c9afe5ebdafadde8369065ba5?s=96&d=mm&r=g","contentUrl":"https:\/\/secure.gravatar.com\/avatar\/ecef9d1c9afe5ebdafadde8369065ba5?s=96&d=mm&r=g","caption":"Orlando Gonzalez"},"description":"H\u00e1 29 anos na cobertura do esporte de Maring\u00e1. Plant\u00e3o e narrador esportivo. Presta\u00e7\u00e3o de assessoria de imprensa esportiva, cobertura e transmiss\u00f5es ao vivo de eventos esportivos. E-mail: orlandogonzalez.assessoria@gmail.com WhatsApp: (44) 9 9126-6119","sameAs":["http:\/\/www.radiomaringa.com.br\/","https:\/\/www.facebook.com\/profile.php?id=100011095815065","https:\/\/www.instagram.com\/orlandomgonzalez\/","https:\/\/br.pinterest.com\/ogonzalez0530\/","https:\/\/x.com\/gonzalezorlando","https:\/\/www.youtube.com\/channel\/UCvFpl55btth8wjnKiSS1ibA","https:\/\/radiomaringaweb.tumblr.com\/"],"url":"https:\/\/maringapost.com.br\/orlandogonzalez\/author\/orlando\/"}]}},"_links":{"self":[{"href":"https:\/\/maringapost.com.br\/orlandogonzalez\/wp-json\/wp\/v2\/posts\/38431"}],"collection":[{"href":"https:\/\/maringapost.com.br\/orlandogonzalez\/wp-json\/wp\/v2\/posts"}],"about":[{"href":"https:\/\/maringapost.com.br\/orlandogonzalez\/wp-json\/wp\/v2\/types\/post"}],"author":[{"embeddable":true,"href":"https:\/\/maringapost.com.br\/orlandogonzalez\/wp-json\/wp\/v2\/users\/6307"}],"replies":[{"embeddable":true,"href":"https:\/\/maringapost.com.br\/orlandogonzalez\/wp-json\/wp\/v2\/comments?post=38431"}],"version-history":[{"count":1,"href":"https:\/\/maringapost.com.br\/orlandogonzalez\/wp-json\/wp\/v2\/posts\/38431\/revisions"}],"predecessor-version":[{"id":38433,"href":"https:\/\/maringapost.com.br\/orlandogonzalez\/wp-json\/wp\/v2\/posts\/38431\/revisions\/38433"}],"wp:featuredmedia":[{"embeddable":true,"href":"https:\/\/maringapost.com.br\/orlandogonzalez\/wp-json\/wp\/v2\/media\/38432"}],"wp:attachment":[{"href":"https:\/\/maringapost.com.br\/orlandogonzalez\/wp-json\/wp\/v2\/media?parent=38431"}],"wp:term":[{"taxonomy":"category","embeddable":true,"href":"https:\/\/maringapost.com.br\/orlandogonzalez\/wp-json\/wp\/v2\/categories?post=38431"},{"taxonomy":"post_tag","embeddable":true,"href":"https:\/\/maringapost.com.br\/orlandogonzalez\/wp-json\/wp\/v2\/tags?post=38431"}],"curies":[{"name":"wp","href":"https:\/\/api.w.org\/{rel}","templated":true}]}}