{"id":38223,"date":"2020-08-27T18:50:54","date_gmt":"2020-08-27T21:50:54","guid":{"rendered":"http:\/\/maringapost.com.br\/orlandogonzalez\/?p=38223"},"modified":"2020-08-27T18:50:54","modified_gmt":"2020-08-27T21:50:54","slug":"radio-maringa-provas-da-transcatarina-2020-retornam-em-outubro","status":"publish","type":"post","link":"https:\/\/maringapost.com.br\/orlandogonzalez\/2020\/08\/27\/radio-maringa-provas-da-transcatarina-2020-retornam-em-outubro\/","title":{"rendered":"R\u00c1DIO MARING\u00c1 &#8211; Provas da Transcatarina 2020 retornam em outubro"},"content":{"rendered":"<p><span style=\"font-size: 24px\">Na \u00faltima sexta-feira, dia 21 de agosto, foi publicada no Di\u00e1rio Oficial de Santa Catarina a autoriza\u00e7\u00e3o para o regresso dos eventos e competi\u00e7\u00f5es esportivas do automobilismo e motociclismo no estado, que, obviamente, dever\u00e3o tomar todas as medidas de biosseguran\u00e7a impostas pelos governos estaduais e municipais. Essa not\u00edcia foi recebida com muita alegria pela organiza\u00e7\u00e3o do Transcatarina \u2013 o Ca\u00e7ador Jeep Clube e a SC Racing \u2013, que realizar\u00e1 o encontro nos dias 27 a 31 de outubro. A largada e chegada ser\u00e3o em Fraiburgo, com pernoites em Treze T\u00edlias e Ca\u00e7ador.\u00a0<\/span><\/p>\n<p>&nbsp;<\/p>\n<p><a href=\"http:\/\/www.radiomaringa.com.br\" target=\"_blank\" rel=\"noopener noreferrer\"><img loading=\"lazy\" decoding=\"async\" style=\"margin-left: auto;margin-right: auto\" src=\"https:\/\/public-rf-upload.minhawebradio.net\/2158\/editor\/b3bf89017d50805d956a7d1d8ede8681.jpg\" width=\"471\" height=\"130\" \/><\/a><\/p>\n<p>&nbsp;<\/p>\n<p><span style=\"font-size: 24px\">\u201cAgora, podemos respirar mais aliviados e torcer para que esta pandemia se mantenha controlada. Ao longo deste per\u00edodo, trabalhamos em diversas solu\u00e7\u00f5es para a concretiza\u00e7\u00e3o do Transcatarina, sempre priorizando a seguran\u00e7a de todos os envolvidos, sobretudo, dos moradores dos munic\u00edpios por onde passaremos\u201d, disse o diretor geral do Transcatarina, Edson Jo\u00e3o da Costa. \u201cEstamos bem adiantados e, nos pr\u00f3ximos dias, teremos reuni\u00f5es com os respons\u00e1veis das cidades sedes, a fim de tra\u00e7ar os planos necess\u00e1rios de biosseguran\u00e7a. Escalonaremos as categorias para evitar a aglomera\u00e7\u00e3o de indiv\u00edduos e, para tanto, precisamos conhecer as estruturas e op\u00e7\u00f5es dispon\u00edveis. Tudo tem sido planejado nos m\u00ednimos cuidados e detalhes\u201d, completou.\u00a0 \u00a0<\/span><\/p>\n<p>&nbsp;<\/p>\n<p><span style=\"font-size: 24px\">Medidas de seguran\u00e7a<\/span><\/p>\n<p>&nbsp;<\/p>\n<p><span style=\"font-size: 24px\">De acordo com a portaria SES n\u00ba 625 de 21 de agosto de 2020, somente ser\u00e1 permitida a participa\u00e7\u00e3o no evento de pessoas que tenha feito o teste de Covid-19 por meio de Rt \u2013 PCR at\u00e9 72 horas antes do in\u00edcio, e com resultado negativo. \u00c9 obrigat\u00f3rio o uso de m\u00e1scaras, \u00e1lcool 70% espalhados em pontos estrat\u00e9gicos para a higieniza\u00e7\u00e3o das m\u00e3os, inclusive, nos boxes das equipes.\u00a0<\/span><\/p>\n<p>&nbsp;<\/p>\n<p><span style=\"font-size: 24px\">O controle de acesso aos locais do Transcatarina ser\u00e1 r\u00edgido, com credenciamento nominal para manter o n\u00famero m\u00ednimo de profissionais e evitar o agrupamento de pessoas. Haver\u00e1 a aferi\u00e7\u00e3o da temperatura dos participantes por m\u00e9todo digital de infravermelho, considerando a temperatura de corte no m\u00e1ximo de 37,5 graus. Outras determina\u00e7\u00f5es da portaria ser\u00e3o rigorosamente seguidas pela organiza\u00e7\u00e3o.\u00a0<\/span><\/p>\n<p>&nbsp;<\/p>\n<p><span style=\"font-size: 24px\">\u201cA secretaria de prova funcionar\u00e1 por hor\u00e1rio marcado e com n\u00famero limitado de inscritos no local. A premia\u00e7\u00e3o das categorias de competi\u00e7\u00e3o e jantares est\u00e3o sendo estudados quanto a melhor forma de fazermos e, provavelmente, as regras ser\u00e3o definidas no per\u00edodo do Transcatarina\u201d, adiantou Costa.\u00a0<\/span><\/p>\n<p>&nbsp;<\/p>\n<p><span style=\"font-size: 24px\">Transcatarina 2020\u00a0<\/span><\/p>\n<p>&nbsp;<\/p>\n<p><span style=\"font-size: 24px\">Ser\u00e3o cerca de 800 quil\u00f4metros percorridos pelo meio oeste catarinense, com largada e chegada em Fraiburgo, e pernoites em Treze T\u00edlias e Ca\u00e7ador.\u00a0 O limite m\u00e1ximo \u00e9 250 ve\u00edculos inscritos, divididos entre as categorias de competi\u00e7\u00e3o (M\u00e1ster, Graduados, Turismo, Turismo Iniciante e Turismo Light), e de passeio (Passeio Expedition, Passeio Radical 1 e 2, e Adventure 1, 2 e 3). \u201cAconselho \u00e0queles que desejam estar conosco, a garantir o quanto antes a sua presen\u00e7a. Algumas categorias j\u00e1 n\u00e3o t\u00eam mais vagas, e prevejo que, t\u00e3o logo, estaremos lotados\u201d, reiterou Costa. As inscri\u00e7\u00f5es s\u00e3o feitas pelo site\u00a0<a href=\"http:\/\/www.transcatarina.com.br\" target=\"_blank\" rel=\"noopener noreferrer\">www.transcatarina.com.br<\/a>.\u00a0<\/span><\/p>\n<p><span style=\"font-size: 24px\">(Foto: Felipe Sanches\/DFOTOS)<\/span><\/p>\n<p>&nbsp;<\/p>\n","protected":false},"excerpt":{"rendered":"<p>Na \u00faltima sexta-feira, dia 21 de agosto, foi publicada no Di\u00e1rio Oficial de Santa Catarina a autoriza\u00e7\u00e3o para o regresso dos eventos e competi\u00e7\u00f5es esportivas do automobilismo e motociclismo no estado, que, obviamente, dever\u00e3o tomar todas as medidas de biosseguran\u00e7a impostas pelos governos estaduais e municipais. Essa not\u00edcia foi recebida com muita alegria pela organiza\u00e7\u00e3o [&hellip;]<\/p>\n","protected":false},"author":6307,"featured_media":38224,"comment_status":"closed","ping_status":"open","sticky":false,"template":"","format":"standard","meta":{"_exactmetrics_skip_tracking":false,"_exactmetrics_sitenote_active":false,"_exactmetrics_sitenote_note":"","_exactmetrics_sitenote_category":0,"footnotes":""},"categories":[1267],"tags":[8910,47,9295],"yoast_head":"<!-- This site is optimized with the Yoast SEO Premium plugin v22.7 (Yoast SEO v22.7) - https:\/\/yoast.com\/wordpress\/plugins\/seo\/ -->\n<title>R\u00c1DIO MARING\u00c1 - Provas da Transcatarina 2020 retornam em outubro - Orlando Gonzalez<\/title>\n<meta name=\"robots\" content=\"index, follow, max-snippet:-1, max-image-preview:large, max-video-preview:-1\" \/>\n<link rel=\"canonical\" href=\"https:\/\/maringapost.com.br\/orlandogonzalez\/2020\/08\/27\/radio-maringa-provas-da-transcatarina-2020-retornam-em-outubro\/\" \/>\n<meta property=\"og:locale\" content=\"pt_BR\" \/>\n<meta property=\"og:type\" content=\"article\" \/>\n<meta property=\"og:title\" content=\"R\u00c1DIO MARING\u00c1 - Provas da Transcatarina 2020 retornam em outubro\" \/>\n<meta property=\"og:description\" content=\"Na \u00faltima sexta-feira, dia 21 de agosto, foi publicada no Di\u00e1rio Oficial de Santa Catarina a autoriza\u00e7\u00e3o para o regresso dos eventos e competi\u00e7\u00f5es esportivas do automobilismo e motociclismo no estado, que, obviamente, dever\u00e3o tomar todas as medidas de biosseguran\u00e7a impostas pelos governos estaduais e municipais. Essa not\u00edcia foi recebida com muita alegria pela organiza\u00e7\u00e3o [&hellip;]\" \/>\n<meta property=\"og:url\" content=\"https:\/\/maringapost.com.br\/orlandogonzalez\/2020\/08\/27\/radio-maringa-provas-da-transcatarina-2020-retornam-em-outubro\/\" \/>\n<meta property=\"og:site_name\" content=\"Orlando Gonzalez\" \/>\n<meta property=\"article:author\" content=\"https:\/\/www.facebook.com\/profile.php?id=100011095815065\" \/>\n<meta property=\"article:published_time\" content=\"2020-08-27T21:50:54+00:00\" \/>\n<meta property=\"og:image\" content=\"https:\/\/maringapost.com.br\/orlandogonzalez\/wp-content\/uploads\/sites\/17\/2020\/08\/transcatarina2020.jpg\" \/>\n\t<meta property=\"og:image:width\" content=\"800\" \/>\n\t<meta property=\"og:image:height\" content=\"450\" \/>\n\t<meta property=\"og:image:type\" content=\"image\/jpeg\" \/>\n<meta name=\"author\" content=\"Orlando Gonzalez\" \/>\n<meta name=\"twitter:card\" content=\"summary_large_image\" \/>\n<meta name=\"twitter:creator\" content=\"@gonzalezorlando\" \/>\n<meta name=\"twitter:label1\" content=\"Escrito por\" \/>\n\t<meta name=\"twitter:data1\" content=\"\" \/>\n\t<meta name=\"twitter:label2\" content=\"Est. tempo de leitura\" \/>\n\t<meta name=\"twitter:data2\" content=\"3 minutos\" \/>\n<script type=\"application\/ld+json\" class=\"yoast-schema-graph\">{\"@context\":\"https:\/\/schema.org\",\"@graph\":[{\"@type\":\"WebPage\",\"@id\":\"https:\/\/maringapost.com.br\/orlandogonzalez\/2020\/08\/27\/radio-maringa-provas-da-transcatarina-2020-retornam-em-outubro\/\",\"url\":\"https:\/\/maringapost.com.br\/orlandogonzalez\/2020\/08\/27\/radio-maringa-provas-da-transcatarina-2020-retornam-em-outubro\/\",\"name\":\"R\u00c1DIO MARING\u00c1 - Provas da Transcatarina 2020 retornam em outubro - Orlando Gonzalez\",\"isPartOf\":{\"@id\":\"https:\/\/maringapost.com.br\/orlandogonzalez\/#website\"},\"primaryImageOfPage\":{\"@id\":\"https:\/\/maringapost.com.br\/orlandogonzalez\/2020\/08\/27\/radio-maringa-provas-da-transcatarina-2020-retornam-em-outubro\/#primaryimage\"},\"image\":{\"@id\":\"https:\/\/maringapost.com.br\/orlandogonzalez\/2020\/08\/27\/radio-maringa-provas-da-transcatarina-2020-retornam-em-outubro\/#primaryimage\"},\"thumbnailUrl\":\"https:\/\/maringapost.com.br\/orlandogonzalez\/wp-content\/uploads\/sites\/17\/2020\/08\/transcatarina2020.jpg\",\"datePublished\":\"2020-08-27T21:50:54+00:00\",\"dateModified\":\"2020-08-27T21:50:54+00:00\",\"author\":{\"@id\":\"https:\/\/maringapost.com.br\/orlandogonzalez\/#\/schema\/person\/5cbe6257d08edea6afc9ebaa613b0633\"},\"inLanguage\":\"pt-BR\",\"potentialAction\":[{\"@type\":\"ReadAction\",\"target\":[\"https:\/\/maringapost.com.br\/orlandogonzalez\/2020\/08\/27\/radio-maringa-provas-da-transcatarina-2020-retornam-em-outubro\/\"]}]},{\"@type\":\"ImageObject\",\"inLanguage\":\"pt-BR\",\"@id\":\"https:\/\/maringapost.com.br\/orlandogonzalez\/2020\/08\/27\/radio-maringa-provas-da-transcatarina-2020-retornam-em-outubro\/#primaryimage\",\"url\":\"https:\/\/maringapost.com.br\/orlandogonzalez\/wp-content\/uploads\/sites\/17\/2020\/08\/transcatarina2020.jpg\",\"contentUrl\":\"https:\/\/maringapost.com.br\/orlandogonzalez\/wp-content\/uploads\/sites\/17\/2020\/08\/transcatarina2020.jpg\",\"width\":800,\"height\":450},{\"@type\":\"WebSite\",\"@id\":\"https:\/\/maringapost.com.br\/orlandogonzalez\/#website\",\"url\":\"https:\/\/maringapost.com.br\/orlandogonzalez\/\",\"name\":\"Orlando Gonzalez\",\"description\":\"Destaca o esporte de Maring\u00e1! Destaca o esporte do Paran\u00e1! Destaca o esporte do Brasil!\",\"potentialAction\":[{\"@type\":\"SearchAction\",\"target\":{\"@type\":\"EntryPoint\",\"urlTemplate\":\"https:\/\/maringapost.com.br\/orlandogonzalez\/?s={search_term_string}\"},\"query-input\":\"required name=search_term_string\"}],\"inLanguage\":\"pt-BR\"},{\"@type\":\"Person\",\"@id\":\"https:\/\/maringapost.com.br\/orlandogonzalez\/#\/schema\/person\/5cbe6257d08edea6afc9ebaa613b0633\",\"name\":\"Orlando Gonzalez\",\"image\":{\"@type\":\"ImageObject\",\"inLanguage\":\"pt-BR\",\"@id\":\"https:\/\/maringapost.com.br\/orlandogonzalez\/#\/schema\/person\/image\/\",\"url\":\"https:\/\/secure.gravatar.com\/avatar\/ecef9d1c9afe5ebdafadde8369065ba5?s=96&d=mm&r=g\",\"contentUrl\":\"https:\/\/secure.gravatar.com\/avatar\/ecef9d1c9afe5ebdafadde8369065ba5?s=96&d=mm&r=g\",\"caption\":\"Orlando Gonzalez\"},\"description\":\"H\u00e1 29 anos na cobertura do esporte de Maring\u00e1. Plant\u00e3o e narrador esportivo. Presta\u00e7\u00e3o de assessoria de imprensa esportiva, cobertura e transmiss\u00f5es ao vivo de eventos esportivos. E-mail: orlandogonzalez.assessoria@gmail.com WhatsApp: (44) 9 9126-6119\",\"sameAs\":[\"http:\/\/www.radiomaringa.com.br\/\",\"https:\/\/www.facebook.com\/profile.php?id=100011095815065\",\"https:\/\/www.instagram.com\/orlandomgonzalez\/\",\"https:\/\/br.pinterest.com\/ogonzalez0530\/\",\"https:\/\/x.com\/gonzalezorlando\",\"https:\/\/www.youtube.com\/channel\/UCvFpl55btth8wjnKiSS1ibA\",\"https:\/\/radiomaringaweb.tumblr.com\/\"],\"url\":\"https:\/\/maringapost.com.br\/orlandogonzalez\/author\/orlando\/\"}]}<\/script>\n<!-- \/ Yoast SEO Premium plugin. -->","yoast_head_json":{"title":"R\u00c1DIO MARING\u00c1 - Provas da Transcatarina 2020 retornam em outubro - Orlando Gonzalez","robots":{"index":"index","follow":"follow","max-snippet":"max-snippet:-1","max-image-preview":"max-image-preview:large","max-video-preview":"max-video-preview:-1"},"canonical":"https:\/\/maringapost.com.br\/orlandogonzalez\/2020\/08\/27\/radio-maringa-provas-da-transcatarina-2020-retornam-em-outubro\/","og_locale":"pt_BR","og_type":"article","og_title":"R\u00c1DIO MARING\u00c1 - Provas da Transcatarina 2020 retornam em outubro","og_description":"Na \u00faltima sexta-feira, dia 21 de agosto, foi publicada no Di\u00e1rio Oficial de Santa Catarina a autoriza\u00e7\u00e3o para o regresso dos eventos e competi\u00e7\u00f5es esportivas do automobilismo e motociclismo no estado, que, obviamente, dever\u00e3o tomar todas as medidas de biosseguran\u00e7a impostas pelos governos estaduais e municipais. Essa not\u00edcia foi recebida com muita alegria pela organiza\u00e7\u00e3o [&hellip;]","og_url":"https:\/\/maringapost.com.br\/orlandogonzalez\/2020\/08\/27\/radio-maringa-provas-da-transcatarina-2020-retornam-em-outubro\/","og_site_name":"Orlando Gonzalez","article_author":"https:\/\/www.facebook.com\/profile.php?id=100011095815065","article_published_time":"2020-08-27T21:50:54+00:00","og_image":[{"width":800,"height":450,"url":"https:\/\/maringapost.com.br\/orlandogonzalez\/wp-content\/uploads\/sites\/17\/2020\/08\/transcatarina2020.jpg","type":"image\/jpeg"}],"author":"Orlando Gonzalez","twitter_card":"summary_large_image","twitter_creator":"@gonzalezorlando","twitter_misc":{"Escrito por":false,"Est. tempo de leitura":"3 minutos"},"schema":{"@context":"https:\/\/schema.org","@graph":[{"@type":"WebPage","@id":"https:\/\/maringapost.com.br\/orlandogonzalez\/2020\/08\/27\/radio-maringa-provas-da-transcatarina-2020-retornam-em-outubro\/","url":"https:\/\/maringapost.com.br\/orlandogonzalez\/2020\/08\/27\/radio-maringa-provas-da-transcatarina-2020-retornam-em-outubro\/","name":"R\u00c1DIO MARING\u00c1 - Provas da Transcatarina 2020 retornam em outubro - Orlando Gonzalez","isPartOf":{"@id":"https:\/\/maringapost.com.br\/orlandogonzalez\/#website"},"primaryImageOfPage":{"@id":"https:\/\/maringapost.com.br\/orlandogonzalez\/2020\/08\/27\/radio-maringa-provas-da-transcatarina-2020-retornam-em-outubro\/#primaryimage"},"image":{"@id":"https:\/\/maringapost.com.br\/orlandogonzalez\/2020\/08\/27\/radio-maringa-provas-da-transcatarina-2020-retornam-em-outubro\/#primaryimage"},"thumbnailUrl":"https:\/\/maringapost.com.br\/orlandogonzalez\/wp-content\/uploads\/sites\/17\/2020\/08\/transcatarina2020.jpg","datePublished":"2020-08-27T21:50:54+00:00","dateModified":"2020-08-27T21:50:54+00:00","author":{"@id":"https:\/\/maringapost.com.br\/orlandogonzalez\/#\/schema\/person\/5cbe6257d08edea6afc9ebaa613b0633"},"inLanguage":"pt-BR","potentialAction":[{"@type":"ReadAction","target":["https:\/\/maringapost.com.br\/orlandogonzalez\/2020\/08\/27\/radio-maringa-provas-da-transcatarina-2020-retornam-em-outubro\/"]}]},{"@type":"ImageObject","inLanguage":"pt-BR","@id":"https:\/\/maringapost.com.br\/orlandogonzalez\/2020\/08\/27\/radio-maringa-provas-da-transcatarina-2020-retornam-em-outubro\/#primaryimage","url":"https:\/\/maringapost.com.br\/orlandogonzalez\/wp-content\/uploads\/sites\/17\/2020\/08\/transcatarina2020.jpg","contentUrl":"https:\/\/maringapost.com.br\/orlandogonzalez\/wp-content\/uploads\/sites\/17\/2020\/08\/transcatarina2020.jpg","width":800,"height":450},{"@type":"WebSite","@id":"https:\/\/maringapost.com.br\/orlandogonzalez\/#website","url":"https:\/\/maringapost.com.br\/orlandogonzalez\/","name":"Orlando Gonzalez","description":"Destaca o esporte de Maring\u00e1! Destaca o esporte do Paran\u00e1! Destaca o esporte do Brasil!","potentialAction":[{"@type":"SearchAction","target":{"@type":"EntryPoint","urlTemplate":"https:\/\/maringapost.com.br\/orlandogonzalez\/?s={search_term_string}"},"query-input":"required name=search_term_string"}],"inLanguage":"pt-BR"},{"@type":"Person","@id":"https:\/\/maringapost.com.br\/orlandogonzalez\/#\/schema\/person\/5cbe6257d08edea6afc9ebaa613b0633","name":"Orlando Gonzalez","image":{"@type":"ImageObject","inLanguage":"pt-BR","@id":"https:\/\/maringapost.com.br\/orlandogonzalez\/#\/schema\/person\/image\/","url":"https:\/\/secure.gravatar.com\/avatar\/ecef9d1c9afe5ebdafadde8369065ba5?s=96&d=mm&r=g","contentUrl":"https:\/\/secure.gravatar.com\/avatar\/ecef9d1c9afe5ebdafadde8369065ba5?s=96&d=mm&r=g","caption":"Orlando Gonzalez"},"description":"H\u00e1 29 anos na cobertura do esporte de Maring\u00e1. Plant\u00e3o e narrador esportivo. Presta\u00e7\u00e3o de assessoria de imprensa esportiva, cobertura e transmiss\u00f5es ao vivo de eventos esportivos. E-mail: orlandogonzalez.assessoria@gmail.com WhatsApp: (44) 9 9126-6119","sameAs":["http:\/\/www.radiomaringa.com.br\/","https:\/\/www.facebook.com\/profile.php?id=100011095815065","https:\/\/www.instagram.com\/orlandomgonzalez\/","https:\/\/br.pinterest.com\/ogonzalez0530\/","https:\/\/x.com\/gonzalezorlando","https:\/\/www.youtube.com\/channel\/UCvFpl55btth8wjnKiSS1ibA","https:\/\/radiomaringaweb.tumblr.com\/"],"url":"https:\/\/maringapost.com.br\/orlandogonzalez\/author\/orlando\/"}]}},"_links":{"self":[{"href":"https:\/\/maringapost.com.br\/orlandogonzalez\/wp-json\/wp\/v2\/posts\/38223"}],"collection":[{"href":"https:\/\/maringapost.com.br\/orlandogonzalez\/wp-json\/wp\/v2\/posts"}],"about":[{"href":"https:\/\/maringapost.com.br\/orlandogonzalez\/wp-json\/wp\/v2\/types\/post"}],"author":[{"embeddable":true,"href":"https:\/\/maringapost.com.br\/orlandogonzalez\/wp-json\/wp\/v2\/users\/6307"}],"replies":[{"embeddable":true,"href":"https:\/\/maringapost.com.br\/orlandogonzalez\/wp-json\/wp\/v2\/comments?post=38223"}],"version-history":[{"count":1,"href":"https:\/\/maringapost.com.br\/orlandogonzalez\/wp-json\/wp\/v2\/posts\/38223\/revisions"}],"predecessor-version":[{"id":38225,"href":"https:\/\/maringapost.com.br\/orlandogonzalez\/wp-json\/wp\/v2\/posts\/38223\/revisions\/38225"}],"wp:featuredmedia":[{"embeddable":true,"href":"https:\/\/maringapost.com.br\/orlandogonzalez\/wp-json\/wp\/v2\/media\/38224"}],"wp:attachment":[{"href":"https:\/\/maringapost.com.br\/orlandogonzalez\/wp-json\/wp\/v2\/media?parent=38223"}],"wp:term":[{"taxonomy":"category","embeddable":true,"href":"https:\/\/maringapost.com.br\/orlandogonzalez\/wp-json\/wp\/v2\/categories?post=38223"},{"taxonomy":"post_tag","embeddable":true,"href":"https:\/\/maringapost.com.br\/orlandogonzalez\/wp-json\/wp\/v2\/tags?post=38223"}],"curies":[{"name":"wp","href":"https:\/\/api.w.org\/{rel}","templated":true}]}}