{"id":38106,"date":"2020-08-26T11:53:28","date_gmt":"2020-08-26T14:53:28","guid":{"rendered":"http:\/\/maringapost.com.br\/orlandogonzalez\/?p=38106"},"modified":"2020-08-26T11:53:40","modified_gmt":"2020-08-26T14:53:40","slug":"radio-maringa-etiene-medeiros-em-campanha-contra-o-plastico-nos-oceanos","status":"publish","type":"post","link":"https:\/\/maringapost.com.br\/orlandogonzalez\/2020\/08\/26\/radio-maringa-etiene-medeiros-em-campanha-contra-o-plastico-nos-oceanos\/","title":{"rendered":"R\u00c1DIO MARING\u00c1 &#8211; Etiene Medeiros em campanha contra o pl\u00e1stico nos oceanos"},"content":{"rendered":"<p>Sempre engajada e atuante em a\u00e7\u00f5es sociais que visam um futuro melhor para as pr\u00f3ximas gera\u00e7\u00f5es, a nadadora Etiene Medeiros foi convidada e logo aceitou participar da campanha &#8220;A gente liga para o oceano&#8221;, que alerta para a polui\u00e7\u00e3o pl\u00e1stica nos oceanos. A organiza\u00e7\u00e3o \u00e9 da Liga das Mulheres pelo Oceano, criada pela jornalista Paulina Chamorro, pela fot\u00f3grafa Barbara Veiga e pela pesquisadora Leandra Gon\u00e7alves, um movimento em rede que busca potencializar a\u00e7\u00f5es e ideias pela prote\u00e7\u00e3o dos oceanos, reunindo mais de 500 mulheres, profissionais de diferentes \u00e1reas e campos de atua\u00e7\u00e3o, de mais de 20 estados do Brasil e 17 pa\u00edses do mundo.<\/p>\n<p><a href=\"http:\/\/www.radiomaringa.com.br\" target=\"_blank\" rel=\"noopener noreferrer\"><img loading=\"lazy\" decoding=\"async\" class=\"alignnone wp-image-38096 size-full\" src=\"https:\/\/maringapost.com.br\/orlandogonzalez\/wp-content\/uploads\/sites\/17\/2020\/08\/Logo_RadioMaringa2-3-3.jpg\" alt=\"\" width=\"978\" height=\"231\" srcset=\"https:\/\/maringapost.com.br\/orlandogonzalez\/wp-content\/uploads\/sites\/17\/2020\/08\/Logo_RadioMaringa2-3-3.jpg 978w, https:\/\/maringapost.com.br\/orlandogonzalez\/wp-content\/uploads\/sites\/17\/2020\/08\/Logo_RadioMaringa2-3-3-300x71.jpg 300w, https:\/\/maringapost.com.br\/orlandogonzalez\/wp-content\/uploads\/sites\/17\/2020\/08\/Logo_RadioMaringa2-3-3-768x181.jpg 768w, https:\/\/maringapost.com.br\/orlandogonzalez\/wp-content\/uploads\/sites\/17\/2020\/08\/Logo_RadioMaringa2-3-3-696x164.jpg 696w\" sizes=\"(max-width: 978px) 100vw, 978px\" \/><\/a><\/p>\n<p>Com a pandemia da Covid-19, luvas, m\u00e1scaras e outros equipamentos de prote\u00e7\u00e3o individual (EPIs) descart\u00e1veis s\u00e3o o novo lixo dos oceanos. Assim, o descarte incorreto desses itens de prote\u00e7\u00e3o tem gerado uma onda maior de polui\u00e7\u00e3o dos mares. Com as pessoas ficando mais tempo em casa, o volume de descart\u00e1veis de delivery e compras pela internet embaladas em sacos pl\u00e1sticos tamb\u00e9m cresce dia a dia. Os servi\u00e7os de reciclagem est\u00e3o parados e, com o petr\u00f3leo em queda, \u00e9 mais barato produzir novos pl\u00e1sticos do que reciclar. O cen\u00e1rio \u00e9 preocupante, e por isso a Liga das Mulheres pelo Oceano est\u00e1 tomando iniciativa para reverter essa situa\u00e7\u00e3o.<\/p>\n<p>&#8220;A pandemia nos trouxe uma oportunidade amarga e triste de revermos nossos comportamentos e h\u00e1bitos de consumo. Mesmo \u00e0 dist\u00e2ncia, precisamos fortalecer a nossa liga\u00e7\u00e3o profunda com a vida no planeta e cuidar dos nossos mares&#8221;, comenta Paulina. Por isso, a Liga lan\u00e7ou a campanha &#8220;A gente liga para o oceano&#8221;, com o objetivo de criar consci\u00eancia sobre o problema, mobilizar mais mulheres para a causa e transformar h\u00e1bitos individuais e coletivos.<\/p>\n<p><img loading=\"lazy\" decoding=\"async\" class=\"size-medium wp-image-38108 alignleft\" src=\"https:\/\/maringapost.com.br\/orlandogonzalez\/wp-content\/uploads\/sites\/17\/2020\/08\/382287_944578__gmb5793_web_-300x240.jpg\" alt=\"\" width=\"300\" height=\"240\" srcset=\"https:\/\/maringapost.com.br\/orlandogonzalez\/wp-content\/uploads\/sites\/17\/2020\/08\/382287_944578__gmb5793_web_-300x240.jpg 300w, https:\/\/maringapost.com.br\/orlandogonzalez\/wp-content\/uploads\/sites\/17\/2020\/08\/382287_944578__gmb5793_web_-525x420.jpg 525w, https:\/\/maringapost.com.br\/orlandogonzalez\/wp-content\/uploads\/sites\/17\/2020\/08\/382287_944578__gmb5793_web_.jpg 600w\" sizes=\"(max-width: 300px) 100vw, 300px\" \/><\/p>\n<p>&#8220;Queremos incentivar e inspirar mulheres, conectadas ao mar por meio de suas hist\u00f3rias e desafios, a se tornarem grandes agentes de prote\u00e7\u00e3o do oceano contra a polui\u00e7\u00e3o pl\u00e1stica&#8221;, comenta Barbara. &#8220;Contamos com o apoio de atletas de todo o Brasil, mulheres que est\u00e3o ligadas \u00e0s \u00e1guas pela profiss\u00e3o e\/ou por paix\u00e3o, para transformarmos essa liga\u00e7\u00e3o em pot\u00eancia&#8221;, acrescenta a jornalista.<\/p>\n<p>&#8220;Tenho uma conex\u00e3o muito grande com a \u00e1gua. Na \u00e1gua, dentro das piscinas, eu tenho o valor da supera\u00e7\u00e3o, e no mar tenho o valor de pertencimento ao mundo. Eu adoro o mar e eu o escolho para meus momentos de relaxamento e paz. Me reconectar com o mundo diante da intensa carreira de atleta de alto rendimento. Por isso, ser convidada para essa campanha foi algo essencial, por estar relacionada \u00e0 minha paix\u00e3o. Sofremos muito com a polui\u00e7\u00e3o, pois o pl\u00e1stico \u00e9 um material dif\u00edcil de se decompor. Dar aten\u00e7\u00e3o a essa quest\u00e3o faz diferen\u00e7a e estar ao lado de mulheres importantes e engajadas me deixa feliz. Somos um batalh\u00e3o com um olhar diferenciado para a sociedade.&#8221;, comenta Etiene, que \u00e9 atleta do Sesi-SP e integra o programa ol\u00edmpico da Marinha do Brasil. A nadadora tem apoio de Adidas, Nescau, Bolsa Atleta e Time Pernambuco.<\/p>\n<p>A onda de mulheres que est\u00e3o levantando a bandeira da defesa do oceano est\u00e1 crescendo a cada dia. &#8220;Chegou a hora de n\u00f3s mulheres sermos as protagonistas da mudan\u00e7a&#8221;, afirma Leandra. Para mais informa\u00e7\u00f5es sobre a campanha e sobre o movimento, acesse o Instagram e o site da Liga das Mulheres pelo Oceano.<\/p>\n<p>Al\u00e9m de Etiene Medeiros, j\u00e1 fazem parte da campanha atletas como Kahena Kunze (vela), Isabel Swan (vela), Lorena Molinos (nado sincronizado), Virna Piovezan (v\u00f4lei), Suelen Naraisa (surf), Karina Oliani (mergulho), Chantalla Furlanetto (surf), Karoline Meyer (mergulho) e Silvia Nabuco (surf).<\/p>\n<p>Apoio &#8211; A campanha \u201cA gente liga para o oceano\u201d conta com o apoio da UN Live, futuro museu das Na\u00e7\u00f5es Unidas em Copenhague, que tem como miss\u00e3o conectar pessoas de todos os lugares ao trabalho e aos valores da ONU e catalisar o esfor\u00e7o global para alcan\u00e7ar seus objetivos.<\/p>\n<p>A\u00e7\u00f5es de Etiene &#8211; Anualmente, a nadadora pernambucana promove a\u00e7\u00f5es de cunho social, visando ajudar entidades de sua terra natal, Recife. Em 2018, Etiene realizou de forma in\u00e9dita o &#8220;Touca Rosa&#8221;, em alus\u00e3o ao Outubro Rosa (combate ao c\u00e2ncer de mama), em que 1.250 unidades da touca foram vendidas. No ano seguinte, foi a vez do &#8220;Touca Rosa&#8221; e ao lado do in\u00e9dito &#8220;Touca Azul&#8221;, em parceria com o nadador Jo\u00e3o Gomes Jr., em refer\u00eancia ao Novembro Azul, m\u00eas de combate ao c\u00e2ncer de pr\u00f3stata. Ao todo, 1.750 unidades foram vendidas.<\/p>\n<p>Em outra a\u00e7\u00e3o social, realizada em junho de 2019, a Campanha &#8220;Squeeze Nado Por Tudo&#8221;, cerca de 1.000 unidades de squeeze foram vendidas. A a\u00e7\u00e3o alertou a comunidade aqu\u00e1tica e tamb\u00e9m os f\u00e3s da esportista para a preven\u00e7\u00e3o e tratamento da asma, sendo o lucro das vendas revertido para a GINA no Brasil (<a href=\"https:\/\/www.ginanobrasil.org.br\/\" target=\"_blank\" rel=\"noopener noreferrer\">https:\/\/www.ginanobrasil.org.br\/<\/a>), uma institui\u00e7\u00e3o que trabalha diretamente com a asma. Foi por causa da doen\u00e7a respirat\u00f3ria na inf\u00e2ncia que os pais de Etiene Medeiros a colocaram na nata\u00e7\u00e3o. D\u00e9cadas depois, ela se tornaria o principal nome da modalidade no Brasil.<br \/>\n(Assessoria. Foto: Igo Bione)<\/p>\n","protected":false},"excerpt":{"rendered":"<p>Sempre engajada e atuante em a\u00e7\u00f5es sociais que visam um futuro melhor para as pr\u00f3ximas gera\u00e7\u00f5es, a nadadora Etiene Medeiros foi convidada e logo aceitou participar da campanha &#8220;A gente liga para o oceano&#8221;, que alerta para a polui\u00e7\u00e3o pl\u00e1stica nos oceanos. A organiza\u00e7\u00e3o \u00e9 da Liga das Mulheres pelo Oceano, criada pela jornalista Paulina [&hellip;]<\/p>\n","protected":false},"author":6307,"featured_media":38107,"comment_status":"closed","ping_status":"open","sticky":false,"template":"","format":"standard","meta":{"_exactmetrics_skip_tracking":false,"_exactmetrics_sitenote_active":false,"_exactmetrics_sitenote_note":"","_exactmetrics_sitenote_category":0,"footnotes":""},"categories":[1052],"tags":[12764,7334,47],"yoast_head":"<!-- This site is optimized with the Yoast SEO Premium plugin v22.7 (Yoast SEO v22.7) - https:\/\/yoast.com\/wordpress\/plugins\/seo\/ -->\n<title>R\u00c1DIO MARING\u00c1 - Etiene Medeiros em campanha contra o pl\u00e1stico nos oceanos - Orlando Gonzalez<\/title>\n<meta name=\"robots\" content=\"index, follow, max-snippet:-1, max-image-preview:large, max-video-preview:-1\" \/>\n<link rel=\"canonical\" href=\"https:\/\/maringapost.com.br\/orlandogonzalez\/2020\/08\/26\/radio-maringa-etiene-medeiros-em-campanha-contra-o-plastico-nos-oceanos\/\" \/>\n<meta property=\"og:locale\" content=\"pt_BR\" \/>\n<meta property=\"og:type\" content=\"article\" \/>\n<meta property=\"og:title\" content=\"R\u00c1DIO MARING\u00c1 - Etiene Medeiros em campanha contra o pl\u00e1stico nos oceanos\" \/>\n<meta property=\"og:description\" content=\"Sempre engajada e atuante em a\u00e7\u00f5es sociais que visam um futuro melhor para as pr\u00f3ximas gera\u00e7\u00f5es, a nadadora Etiene Medeiros foi convidada e logo aceitou participar da campanha &#8220;A gente liga para o oceano&#8221;, que alerta para a polui\u00e7\u00e3o pl\u00e1stica nos oceanos. A organiza\u00e7\u00e3o \u00e9 da Liga das Mulheres pelo Oceano, criada pela jornalista Paulina [&hellip;]\" \/>\n<meta property=\"og:url\" content=\"https:\/\/maringapost.com.br\/orlandogonzalez\/2020\/08\/26\/radio-maringa-etiene-medeiros-em-campanha-contra-o-plastico-nos-oceanos\/\" \/>\n<meta property=\"og:site_name\" content=\"Orlando Gonzalez\" \/>\n<meta property=\"article:author\" content=\"https:\/\/www.facebook.com\/profile.php?id=100011095815065\" \/>\n<meta property=\"article:published_time\" content=\"2020-08-26T14:53:28+00:00\" \/>\n<meta property=\"article:modified_time\" content=\"2020-08-26T14:53:40+00:00\" \/>\n<meta property=\"og:image\" content=\"https:\/\/maringapost.com.br\/orlandogonzalez\/wp-content\/uploads\/sites\/17\/2020\/08\/382287_944577_3f31fae3_aa3b_418c_99d6_33898b687432_web_.jpeg\" \/>\n\t<meta property=\"og:image:width\" content=\"480\" \/>\n\t<meta property=\"og:image:height\" content=\"600\" \/>\n\t<meta property=\"og:image:type\" content=\"image\/jpeg\" \/>\n<meta name=\"author\" content=\"Orlando Gonzalez\" \/>\n<meta name=\"twitter:card\" content=\"summary_large_image\" \/>\n<meta name=\"twitter:creator\" content=\"@gonzalezorlando\" \/>\n<meta name=\"twitter:label1\" content=\"Escrito por\" \/>\n\t<meta name=\"twitter:data1\" content=\"\" \/>\n\t<meta name=\"twitter:label2\" content=\"Est. tempo de leitura\" \/>\n\t<meta name=\"twitter:data2\" content=\"4 minutos\" \/>\n<script type=\"application\/ld+json\" class=\"yoast-schema-graph\">{\"@context\":\"https:\/\/schema.org\",\"@graph\":[{\"@type\":\"WebPage\",\"@id\":\"https:\/\/maringapost.com.br\/orlandogonzalez\/2020\/08\/26\/radio-maringa-etiene-medeiros-em-campanha-contra-o-plastico-nos-oceanos\/\",\"url\":\"https:\/\/maringapost.com.br\/orlandogonzalez\/2020\/08\/26\/radio-maringa-etiene-medeiros-em-campanha-contra-o-plastico-nos-oceanos\/\",\"name\":\"R\u00c1DIO MARING\u00c1 - Etiene Medeiros em campanha contra o pl\u00e1stico nos oceanos - Orlando Gonzalez\",\"isPartOf\":{\"@id\":\"https:\/\/maringapost.com.br\/orlandogonzalez\/#website\"},\"primaryImageOfPage\":{\"@id\":\"https:\/\/maringapost.com.br\/orlandogonzalez\/2020\/08\/26\/radio-maringa-etiene-medeiros-em-campanha-contra-o-plastico-nos-oceanos\/#primaryimage\"},\"image\":{\"@id\":\"https:\/\/maringapost.com.br\/orlandogonzalez\/2020\/08\/26\/radio-maringa-etiene-medeiros-em-campanha-contra-o-plastico-nos-oceanos\/#primaryimage\"},\"thumbnailUrl\":\"https:\/\/maringapost.com.br\/orlandogonzalez\/wp-content\/uploads\/sites\/17\/2020\/08\/382287_944577_3f31fae3_aa3b_418c_99d6_33898b687432_web_.jpeg\",\"datePublished\":\"2020-08-26T14:53:28+00:00\",\"dateModified\":\"2020-08-26T14:53:40+00:00\",\"author\":{\"@id\":\"https:\/\/maringapost.com.br\/orlandogonzalez\/#\/schema\/person\/5cbe6257d08edea6afc9ebaa613b0633\"},\"inLanguage\":\"pt-BR\",\"potentialAction\":[{\"@type\":\"ReadAction\",\"target\":[\"https:\/\/maringapost.com.br\/orlandogonzalez\/2020\/08\/26\/radio-maringa-etiene-medeiros-em-campanha-contra-o-plastico-nos-oceanos\/\"]}]},{\"@type\":\"ImageObject\",\"inLanguage\":\"pt-BR\",\"@id\":\"https:\/\/maringapost.com.br\/orlandogonzalez\/2020\/08\/26\/radio-maringa-etiene-medeiros-em-campanha-contra-o-plastico-nos-oceanos\/#primaryimage\",\"url\":\"https:\/\/maringapost.com.br\/orlandogonzalez\/wp-content\/uploads\/sites\/17\/2020\/08\/382287_944577_3f31fae3_aa3b_418c_99d6_33898b687432_web_.jpeg\",\"contentUrl\":\"https:\/\/maringapost.com.br\/orlandogonzalez\/wp-content\/uploads\/sites\/17\/2020\/08\/382287_944577_3f31fae3_aa3b_418c_99d6_33898b687432_web_.jpeg\",\"width\":480,\"height\":600},{\"@type\":\"WebSite\",\"@id\":\"https:\/\/maringapost.com.br\/orlandogonzalez\/#website\",\"url\":\"https:\/\/maringapost.com.br\/orlandogonzalez\/\",\"name\":\"Orlando Gonzalez\",\"description\":\"Destaca o esporte de Maring\u00e1! Destaca o esporte do Paran\u00e1! Destaca o esporte do Brasil!\",\"potentialAction\":[{\"@type\":\"SearchAction\",\"target\":{\"@type\":\"EntryPoint\",\"urlTemplate\":\"https:\/\/maringapost.com.br\/orlandogonzalez\/?s={search_term_string}\"},\"query-input\":\"required name=search_term_string\"}],\"inLanguage\":\"pt-BR\"},{\"@type\":\"Person\",\"@id\":\"https:\/\/maringapost.com.br\/orlandogonzalez\/#\/schema\/person\/5cbe6257d08edea6afc9ebaa613b0633\",\"name\":\"Orlando Gonzalez\",\"image\":{\"@type\":\"ImageObject\",\"inLanguage\":\"pt-BR\",\"@id\":\"https:\/\/maringapost.com.br\/orlandogonzalez\/#\/schema\/person\/image\/\",\"url\":\"https:\/\/secure.gravatar.com\/avatar\/ecef9d1c9afe5ebdafadde8369065ba5?s=96&d=mm&r=g\",\"contentUrl\":\"https:\/\/secure.gravatar.com\/avatar\/ecef9d1c9afe5ebdafadde8369065ba5?s=96&d=mm&r=g\",\"caption\":\"Orlando Gonzalez\"},\"description\":\"H\u00e1 29 anos na cobertura do esporte de Maring\u00e1. Plant\u00e3o e narrador esportivo. Presta\u00e7\u00e3o de assessoria de imprensa esportiva, cobertura e transmiss\u00f5es ao vivo de eventos esportivos. E-mail: orlandogonzalez.assessoria@gmail.com WhatsApp: (44) 9 9126-6119\",\"sameAs\":[\"http:\/\/www.radiomaringa.com.br\/\",\"https:\/\/www.facebook.com\/profile.php?id=100011095815065\",\"https:\/\/www.instagram.com\/orlandomgonzalez\/\",\"https:\/\/br.pinterest.com\/ogonzalez0530\/\",\"https:\/\/x.com\/gonzalezorlando\",\"https:\/\/www.youtube.com\/channel\/UCvFpl55btth8wjnKiSS1ibA\",\"https:\/\/radiomaringaweb.tumblr.com\/\"],\"url\":\"https:\/\/maringapost.com.br\/orlandogonzalez\/author\/orlando\/\"}]}<\/script>\n<!-- \/ Yoast SEO Premium plugin. -->","yoast_head_json":{"title":"R\u00c1DIO MARING\u00c1 - Etiene Medeiros em campanha contra o pl\u00e1stico nos oceanos - Orlando Gonzalez","robots":{"index":"index","follow":"follow","max-snippet":"max-snippet:-1","max-image-preview":"max-image-preview:large","max-video-preview":"max-video-preview:-1"},"canonical":"https:\/\/maringapost.com.br\/orlandogonzalez\/2020\/08\/26\/radio-maringa-etiene-medeiros-em-campanha-contra-o-plastico-nos-oceanos\/","og_locale":"pt_BR","og_type":"article","og_title":"R\u00c1DIO MARING\u00c1 - Etiene Medeiros em campanha contra o pl\u00e1stico nos oceanos","og_description":"Sempre engajada e atuante em a\u00e7\u00f5es sociais que visam um futuro melhor para as pr\u00f3ximas gera\u00e7\u00f5es, a nadadora Etiene Medeiros foi convidada e logo aceitou participar da campanha &#8220;A gente liga para o oceano&#8221;, que alerta para a polui\u00e7\u00e3o pl\u00e1stica nos oceanos. A organiza\u00e7\u00e3o \u00e9 da Liga das Mulheres pelo Oceano, criada pela jornalista Paulina [&hellip;]","og_url":"https:\/\/maringapost.com.br\/orlandogonzalez\/2020\/08\/26\/radio-maringa-etiene-medeiros-em-campanha-contra-o-plastico-nos-oceanos\/","og_site_name":"Orlando Gonzalez","article_author":"https:\/\/www.facebook.com\/profile.php?id=100011095815065","article_published_time":"2020-08-26T14:53:28+00:00","article_modified_time":"2020-08-26T14:53:40+00:00","og_image":[{"width":480,"height":600,"url":"https:\/\/maringapost.com.br\/orlandogonzalez\/wp-content\/uploads\/sites\/17\/2020\/08\/382287_944577_3f31fae3_aa3b_418c_99d6_33898b687432_web_.jpeg","type":"image\/jpeg"}],"author":"Orlando Gonzalez","twitter_card":"summary_large_image","twitter_creator":"@gonzalezorlando","twitter_misc":{"Escrito por":false,"Est. tempo de leitura":"4 minutos"},"schema":{"@context":"https:\/\/schema.org","@graph":[{"@type":"WebPage","@id":"https:\/\/maringapost.com.br\/orlandogonzalez\/2020\/08\/26\/radio-maringa-etiene-medeiros-em-campanha-contra-o-plastico-nos-oceanos\/","url":"https:\/\/maringapost.com.br\/orlandogonzalez\/2020\/08\/26\/radio-maringa-etiene-medeiros-em-campanha-contra-o-plastico-nos-oceanos\/","name":"R\u00c1DIO MARING\u00c1 - Etiene Medeiros em campanha contra o pl\u00e1stico nos oceanos - Orlando Gonzalez","isPartOf":{"@id":"https:\/\/maringapost.com.br\/orlandogonzalez\/#website"},"primaryImageOfPage":{"@id":"https:\/\/maringapost.com.br\/orlandogonzalez\/2020\/08\/26\/radio-maringa-etiene-medeiros-em-campanha-contra-o-plastico-nos-oceanos\/#primaryimage"},"image":{"@id":"https:\/\/maringapost.com.br\/orlandogonzalez\/2020\/08\/26\/radio-maringa-etiene-medeiros-em-campanha-contra-o-plastico-nos-oceanos\/#primaryimage"},"thumbnailUrl":"https:\/\/maringapost.com.br\/orlandogonzalez\/wp-content\/uploads\/sites\/17\/2020\/08\/382287_944577_3f31fae3_aa3b_418c_99d6_33898b687432_web_.jpeg","datePublished":"2020-08-26T14:53:28+00:00","dateModified":"2020-08-26T14:53:40+00:00","author":{"@id":"https:\/\/maringapost.com.br\/orlandogonzalez\/#\/schema\/person\/5cbe6257d08edea6afc9ebaa613b0633"},"inLanguage":"pt-BR","potentialAction":[{"@type":"ReadAction","target":["https:\/\/maringapost.com.br\/orlandogonzalez\/2020\/08\/26\/radio-maringa-etiene-medeiros-em-campanha-contra-o-plastico-nos-oceanos\/"]}]},{"@type":"ImageObject","inLanguage":"pt-BR","@id":"https:\/\/maringapost.com.br\/orlandogonzalez\/2020\/08\/26\/radio-maringa-etiene-medeiros-em-campanha-contra-o-plastico-nos-oceanos\/#primaryimage","url":"https:\/\/maringapost.com.br\/orlandogonzalez\/wp-content\/uploads\/sites\/17\/2020\/08\/382287_944577_3f31fae3_aa3b_418c_99d6_33898b687432_web_.jpeg","contentUrl":"https:\/\/maringapost.com.br\/orlandogonzalez\/wp-content\/uploads\/sites\/17\/2020\/08\/382287_944577_3f31fae3_aa3b_418c_99d6_33898b687432_web_.jpeg","width":480,"height":600},{"@type":"WebSite","@id":"https:\/\/maringapost.com.br\/orlandogonzalez\/#website","url":"https:\/\/maringapost.com.br\/orlandogonzalez\/","name":"Orlando Gonzalez","description":"Destaca o esporte de Maring\u00e1! Destaca o esporte do Paran\u00e1! Destaca o esporte do Brasil!","potentialAction":[{"@type":"SearchAction","target":{"@type":"EntryPoint","urlTemplate":"https:\/\/maringapost.com.br\/orlandogonzalez\/?s={search_term_string}"},"query-input":"required name=search_term_string"}],"inLanguage":"pt-BR"},{"@type":"Person","@id":"https:\/\/maringapost.com.br\/orlandogonzalez\/#\/schema\/person\/5cbe6257d08edea6afc9ebaa613b0633","name":"Orlando Gonzalez","image":{"@type":"ImageObject","inLanguage":"pt-BR","@id":"https:\/\/maringapost.com.br\/orlandogonzalez\/#\/schema\/person\/image\/","url":"https:\/\/secure.gravatar.com\/avatar\/ecef9d1c9afe5ebdafadde8369065ba5?s=96&d=mm&r=g","contentUrl":"https:\/\/secure.gravatar.com\/avatar\/ecef9d1c9afe5ebdafadde8369065ba5?s=96&d=mm&r=g","caption":"Orlando Gonzalez"},"description":"H\u00e1 29 anos na cobertura do esporte de Maring\u00e1. Plant\u00e3o e narrador esportivo. Presta\u00e7\u00e3o de assessoria de imprensa esportiva, cobertura e transmiss\u00f5es ao vivo de eventos esportivos. E-mail: orlandogonzalez.assessoria@gmail.com WhatsApp: (44) 9 9126-6119","sameAs":["http:\/\/www.radiomaringa.com.br\/","https:\/\/www.facebook.com\/profile.php?id=100011095815065","https:\/\/www.instagram.com\/orlandomgonzalez\/","https:\/\/br.pinterest.com\/ogonzalez0530\/","https:\/\/x.com\/gonzalezorlando","https:\/\/www.youtube.com\/channel\/UCvFpl55btth8wjnKiSS1ibA","https:\/\/radiomaringaweb.tumblr.com\/"],"url":"https:\/\/maringapost.com.br\/orlandogonzalez\/author\/orlando\/"}]}},"_links":{"self":[{"href":"https:\/\/maringapost.com.br\/orlandogonzalez\/wp-json\/wp\/v2\/posts\/38106"}],"collection":[{"href":"https:\/\/maringapost.com.br\/orlandogonzalez\/wp-json\/wp\/v2\/posts"}],"about":[{"href":"https:\/\/maringapost.com.br\/orlandogonzalez\/wp-json\/wp\/v2\/types\/post"}],"author":[{"embeddable":true,"href":"https:\/\/maringapost.com.br\/orlandogonzalez\/wp-json\/wp\/v2\/users\/6307"}],"replies":[{"embeddable":true,"href":"https:\/\/maringapost.com.br\/orlandogonzalez\/wp-json\/wp\/v2\/comments?post=38106"}],"version-history":[{"count":1,"href":"https:\/\/maringapost.com.br\/orlandogonzalez\/wp-json\/wp\/v2\/posts\/38106\/revisions"}],"predecessor-version":[{"id":38109,"href":"https:\/\/maringapost.com.br\/orlandogonzalez\/wp-json\/wp\/v2\/posts\/38106\/revisions\/38109"}],"wp:featuredmedia":[{"embeddable":true,"href":"https:\/\/maringapost.com.br\/orlandogonzalez\/wp-json\/wp\/v2\/media\/38107"}],"wp:attachment":[{"href":"https:\/\/maringapost.com.br\/orlandogonzalez\/wp-json\/wp\/v2\/media?parent=38106"}],"wp:term":[{"taxonomy":"category","embeddable":true,"href":"https:\/\/maringapost.com.br\/orlandogonzalez\/wp-json\/wp\/v2\/categories?post=38106"},{"taxonomy":"post_tag","embeddable":true,"href":"https:\/\/maringapost.com.br\/orlandogonzalez\/wp-json\/wp\/v2\/tags?post=38106"}],"curies":[{"name":"wp","href":"https:\/\/api.w.org\/{rel}","templated":true}]}}