{"id":38018,"date":"2020-08-25T09:14:17","date_gmt":"2020-08-25T12:14:17","guid":{"rendered":"http:\/\/maringapost.com.br\/orlandogonzalez\/?p=38018"},"modified":"2020-08-25T09:21:14","modified_gmt":"2020-08-25T12:21:14","slug":"radio-maringa-pedro-veniss-tem-tres-vitoria-em-concurso-na-espanha","status":"publish","type":"post","link":"https:\/\/maringapost.com.br\/orlandogonzalez\/2020\/08\/25\/radio-maringa-pedro-veniss-tem-tres-vitoria-em-concurso-na-espanha\/","title":{"rendered":"R\u00c1DIO MARING\u00c1 &#8211; Pedro Veniss tem tr\u00eas vit\u00f3rias\u00a0 em Concurso na Espanha"},"content":{"rendered":"<p>Pedro Veniss teve tr\u00eas vit\u00f3rias no Grand Prix do Concurso duas estrelas de Gij\u00f3n Espanha. No \u00faltimo domingo, 23\/8, montando Boekmannshof Lord Pezi Junior garantiu o topo do p\u00f3dio do GP, na pista de duas estrelas com obst\u00e1culos a 1.45 metro, com tempo final de 36s87.<\/p>\n<p><a href=\"http:\/\/www.radiomaringa.com.br\" target=\"_blank\" rel=\"noopener noreferrer\"><img loading=\"lazy\" decoding=\"async\" class=\"alignnone wp-image-37849 size-full\" src=\"https:\/\/maringapost.com.br\/orlandogonzalez\/wp-content\/uploads\/sites\/17\/2020\/08\/Logo_RadioMaringa2-3-2.jpg\" alt=\"\" width=\"978\" height=\"231\" srcset=\"https:\/\/maringapost.com.br\/orlandogonzalez\/wp-content\/uploads\/sites\/17\/2020\/08\/Logo_RadioMaringa2-3-2.jpg 978w, https:\/\/maringapost.com.br\/orlandogonzalez\/wp-content\/uploads\/sites\/17\/2020\/08\/Logo_RadioMaringa2-3-2-300x71.jpg 300w, https:\/\/maringapost.com.br\/orlandogonzalez\/wp-content\/uploads\/sites\/17\/2020\/08\/Logo_RadioMaringa2-3-2-768x181.jpg 768w, https:\/\/maringapost.com.br\/orlandogonzalez\/wp-content\/uploads\/sites\/17\/2020\/08\/Logo_RadioMaringa2-3-2-696x164.jpg 696w\" sizes=\"(max-width: 978px) 100vw, 978px\" \/><\/a><\/p>\n<p>As duas primeiras vit\u00f3tias vieram na quinta e na sexta-feira. No dia 20\/8, Pedro fez dobradinha na prova 1.40m ao cron\u00f4metro: vencedor com Happy Girl T e vice com Balada des Colores. J\u00e1 na sexta-feira, dia 21\/8, Pedro levou Balada des Colores \u00e0 1\u00aa coloca\u00e7\u00e3o na disputa a 1.40m em duas fases.<\/p>\n<p>No Internacional 3* de Budapest, na Hungria, no s\u00e1bado, 22\/8, Yuri Mansur com QH Alfons Santo Antonio garantiu o 5\u00ba posto no GP World Cup Qualifier, a 1.55 metro. Dos 27 conjuntos, seis foram ao desempate em que Yuri e QH Alfons Santo Antonio cruzaram a linha de chegada, em 36s45. Sagrou-se campe\u00e3o o cavaleiro su\u00ed\u00e7o Alain Juver montando Cornet MM, pista limpa, 34s51.<\/p>\n<p>Outros resultados de atletas brasileiros<br \/>\nNo Internacional 2* de Puebla no M\u00e9xico, Rodrigo Lambre montando Chapilot foi vice no GP, a 1.45m, no domingo, 23\/8. Dos 43 conjuntos, sete largaram no desempate. A vit\u00f3ria foi do mexicano Juan Jose Zendejas Salgado com Just Nice van Het Indihof, 36s86, seguido por Rodrigo e Chapilot, pista limpa, 38s36.<\/p>\n<p>No Internacional 2* Bonheiden, na B\u00e9lgica, o Brasil tamb\u00e9m fez bonito com v\u00e1rias classifica\u00e7\u00f5es. Destaque para Felipe do Amaral que com Germanico T garantiu o 2\u00ba posto a 1.45m com desempate e Pedro Junqueira Muylaert com Chief Tibri Z MFS, vencedor a 1.40m ao cron\u00f4metro, ambas disputas ocorridas no s\u00e1bado, 22\/8.<\/p>\n<p>Tamb\u00e9m na B\u00e9lgica, no Internacional 2* Zandhoven, o cavaleiro Bernardo Alves que montando El Torreo de Muse foi vice a 1.45m com desempate no s\u00e1bado, 22, e no domingo, 23, garantiu o 5\u00ba posto no GP, a 1.45m.<\/p>\n<p>Na Holanda, no Internacional 2* de Wierden, na Holanda, Thiago Ribas da Costa com Kassandra van\u00b4t Heike confirmou a boa fase com o 4\u00ba posto no GP, a 1.45m, no domingo, 23\/8.<br \/>\n(Texto: COB. Foto: Horselife Divulga\u00e7\u00e3o)<\/p>\n","protected":false},"excerpt":{"rendered":"<p>Pedro Veniss teve tr\u00eas vit\u00f3rias no Grand Prix do Concurso duas estrelas de Gij\u00f3n Espanha. No \u00faltimo domingo, 23\/8, montando Boekmannshof Lord Pezi Junior garantiu o topo do p\u00f3dio do GP, na pista de duas estrelas com obst\u00e1culos a 1.45 metro, com tempo final de 36s87. As duas primeiras vit\u00f3tias vieram na quinta e na [&hellip;]<\/p>\n","protected":false},"author":6307,"featured_media":38019,"comment_status":"closed","ping_status":"open","sticky":false,"template":"","format":"standard","meta":{"_exactmetrics_skip_tracking":false,"_exactmetrics_sitenote_active":false,"_exactmetrics_sitenote_note":"","_exactmetrics_sitenote_category":0,"footnotes":""},"categories":[12595],"tags":[12596,47,107],"yoast_head":"<!-- This site is optimized with the Yoast SEO Premium plugin v22.7 (Yoast SEO v22.7) - https:\/\/yoast.com\/wordpress\/plugins\/seo\/ -->\n<title>R\u00c1DIO MARING\u00c1 - Pedro Veniss tem tr\u00eas vit\u00f3rias\u00a0 em Concurso na Espanha - Orlando Gonzalez<\/title>\n<meta name=\"robots\" content=\"index, follow, max-snippet:-1, max-image-preview:large, max-video-preview:-1\" \/>\n<link rel=\"canonical\" href=\"https:\/\/maringapost.com.br\/orlandogonzalez\/2020\/08\/25\/radio-maringa-pedro-veniss-tem-tres-vitoria-em-concurso-na-espanha\/\" \/>\n<meta property=\"og:locale\" content=\"pt_BR\" \/>\n<meta property=\"og:type\" content=\"article\" \/>\n<meta property=\"og:title\" content=\"R\u00c1DIO MARING\u00c1 - Pedro Veniss tem tr\u00eas vit\u00f3rias\u00a0 em Concurso na Espanha\" \/>\n<meta property=\"og:description\" content=\"Pedro Veniss teve tr\u00eas vit\u00f3rias no Grand Prix do Concurso duas estrelas de Gij\u00f3n Espanha. No \u00faltimo domingo, 23\/8, montando Boekmannshof Lord Pezi Junior garantiu o topo do p\u00f3dio do GP, na pista de duas estrelas com obst\u00e1culos a 1.45 metro, com tempo final de 36s87. As duas primeiras vit\u00f3tias vieram na quinta e na [&hellip;]\" \/>\n<meta property=\"og:url\" content=\"https:\/\/maringapost.com.br\/orlandogonzalez\/2020\/08\/25\/radio-maringa-pedro-veniss-tem-tres-vitoria-em-concurso-na-espanha\/\" \/>\n<meta property=\"og:site_name\" content=\"Orlando Gonzalez\" \/>\n<meta property=\"article:author\" content=\"https:\/\/www.facebook.com\/profile.php?id=100011095815065\" \/>\n<meta property=\"article:published_time\" content=\"2020-08-25T12:14:17+00:00\" \/>\n<meta property=\"article:modified_time\" content=\"2020-08-25T12:21:14+00:00\" \/>\n<meta property=\"og:image\" content=\"https:\/\/maringapost.com.br\/orlandogonzalez\/wp-content\/uploads\/sites\/17\/2020\/08\/cavalo.jpg\" \/>\n\t<meta property=\"og:image:width\" content=\"636\" \/>\n\t<meta property=\"og:image:height\" content=\"427\" \/>\n\t<meta property=\"og:image:type\" content=\"image\/jpeg\" \/>\n<meta name=\"author\" content=\"Orlando Gonzalez\" \/>\n<meta name=\"twitter:card\" content=\"summary_large_image\" \/>\n<meta name=\"twitter:creator\" content=\"@gonzalezorlando\" \/>\n<meta name=\"twitter:label1\" content=\"Escrito por\" \/>\n\t<meta name=\"twitter:data1\" content=\"\" \/>\n\t<meta name=\"twitter:label2\" content=\"Est. tempo de leitura\" \/>\n\t<meta name=\"twitter:data2\" content=\"2 minutos\" \/>\n<script type=\"application\/ld+json\" class=\"yoast-schema-graph\">{\"@context\":\"https:\/\/schema.org\",\"@graph\":[{\"@type\":\"WebPage\",\"@id\":\"https:\/\/maringapost.com.br\/orlandogonzalez\/2020\/08\/25\/radio-maringa-pedro-veniss-tem-tres-vitoria-em-concurso-na-espanha\/\",\"url\":\"https:\/\/maringapost.com.br\/orlandogonzalez\/2020\/08\/25\/radio-maringa-pedro-veniss-tem-tres-vitoria-em-concurso-na-espanha\/\",\"name\":\"R\u00c1DIO MARING\u00c1 - Pedro Veniss tem tr\u00eas vit\u00f3rias\u00a0 em Concurso na Espanha - Orlando Gonzalez\",\"isPartOf\":{\"@id\":\"https:\/\/maringapost.com.br\/orlandogonzalez\/#website\"},\"primaryImageOfPage\":{\"@id\":\"https:\/\/maringapost.com.br\/orlandogonzalez\/2020\/08\/25\/radio-maringa-pedro-veniss-tem-tres-vitoria-em-concurso-na-espanha\/#primaryimage\"},\"image\":{\"@id\":\"https:\/\/maringapost.com.br\/orlandogonzalez\/2020\/08\/25\/radio-maringa-pedro-veniss-tem-tres-vitoria-em-concurso-na-espanha\/#primaryimage\"},\"thumbnailUrl\":\"https:\/\/maringapost.com.br\/orlandogonzalez\/wp-content\/uploads\/sites\/17\/2020\/08\/cavalo.jpg\",\"datePublished\":\"2020-08-25T12:14:17+00:00\",\"dateModified\":\"2020-08-25T12:21:14+00:00\",\"author\":{\"@id\":\"https:\/\/maringapost.com.br\/orlandogonzalez\/#\/schema\/person\/5cbe6257d08edea6afc9ebaa613b0633\"},\"inLanguage\":\"pt-BR\",\"potentialAction\":[{\"@type\":\"ReadAction\",\"target\":[\"https:\/\/maringapost.com.br\/orlandogonzalez\/2020\/08\/25\/radio-maringa-pedro-veniss-tem-tres-vitoria-em-concurso-na-espanha\/\"]}]},{\"@type\":\"ImageObject\",\"inLanguage\":\"pt-BR\",\"@id\":\"https:\/\/maringapost.com.br\/orlandogonzalez\/2020\/08\/25\/radio-maringa-pedro-veniss-tem-tres-vitoria-em-concurso-na-espanha\/#primaryimage\",\"url\":\"https:\/\/maringapost.com.br\/orlandogonzalez\/wp-content\/uploads\/sites\/17\/2020\/08\/cavalo.jpg\",\"contentUrl\":\"https:\/\/maringapost.com.br\/orlandogonzalez\/wp-content\/uploads\/sites\/17\/2020\/08\/cavalo.jpg\",\"width\":636,\"height\":427},{\"@type\":\"WebSite\",\"@id\":\"https:\/\/maringapost.com.br\/orlandogonzalez\/#website\",\"url\":\"https:\/\/maringapost.com.br\/orlandogonzalez\/\",\"name\":\"Orlando Gonzalez\",\"description\":\"Destaca o esporte de Maring\u00e1! Destaca o esporte do Paran\u00e1! Destaca o esporte do Brasil!\",\"potentialAction\":[{\"@type\":\"SearchAction\",\"target\":{\"@type\":\"EntryPoint\",\"urlTemplate\":\"https:\/\/maringapost.com.br\/orlandogonzalez\/?s={search_term_string}\"},\"query-input\":\"required name=search_term_string\"}],\"inLanguage\":\"pt-BR\"},{\"@type\":\"Person\",\"@id\":\"https:\/\/maringapost.com.br\/orlandogonzalez\/#\/schema\/person\/5cbe6257d08edea6afc9ebaa613b0633\",\"name\":\"Orlando Gonzalez\",\"image\":{\"@type\":\"ImageObject\",\"inLanguage\":\"pt-BR\",\"@id\":\"https:\/\/maringapost.com.br\/orlandogonzalez\/#\/schema\/person\/image\/\",\"url\":\"https:\/\/secure.gravatar.com\/avatar\/ecef9d1c9afe5ebdafadde8369065ba5?s=96&d=mm&r=g\",\"contentUrl\":\"https:\/\/secure.gravatar.com\/avatar\/ecef9d1c9afe5ebdafadde8369065ba5?s=96&d=mm&r=g\",\"caption\":\"Orlando Gonzalez\"},\"description\":\"H\u00e1 29 anos na cobertura do esporte de Maring\u00e1. Plant\u00e3o e narrador esportivo. Presta\u00e7\u00e3o de assessoria de imprensa esportiva, cobertura e transmiss\u00f5es ao vivo de eventos esportivos. E-mail: orlandogonzalez.assessoria@gmail.com WhatsApp: (44) 9 9126-6119\",\"sameAs\":[\"http:\/\/www.radiomaringa.com.br\/\",\"https:\/\/www.facebook.com\/profile.php?id=100011095815065\",\"https:\/\/www.instagram.com\/orlandomgonzalez\/\",\"https:\/\/br.pinterest.com\/ogonzalez0530\/\",\"https:\/\/x.com\/gonzalezorlando\",\"https:\/\/www.youtube.com\/channel\/UCvFpl55btth8wjnKiSS1ibA\",\"https:\/\/radiomaringaweb.tumblr.com\/\"],\"url\":\"https:\/\/maringapost.com.br\/orlandogonzalez\/author\/orlando\/\"}]}<\/script>\n<!-- \/ Yoast SEO Premium plugin. -->","yoast_head_json":{"title":"R\u00c1DIO MARING\u00c1 - Pedro Veniss tem tr\u00eas vit\u00f3rias\u00a0 em Concurso na Espanha - Orlando Gonzalez","robots":{"index":"index","follow":"follow","max-snippet":"max-snippet:-1","max-image-preview":"max-image-preview:large","max-video-preview":"max-video-preview:-1"},"canonical":"https:\/\/maringapost.com.br\/orlandogonzalez\/2020\/08\/25\/radio-maringa-pedro-veniss-tem-tres-vitoria-em-concurso-na-espanha\/","og_locale":"pt_BR","og_type":"article","og_title":"R\u00c1DIO MARING\u00c1 - Pedro Veniss tem tr\u00eas vit\u00f3rias\u00a0 em Concurso na Espanha","og_description":"Pedro Veniss teve tr\u00eas vit\u00f3rias no Grand Prix do Concurso duas estrelas de Gij\u00f3n Espanha. No \u00faltimo domingo, 23\/8, montando Boekmannshof Lord Pezi Junior garantiu o topo do p\u00f3dio do GP, na pista de duas estrelas com obst\u00e1culos a 1.45 metro, com tempo final de 36s87. As duas primeiras vit\u00f3tias vieram na quinta e na [&hellip;]","og_url":"https:\/\/maringapost.com.br\/orlandogonzalez\/2020\/08\/25\/radio-maringa-pedro-veniss-tem-tres-vitoria-em-concurso-na-espanha\/","og_site_name":"Orlando Gonzalez","article_author":"https:\/\/www.facebook.com\/profile.php?id=100011095815065","article_published_time":"2020-08-25T12:14:17+00:00","article_modified_time":"2020-08-25T12:21:14+00:00","og_image":[{"width":636,"height":427,"url":"https:\/\/maringapost.com.br\/orlandogonzalez\/wp-content\/uploads\/sites\/17\/2020\/08\/cavalo.jpg","type":"image\/jpeg"}],"author":"Orlando Gonzalez","twitter_card":"summary_large_image","twitter_creator":"@gonzalezorlando","twitter_misc":{"Escrito por":false,"Est. tempo de leitura":"2 minutos"},"schema":{"@context":"https:\/\/schema.org","@graph":[{"@type":"WebPage","@id":"https:\/\/maringapost.com.br\/orlandogonzalez\/2020\/08\/25\/radio-maringa-pedro-veniss-tem-tres-vitoria-em-concurso-na-espanha\/","url":"https:\/\/maringapost.com.br\/orlandogonzalez\/2020\/08\/25\/radio-maringa-pedro-veniss-tem-tres-vitoria-em-concurso-na-espanha\/","name":"R\u00c1DIO MARING\u00c1 - Pedro Veniss tem tr\u00eas vit\u00f3rias\u00a0 em Concurso na Espanha - Orlando Gonzalez","isPartOf":{"@id":"https:\/\/maringapost.com.br\/orlandogonzalez\/#website"},"primaryImageOfPage":{"@id":"https:\/\/maringapost.com.br\/orlandogonzalez\/2020\/08\/25\/radio-maringa-pedro-veniss-tem-tres-vitoria-em-concurso-na-espanha\/#primaryimage"},"image":{"@id":"https:\/\/maringapost.com.br\/orlandogonzalez\/2020\/08\/25\/radio-maringa-pedro-veniss-tem-tres-vitoria-em-concurso-na-espanha\/#primaryimage"},"thumbnailUrl":"https:\/\/maringapost.com.br\/orlandogonzalez\/wp-content\/uploads\/sites\/17\/2020\/08\/cavalo.jpg","datePublished":"2020-08-25T12:14:17+00:00","dateModified":"2020-08-25T12:21:14+00:00","author":{"@id":"https:\/\/maringapost.com.br\/orlandogonzalez\/#\/schema\/person\/5cbe6257d08edea6afc9ebaa613b0633"},"inLanguage":"pt-BR","potentialAction":[{"@type":"ReadAction","target":["https:\/\/maringapost.com.br\/orlandogonzalez\/2020\/08\/25\/radio-maringa-pedro-veniss-tem-tres-vitoria-em-concurso-na-espanha\/"]}]},{"@type":"ImageObject","inLanguage":"pt-BR","@id":"https:\/\/maringapost.com.br\/orlandogonzalez\/2020\/08\/25\/radio-maringa-pedro-veniss-tem-tres-vitoria-em-concurso-na-espanha\/#primaryimage","url":"https:\/\/maringapost.com.br\/orlandogonzalez\/wp-content\/uploads\/sites\/17\/2020\/08\/cavalo.jpg","contentUrl":"https:\/\/maringapost.com.br\/orlandogonzalez\/wp-content\/uploads\/sites\/17\/2020\/08\/cavalo.jpg","width":636,"height":427},{"@type":"WebSite","@id":"https:\/\/maringapost.com.br\/orlandogonzalez\/#website","url":"https:\/\/maringapost.com.br\/orlandogonzalez\/","name":"Orlando Gonzalez","description":"Destaca o esporte de Maring\u00e1! Destaca o esporte do Paran\u00e1! Destaca o esporte do Brasil!","potentialAction":[{"@type":"SearchAction","target":{"@type":"EntryPoint","urlTemplate":"https:\/\/maringapost.com.br\/orlandogonzalez\/?s={search_term_string}"},"query-input":"required name=search_term_string"}],"inLanguage":"pt-BR"},{"@type":"Person","@id":"https:\/\/maringapost.com.br\/orlandogonzalez\/#\/schema\/person\/5cbe6257d08edea6afc9ebaa613b0633","name":"Orlando Gonzalez","image":{"@type":"ImageObject","inLanguage":"pt-BR","@id":"https:\/\/maringapost.com.br\/orlandogonzalez\/#\/schema\/person\/image\/","url":"https:\/\/secure.gravatar.com\/avatar\/ecef9d1c9afe5ebdafadde8369065ba5?s=96&d=mm&r=g","contentUrl":"https:\/\/secure.gravatar.com\/avatar\/ecef9d1c9afe5ebdafadde8369065ba5?s=96&d=mm&r=g","caption":"Orlando Gonzalez"},"description":"H\u00e1 29 anos na cobertura do esporte de Maring\u00e1. Plant\u00e3o e narrador esportivo. Presta\u00e7\u00e3o de assessoria de imprensa esportiva, cobertura e transmiss\u00f5es ao vivo de eventos esportivos. E-mail: orlandogonzalez.assessoria@gmail.com WhatsApp: (44) 9 9126-6119","sameAs":["http:\/\/www.radiomaringa.com.br\/","https:\/\/www.facebook.com\/profile.php?id=100011095815065","https:\/\/www.instagram.com\/orlandomgonzalez\/","https:\/\/br.pinterest.com\/ogonzalez0530\/","https:\/\/x.com\/gonzalezorlando","https:\/\/www.youtube.com\/channel\/UCvFpl55btth8wjnKiSS1ibA","https:\/\/radiomaringaweb.tumblr.com\/"],"url":"https:\/\/maringapost.com.br\/orlandogonzalez\/author\/orlando\/"}]}},"_links":{"self":[{"href":"https:\/\/maringapost.com.br\/orlandogonzalez\/wp-json\/wp\/v2\/posts\/38018"}],"collection":[{"href":"https:\/\/maringapost.com.br\/orlandogonzalez\/wp-json\/wp\/v2\/posts"}],"about":[{"href":"https:\/\/maringapost.com.br\/orlandogonzalez\/wp-json\/wp\/v2\/types\/post"}],"author":[{"embeddable":true,"href":"https:\/\/maringapost.com.br\/orlandogonzalez\/wp-json\/wp\/v2\/users\/6307"}],"replies":[{"embeddable":true,"href":"https:\/\/maringapost.com.br\/orlandogonzalez\/wp-json\/wp\/v2\/comments?post=38018"}],"version-history":[{"count":2,"href":"https:\/\/maringapost.com.br\/orlandogonzalez\/wp-json\/wp\/v2\/posts\/38018\/revisions"}],"predecessor-version":[{"id":38022,"href":"https:\/\/maringapost.com.br\/orlandogonzalez\/wp-json\/wp\/v2\/posts\/38018\/revisions\/38022"}],"wp:featuredmedia":[{"embeddable":true,"href":"https:\/\/maringapost.com.br\/orlandogonzalez\/wp-json\/wp\/v2\/media\/38019"}],"wp:attachment":[{"href":"https:\/\/maringapost.com.br\/orlandogonzalez\/wp-json\/wp\/v2\/media?parent=38018"}],"wp:term":[{"taxonomy":"category","embeddable":true,"href":"https:\/\/maringapost.com.br\/orlandogonzalez\/wp-json\/wp\/v2\/categories?post=38018"},{"taxonomy":"post_tag","embeddable":true,"href":"https:\/\/maringapost.com.br\/orlandogonzalez\/wp-json\/wp\/v2\/tags?post=38018"}],"curies":[{"name":"wp","href":"https:\/\/api.w.org\/{rel}","templated":true}]}}