{"id":37765,"date":"2020-08-20T09:57:24","date_gmt":"2020-08-20T12:57:24","guid":{"rendered":"http:\/\/maringapost.com.br\/orlandogonzalez\/?p=37765"},"modified":"2020-08-20T09:57:36","modified_gmt":"2020-08-20T12:57:36","slug":"radio-maringa-ana-marcela-anuncia-retorno-a-competicoes-e-homenagem-a-senna","status":"publish","type":"post","link":"https:\/\/maringapost.com.br\/orlandogonzalez\/2020\/08\/20\/radio-maringa-ana-marcela-anuncia-retorno-a-competicoes-e-homenagem-a-senna\/","title":{"rendered":"R\u00c1DIO MARING\u00c1 &#8211; Ana Marcela anuncia retorno a competi\u00e7\u00f5es e homenagem a Senna"},"content":{"rendered":"<p>A maratonista aqu\u00e1tica Ana Marcela Cunha anunciou na \u00faltima segunda-feira (17) o seu retorno \u00e0s competi\u00e7\u00f5es. Ser\u00e1 no dia 6 de setembro na 55\u00aa edi\u00e7\u00e3o da Travessia Capri-Napoli. Essa ser\u00e1 a terceira vez que a brasileira disputar\u00e1 a prova italiana, que tem trajeto de aproximadamente 36 km. Tanto em 2010 como em 2014 ela venceu e segue sendo a recordista da prova com o tempo de 6h24min47s.<\/p>\n<p><a href=\"http:\/\/www.radiomaringa.com.br\" target=\"_blank\" rel=\"noopener noreferrer\"><img loading=\"lazy\" decoding=\"async\" class=\"alignnone wp-image-37721 size-full\" src=\"https:\/\/maringapost.com.br\/orlandogonzalez\/wp-content\/uploads\/sites\/17\/2020\/08\/Logo_RadioMaringa2-3-1.jpg\" alt=\"\" width=\"978\" height=\"231\" srcset=\"https:\/\/maringapost.com.br\/orlandogonzalez\/wp-content\/uploads\/sites\/17\/2020\/08\/Logo_RadioMaringa2-3-1.jpg 978w, https:\/\/maringapost.com.br\/orlandogonzalez\/wp-content\/uploads\/sites\/17\/2020\/08\/Logo_RadioMaringa2-3-1-300x71.jpg 300w, https:\/\/maringapost.com.br\/orlandogonzalez\/wp-content\/uploads\/sites\/17\/2020\/08\/Logo_RadioMaringa2-3-1-768x181.jpg 768w, https:\/\/maringapost.com.br\/orlandogonzalez\/wp-content\/uploads\/sites\/17\/2020\/08\/Logo_RadioMaringa2-3-1-696x164.jpg 696w\" sizes=\"(max-width: 978px) 100vw, 978px\" \/><\/a><\/p>\n<p>Nessa oportunidade, a atleta far\u00e1 uma homenagem especial ao tricampe\u00e3o mundial de F\u00f3rmula 1 e eterno \u00eddolo do esporte brasileiro Ayrton Senna. No ano no qual o piloto completaria 60 anos de idade se estivesse vivo, a brasileira decidiu homenage\u00e1-lo com uma touca personalizada, que faz alus\u00e3o ao capacete verde e amarelo usado pelo piloto.<\/p>\n<p>A \u00faltima vez na qual Ana Marcela Cunha entrou no mar para uma prova oficial foi em fevereiro de 2020, na etapa de Doha do Circuito Mundial. Na ocasi\u00e3o, ela conquistou a medalha de prata.<\/p>\n<p>Em setembro, ela tamb\u00e9m participar\u00e1 do Campeonato Franc\u00eas de maratonas aqu\u00e1ticas, competi\u00e7\u00e3o realizada entre os dias 25 e 28.<\/p>\n<p>Ana Marcela j\u00e1 participou de duas edi\u00e7\u00f5es dos Jogos Ol\u00edmpicos. Em Pequim 2008 foi a 5\u00aa colocada, j\u00e1 na Rio 2016 ficou na 10\u00aa posi\u00e7\u00e3o. \u201cEm 2008, fui muito nova. Tinha apenas 16 anos. Em 2012 fiquei de fora por apenas 3 segundos na seletiva. Nos Jogos do Rio, tive um problema de alimenta\u00e7\u00e3o na segunda volta. Mas agora, em 2021, nove anos depois da minha estreia, j\u00e1 estou muito mais preparada. Sei muito bem aquilo que quero. A prova ol\u00edmpica dos 10 km \u00e9 dur\u00edssima. S\u00e3o 25 atletas. As melhores do mundo&#8221;, disse a nadadora em entrevista \u00e0 TV Brasil em dezembro passado.<br \/>\n(Texto: Juliano Justo\/Ag\u00eancia Brasil. Foto: Miriam Jeske\/COB)<\/p>\n","protected":false},"excerpt":{"rendered":"<p>A maratonista aqu\u00e1tica Ana Marcela Cunha anunciou na \u00faltima segunda-feira (17) o seu retorno \u00e0s competi\u00e7\u00f5es. Ser\u00e1 no dia 6 de setembro na 55\u00aa edi\u00e7\u00e3o da Travessia Capri-Napoli. Essa ser\u00e1 a terceira vez que a brasileira disputar\u00e1 a prova italiana, que tem trajeto de aproximadamente 36 km. Tanto em 2010 como em 2014 ela venceu [&hellip;]<\/p>\n","protected":false},"author":6307,"featured_media":37766,"comment_status":"closed","ping_status":"open","sticky":false,"template":"","format":"standard","meta":{"_exactmetrics_skip_tracking":false,"_exactmetrics_sitenote_active":false,"_exactmetrics_sitenote_note":"","_exactmetrics_sitenote_category":0,"footnotes":""},"categories":[1052],"tags":[7334,47],"yoast_head":"<!-- This site is optimized with the Yoast SEO Premium plugin v22.7 (Yoast SEO v22.7) - https:\/\/yoast.com\/wordpress\/plugins\/seo\/ -->\n<title>R\u00c1DIO MARING\u00c1 - Ana Marcela anuncia retorno a competi\u00e7\u00f5es e homenagem a Senna - Orlando Gonzalez<\/title>\n<meta name=\"robots\" content=\"index, follow, max-snippet:-1, max-image-preview:large, max-video-preview:-1\" \/>\n<link rel=\"canonical\" href=\"https:\/\/maringapost.com.br\/orlandogonzalez\/2020\/08\/20\/radio-maringa-ana-marcela-anuncia-retorno-a-competicoes-e-homenagem-a-senna\/\" \/>\n<meta property=\"og:locale\" content=\"pt_BR\" \/>\n<meta property=\"og:type\" content=\"article\" \/>\n<meta property=\"og:title\" content=\"R\u00c1DIO MARING\u00c1 - Ana Marcela anuncia retorno a competi\u00e7\u00f5es e homenagem a Senna\" \/>\n<meta property=\"og:description\" content=\"A maratonista aqu\u00e1tica Ana Marcela Cunha anunciou na \u00faltima segunda-feira (17) o seu retorno \u00e0s competi\u00e7\u00f5es. Ser\u00e1 no dia 6 de setembro na 55\u00aa edi\u00e7\u00e3o da Travessia Capri-Napoli. Essa ser\u00e1 a terceira vez que a brasileira disputar\u00e1 a prova italiana, que tem trajeto de aproximadamente 36 km. Tanto em 2010 como em 2014 ela venceu [&hellip;]\" \/>\n<meta property=\"og:url\" content=\"https:\/\/maringapost.com.br\/orlandogonzalez\/2020\/08\/20\/radio-maringa-ana-marcela-anuncia-retorno-a-competicoes-e-homenagem-a-senna\/\" \/>\n<meta property=\"og:site_name\" content=\"Orlando Gonzalez\" \/>\n<meta property=\"article:author\" content=\"https:\/\/www.facebook.com\/profile.php?id=100011095815065\" \/>\n<meta property=\"article:published_time\" content=\"2020-08-20T12:57:24+00:00\" \/>\n<meta property=\"article:modified_time\" content=\"2020-08-20T12:57:36+00:00\" \/>\n<meta property=\"og:image\" content=\"https:\/\/maringapost.com.br\/orlandogonzalez\/wp-content\/uploads\/sites\/17\/2020\/08\/COB_AnaMarcela.jpg\" \/>\n\t<meta property=\"og:image:width\" content=\"1170\" \/>\n\t<meta property=\"og:image:height\" content=\"700\" \/>\n\t<meta property=\"og:image:type\" content=\"image\/jpeg\" \/>\n<meta name=\"author\" content=\"Orlando Gonzalez\" \/>\n<meta name=\"twitter:card\" content=\"summary_large_image\" \/>\n<meta name=\"twitter:creator\" content=\"@gonzalezorlando\" \/>\n<meta name=\"twitter:label1\" content=\"Escrito por\" \/>\n\t<meta name=\"twitter:data1\" content=\"\" \/>\n\t<meta name=\"twitter:label2\" content=\"Est. tempo de leitura\" \/>\n\t<meta name=\"twitter:data2\" content=\"1 minuto\" \/>\n<script type=\"application\/ld+json\" class=\"yoast-schema-graph\">{\"@context\":\"https:\/\/schema.org\",\"@graph\":[{\"@type\":\"WebPage\",\"@id\":\"https:\/\/maringapost.com.br\/orlandogonzalez\/2020\/08\/20\/radio-maringa-ana-marcela-anuncia-retorno-a-competicoes-e-homenagem-a-senna\/\",\"url\":\"https:\/\/maringapost.com.br\/orlandogonzalez\/2020\/08\/20\/radio-maringa-ana-marcela-anuncia-retorno-a-competicoes-e-homenagem-a-senna\/\",\"name\":\"R\u00c1DIO MARING\u00c1 - Ana Marcela anuncia retorno a competi\u00e7\u00f5es e homenagem a Senna - Orlando Gonzalez\",\"isPartOf\":{\"@id\":\"https:\/\/maringapost.com.br\/orlandogonzalez\/#website\"},\"primaryImageOfPage\":{\"@id\":\"https:\/\/maringapost.com.br\/orlandogonzalez\/2020\/08\/20\/radio-maringa-ana-marcela-anuncia-retorno-a-competicoes-e-homenagem-a-senna\/#primaryimage\"},\"image\":{\"@id\":\"https:\/\/maringapost.com.br\/orlandogonzalez\/2020\/08\/20\/radio-maringa-ana-marcela-anuncia-retorno-a-competicoes-e-homenagem-a-senna\/#primaryimage\"},\"thumbnailUrl\":\"https:\/\/maringapost.com.br\/orlandogonzalez\/wp-content\/uploads\/sites\/17\/2020\/08\/COB_AnaMarcela.jpg\",\"datePublished\":\"2020-08-20T12:57:24+00:00\",\"dateModified\":\"2020-08-20T12:57:36+00:00\",\"author\":{\"@id\":\"https:\/\/maringapost.com.br\/orlandogonzalez\/#\/schema\/person\/5cbe6257d08edea6afc9ebaa613b0633\"},\"inLanguage\":\"pt-BR\",\"potentialAction\":[{\"@type\":\"ReadAction\",\"target\":[\"https:\/\/maringapost.com.br\/orlandogonzalez\/2020\/08\/20\/radio-maringa-ana-marcela-anuncia-retorno-a-competicoes-e-homenagem-a-senna\/\"]}]},{\"@type\":\"ImageObject\",\"inLanguage\":\"pt-BR\",\"@id\":\"https:\/\/maringapost.com.br\/orlandogonzalez\/2020\/08\/20\/radio-maringa-ana-marcela-anuncia-retorno-a-competicoes-e-homenagem-a-senna\/#primaryimage\",\"url\":\"https:\/\/maringapost.com.br\/orlandogonzalez\/wp-content\/uploads\/sites\/17\/2020\/08\/COB_AnaMarcela.jpg\",\"contentUrl\":\"https:\/\/maringapost.com.br\/orlandogonzalez\/wp-content\/uploads\/sites\/17\/2020\/08\/COB_AnaMarcela.jpg\",\"width\":1170,\"height\":700},{\"@type\":\"WebSite\",\"@id\":\"https:\/\/maringapost.com.br\/orlandogonzalez\/#website\",\"url\":\"https:\/\/maringapost.com.br\/orlandogonzalez\/\",\"name\":\"Orlando Gonzalez\",\"description\":\"Destaca o esporte de Maring\u00e1! Destaca o esporte do Paran\u00e1! Destaca o esporte do Brasil!\",\"potentialAction\":[{\"@type\":\"SearchAction\",\"target\":{\"@type\":\"EntryPoint\",\"urlTemplate\":\"https:\/\/maringapost.com.br\/orlandogonzalez\/?s={search_term_string}\"},\"query-input\":\"required name=search_term_string\"}],\"inLanguage\":\"pt-BR\"},{\"@type\":\"Person\",\"@id\":\"https:\/\/maringapost.com.br\/orlandogonzalez\/#\/schema\/person\/5cbe6257d08edea6afc9ebaa613b0633\",\"name\":\"Orlando Gonzalez\",\"image\":{\"@type\":\"ImageObject\",\"inLanguage\":\"pt-BR\",\"@id\":\"https:\/\/maringapost.com.br\/orlandogonzalez\/#\/schema\/person\/image\/\",\"url\":\"https:\/\/secure.gravatar.com\/avatar\/ecef9d1c9afe5ebdafadde8369065ba5?s=96&d=mm&r=g\",\"contentUrl\":\"https:\/\/secure.gravatar.com\/avatar\/ecef9d1c9afe5ebdafadde8369065ba5?s=96&d=mm&r=g\",\"caption\":\"Orlando Gonzalez\"},\"description\":\"H\u00e1 29 anos na cobertura do esporte de Maring\u00e1. Plant\u00e3o e narrador esportivo. Presta\u00e7\u00e3o de assessoria de imprensa esportiva, cobertura e transmiss\u00f5es ao vivo de eventos esportivos. E-mail: orlandogonzalez.assessoria@gmail.com WhatsApp: (44) 9 9126-6119\",\"sameAs\":[\"http:\/\/www.radiomaringa.com.br\/\",\"https:\/\/www.facebook.com\/profile.php?id=100011095815065\",\"https:\/\/www.instagram.com\/orlandomgonzalez\/\",\"https:\/\/br.pinterest.com\/ogonzalez0530\/\",\"https:\/\/x.com\/gonzalezorlando\",\"https:\/\/www.youtube.com\/channel\/UCvFpl55btth8wjnKiSS1ibA\",\"https:\/\/radiomaringaweb.tumblr.com\/\"],\"url\":\"https:\/\/maringapost.com.br\/orlandogonzalez\/author\/orlando\/\"}]}<\/script>\n<!-- \/ Yoast SEO Premium plugin. -->","yoast_head_json":{"title":"R\u00c1DIO MARING\u00c1 - Ana Marcela anuncia retorno a competi\u00e7\u00f5es e homenagem a Senna - Orlando Gonzalez","robots":{"index":"index","follow":"follow","max-snippet":"max-snippet:-1","max-image-preview":"max-image-preview:large","max-video-preview":"max-video-preview:-1"},"canonical":"https:\/\/maringapost.com.br\/orlandogonzalez\/2020\/08\/20\/radio-maringa-ana-marcela-anuncia-retorno-a-competicoes-e-homenagem-a-senna\/","og_locale":"pt_BR","og_type":"article","og_title":"R\u00c1DIO MARING\u00c1 - Ana Marcela anuncia retorno a competi\u00e7\u00f5es e homenagem a Senna","og_description":"A maratonista aqu\u00e1tica Ana Marcela Cunha anunciou na \u00faltima segunda-feira (17) o seu retorno \u00e0s competi\u00e7\u00f5es. Ser\u00e1 no dia 6 de setembro na 55\u00aa edi\u00e7\u00e3o da Travessia Capri-Napoli. Essa ser\u00e1 a terceira vez que a brasileira disputar\u00e1 a prova italiana, que tem trajeto de aproximadamente 36 km. Tanto em 2010 como em 2014 ela venceu [&hellip;]","og_url":"https:\/\/maringapost.com.br\/orlandogonzalez\/2020\/08\/20\/radio-maringa-ana-marcela-anuncia-retorno-a-competicoes-e-homenagem-a-senna\/","og_site_name":"Orlando Gonzalez","article_author":"https:\/\/www.facebook.com\/profile.php?id=100011095815065","article_published_time":"2020-08-20T12:57:24+00:00","article_modified_time":"2020-08-20T12:57:36+00:00","og_image":[{"width":1170,"height":700,"url":"https:\/\/maringapost.com.br\/orlandogonzalez\/wp-content\/uploads\/sites\/17\/2020\/08\/COB_AnaMarcela.jpg","type":"image\/jpeg"}],"author":"Orlando Gonzalez","twitter_card":"summary_large_image","twitter_creator":"@gonzalezorlando","twitter_misc":{"Escrito por":false,"Est. tempo de leitura":"1 minuto"},"schema":{"@context":"https:\/\/schema.org","@graph":[{"@type":"WebPage","@id":"https:\/\/maringapost.com.br\/orlandogonzalez\/2020\/08\/20\/radio-maringa-ana-marcela-anuncia-retorno-a-competicoes-e-homenagem-a-senna\/","url":"https:\/\/maringapost.com.br\/orlandogonzalez\/2020\/08\/20\/radio-maringa-ana-marcela-anuncia-retorno-a-competicoes-e-homenagem-a-senna\/","name":"R\u00c1DIO MARING\u00c1 - Ana Marcela anuncia retorno a competi\u00e7\u00f5es e homenagem a Senna - Orlando Gonzalez","isPartOf":{"@id":"https:\/\/maringapost.com.br\/orlandogonzalez\/#website"},"primaryImageOfPage":{"@id":"https:\/\/maringapost.com.br\/orlandogonzalez\/2020\/08\/20\/radio-maringa-ana-marcela-anuncia-retorno-a-competicoes-e-homenagem-a-senna\/#primaryimage"},"image":{"@id":"https:\/\/maringapost.com.br\/orlandogonzalez\/2020\/08\/20\/radio-maringa-ana-marcela-anuncia-retorno-a-competicoes-e-homenagem-a-senna\/#primaryimage"},"thumbnailUrl":"https:\/\/maringapost.com.br\/orlandogonzalez\/wp-content\/uploads\/sites\/17\/2020\/08\/COB_AnaMarcela.jpg","datePublished":"2020-08-20T12:57:24+00:00","dateModified":"2020-08-20T12:57:36+00:00","author":{"@id":"https:\/\/maringapost.com.br\/orlandogonzalez\/#\/schema\/person\/5cbe6257d08edea6afc9ebaa613b0633"},"inLanguage":"pt-BR","potentialAction":[{"@type":"ReadAction","target":["https:\/\/maringapost.com.br\/orlandogonzalez\/2020\/08\/20\/radio-maringa-ana-marcela-anuncia-retorno-a-competicoes-e-homenagem-a-senna\/"]}]},{"@type":"ImageObject","inLanguage":"pt-BR","@id":"https:\/\/maringapost.com.br\/orlandogonzalez\/2020\/08\/20\/radio-maringa-ana-marcela-anuncia-retorno-a-competicoes-e-homenagem-a-senna\/#primaryimage","url":"https:\/\/maringapost.com.br\/orlandogonzalez\/wp-content\/uploads\/sites\/17\/2020\/08\/COB_AnaMarcela.jpg","contentUrl":"https:\/\/maringapost.com.br\/orlandogonzalez\/wp-content\/uploads\/sites\/17\/2020\/08\/COB_AnaMarcela.jpg","width":1170,"height":700},{"@type":"WebSite","@id":"https:\/\/maringapost.com.br\/orlandogonzalez\/#website","url":"https:\/\/maringapost.com.br\/orlandogonzalez\/","name":"Orlando Gonzalez","description":"Destaca o esporte de Maring\u00e1! Destaca o esporte do Paran\u00e1! Destaca o esporte do Brasil!","potentialAction":[{"@type":"SearchAction","target":{"@type":"EntryPoint","urlTemplate":"https:\/\/maringapost.com.br\/orlandogonzalez\/?s={search_term_string}"},"query-input":"required name=search_term_string"}],"inLanguage":"pt-BR"},{"@type":"Person","@id":"https:\/\/maringapost.com.br\/orlandogonzalez\/#\/schema\/person\/5cbe6257d08edea6afc9ebaa613b0633","name":"Orlando Gonzalez","image":{"@type":"ImageObject","inLanguage":"pt-BR","@id":"https:\/\/maringapost.com.br\/orlandogonzalez\/#\/schema\/person\/image\/","url":"https:\/\/secure.gravatar.com\/avatar\/ecef9d1c9afe5ebdafadde8369065ba5?s=96&d=mm&r=g","contentUrl":"https:\/\/secure.gravatar.com\/avatar\/ecef9d1c9afe5ebdafadde8369065ba5?s=96&d=mm&r=g","caption":"Orlando Gonzalez"},"description":"H\u00e1 29 anos na cobertura do esporte de Maring\u00e1. Plant\u00e3o e narrador esportivo. Presta\u00e7\u00e3o de assessoria de imprensa esportiva, cobertura e transmiss\u00f5es ao vivo de eventos esportivos. E-mail: orlandogonzalez.assessoria@gmail.com WhatsApp: (44) 9 9126-6119","sameAs":["http:\/\/www.radiomaringa.com.br\/","https:\/\/www.facebook.com\/profile.php?id=100011095815065","https:\/\/www.instagram.com\/orlandomgonzalez\/","https:\/\/br.pinterest.com\/ogonzalez0530\/","https:\/\/x.com\/gonzalezorlando","https:\/\/www.youtube.com\/channel\/UCvFpl55btth8wjnKiSS1ibA","https:\/\/radiomaringaweb.tumblr.com\/"],"url":"https:\/\/maringapost.com.br\/orlandogonzalez\/author\/orlando\/"}]}},"_links":{"self":[{"href":"https:\/\/maringapost.com.br\/orlandogonzalez\/wp-json\/wp\/v2\/posts\/37765"}],"collection":[{"href":"https:\/\/maringapost.com.br\/orlandogonzalez\/wp-json\/wp\/v2\/posts"}],"about":[{"href":"https:\/\/maringapost.com.br\/orlandogonzalez\/wp-json\/wp\/v2\/types\/post"}],"author":[{"embeddable":true,"href":"https:\/\/maringapost.com.br\/orlandogonzalez\/wp-json\/wp\/v2\/users\/6307"}],"replies":[{"embeddable":true,"href":"https:\/\/maringapost.com.br\/orlandogonzalez\/wp-json\/wp\/v2\/comments?post=37765"}],"version-history":[{"count":1,"href":"https:\/\/maringapost.com.br\/orlandogonzalez\/wp-json\/wp\/v2\/posts\/37765\/revisions"}],"predecessor-version":[{"id":37767,"href":"https:\/\/maringapost.com.br\/orlandogonzalez\/wp-json\/wp\/v2\/posts\/37765\/revisions\/37767"}],"wp:featuredmedia":[{"embeddable":true,"href":"https:\/\/maringapost.com.br\/orlandogonzalez\/wp-json\/wp\/v2\/media\/37766"}],"wp:attachment":[{"href":"https:\/\/maringapost.com.br\/orlandogonzalez\/wp-json\/wp\/v2\/media?parent=37765"}],"wp:term":[{"taxonomy":"category","embeddable":true,"href":"https:\/\/maringapost.com.br\/orlandogonzalez\/wp-json\/wp\/v2\/categories?post=37765"},{"taxonomy":"post_tag","embeddable":true,"href":"https:\/\/maringapost.com.br\/orlandogonzalez\/wp-json\/wp\/v2\/tags?post=37765"}],"curies":[{"name":"wp","href":"https:\/\/api.w.org\/{rel}","templated":true}]}}