{"id":37670,"date":"2020-08-19T10:38:16","date_gmt":"2020-08-19T13:38:16","guid":{"rendered":"http:\/\/maringapost.com.br\/orlandogonzalez\/?p=37670"},"modified":"2020-08-19T10:38:27","modified_gmt":"2020-08-19T13:38:27","slug":"radio-maringa-ha-29-anos-bragantino-e-fluminense-decidiam-uma-vaga-na-final-do-brasileiro","status":"publish","type":"post","link":"https:\/\/maringapost.com.br\/orlandogonzalez\/2020\/08\/19\/radio-maringa-ha-29-anos-bragantino-e-fluminense-decidiam-uma-vaga-na-final-do-brasileiro\/","title":{"rendered":"R\u00c1DIO MARING\u00c1 &#8211; H\u00e1 29 anos, Bragantino e Fluminense decidiam uma vaga na final do Brasileiro"},"content":{"rendered":"<p>Nesta quarta-feira (19), Bragantino e Fluminense medem for\u00e7as pela 4\u00aa rodada do Brasileir\u00e3o Assa\u00ed 2020. E foi justamente no mais importante campeonato nacional que, h\u00e1 29 anos, as equipes batalhavam por uma vaga na grande final em um duelo hist\u00f3rico. Para relembrar esse confronto, o mais importante entre os dois clubes at\u00e9 hoje, o site da CBF conversou com exclusividade com o lateral-esquerdo Biro Biro, do Massa Bruta, e com o zagueiro Alexandre Torres, do Tricolor das Laranjeiras &#8211; filho do eterno \u2018Capita\u2019 da Copa do Mundo de 70, Carlos Alberto Torres.<\/p>\n<p>Em 1991, a forma de disputa do Campeonato Brasileiro era diferente da atual. A primeira fase, de pontos corridos, classificava os quatro melhores colocados para o mata-mata final. Bragantino e Fluminense terminaram em 2\u00ba e 3\u00ba, respectivamente. E por isso, se cruzaram nas semifinais da competi\u00e7\u00e3o. S\u00e3o Paulo, 1\u00ba colocado, e Atl\u00e9tico-MG, 4\u00ba, mediram for\u00e7as na outra chave da fase final.<\/p>\n<p>Os n\u00fameros da Primeira Fase demonstravam bem a for\u00e7a das duas equipes. Com 28 gols marcados, o Fluminense chegou para a semifinal com o segundo melhor ataque da competi\u00e7\u00e3o \u2013 atr\u00e1s apenas do Atl\u00e9tico-MG, que anotou 29. O Bragantino, por sua vez, chegou no mata-mata com a melhor defesa, ao lado do S\u00e3o Paulo, com apenas 14 gols sofridos.<\/p>\n<p>Estilos de Jogo Parecidos<br \/>\nA semifinal entre Fluminense e Bragantino era prevista com bastante equil\u00edbrio na \u00e9poca, e n\u00e3o \u00e9 para menos. Afinal de contas, ambas equipes atuavam com um estilo de jogo bem semelhante dentro de campo: foco na parte defensiva e com investidas perigosas nos contra-ataques, como bem lembraram Alexandre Torres e Biro Biro.<\/p>\n<p>\u201cT\u00ednhamos um time que tinha um contra-ataque muito r\u00e1pido. Jogadores com qualidade no meio de campo como Bob\u00f4 e Renato. Era um ataque bem r\u00e1pido com uma defesa que era boa, a zaga era eu e V\u00e1lber, t\u00ednhamos uma boa sa\u00edda de bola. Nossos laterais eram bons defensores, e do meio para frente t\u00ednhamos jogadores bem r\u00e1pidos. Era essa a t\u00f4nica do nosso time, se defendia bem e atacava r\u00e1pido\u201d, definiu o ex-zagueiro tricolor.<\/p>\n<p>\u201cT\u00ednhamos uma defesa muito boa. A defesa era basicamente a mesma desde 89, quando fomos campe\u00f5es brasileiros (da s\u00e9rie B). Com essa base, mantivemos jogadores muito bons de marca\u00e7\u00e3o, como era o meu caso, do Gil Baiano e do Mauro Silva. Foi o Luxemburgo que montou essa caracter\u00edstica, de marca\u00e7\u00e3o forte e contra-ataques perigosos. E ele deixou para o Parreira essa base. O Parreira trabalhou mais a nossa parte t\u00e9cnica, com repeti\u00e7\u00f5es. Os dois foram muito importantes\u201d, relembrou o ex lateral-esquerdo do time de Bragan\u00e7a Paulista.<\/p>\n<p>Motiva\u00e7\u00e3o Extra em Bragan\u00e7a<br \/>\nA expectativa para o confronto era grande, mas pode-se dizer que do lado paulista, a rivalidade tinha uma pitada a mais, e era pessoal. Isso porque, oito jogadores daquele elenco do Bragantino haviam sido recentemente liberados pelo Tricolor das Laranjeiras. Desta forma, esses atletas, al\u00e9m de estarem obstinados a passarem para a grande final, queriam provar seu valor ao time que havia aberto m\u00e3o deles.<\/p>\n<p>E, coincidentemente ou n\u00e3o, quem anotou os dois gols do Bragantino nas duas partidas das semifinais diante do Fluminense foi atacante Franklin, pertencente ao grupo dos que tinham deixado o Tricolor das Laranjeiras h\u00e1 pouco tempo.<\/p>\n<p>\u201cTeve uma motiva\u00e7\u00e3o a mais sim (em vencer essa semifinal), principalmente os jogadores que foram liberados por n\u00e3o terem muita utilidade no Fluminense. O pr\u00f3prio Silvio, o Ronaldo Alfredo, o Robert, o Franklin. N\u00f3s fomos l\u00e1 no Maracan\u00e3 e vencemos por 1&#215;0 com gol do Franklin, que deu a classifica\u00e7\u00e3o para n\u00f3s. Al\u00e9m de estarmos focados na equipe do Fluminense, a motiva\u00e7\u00e3o deles era ainda maior. Quando voc\u00ea joga contra a ex-equipe, acontece isso. Essa motiva\u00e7\u00e3o extra foi fundamental, de mostrar para o Fluminense o que eles perderam\u201d, admitiu Biro Biro.<\/p>\n<p>Regulamento debaixo do bra\u00e7o<br \/>\nNa Fase Final, o regulamento da \u00e9poca concedia algumas vantagens para o time de melhor campanha \u2013 no caso deste duelo, o Bragantino. A equipe do interior de S\u00e3o Paulo jogava por dois empates e, al\u00e9m disso, poderia se classificar automaticamente para a final em caso de vit\u00f3ria no primeiro jogo, disputado nos dom\u00ednios do Fluminense, no Maracan\u00e3.<\/p>\n<p>Com essa possibilidade em mente, o Massa Bruta entrou em campo no dia 26 de maio de 1991 disposto a fazer hist\u00f3ria no maior palco do futebol mundial. Com uma performance s\u00f3lida, a equipe de Bragan\u00e7a surpreendeu o Fluminense no Maraca e venceu por 1&#215;0 com gol de Franklin \u2013 liquidando, assim, a fatura.<\/p>\n<p>\u201cSim, o Parreira quis jogar com o regulamento. E essa possibilidade de classificar direto (em caso de vit\u00f3ria no Maracan\u00e3) era important\u00edssima. A\u00ed ele fez uma esp\u00e9cie de palestra antes do jogo. Mas deixou bem claro que era para a gente focar primeiramente no Fluminense, e depois no regulamento. E aquela vit\u00f3ria por 1&#215;0 acabou sendo fundamental para n\u00f3s\u201d, destacou o defensor do Bragantino.<\/p>\n<p>No jogo da volta, com o confronto j\u00e1 definido, o duelo foi mais aberto e franco. O Tricolor chegou a abrir o placar com o artilheiro \u00c9zio, mas cedeu o empate em seguida \u2013 com outro gol de Franklin. A equipe carioca viajou quase que a passeio para disputar aquela partida em Bragan\u00e7a, como bem lembra Alexandre Torres.<\/p>\n<p>\u201cEssa semifinal foi um pouco diferente. At\u00e9 hoje n\u00e3o entendo direito esse regulamento. Porque a gente perdeu o primeiro jogo e ficou sem chance (de ir para a final). Qualquer resultado fora de casa, pelo que eu me lembro, a gente n\u00e3o ia conseguir passar para a pr\u00f3xima fase. A gente perdeu o jogo aqui, e j\u00e1 fomos para l\u00e1 (Bragan\u00e7a) sem chances de avan\u00e7ar para a final. Eu lembro disso que a gente j\u00e1 foi para l\u00e1 naquela de \u2018n\u00e3o adianta\u2019, em clima meio amistoso. As pessoas na \u00e9poca at\u00e9 criticaram isso (regulamento), porque 1&#215;0 voc\u00ea consegue reverter, inclusive sa\u00edmos na frente l\u00e1. Mas nesse caso, n\u00e3o iria adiantar. N\u00e3o era como se caso fiz\u00e9ssemos dois gols, avan\u00e7ar\u00edamos para a final&#8230;\u201d, declarou Alexandre Torres.<\/p>\n<p>Coroa\u00e7\u00e3o de uma Gera\u00e7\u00e3o Hist\u00f3rica<br \/>\nCom a classifica\u00e7\u00e3o garantida para a final da S\u00e9ria A \u2013 a primeira e \u00fanica da hist\u00f3ria do clube -, aquele time do Bragantino ficou marcado, assim como aquela gera\u00e7\u00e3o, como o mais importante de todos os tempos. E para alcan\u00e7ar essa fa\u00e7anha, a manuten\u00e7\u00e3o da base foi fundamental.<\/p>\n<p>Com a mesma espinha dorsal que o Massa Bruta foi campe\u00e3o da S\u00e9rie B do Campeonato Paulista em 1988, campe\u00e3o da S\u00e9rie B do Campeonato Brasileiro em 1989, campe\u00e3o da S\u00e9ria A do Campeonato Paulista em 1990 e vice-campe\u00e3o brasileiro na elite do futebol em 1991. Foi, de fato, uma \u00e9poca gloriosa, da qual Biro Biro se orgulha de ter feito parte.<\/p>\n<p>\u201cA sensa\u00e7\u00e3o (de chegar na final) \u00e9 maravilhosa, n\u00e3o s\u00f3 porque foi um Brasileiro em si. Mas porque j\u00e1 v\u00ednhamos de muita alegria. Fomos campe\u00f5es durante anos seguidos, em 88, 89 e 90. E ainda chegar no Brasileiro de 91 e ser vice, com a mesma base nesses anos. Fico muito feliz por ter feito hist\u00f3ria, ainda mais em um time do interior. T\u00ednhamos essa motiva\u00e7\u00e3o de brilhar e fazer hist\u00f3ria no Bragantino. Conseguir fazer isso num clube como esse \u00e9 muito importante\u201d, concluiu.<br \/>\n(CBF)<\/p>\n<p><a href=\"https:\/\/www.cbf.com.br\/futebol-brasileiro\/noticias\/campeonato-brasileiro-serie-a\/ha-29-anos-bragantino-e-fluminense-decidiam-uma-vaga-na-final-do-camp\" target=\"_blank\" rel=\"noopener noreferrer\">MAIS&#8230;<\/a><\/p>\n","protected":false},"excerpt":{"rendered":"<p>Nesta quarta-feira (19), Bragantino e Fluminense medem for\u00e7as pela 4\u00aa rodada do Brasileir\u00e3o Assa\u00ed 2020. E foi justamente no mais importante campeonato nacional que, h\u00e1 29 anos, as equipes batalhavam por uma vaga na grande final em um duelo hist\u00f3rico. Para relembrar esse confronto, o mais importante entre os dois clubes at\u00e9 hoje, o site [&hellip;]<\/p>\n","protected":false},"author":6307,"featured_media":37671,"comment_status":"closed","ping_status":"open","sticky":false,"template":"","format":"standard","meta":{"_exactmetrics_skip_tracking":false,"_exactmetrics_sitenote_active":false,"_exactmetrics_sitenote_note":"","_exactmetrics_sitenote_category":0,"footnotes":""},"categories":[5083],"tags":[10700,120,5831,47],"yoast_head":"<!-- This site is optimized with the Yoast SEO Premium plugin v22.7 (Yoast SEO v22.7) - https:\/\/yoast.com\/wordpress\/plugins\/seo\/ -->\n<title>R\u00c1DIO MARING\u00c1 - H\u00e1 29 anos, Bragantino e Fluminense decidiam uma vaga na final do Brasileiro - Orlando Gonzalez<\/title>\n<meta name=\"robots\" content=\"index, follow, max-snippet:-1, max-image-preview:large, max-video-preview:-1\" \/>\n<link rel=\"canonical\" href=\"https:\/\/maringapost.com.br\/orlandogonzalez\/2020\/08\/19\/radio-maringa-ha-29-anos-bragantino-e-fluminense-decidiam-uma-vaga-na-final-do-brasileiro\/\" \/>\n<meta property=\"og:locale\" content=\"pt_BR\" \/>\n<meta property=\"og:type\" content=\"article\" \/>\n<meta property=\"og:title\" content=\"R\u00c1DIO MARING\u00c1 - H\u00e1 29 anos, Bragantino e Fluminense decidiam uma vaga na final do Brasileiro\" \/>\n<meta property=\"og:description\" content=\"Nesta quarta-feira (19), Bragantino e Fluminense medem for\u00e7as pela 4\u00aa rodada do Brasileir\u00e3o Assa\u00ed 2020. E foi justamente no mais importante campeonato nacional que, h\u00e1 29 anos, as equipes batalhavam por uma vaga na grande final em um duelo hist\u00f3rico. Para relembrar esse confronto, o mais importante entre os dois clubes at\u00e9 hoje, o site [&hellip;]\" \/>\n<meta property=\"og:url\" content=\"https:\/\/maringapost.com.br\/orlandogonzalez\/2020\/08\/19\/radio-maringa-ha-29-anos-bragantino-e-fluminense-decidiam-uma-vaga-na-final-do-brasileiro\/\" \/>\n<meta property=\"og:site_name\" content=\"Orlando Gonzalez\" \/>\n<meta property=\"article:author\" content=\"https:\/\/www.facebook.com\/profile.php?id=100011095815065\" \/>\n<meta property=\"article:published_time\" content=\"2020-08-19T13:38:16+00:00\" \/>\n<meta property=\"article:modified_time\" content=\"2020-08-19T13:38:27+00:00\" \/>\n<meta property=\"og:image\" content=\"https:\/\/maringapost.com.br\/orlandogonzalez\/wp-content\/uploads\/sites\/17\/2020\/08\/brasileiro91.jpeg\" \/>\n\t<meta property=\"og:image:width\" content=\"910\" \/>\n\t<meta property=\"og:image:height\" content=\"607\" \/>\n\t<meta property=\"og:image:type\" content=\"image\/jpeg\" \/>\n<meta name=\"author\" content=\"Orlando Gonzalez\" \/>\n<meta name=\"twitter:card\" content=\"summary_large_image\" \/>\n<meta name=\"twitter:creator\" content=\"@gonzalezorlando\" \/>\n<meta name=\"twitter:label1\" content=\"Escrito por\" \/>\n\t<meta name=\"twitter:data1\" content=\"\" \/>\n\t<meta name=\"twitter:label2\" content=\"Est. tempo de leitura\" \/>\n\t<meta name=\"twitter:data2\" content=\"6 minutos\" \/>\n<script type=\"application\/ld+json\" class=\"yoast-schema-graph\">{\"@context\":\"https:\/\/schema.org\",\"@graph\":[{\"@type\":\"WebPage\",\"@id\":\"https:\/\/maringapost.com.br\/orlandogonzalez\/2020\/08\/19\/radio-maringa-ha-29-anos-bragantino-e-fluminense-decidiam-uma-vaga-na-final-do-brasileiro\/\",\"url\":\"https:\/\/maringapost.com.br\/orlandogonzalez\/2020\/08\/19\/radio-maringa-ha-29-anos-bragantino-e-fluminense-decidiam-uma-vaga-na-final-do-brasileiro\/\",\"name\":\"R\u00c1DIO MARING\u00c1 - H\u00e1 29 anos, Bragantino e Fluminense decidiam uma vaga na final do Brasileiro - Orlando Gonzalez\",\"isPartOf\":{\"@id\":\"https:\/\/maringapost.com.br\/orlandogonzalez\/#website\"},\"primaryImageOfPage\":{\"@id\":\"https:\/\/maringapost.com.br\/orlandogonzalez\/2020\/08\/19\/radio-maringa-ha-29-anos-bragantino-e-fluminense-decidiam-uma-vaga-na-final-do-brasileiro\/#primaryimage\"},\"image\":{\"@id\":\"https:\/\/maringapost.com.br\/orlandogonzalez\/2020\/08\/19\/radio-maringa-ha-29-anos-bragantino-e-fluminense-decidiam-uma-vaga-na-final-do-brasileiro\/#primaryimage\"},\"thumbnailUrl\":\"https:\/\/maringapost.com.br\/orlandogonzalez\/wp-content\/uploads\/sites\/17\/2020\/08\/brasileiro91.jpeg\",\"datePublished\":\"2020-08-19T13:38:16+00:00\",\"dateModified\":\"2020-08-19T13:38:27+00:00\",\"author\":{\"@id\":\"https:\/\/maringapost.com.br\/orlandogonzalez\/#\/schema\/person\/5cbe6257d08edea6afc9ebaa613b0633\"},\"inLanguage\":\"pt-BR\",\"potentialAction\":[{\"@type\":\"ReadAction\",\"target\":[\"https:\/\/maringapost.com.br\/orlandogonzalez\/2020\/08\/19\/radio-maringa-ha-29-anos-bragantino-e-fluminense-decidiam-uma-vaga-na-final-do-brasileiro\/\"]}]},{\"@type\":\"ImageObject\",\"inLanguage\":\"pt-BR\",\"@id\":\"https:\/\/maringapost.com.br\/orlandogonzalez\/2020\/08\/19\/radio-maringa-ha-29-anos-bragantino-e-fluminense-decidiam-uma-vaga-na-final-do-brasileiro\/#primaryimage\",\"url\":\"https:\/\/maringapost.com.br\/orlandogonzalez\/wp-content\/uploads\/sites\/17\/2020\/08\/brasileiro91.jpeg\",\"contentUrl\":\"https:\/\/maringapost.com.br\/orlandogonzalez\/wp-content\/uploads\/sites\/17\/2020\/08\/brasileiro91.jpeg\",\"width\":910,\"height\":607},{\"@type\":\"WebSite\",\"@id\":\"https:\/\/maringapost.com.br\/orlandogonzalez\/#website\",\"url\":\"https:\/\/maringapost.com.br\/orlandogonzalez\/\",\"name\":\"Orlando Gonzalez\",\"description\":\"Destaca o esporte de Maring\u00e1! Destaca o esporte do Paran\u00e1! Destaca o esporte do Brasil!\",\"potentialAction\":[{\"@type\":\"SearchAction\",\"target\":{\"@type\":\"EntryPoint\",\"urlTemplate\":\"https:\/\/maringapost.com.br\/orlandogonzalez\/?s={search_term_string}\"},\"query-input\":\"required name=search_term_string\"}],\"inLanguage\":\"pt-BR\"},{\"@type\":\"Person\",\"@id\":\"https:\/\/maringapost.com.br\/orlandogonzalez\/#\/schema\/person\/5cbe6257d08edea6afc9ebaa613b0633\",\"name\":\"Orlando Gonzalez\",\"image\":{\"@type\":\"ImageObject\",\"inLanguage\":\"pt-BR\",\"@id\":\"https:\/\/maringapost.com.br\/orlandogonzalez\/#\/schema\/person\/image\/\",\"url\":\"https:\/\/secure.gravatar.com\/avatar\/ecef9d1c9afe5ebdafadde8369065ba5?s=96&d=mm&r=g\",\"contentUrl\":\"https:\/\/secure.gravatar.com\/avatar\/ecef9d1c9afe5ebdafadde8369065ba5?s=96&d=mm&r=g\",\"caption\":\"Orlando Gonzalez\"},\"description\":\"H\u00e1 29 anos na cobertura do esporte de Maring\u00e1. Plant\u00e3o e narrador esportivo. Presta\u00e7\u00e3o de assessoria de imprensa esportiva, cobertura e transmiss\u00f5es ao vivo de eventos esportivos. E-mail: orlandogonzalez.assessoria@gmail.com WhatsApp: (44) 9 9126-6119\",\"sameAs\":[\"http:\/\/www.radiomaringa.com.br\/\",\"https:\/\/www.facebook.com\/profile.php?id=100011095815065\",\"https:\/\/www.instagram.com\/orlandomgonzalez\/\",\"https:\/\/br.pinterest.com\/ogonzalez0530\/\",\"https:\/\/x.com\/gonzalezorlando\",\"https:\/\/www.youtube.com\/channel\/UCvFpl55btth8wjnKiSS1ibA\",\"https:\/\/radiomaringaweb.tumblr.com\/\"],\"url\":\"https:\/\/maringapost.com.br\/orlandogonzalez\/author\/orlando\/\"}]}<\/script>\n<!-- \/ Yoast SEO Premium plugin. -->","yoast_head_json":{"title":"R\u00c1DIO MARING\u00c1 - H\u00e1 29 anos, Bragantino e Fluminense decidiam uma vaga na final do Brasileiro - Orlando Gonzalez","robots":{"index":"index","follow":"follow","max-snippet":"max-snippet:-1","max-image-preview":"max-image-preview:large","max-video-preview":"max-video-preview:-1"},"canonical":"https:\/\/maringapost.com.br\/orlandogonzalez\/2020\/08\/19\/radio-maringa-ha-29-anos-bragantino-e-fluminense-decidiam-uma-vaga-na-final-do-brasileiro\/","og_locale":"pt_BR","og_type":"article","og_title":"R\u00c1DIO MARING\u00c1 - H\u00e1 29 anos, Bragantino e Fluminense decidiam uma vaga na final do Brasileiro","og_description":"Nesta quarta-feira (19), Bragantino e Fluminense medem for\u00e7as pela 4\u00aa rodada do Brasileir\u00e3o Assa\u00ed 2020. E foi justamente no mais importante campeonato nacional que, h\u00e1 29 anos, as equipes batalhavam por uma vaga na grande final em um duelo hist\u00f3rico. Para relembrar esse confronto, o mais importante entre os dois clubes at\u00e9 hoje, o site [&hellip;]","og_url":"https:\/\/maringapost.com.br\/orlandogonzalez\/2020\/08\/19\/radio-maringa-ha-29-anos-bragantino-e-fluminense-decidiam-uma-vaga-na-final-do-brasileiro\/","og_site_name":"Orlando Gonzalez","article_author":"https:\/\/www.facebook.com\/profile.php?id=100011095815065","article_published_time":"2020-08-19T13:38:16+00:00","article_modified_time":"2020-08-19T13:38:27+00:00","og_image":[{"width":910,"height":607,"url":"https:\/\/maringapost.com.br\/orlandogonzalez\/wp-content\/uploads\/sites\/17\/2020\/08\/brasileiro91.jpeg","type":"image\/jpeg"}],"author":"Orlando Gonzalez","twitter_card":"summary_large_image","twitter_creator":"@gonzalezorlando","twitter_misc":{"Escrito por":false,"Est. tempo de leitura":"6 minutos"},"schema":{"@context":"https:\/\/schema.org","@graph":[{"@type":"WebPage","@id":"https:\/\/maringapost.com.br\/orlandogonzalez\/2020\/08\/19\/radio-maringa-ha-29-anos-bragantino-e-fluminense-decidiam-uma-vaga-na-final-do-brasileiro\/","url":"https:\/\/maringapost.com.br\/orlandogonzalez\/2020\/08\/19\/radio-maringa-ha-29-anos-bragantino-e-fluminense-decidiam-uma-vaga-na-final-do-brasileiro\/","name":"R\u00c1DIO MARING\u00c1 - H\u00e1 29 anos, Bragantino e Fluminense decidiam uma vaga na final do Brasileiro - Orlando Gonzalez","isPartOf":{"@id":"https:\/\/maringapost.com.br\/orlandogonzalez\/#website"},"primaryImageOfPage":{"@id":"https:\/\/maringapost.com.br\/orlandogonzalez\/2020\/08\/19\/radio-maringa-ha-29-anos-bragantino-e-fluminense-decidiam-uma-vaga-na-final-do-brasileiro\/#primaryimage"},"image":{"@id":"https:\/\/maringapost.com.br\/orlandogonzalez\/2020\/08\/19\/radio-maringa-ha-29-anos-bragantino-e-fluminense-decidiam-uma-vaga-na-final-do-brasileiro\/#primaryimage"},"thumbnailUrl":"https:\/\/maringapost.com.br\/orlandogonzalez\/wp-content\/uploads\/sites\/17\/2020\/08\/brasileiro91.jpeg","datePublished":"2020-08-19T13:38:16+00:00","dateModified":"2020-08-19T13:38:27+00:00","author":{"@id":"https:\/\/maringapost.com.br\/orlandogonzalez\/#\/schema\/person\/5cbe6257d08edea6afc9ebaa613b0633"},"inLanguage":"pt-BR","potentialAction":[{"@type":"ReadAction","target":["https:\/\/maringapost.com.br\/orlandogonzalez\/2020\/08\/19\/radio-maringa-ha-29-anos-bragantino-e-fluminense-decidiam-uma-vaga-na-final-do-brasileiro\/"]}]},{"@type":"ImageObject","inLanguage":"pt-BR","@id":"https:\/\/maringapost.com.br\/orlandogonzalez\/2020\/08\/19\/radio-maringa-ha-29-anos-bragantino-e-fluminense-decidiam-uma-vaga-na-final-do-brasileiro\/#primaryimage","url":"https:\/\/maringapost.com.br\/orlandogonzalez\/wp-content\/uploads\/sites\/17\/2020\/08\/brasileiro91.jpeg","contentUrl":"https:\/\/maringapost.com.br\/orlandogonzalez\/wp-content\/uploads\/sites\/17\/2020\/08\/brasileiro91.jpeg","width":910,"height":607},{"@type":"WebSite","@id":"https:\/\/maringapost.com.br\/orlandogonzalez\/#website","url":"https:\/\/maringapost.com.br\/orlandogonzalez\/","name":"Orlando Gonzalez","description":"Destaca o esporte de Maring\u00e1! Destaca o esporte do Paran\u00e1! Destaca o esporte do Brasil!","potentialAction":[{"@type":"SearchAction","target":{"@type":"EntryPoint","urlTemplate":"https:\/\/maringapost.com.br\/orlandogonzalez\/?s={search_term_string}"},"query-input":"required name=search_term_string"}],"inLanguage":"pt-BR"},{"@type":"Person","@id":"https:\/\/maringapost.com.br\/orlandogonzalez\/#\/schema\/person\/5cbe6257d08edea6afc9ebaa613b0633","name":"Orlando Gonzalez","image":{"@type":"ImageObject","inLanguage":"pt-BR","@id":"https:\/\/maringapost.com.br\/orlandogonzalez\/#\/schema\/person\/image\/","url":"https:\/\/secure.gravatar.com\/avatar\/ecef9d1c9afe5ebdafadde8369065ba5?s=96&d=mm&r=g","contentUrl":"https:\/\/secure.gravatar.com\/avatar\/ecef9d1c9afe5ebdafadde8369065ba5?s=96&d=mm&r=g","caption":"Orlando Gonzalez"},"description":"H\u00e1 29 anos na cobertura do esporte de Maring\u00e1. Plant\u00e3o e narrador esportivo. Presta\u00e7\u00e3o de assessoria de imprensa esportiva, cobertura e transmiss\u00f5es ao vivo de eventos esportivos. E-mail: orlandogonzalez.assessoria@gmail.com WhatsApp: (44) 9 9126-6119","sameAs":["http:\/\/www.radiomaringa.com.br\/","https:\/\/www.facebook.com\/profile.php?id=100011095815065","https:\/\/www.instagram.com\/orlandomgonzalez\/","https:\/\/br.pinterest.com\/ogonzalez0530\/","https:\/\/x.com\/gonzalezorlando","https:\/\/www.youtube.com\/channel\/UCvFpl55btth8wjnKiSS1ibA","https:\/\/radiomaringaweb.tumblr.com\/"],"url":"https:\/\/maringapost.com.br\/orlandogonzalez\/author\/orlando\/"}]}},"_links":{"self":[{"href":"https:\/\/maringapost.com.br\/orlandogonzalez\/wp-json\/wp\/v2\/posts\/37670"}],"collection":[{"href":"https:\/\/maringapost.com.br\/orlandogonzalez\/wp-json\/wp\/v2\/posts"}],"about":[{"href":"https:\/\/maringapost.com.br\/orlandogonzalez\/wp-json\/wp\/v2\/types\/post"}],"author":[{"embeddable":true,"href":"https:\/\/maringapost.com.br\/orlandogonzalez\/wp-json\/wp\/v2\/users\/6307"}],"replies":[{"embeddable":true,"href":"https:\/\/maringapost.com.br\/orlandogonzalez\/wp-json\/wp\/v2\/comments?post=37670"}],"version-history":[{"count":1,"href":"https:\/\/maringapost.com.br\/orlandogonzalez\/wp-json\/wp\/v2\/posts\/37670\/revisions"}],"predecessor-version":[{"id":37672,"href":"https:\/\/maringapost.com.br\/orlandogonzalez\/wp-json\/wp\/v2\/posts\/37670\/revisions\/37672"}],"wp:featuredmedia":[{"embeddable":true,"href":"https:\/\/maringapost.com.br\/orlandogonzalez\/wp-json\/wp\/v2\/media\/37671"}],"wp:attachment":[{"href":"https:\/\/maringapost.com.br\/orlandogonzalez\/wp-json\/wp\/v2\/media?parent=37670"}],"wp:term":[{"taxonomy":"category","embeddable":true,"href":"https:\/\/maringapost.com.br\/orlandogonzalez\/wp-json\/wp\/v2\/categories?post=37670"},{"taxonomy":"post_tag","embeddable":true,"href":"https:\/\/maringapost.com.br\/orlandogonzalez\/wp-json\/wp\/v2\/tags?post=37670"}],"curies":[{"name":"wp","href":"https:\/\/api.w.org\/{rel}","templated":true}]}}