{"id":37502,"date":"2020-08-17T11:07:24","date_gmt":"2020-08-17T14:07:24","guid":{"rendered":"http:\/\/maringapost.com.br\/orlandogonzalez\/?p=37502"},"modified":"2020-08-17T11:07:24","modified_gmt":"2020-08-17T14:07:24","slug":"radio-maringa-fabio-fogaca-marca-pontos-e-destaca-evolucao-do-caminhao-na-copa-truck","status":"publish","type":"post","link":"https:\/\/maringapost.com.br\/orlandogonzalez\/2020\/08\/17\/radio-maringa-fabio-fogaca-marca-pontos-e-destaca-evolucao-do-caminhao-na-copa-truck\/","title":{"rendered":"R\u00c1DIO MARING\u00c1 &#8211; F\u00e1bio Foga\u00e7a marca pontos e destaca evolu\u00e7\u00e3o do caminh\u00e3o na Copa Truck"},"content":{"rendered":"<p>Com a convic\u00e7\u00e3o de que poderia ter sido melhor sua participa\u00e7\u00e3o na rodada dupla da Copa Truck em Goi\u00e2nia, F\u00e1bio Foga\u00e7a, da equipe FF Motorsport\/Quartzolit\/Brasilit\/Kraucher, deixou o Aut\u00f3dromo Internacional Ayrton Senna satisfeito com a evolu\u00e7\u00e3o do seu caminh\u00e3o Prot\u00f3tipo. Ele marcou 18 pontos, com os dois 11\u00ba lugares e chegou a ocupar a quinta coloca\u00e7\u00e3o na segunda corrida deste domingo.<\/p>\n<p><a href=\"http:\/\/www.radiomaringa.com.br\" target=\"_blank\" rel=\"noopener noreferrer\"><img loading=\"lazy\" decoding=\"async\" class=\"alignnone wp-image-37291 size-large\" src=\"https:\/\/maringapost.com.br\/orlandogonzalez\/wp-content\/uploads\/sites\/17\/2020\/08\/Logo_RadioMaringa5-1024x282.jpg\" alt=\"\" width=\"696\" height=\"192\" srcset=\"https:\/\/maringapost.com.br\/orlandogonzalez\/wp-content\/uploads\/sites\/17\/2020\/08\/Logo_RadioMaringa5-1024x282.jpg 1024w, https:\/\/maringapost.com.br\/orlandogonzalez\/wp-content\/uploads\/sites\/17\/2020\/08\/Logo_RadioMaringa5-300x83.jpg 300w, https:\/\/maringapost.com.br\/orlandogonzalez\/wp-content\/uploads\/sites\/17\/2020\/08\/Logo_RadioMaringa5-768x211.jpg 768w, https:\/\/maringapost.com.br\/orlandogonzalez\/wp-content\/uploads\/sites\/17\/2020\/08\/Logo_RadioMaringa5-696x191.jpg 696w, https:\/\/maringapost.com.br\/orlandogonzalez\/wp-content\/uploads\/sites\/17\/2020\/08\/Logo_RadioMaringa5-1068x294.jpg 1068w, https:\/\/maringapost.com.br\/orlandogonzalez\/wp-content\/uploads\/sites\/17\/2020\/08\/Logo_RadioMaringa5.jpg 1280w\" sizes=\"(max-width: 696px) 100vw, 696px\" \/><\/a><\/p>\n<p>F\u00e1bio conquistou o 11\u00ba na corrida 1 deste domingo e na segunda, chegou a ocupar a quinta coloca\u00e7\u00e3o, pressionando o quarto, quando teve problemas no seu caminh\u00e3o e teve que abandonar. As vit\u00f3rias deste domingo foram de Andr\u00e9 Marques na corrida 1 e de Paulo Salustiano na 2.<\/p>\n<p>Com as duas vit\u00f3rias de s\u00e1bado e o segundo lugar na corrida 1 deste domingo, Beto Monteiro sagrou-se campe\u00e3o da Segunda Copa, com 68 pontos. O vice-camep\u00e3o \u00e9 J\u00f4 Augusto, com 54, ao passo que Andr\u00e9 Marques garantiu a terceira coloca\u00e7\u00e3o, com 50 pontos. F\u00e1bio Foga\u00e7a se classificou em 14\u00ba, com 18 pontos.<\/p>\n<p>F\u00e1bio Foga\u00e7a diz que a rodada dupla de Goi\u00e2nia foi de grande evolu\u00e7\u00e3o no caminh\u00e3o e os problemas foram coisas normais de corridas, mas sem eles, poderia ter brigado at\u00e9 por p\u00f3dio. \u201cEstou contente com a nossa evolu\u00e7\u00e3o, o motor esta forte e melhoramos muito na parte de ch\u00e3o. Estava muito r\u00e1pido em curvas. O trabalho de toda a equipe desde a etapa de Cascavel foi compensador e o desempenho de Goi\u00e2nia mostra que estamos no caminho certo. Na corrida 2 desde domingo, larguei muito bem e j\u00e1 estava em quinto, pressionando o quarto, quando caiu a press\u00e3o do \u00f3leo e tive que abandonar. Estaremos mais fortes na pr\u00f3xima etapa, com certeza\u201d, acentua o piloto do Sorocaba.<\/p>\n<p>A pr\u00f3xima etapa da Copa Truck ser\u00e1 divulgada nos pr\u00f3ximos dias pela organiza\u00e7\u00e3o da categoria.<\/p>\n<p>Classifica\u00e7\u00e3o<\/p>\n<p>A Classifica\u00e7\u00e3o da Segunda Copa (2\u00aa e 3\u00aa etapas), disputada em Goi\u00e2nia, \u00e9 a seguinte: 1\u00ba) Beto Monteiro, 68 pontos; 2\u00ba) J\u00f4 Augusto, 54; 3\u00ba) Andr\u00e9 Marques, 50; 4\u00ba) Wellington Cirino, 48; 5\u00ba) Djalma Pivetta, 44; 6\u00ba) Luiz Lopes, 35; 7\u00ba) Glauco Barros, 34; 8\u00ba) Roberval Andrade, 32; 9\u00ba) Paulo Salustiano, 30; 10\u00ba) D\u00e9bora Rodrigues, 27; 11\u00ba) Rafael Lopes, 25; 12\u00ba) Evandro Camargo, 25; 13\u00ba) Felipe Giaffone, 18; 14\u00ba) F\u00e1bio Foga\u00e7a, 18; 15\u00ba) Adalberto Jardim, 14; 16\u00ba) Pedro Paulo, 13; 17\u00ba) Daniel Kelemen, 13; 18\u00ba) Valmir Benavides, 0; 19\u00ba) Raphael Teixeira, 0; 20\u00ba) Alexandre Navarro, com 0 ponto.<br \/>\n(Foto: Vanderley Soares\/Divulga\u00e7\u00e3o)<\/p>\n","protected":false},"excerpt":{"rendered":"<p>Com a convic\u00e7\u00e3o de que poderia ter sido melhor sua participa\u00e7\u00e3o na rodada dupla da Copa Truck em Goi\u00e2nia, F\u00e1bio Foga\u00e7a, da equipe FF Motorsport\/Quartzolit\/Brasilit\/Kraucher, deixou o Aut\u00f3dromo Internacional Ayrton Senna satisfeito com a evolu\u00e7\u00e3o do seu caminh\u00e3o Prot\u00f3tipo. Ele marcou 18 pontos, com os dois 11\u00ba lugares e chegou a ocupar a quinta coloca\u00e7\u00e3o [&hellip;]<\/p>\n","protected":false},"author":6307,"featured_media":37503,"comment_status":"closed","ping_status":"open","sticky":false,"template":"","format":"standard","meta":{"_exactmetrics_skip_tracking":false,"_exactmetrics_sitenote_active":false,"_exactmetrics_sitenote_note":"","_exactmetrics_sitenote_category":0,"footnotes":""},"categories":[1267],"tags":[11533,47],"yoast_head":"<!-- This site is optimized with the Yoast SEO Premium plugin v22.7 (Yoast SEO v22.7) - https:\/\/yoast.com\/wordpress\/plugins\/seo\/ -->\n<title>R\u00c1DIO MARING\u00c1 - F\u00e1bio Foga\u00e7a marca pontos e destaca evolu\u00e7\u00e3o do caminh\u00e3o na Copa Truck - Orlando Gonzalez<\/title>\n<meta name=\"robots\" content=\"index, follow, max-snippet:-1, max-image-preview:large, max-video-preview:-1\" \/>\n<link rel=\"canonical\" href=\"https:\/\/maringapost.com.br\/orlandogonzalez\/2020\/08\/17\/radio-maringa-fabio-fogaca-marca-pontos-e-destaca-evolucao-do-caminhao-na-copa-truck\/\" \/>\n<meta property=\"og:locale\" content=\"pt_BR\" \/>\n<meta property=\"og:type\" content=\"article\" \/>\n<meta property=\"og:title\" content=\"R\u00c1DIO MARING\u00c1 - F\u00e1bio Foga\u00e7a marca pontos e destaca evolu\u00e7\u00e3o do caminh\u00e3o na Copa Truck\" \/>\n<meta property=\"og:description\" content=\"Com a convic\u00e7\u00e3o de que poderia ter sido melhor sua participa\u00e7\u00e3o na rodada dupla da Copa Truck em Goi\u00e2nia, F\u00e1bio Foga\u00e7a, da equipe FF Motorsport\/Quartzolit\/Brasilit\/Kraucher, deixou o Aut\u00f3dromo Internacional Ayrton Senna satisfeito com a evolu\u00e7\u00e3o do seu caminh\u00e3o Prot\u00f3tipo. Ele marcou 18 pontos, com os dois 11\u00ba lugares e chegou a ocupar a quinta coloca\u00e7\u00e3o [&hellip;]\" \/>\n<meta property=\"og:url\" content=\"https:\/\/maringapost.com.br\/orlandogonzalez\/2020\/08\/17\/radio-maringa-fabio-fogaca-marca-pontos-e-destaca-evolucao-do-caminhao-na-copa-truck\/\" \/>\n<meta property=\"og:site_name\" content=\"Orlando Gonzalez\" \/>\n<meta property=\"article:author\" content=\"https:\/\/www.facebook.com\/profile.php?id=100011095815065\" \/>\n<meta property=\"article:published_time\" content=\"2020-08-17T14:07:24+00:00\" \/>\n<meta property=\"og:image\" content=\"https:\/\/maringapost.com.br\/orlandogonzalez\/wp-content\/uploads\/sites\/17\/2020\/08\/F\u00e1bio-Foga\u00e7a17-Vanderley-Soares.jpeg\" \/>\n\t<meta property=\"og:image:width\" content=\"1280\" \/>\n\t<meta property=\"og:image:height\" content=\"853\" \/>\n\t<meta property=\"og:image:type\" content=\"image\/jpeg\" \/>\n<meta name=\"author\" content=\"Orlando Gonzalez\" \/>\n<meta name=\"twitter:card\" content=\"summary_large_image\" \/>\n<meta name=\"twitter:creator\" content=\"@gonzalezorlando\" \/>\n<meta name=\"twitter:label1\" content=\"Escrito por\" \/>\n\t<meta name=\"twitter:data1\" content=\"\" \/>\n\t<meta name=\"twitter:label2\" content=\"Est. tempo de leitura\" \/>\n\t<meta name=\"twitter:data2\" content=\"2 minutos\" \/>\n<script type=\"application\/ld+json\" class=\"yoast-schema-graph\">{\"@context\":\"https:\/\/schema.org\",\"@graph\":[{\"@type\":\"WebPage\",\"@id\":\"https:\/\/maringapost.com.br\/orlandogonzalez\/2020\/08\/17\/radio-maringa-fabio-fogaca-marca-pontos-e-destaca-evolucao-do-caminhao-na-copa-truck\/\",\"url\":\"https:\/\/maringapost.com.br\/orlandogonzalez\/2020\/08\/17\/radio-maringa-fabio-fogaca-marca-pontos-e-destaca-evolucao-do-caminhao-na-copa-truck\/\",\"name\":\"R\u00c1DIO MARING\u00c1 - F\u00e1bio Foga\u00e7a marca pontos e destaca evolu\u00e7\u00e3o do caminh\u00e3o na Copa Truck - Orlando Gonzalez\",\"isPartOf\":{\"@id\":\"https:\/\/maringapost.com.br\/orlandogonzalez\/#website\"},\"primaryImageOfPage\":{\"@id\":\"https:\/\/maringapost.com.br\/orlandogonzalez\/2020\/08\/17\/radio-maringa-fabio-fogaca-marca-pontos-e-destaca-evolucao-do-caminhao-na-copa-truck\/#primaryimage\"},\"image\":{\"@id\":\"https:\/\/maringapost.com.br\/orlandogonzalez\/2020\/08\/17\/radio-maringa-fabio-fogaca-marca-pontos-e-destaca-evolucao-do-caminhao-na-copa-truck\/#primaryimage\"},\"thumbnailUrl\":\"https:\/\/maringapost.com.br\/orlandogonzalez\/wp-content\/uploads\/sites\/17\/2020\/08\/F\u00e1bio-Foga\u00e7a17-Vanderley-Soares.jpeg\",\"datePublished\":\"2020-08-17T14:07:24+00:00\",\"dateModified\":\"2020-08-17T14:07:24+00:00\",\"author\":{\"@id\":\"https:\/\/maringapost.com.br\/orlandogonzalez\/#\/schema\/person\/5cbe6257d08edea6afc9ebaa613b0633\"},\"inLanguage\":\"pt-BR\",\"potentialAction\":[{\"@type\":\"ReadAction\",\"target\":[\"https:\/\/maringapost.com.br\/orlandogonzalez\/2020\/08\/17\/radio-maringa-fabio-fogaca-marca-pontos-e-destaca-evolucao-do-caminhao-na-copa-truck\/\"]}]},{\"@type\":\"ImageObject\",\"inLanguage\":\"pt-BR\",\"@id\":\"https:\/\/maringapost.com.br\/orlandogonzalez\/2020\/08\/17\/radio-maringa-fabio-fogaca-marca-pontos-e-destaca-evolucao-do-caminhao-na-copa-truck\/#primaryimage\",\"url\":\"https:\/\/maringapost.com.br\/orlandogonzalez\/wp-content\/uploads\/sites\/17\/2020\/08\/F\u00e1bio-Foga\u00e7a17-Vanderley-Soares.jpeg\",\"contentUrl\":\"https:\/\/maringapost.com.br\/orlandogonzalez\/wp-content\/uploads\/sites\/17\/2020\/08\/F\u00e1bio-Foga\u00e7a17-Vanderley-Soares.jpeg\",\"width\":1280,\"height\":853},{\"@type\":\"WebSite\",\"@id\":\"https:\/\/maringapost.com.br\/orlandogonzalez\/#website\",\"url\":\"https:\/\/maringapost.com.br\/orlandogonzalez\/\",\"name\":\"Orlando Gonzalez\",\"description\":\"Destaca o esporte de Maring\u00e1! Destaca o esporte do Paran\u00e1! Destaca o esporte do Brasil!\",\"potentialAction\":[{\"@type\":\"SearchAction\",\"target\":{\"@type\":\"EntryPoint\",\"urlTemplate\":\"https:\/\/maringapost.com.br\/orlandogonzalez\/?s={search_term_string}\"},\"query-input\":\"required name=search_term_string\"}],\"inLanguage\":\"pt-BR\"},{\"@type\":\"Person\",\"@id\":\"https:\/\/maringapost.com.br\/orlandogonzalez\/#\/schema\/person\/5cbe6257d08edea6afc9ebaa613b0633\",\"name\":\"Orlando Gonzalez\",\"image\":{\"@type\":\"ImageObject\",\"inLanguage\":\"pt-BR\",\"@id\":\"https:\/\/maringapost.com.br\/orlandogonzalez\/#\/schema\/person\/image\/\",\"url\":\"https:\/\/secure.gravatar.com\/avatar\/ecef9d1c9afe5ebdafadde8369065ba5?s=96&d=mm&r=g\",\"contentUrl\":\"https:\/\/secure.gravatar.com\/avatar\/ecef9d1c9afe5ebdafadde8369065ba5?s=96&d=mm&r=g\",\"caption\":\"Orlando Gonzalez\"},\"description\":\"H\u00e1 29 anos na cobertura do esporte de Maring\u00e1. Plant\u00e3o e narrador esportivo. Presta\u00e7\u00e3o de assessoria de imprensa esportiva, cobertura e transmiss\u00f5es ao vivo de eventos esportivos. E-mail: orlandogonzalez.assessoria@gmail.com WhatsApp: (44) 9 9126-6119\",\"sameAs\":[\"http:\/\/www.radiomaringa.com.br\/\",\"https:\/\/www.facebook.com\/profile.php?id=100011095815065\",\"https:\/\/www.instagram.com\/orlandomgonzalez\/\",\"https:\/\/br.pinterest.com\/ogonzalez0530\/\",\"https:\/\/x.com\/gonzalezorlando\",\"https:\/\/www.youtube.com\/channel\/UCvFpl55btth8wjnKiSS1ibA\",\"https:\/\/radiomaringaweb.tumblr.com\/\"],\"url\":\"https:\/\/maringapost.com.br\/orlandogonzalez\/author\/orlando\/\"}]}<\/script>\n<!-- \/ Yoast SEO Premium plugin. -->","yoast_head_json":{"title":"R\u00c1DIO MARING\u00c1 - F\u00e1bio Foga\u00e7a marca pontos e destaca evolu\u00e7\u00e3o do caminh\u00e3o na Copa Truck - Orlando Gonzalez","robots":{"index":"index","follow":"follow","max-snippet":"max-snippet:-1","max-image-preview":"max-image-preview:large","max-video-preview":"max-video-preview:-1"},"canonical":"https:\/\/maringapost.com.br\/orlandogonzalez\/2020\/08\/17\/radio-maringa-fabio-fogaca-marca-pontos-e-destaca-evolucao-do-caminhao-na-copa-truck\/","og_locale":"pt_BR","og_type":"article","og_title":"R\u00c1DIO MARING\u00c1 - F\u00e1bio Foga\u00e7a marca pontos e destaca evolu\u00e7\u00e3o do caminh\u00e3o na Copa Truck","og_description":"Com a convic\u00e7\u00e3o de que poderia ter sido melhor sua participa\u00e7\u00e3o na rodada dupla da Copa Truck em Goi\u00e2nia, F\u00e1bio Foga\u00e7a, da equipe FF Motorsport\/Quartzolit\/Brasilit\/Kraucher, deixou o Aut\u00f3dromo Internacional Ayrton Senna satisfeito com a evolu\u00e7\u00e3o do seu caminh\u00e3o Prot\u00f3tipo. Ele marcou 18 pontos, com os dois 11\u00ba lugares e chegou a ocupar a quinta coloca\u00e7\u00e3o [&hellip;]","og_url":"https:\/\/maringapost.com.br\/orlandogonzalez\/2020\/08\/17\/radio-maringa-fabio-fogaca-marca-pontos-e-destaca-evolucao-do-caminhao-na-copa-truck\/","og_site_name":"Orlando Gonzalez","article_author":"https:\/\/www.facebook.com\/profile.php?id=100011095815065","article_published_time":"2020-08-17T14:07:24+00:00","og_image":[{"width":1280,"height":853,"url":"https:\/\/maringapost.com.br\/orlandogonzalez\/wp-content\/uploads\/sites\/17\/2020\/08\/F\u00e1bio-Foga\u00e7a17-Vanderley-Soares.jpeg","type":"image\/jpeg"}],"author":"Orlando Gonzalez","twitter_card":"summary_large_image","twitter_creator":"@gonzalezorlando","twitter_misc":{"Escrito por":false,"Est. tempo de leitura":"2 minutos"},"schema":{"@context":"https:\/\/schema.org","@graph":[{"@type":"WebPage","@id":"https:\/\/maringapost.com.br\/orlandogonzalez\/2020\/08\/17\/radio-maringa-fabio-fogaca-marca-pontos-e-destaca-evolucao-do-caminhao-na-copa-truck\/","url":"https:\/\/maringapost.com.br\/orlandogonzalez\/2020\/08\/17\/radio-maringa-fabio-fogaca-marca-pontos-e-destaca-evolucao-do-caminhao-na-copa-truck\/","name":"R\u00c1DIO MARING\u00c1 - F\u00e1bio Foga\u00e7a marca pontos e destaca evolu\u00e7\u00e3o do caminh\u00e3o na Copa Truck - Orlando Gonzalez","isPartOf":{"@id":"https:\/\/maringapost.com.br\/orlandogonzalez\/#website"},"primaryImageOfPage":{"@id":"https:\/\/maringapost.com.br\/orlandogonzalez\/2020\/08\/17\/radio-maringa-fabio-fogaca-marca-pontos-e-destaca-evolucao-do-caminhao-na-copa-truck\/#primaryimage"},"image":{"@id":"https:\/\/maringapost.com.br\/orlandogonzalez\/2020\/08\/17\/radio-maringa-fabio-fogaca-marca-pontos-e-destaca-evolucao-do-caminhao-na-copa-truck\/#primaryimage"},"thumbnailUrl":"https:\/\/maringapost.com.br\/orlandogonzalez\/wp-content\/uploads\/sites\/17\/2020\/08\/F\u00e1bio-Foga\u00e7a17-Vanderley-Soares.jpeg","datePublished":"2020-08-17T14:07:24+00:00","dateModified":"2020-08-17T14:07:24+00:00","author":{"@id":"https:\/\/maringapost.com.br\/orlandogonzalez\/#\/schema\/person\/5cbe6257d08edea6afc9ebaa613b0633"},"inLanguage":"pt-BR","potentialAction":[{"@type":"ReadAction","target":["https:\/\/maringapost.com.br\/orlandogonzalez\/2020\/08\/17\/radio-maringa-fabio-fogaca-marca-pontos-e-destaca-evolucao-do-caminhao-na-copa-truck\/"]}]},{"@type":"ImageObject","inLanguage":"pt-BR","@id":"https:\/\/maringapost.com.br\/orlandogonzalez\/2020\/08\/17\/radio-maringa-fabio-fogaca-marca-pontos-e-destaca-evolucao-do-caminhao-na-copa-truck\/#primaryimage","url":"https:\/\/maringapost.com.br\/orlandogonzalez\/wp-content\/uploads\/sites\/17\/2020\/08\/F\u00e1bio-Foga\u00e7a17-Vanderley-Soares.jpeg","contentUrl":"https:\/\/maringapost.com.br\/orlandogonzalez\/wp-content\/uploads\/sites\/17\/2020\/08\/F\u00e1bio-Foga\u00e7a17-Vanderley-Soares.jpeg","width":1280,"height":853},{"@type":"WebSite","@id":"https:\/\/maringapost.com.br\/orlandogonzalez\/#website","url":"https:\/\/maringapost.com.br\/orlandogonzalez\/","name":"Orlando Gonzalez","description":"Destaca o esporte de Maring\u00e1! Destaca o esporte do Paran\u00e1! Destaca o esporte do Brasil!","potentialAction":[{"@type":"SearchAction","target":{"@type":"EntryPoint","urlTemplate":"https:\/\/maringapost.com.br\/orlandogonzalez\/?s={search_term_string}"},"query-input":"required name=search_term_string"}],"inLanguage":"pt-BR"},{"@type":"Person","@id":"https:\/\/maringapost.com.br\/orlandogonzalez\/#\/schema\/person\/5cbe6257d08edea6afc9ebaa613b0633","name":"Orlando Gonzalez","image":{"@type":"ImageObject","inLanguage":"pt-BR","@id":"https:\/\/maringapost.com.br\/orlandogonzalez\/#\/schema\/person\/image\/","url":"https:\/\/secure.gravatar.com\/avatar\/ecef9d1c9afe5ebdafadde8369065ba5?s=96&d=mm&r=g","contentUrl":"https:\/\/secure.gravatar.com\/avatar\/ecef9d1c9afe5ebdafadde8369065ba5?s=96&d=mm&r=g","caption":"Orlando Gonzalez"},"description":"H\u00e1 29 anos na cobertura do esporte de Maring\u00e1. Plant\u00e3o e narrador esportivo. Presta\u00e7\u00e3o de assessoria de imprensa esportiva, cobertura e transmiss\u00f5es ao vivo de eventos esportivos. E-mail: orlandogonzalez.assessoria@gmail.com WhatsApp: (44) 9 9126-6119","sameAs":["http:\/\/www.radiomaringa.com.br\/","https:\/\/www.facebook.com\/profile.php?id=100011095815065","https:\/\/www.instagram.com\/orlandomgonzalez\/","https:\/\/br.pinterest.com\/ogonzalez0530\/","https:\/\/x.com\/gonzalezorlando","https:\/\/www.youtube.com\/channel\/UCvFpl55btth8wjnKiSS1ibA","https:\/\/radiomaringaweb.tumblr.com\/"],"url":"https:\/\/maringapost.com.br\/orlandogonzalez\/author\/orlando\/"}]}},"_links":{"self":[{"href":"https:\/\/maringapost.com.br\/orlandogonzalez\/wp-json\/wp\/v2\/posts\/37502"}],"collection":[{"href":"https:\/\/maringapost.com.br\/orlandogonzalez\/wp-json\/wp\/v2\/posts"}],"about":[{"href":"https:\/\/maringapost.com.br\/orlandogonzalez\/wp-json\/wp\/v2\/types\/post"}],"author":[{"embeddable":true,"href":"https:\/\/maringapost.com.br\/orlandogonzalez\/wp-json\/wp\/v2\/users\/6307"}],"replies":[{"embeddable":true,"href":"https:\/\/maringapost.com.br\/orlandogonzalez\/wp-json\/wp\/v2\/comments?post=37502"}],"version-history":[{"count":1,"href":"https:\/\/maringapost.com.br\/orlandogonzalez\/wp-json\/wp\/v2\/posts\/37502\/revisions"}],"predecessor-version":[{"id":37504,"href":"https:\/\/maringapost.com.br\/orlandogonzalez\/wp-json\/wp\/v2\/posts\/37502\/revisions\/37504"}],"wp:featuredmedia":[{"embeddable":true,"href":"https:\/\/maringapost.com.br\/orlandogonzalez\/wp-json\/wp\/v2\/media\/37503"}],"wp:attachment":[{"href":"https:\/\/maringapost.com.br\/orlandogonzalez\/wp-json\/wp\/v2\/media?parent=37502"}],"wp:term":[{"taxonomy":"category","embeddable":true,"href":"https:\/\/maringapost.com.br\/orlandogonzalez\/wp-json\/wp\/v2\/categories?post=37502"},{"taxonomy":"post_tag","embeddable":true,"href":"https:\/\/maringapost.com.br\/orlandogonzalez\/wp-json\/wp\/v2\/tags?post=37502"}],"curies":[{"name":"wp","href":"https:\/\/api.w.org\/{rel}","templated":true}]}}