{"id":36850,"date":"2020-08-05T09:31:39","date_gmt":"2020-08-05T12:31:39","guid":{"rendered":"http:\/\/maringapost.com.br\/orlandogonzalez\/?p=36850"},"modified":"2020-08-05T09:41:55","modified_gmt":"2020-08-05T12:41:55","slug":"radio-maringa-governo-federal-divulga-lista-de-contemplados-pelo-bolsa-atleta","status":"publish","type":"post","link":"https:\/\/maringapost.com.br\/orlandogonzalez\/2020\/08\/05\/radio-maringa-governo-federal-divulga-lista-de-contemplados-pelo-bolsa-atleta\/","title":{"rendered":"R\u00c1DIO MARING\u00c1 &#8211; Governo federal divulga lista de contemplados pelo Bolsa Atleta"},"content":{"rendered":"<p>O Di\u00e1rio Oficial da Uni\u00e3o, desta quarta-feira (5), publica portaria do Minist\u00e9rio da Cidadania, que contempla os atletas aprovados no \u00e2mbito do Programa Bolsa Atleta.<\/p>\n<p><span data-original-attrs=\"{&quot;data-mce-style&quot;:&quot;font-size: 24px;&quot;}\"><a href=\"https:\/\/www.blogger.com\/blog\/post\/edit\/3124708230662657479\/4942062300586420798#\" rel=\"noopener noreferrer\" data-original-attrs=\"{&quot;data-original-href&quot;:&quot;https:\/\/www.instagram.com\/patigonzalez_makeup\/&quot;,&quot;data-mce-href&quot;:&quot;https:\/\/www.instagram.com\/patigonzalez_makeup\/&quot;,&quot;target&quot;:&quot;_blank&quot;}\"><img loading=\"lazy\" decoding=\"async\" class=\"aligncenter wp-image-35222 size-full\" src=\"https:\/\/maringapost.com.br\/orlandogonzalez\/wp-content\/uploads\/sites\/17\/2020\/06\/anuncio_patricia.jpg\" alt=\"\" width=\"640\" height=\"452\" data-original-attrs=\"{&quot;data-mce-src&quot;:&quot;https:\/\/maringapost.com.br\/orlandogonzalez\/wp-content\/uploads\/sites\/17\/2020\/06\/anuncio_patricia.jpg&quot;,&quot;data-mce-style&quot;:&quot;display: block; margin-left: auto; margin-right: auto;&quot;,&quot;style&quot;:&quot;&quot;}\" srcset=\"https:\/\/maringapost.com.br\/orlandogonzalez\/wp-content\/uploads\/sites\/17\/2020\/06\/anuncio_patricia.jpg 640w, https:\/\/maringapost.com.br\/orlandogonzalez\/wp-content\/uploads\/sites\/17\/2020\/06\/anuncio_patricia-300x212.jpg 300w, https:\/\/maringapost.com.br\/orlandogonzalez\/wp-content\/uploads\/sites\/17\/2020\/06\/anuncio_patricia-100x70.jpg 100w, https:\/\/maringapost.com.br\/orlandogonzalez\/wp-content\/uploads\/sites\/17\/2020\/06\/anuncio_patricia-595x420.jpg 595w\" sizes=\"(max-width: 640px) 100vw, 640px\" \/><\/a><\/span><\/p>\n<p>Ao todo s\u00e3o 109 atletas de modalidades que fazem parte dos programas Ol\u00edmpico e Paral\u00edmpico, referente ao pleito 2019, divididos nas seguintes categorias:<\/p>\n<p data-original-attrs=\"{&quot;style&quot;:&quot;&quot;}\"><span data-original-attrs=\"{&quot;data-mce-style&quot;:&quot;font-size: 24px;&quot;}\"><a href=\"https:\/\/www.blogger.com\/blog\/post\/edit\/3124708230662657479\/4942062300586420798#\" data-original-attrs=\"{&quot;data-original-href&quot;:&quot;http:\/\/www.radiomaringa.com.br\/&quot;,&quot;data-mce-href&quot;:&quot;http:\/\/www.radiomaringa.com.br&quot;}\"><img loading=\"lazy\" decoding=\"async\" class=\"aligncenter\" src=\"https:\/\/public-rf-upload.minhawebradio.net\/2158\/editor\/5bc81ed04bbf910f8393f266fa32058c.png\" width=\"645\" height=\"147\" data-original-attrs=\"{&quot;data-mce-src&quot;:&quot;https:\/\/public-rf-upload.minhawebradio.net\/2158\/editor\/5bc81ed04bbf910f8393f266fa32058c.png&quot;,&quot;data-mce-style&quot;:&quot;display: block; margin-left: auto; margin-right: auto;&quot;,&quot;style&quot;:&quot;&quot;}\" \/><\/a><\/span><\/p>\n<p>Tr\u00eas habilitados pela categoria atleta ol\u00edmpico e paral\u00edmpico; dezoito pela categoria atleta internacional; sessenta e oito pela categoria atleta nacional; quatorze pela categoria estudantil; e seis pela categoria atleta de base.<\/p>\n<p><a href=\"https:\/\/www.in.gov.br\/en\/web\/dou\/-\/portaria-n-455-de-3-de-agosto-de-2020-270550525\" target=\"_blank\" rel=\"noopener noreferrer\">No anexo da portaria, a lista com os nomes dos atletas contemplados no programa<\/a>.<br \/>\n(Foto: Rovena Rosa\/Ag\u00eancia Brasil)<\/p>\n<p><span data-original-attrs=\"{&quot;data-mce-style&quot;:&quot;font-size: 24px;&quot;}\"><a href=\"https:\/\/www.hotmart.com\/product\/curso-de-excel-o-aprendizado-que-pode-mudar-a-sua-vida\/U27954605Y\" target=\"_blank\" rel=\"noopener noreferrer\" data-original-attrs=\"{&quot;data-original-href&quot;:&quot;https:\/\/www.youtube.com\/channel\/UC5yYQJwnQmF2Oy9QtygufBA&quot;,&quot;data-mce-href&quot;:&quot;https:\/\/www.youtube.com\/channel\/UC5yYQJwnQmF2Oy9QtygufBA&quot;,&quot;target&quot;:&quot;_blank&quot;}\"><img loading=\"lazy\" decoding=\"async\" class=\"aligncenter wp-image-35221 size-full\" src=\"https:\/\/maringapost.com.br\/orlandogonzalez\/wp-content\/uploads\/sites\/17\/2020\/06\/anuncio_dan.jpg\" alt=\"\" width=\"640\" height=\"183\" data-original-attrs=\"{&quot;data-mce-src&quot;:&quot;https:\/\/maringapost.com.br\/orlandogonzalez\/wp-content\/uploads\/sites\/17\/2020\/06\/anuncio_dan.jpg&quot;,&quot;data-mce-style&quot;:&quot;display: block; margin-left: auto; margin-right: auto;&quot;,&quot;style&quot;:&quot;&quot;}\" srcset=\"https:\/\/maringapost.com.br\/orlandogonzalez\/wp-content\/uploads\/sites\/17\/2020\/06\/anuncio_dan.jpg 640w, https:\/\/maringapost.com.br\/orlandogonzalez\/wp-content\/uploads\/sites\/17\/2020\/06\/anuncio_dan-300x86.jpg 300w\" sizes=\"(max-width: 640px) 100vw, 640px\" \/><\/a><\/span><\/p>\n<p>&nbsp;<\/p>\n","protected":false},"excerpt":{"rendered":"<p>O Di\u00e1rio Oficial da Uni\u00e3o, desta quarta-feira (5), publica portaria do Minist\u00e9rio da Cidadania, que contempla os atletas aprovados no \u00e2mbito do Programa Bolsa Atleta. Ao todo s\u00e3o 109 atletas de modalidades que fazem parte dos programas Ol\u00edmpico e Paral\u00edmpico, referente ao pleito 2019, divididos nas seguintes categorias: Tr\u00eas habilitados pela categoria atleta ol\u00edmpico e [&hellip;]<\/p>\n","protected":false},"author":6307,"featured_media":36851,"comment_status":"closed","ping_status":"open","sticky":false,"template":"","format":"standard","meta":{"_exactmetrics_skip_tracking":false,"_exactmetrics_sitenote_active":false,"_exactmetrics_sitenote_note":"","_exactmetrics_sitenote_category":0,"footnotes":""},"categories":[5093],"tags":[10264,4619,47],"yoast_head":"<!-- This site is optimized with the Yoast SEO Premium plugin v22.7 (Yoast SEO v22.7) - https:\/\/yoast.com\/wordpress\/plugins\/seo\/ -->\n<title>R\u00c1DIO MARING\u00c1 - Governo federal divulga lista de contemplados pelo Bolsa Atleta - Orlando Gonzalez<\/title>\n<meta name=\"robots\" content=\"index, follow, max-snippet:-1, max-image-preview:large, max-video-preview:-1\" \/>\n<link rel=\"canonical\" href=\"https:\/\/maringapost.com.br\/orlandogonzalez\/2020\/08\/05\/radio-maringa-governo-federal-divulga-lista-de-contemplados-pelo-bolsa-atleta\/\" \/>\n<meta property=\"og:locale\" content=\"pt_BR\" \/>\n<meta property=\"og:type\" content=\"article\" \/>\n<meta property=\"og:title\" content=\"R\u00c1DIO MARING\u00c1 - Governo federal divulga lista de contemplados pelo Bolsa Atleta\" \/>\n<meta property=\"og:description\" content=\"O Di\u00e1rio Oficial da Uni\u00e3o, desta quarta-feira (5), publica portaria do Minist\u00e9rio da Cidadania, que contempla os atletas aprovados no \u00e2mbito do Programa Bolsa Atleta. Ao todo s\u00e3o 109 atletas de modalidades que fazem parte dos programas Ol\u00edmpico e Paral\u00edmpico, referente ao pleito 2019, divididos nas seguintes categorias: Tr\u00eas habilitados pela categoria atleta ol\u00edmpico e [&hellip;]\" \/>\n<meta property=\"og:url\" content=\"https:\/\/maringapost.com.br\/orlandogonzalez\/2020\/08\/05\/radio-maringa-governo-federal-divulga-lista-de-contemplados-pelo-bolsa-atleta\/\" \/>\n<meta property=\"og:site_name\" content=\"Orlando Gonzalez\" \/>\n<meta property=\"article:author\" content=\"https:\/\/www.facebook.com\/profile.php?id=100011095815065\" \/>\n<meta property=\"article:published_time\" content=\"2020-08-05T12:31:39+00:00\" \/>\n<meta property=\"article:modified_time\" content=\"2020-08-05T12:41:55+00:00\" \/>\n<meta property=\"og:image\" content=\"https:\/\/maringapost.com.br\/orlandogonzalez\/wp-content\/uploads\/sites\/17\/2020\/08\/bolsaatleta.jpg\" \/>\n\t<meta property=\"og:image:width\" content=\"1170\" \/>\n\t<meta property=\"og:image:height\" content=\"700\" \/>\n\t<meta property=\"og:image:type\" content=\"image\/jpeg\" \/>\n<meta name=\"author\" content=\"Orlando Gonzalez\" \/>\n<meta name=\"twitter:card\" content=\"summary_large_image\" \/>\n<meta name=\"twitter:creator\" content=\"@gonzalezorlando\" \/>\n<meta name=\"twitter:label1\" content=\"Escrito por\" \/>\n\t<meta name=\"twitter:data1\" content=\"\" \/>\n\t<meta name=\"twitter:label2\" content=\"Est. tempo de leitura\" \/>\n\t<meta name=\"twitter:data2\" content=\"1 minuto\" \/>\n<script type=\"application\/ld+json\" class=\"yoast-schema-graph\">{\"@context\":\"https:\/\/schema.org\",\"@graph\":[{\"@type\":\"WebPage\",\"@id\":\"https:\/\/maringapost.com.br\/orlandogonzalez\/2020\/08\/05\/radio-maringa-governo-federal-divulga-lista-de-contemplados-pelo-bolsa-atleta\/\",\"url\":\"https:\/\/maringapost.com.br\/orlandogonzalez\/2020\/08\/05\/radio-maringa-governo-federal-divulga-lista-de-contemplados-pelo-bolsa-atleta\/\",\"name\":\"R\u00c1DIO MARING\u00c1 - Governo federal divulga lista de contemplados pelo Bolsa Atleta - Orlando Gonzalez\",\"isPartOf\":{\"@id\":\"https:\/\/maringapost.com.br\/orlandogonzalez\/#website\"},\"primaryImageOfPage\":{\"@id\":\"https:\/\/maringapost.com.br\/orlandogonzalez\/2020\/08\/05\/radio-maringa-governo-federal-divulga-lista-de-contemplados-pelo-bolsa-atleta\/#primaryimage\"},\"image\":{\"@id\":\"https:\/\/maringapost.com.br\/orlandogonzalez\/2020\/08\/05\/radio-maringa-governo-federal-divulga-lista-de-contemplados-pelo-bolsa-atleta\/#primaryimage\"},\"thumbnailUrl\":\"https:\/\/maringapost.com.br\/orlandogonzalez\/wp-content\/uploads\/sites\/17\/2020\/08\/bolsaatleta.jpg\",\"datePublished\":\"2020-08-05T12:31:39+00:00\",\"dateModified\":\"2020-08-05T12:41:55+00:00\",\"author\":{\"@id\":\"https:\/\/maringapost.com.br\/orlandogonzalez\/#\/schema\/person\/5cbe6257d08edea6afc9ebaa613b0633\"},\"inLanguage\":\"pt-BR\",\"potentialAction\":[{\"@type\":\"ReadAction\",\"target\":[\"https:\/\/maringapost.com.br\/orlandogonzalez\/2020\/08\/05\/radio-maringa-governo-federal-divulga-lista-de-contemplados-pelo-bolsa-atleta\/\"]}]},{\"@type\":\"ImageObject\",\"inLanguage\":\"pt-BR\",\"@id\":\"https:\/\/maringapost.com.br\/orlandogonzalez\/2020\/08\/05\/radio-maringa-governo-federal-divulga-lista-de-contemplados-pelo-bolsa-atleta\/#primaryimage\",\"url\":\"https:\/\/maringapost.com.br\/orlandogonzalez\/wp-content\/uploads\/sites\/17\/2020\/08\/bolsaatleta.jpg\",\"contentUrl\":\"https:\/\/maringapost.com.br\/orlandogonzalez\/wp-content\/uploads\/sites\/17\/2020\/08\/bolsaatleta.jpg\",\"width\":1170,\"height\":700,\"caption\":\"S\u00e3o Paulo - Comit\u00ea Paral\u00edmpico Brasileiro anuncia os 25 atletas convocados para a sele\u00e7\u00e3o que participar\u00e1 do Mundial de Paratletismo Londres 2017, no Centro de Treinamento Paral\u00edmpico Brasileiro (Rovena Rosa\/Ag\u00eancia Brasil)\"},{\"@type\":\"WebSite\",\"@id\":\"https:\/\/maringapost.com.br\/orlandogonzalez\/#website\",\"url\":\"https:\/\/maringapost.com.br\/orlandogonzalez\/\",\"name\":\"Orlando Gonzalez\",\"description\":\"Destaca o esporte de Maring\u00e1! Destaca o esporte do Paran\u00e1! Destaca o esporte do Brasil!\",\"potentialAction\":[{\"@type\":\"SearchAction\",\"target\":{\"@type\":\"EntryPoint\",\"urlTemplate\":\"https:\/\/maringapost.com.br\/orlandogonzalez\/?s={search_term_string}\"},\"query-input\":\"required name=search_term_string\"}],\"inLanguage\":\"pt-BR\"},{\"@type\":\"Person\",\"@id\":\"https:\/\/maringapost.com.br\/orlandogonzalez\/#\/schema\/person\/5cbe6257d08edea6afc9ebaa613b0633\",\"name\":\"Orlando Gonzalez\",\"image\":{\"@type\":\"ImageObject\",\"inLanguage\":\"pt-BR\",\"@id\":\"https:\/\/maringapost.com.br\/orlandogonzalez\/#\/schema\/person\/image\/\",\"url\":\"https:\/\/secure.gravatar.com\/avatar\/ecef9d1c9afe5ebdafadde8369065ba5?s=96&d=mm&r=g\",\"contentUrl\":\"https:\/\/secure.gravatar.com\/avatar\/ecef9d1c9afe5ebdafadde8369065ba5?s=96&d=mm&r=g\",\"caption\":\"Orlando Gonzalez\"},\"description\":\"H\u00e1 29 anos na cobertura do esporte de Maring\u00e1. Plant\u00e3o e narrador esportivo. Presta\u00e7\u00e3o de assessoria de imprensa esportiva, cobertura e transmiss\u00f5es ao vivo de eventos esportivos. E-mail: orlandogonzalez.assessoria@gmail.com WhatsApp: (44) 9 9126-6119\",\"sameAs\":[\"http:\/\/www.radiomaringa.com.br\/\",\"https:\/\/www.facebook.com\/profile.php?id=100011095815065\",\"https:\/\/www.instagram.com\/orlandomgonzalez\/\",\"https:\/\/br.pinterest.com\/ogonzalez0530\/\",\"https:\/\/x.com\/gonzalezorlando\",\"https:\/\/www.youtube.com\/channel\/UCvFpl55btth8wjnKiSS1ibA\",\"https:\/\/radiomaringaweb.tumblr.com\/\"],\"url\":\"https:\/\/maringapost.com.br\/orlandogonzalez\/author\/orlando\/\"}]}<\/script>\n<!-- \/ Yoast SEO Premium plugin. -->","yoast_head_json":{"title":"R\u00c1DIO MARING\u00c1 - Governo federal divulga lista de contemplados pelo Bolsa Atleta - Orlando Gonzalez","robots":{"index":"index","follow":"follow","max-snippet":"max-snippet:-1","max-image-preview":"max-image-preview:large","max-video-preview":"max-video-preview:-1"},"canonical":"https:\/\/maringapost.com.br\/orlandogonzalez\/2020\/08\/05\/radio-maringa-governo-federal-divulga-lista-de-contemplados-pelo-bolsa-atleta\/","og_locale":"pt_BR","og_type":"article","og_title":"R\u00c1DIO MARING\u00c1 - Governo federal divulga lista de contemplados pelo Bolsa Atleta","og_description":"O Di\u00e1rio Oficial da Uni\u00e3o, desta quarta-feira (5), publica portaria do Minist\u00e9rio da Cidadania, que contempla os atletas aprovados no \u00e2mbito do Programa Bolsa Atleta. Ao todo s\u00e3o 109 atletas de modalidades que fazem parte dos programas Ol\u00edmpico e Paral\u00edmpico, referente ao pleito 2019, divididos nas seguintes categorias: Tr\u00eas habilitados pela categoria atleta ol\u00edmpico e [&hellip;]","og_url":"https:\/\/maringapost.com.br\/orlandogonzalez\/2020\/08\/05\/radio-maringa-governo-federal-divulga-lista-de-contemplados-pelo-bolsa-atleta\/","og_site_name":"Orlando Gonzalez","article_author":"https:\/\/www.facebook.com\/profile.php?id=100011095815065","article_published_time":"2020-08-05T12:31:39+00:00","article_modified_time":"2020-08-05T12:41:55+00:00","og_image":[{"width":1170,"height":700,"url":"https:\/\/maringapost.com.br\/orlandogonzalez\/wp-content\/uploads\/sites\/17\/2020\/08\/bolsaatleta.jpg","type":"image\/jpeg"}],"author":"Orlando Gonzalez","twitter_card":"summary_large_image","twitter_creator":"@gonzalezorlando","twitter_misc":{"Escrito por":false,"Est. tempo de leitura":"1 minuto"},"schema":{"@context":"https:\/\/schema.org","@graph":[{"@type":"WebPage","@id":"https:\/\/maringapost.com.br\/orlandogonzalez\/2020\/08\/05\/radio-maringa-governo-federal-divulga-lista-de-contemplados-pelo-bolsa-atleta\/","url":"https:\/\/maringapost.com.br\/orlandogonzalez\/2020\/08\/05\/radio-maringa-governo-federal-divulga-lista-de-contemplados-pelo-bolsa-atleta\/","name":"R\u00c1DIO MARING\u00c1 - Governo federal divulga lista de contemplados pelo Bolsa Atleta - Orlando Gonzalez","isPartOf":{"@id":"https:\/\/maringapost.com.br\/orlandogonzalez\/#website"},"primaryImageOfPage":{"@id":"https:\/\/maringapost.com.br\/orlandogonzalez\/2020\/08\/05\/radio-maringa-governo-federal-divulga-lista-de-contemplados-pelo-bolsa-atleta\/#primaryimage"},"image":{"@id":"https:\/\/maringapost.com.br\/orlandogonzalez\/2020\/08\/05\/radio-maringa-governo-federal-divulga-lista-de-contemplados-pelo-bolsa-atleta\/#primaryimage"},"thumbnailUrl":"https:\/\/maringapost.com.br\/orlandogonzalez\/wp-content\/uploads\/sites\/17\/2020\/08\/bolsaatleta.jpg","datePublished":"2020-08-05T12:31:39+00:00","dateModified":"2020-08-05T12:41:55+00:00","author":{"@id":"https:\/\/maringapost.com.br\/orlandogonzalez\/#\/schema\/person\/5cbe6257d08edea6afc9ebaa613b0633"},"inLanguage":"pt-BR","potentialAction":[{"@type":"ReadAction","target":["https:\/\/maringapost.com.br\/orlandogonzalez\/2020\/08\/05\/radio-maringa-governo-federal-divulga-lista-de-contemplados-pelo-bolsa-atleta\/"]}]},{"@type":"ImageObject","inLanguage":"pt-BR","@id":"https:\/\/maringapost.com.br\/orlandogonzalez\/2020\/08\/05\/radio-maringa-governo-federal-divulga-lista-de-contemplados-pelo-bolsa-atleta\/#primaryimage","url":"https:\/\/maringapost.com.br\/orlandogonzalez\/wp-content\/uploads\/sites\/17\/2020\/08\/bolsaatleta.jpg","contentUrl":"https:\/\/maringapost.com.br\/orlandogonzalez\/wp-content\/uploads\/sites\/17\/2020\/08\/bolsaatleta.jpg","width":1170,"height":700,"caption":"S\u00e3o Paulo - Comit\u00ea Paral\u00edmpico Brasileiro anuncia os 25 atletas convocados para a sele\u00e7\u00e3o que participar\u00e1 do Mundial de Paratletismo Londres 2017, no Centro de Treinamento Paral\u00edmpico Brasileiro (Rovena Rosa\/Ag\u00eancia Brasil)"},{"@type":"WebSite","@id":"https:\/\/maringapost.com.br\/orlandogonzalez\/#website","url":"https:\/\/maringapost.com.br\/orlandogonzalez\/","name":"Orlando Gonzalez","description":"Destaca o esporte de Maring\u00e1! Destaca o esporte do Paran\u00e1! Destaca o esporte do Brasil!","potentialAction":[{"@type":"SearchAction","target":{"@type":"EntryPoint","urlTemplate":"https:\/\/maringapost.com.br\/orlandogonzalez\/?s={search_term_string}"},"query-input":"required name=search_term_string"}],"inLanguage":"pt-BR"},{"@type":"Person","@id":"https:\/\/maringapost.com.br\/orlandogonzalez\/#\/schema\/person\/5cbe6257d08edea6afc9ebaa613b0633","name":"Orlando Gonzalez","image":{"@type":"ImageObject","inLanguage":"pt-BR","@id":"https:\/\/maringapost.com.br\/orlandogonzalez\/#\/schema\/person\/image\/","url":"https:\/\/secure.gravatar.com\/avatar\/ecef9d1c9afe5ebdafadde8369065ba5?s=96&d=mm&r=g","contentUrl":"https:\/\/secure.gravatar.com\/avatar\/ecef9d1c9afe5ebdafadde8369065ba5?s=96&d=mm&r=g","caption":"Orlando Gonzalez"},"description":"H\u00e1 29 anos na cobertura do esporte de Maring\u00e1. Plant\u00e3o e narrador esportivo. Presta\u00e7\u00e3o de assessoria de imprensa esportiva, cobertura e transmiss\u00f5es ao vivo de eventos esportivos. E-mail: orlandogonzalez.assessoria@gmail.com WhatsApp: (44) 9 9126-6119","sameAs":["http:\/\/www.radiomaringa.com.br\/","https:\/\/www.facebook.com\/profile.php?id=100011095815065","https:\/\/www.instagram.com\/orlandomgonzalez\/","https:\/\/br.pinterest.com\/ogonzalez0530\/","https:\/\/x.com\/gonzalezorlando","https:\/\/www.youtube.com\/channel\/UCvFpl55btth8wjnKiSS1ibA","https:\/\/radiomaringaweb.tumblr.com\/"],"url":"https:\/\/maringapost.com.br\/orlandogonzalez\/author\/orlando\/"}]}},"_links":{"self":[{"href":"https:\/\/maringapost.com.br\/orlandogonzalez\/wp-json\/wp\/v2\/posts\/36850"}],"collection":[{"href":"https:\/\/maringapost.com.br\/orlandogonzalez\/wp-json\/wp\/v2\/posts"}],"about":[{"href":"https:\/\/maringapost.com.br\/orlandogonzalez\/wp-json\/wp\/v2\/types\/post"}],"author":[{"embeddable":true,"href":"https:\/\/maringapost.com.br\/orlandogonzalez\/wp-json\/wp\/v2\/users\/6307"}],"replies":[{"embeddable":true,"href":"https:\/\/maringapost.com.br\/orlandogonzalez\/wp-json\/wp\/v2\/comments?post=36850"}],"version-history":[{"count":1,"href":"https:\/\/maringapost.com.br\/orlandogonzalez\/wp-json\/wp\/v2\/posts\/36850\/revisions"}],"predecessor-version":[{"id":36852,"href":"https:\/\/maringapost.com.br\/orlandogonzalez\/wp-json\/wp\/v2\/posts\/36850\/revisions\/36852"}],"wp:featuredmedia":[{"embeddable":true,"href":"https:\/\/maringapost.com.br\/orlandogonzalez\/wp-json\/wp\/v2\/media\/36851"}],"wp:attachment":[{"href":"https:\/\/maringapost.com.br\/orlandogonzalez\/wp-json\/wp\/v2\/media?parent=36850"}],"wp:term":[{"taxonomy":"category","embeddable":true,"href":"https:\/\/maringapost.com.br\/orlandogonzalez\/wp-json\/wp\/v2\/categories?post=36850"},{"taxonomy":"post_tag","embeddable":true,"href":"https:\/\/maringapost.com.br\/orlandogonzalez\/wp-json\/wp\/v2\/tags?post=36850"}],"curies":[{"name":"wp","href":"https:\/\/api.w.org\/{rel}","templated":true}]}}