{"id":36238,"date":"2020-07-26T16:18:46","date_gmt":"2020-07-26T19:18:46","guid":{"rendered":"http:\/\/maringapost.com.br\/orlandogonzalez\/?p=36238"},"modified":"2020-07-26T16:18:46","modified_gmt":"2020-07-26T19:18:46","slug":"radio-maringa-nelsinho-piquet-conquista-podio-na-abertura-da-stock-car","status":"publish","type":"post","link":"https:\/\/maringapost.com.br\/orlandogonzalez\/2020\/07\/26\/radio-maringa-nelsinho-piquet-conquista-podio-na-abertura-da-stock-car\/","title":{"rendered":"R\u00c1DIO MARING\u00c1 &#8211; Nelsinho Piquet conquista p\u00f3dio na abertura da Stock Car"},"content":{"rendered":"<p>O piloto Nelson Piquet Jr. foi literalmente do inferno ao c\u00e9u na disputa das duas corridas da Stock Car, que abriu neste domingo (26) a temporada 2020 da principal categoria do automobilismo brasileiro. Na primeira prova, em Goi\u00e2nia (GO), quando lutava entre os 10 primeiros, o piloto da equipe Texaco Full Time parou nos boxes, fez a troca de pneus, mas uma quebra no carro impediu Piquet de voltar para a pista.<\/p>\n<p data-original-attrs=\"{&quot;style&quot;:&quot;&quot;}\"><span data-original-attrs=\"{&quot;data-mce-style&quot;:&quot;font-size: 24px;&quot;}\"><a href=\"https:\/\/www.hotmart.com\/product\/curso-de-excel-o-aprendizado-que-pode-mudar-a-sua-vida\/U27954605Y\" target=\"_blank\" rel=\"noopener noreferrer\" data-original-attrs=\"{&quot;data-original-href&quot;:&quot;https:\/\/www.youtube.com\/channel\/UC5yYQJwnQmF2Oy9QtygufBA&quot;,&quot;data-mce-href&quot;:&quot;https:\/\/www.youtube.com\/channel\/UC5yYQJwnQmF2Oy9QtygufBA&quot;,&quot;target&quot;:&quot;_blank&quot;}\"><img loading=\"lazy\" decoding=\"async\" class=\"aligncenter wp-image-35221 size-full\" src=\"https:\/\/maringapost.com.br\/orlandogonzalez\/wp-content\/uploads\/sites\/17\/2020\/06\/anuncio_dan.jpg\" alt=\"\" width=\"640\" height=\"183\" data-original-attrs=\"{&quot;data-mce-src&quot;:&quot;https:\/\/maringapost.com.br\/orlandogonzalez\/wp-content\/uploads\/sites\/17\/2020\/06\/anuncio_dan.jpg&quot;,&quot;data-mce-style&quot;:&quot;display: block; margin-left: auto; margin-right: auto;&quot;,&quot;style&quot;:&quot;&quot;}\" srcset=\"https:\/\/maringapost.com.br\/orlandogonzalez\/wp-content\/uploads\/sites\/17\/2020\/06\/anuncio_dan.jpg 640w, https:\/\/maringapost.com.br\/orlandogonzalez\/wp-content\/uploads\/sites\/17\/2020\/06\/anuncio_dan-300x86.jpg 300w\" sizes=\"(max-width: 640px) 100vw, 640px\" \/><\/a><\/span><\/p>\n<p>Largando dos boxes para a corrida 2, o piloto acelerou forte o Corolla #33 e, com uma boa estrat\u00e9gia, conseguiu chegar em segundo, atr\u00e1s apenas do companheiro Rubens Barrichello.<\/p>\n<p>Foi o quinto p\u00f3dio de Piquet na Stock Car e o terceiro em Goi\u00e2nia, onde o piloto j\u00e1 havia sido segundo colocado em 2018 e 2019. Com o resultado, Piquet est\u00e1 em d\u00e9cimo lugar na classifica\u00e7\u00e3o do campeonato, com 20 pontos.<\/p>\n<p data-original-attrs=\"{&quot;style&quot;:&quot;&quot;}\"><span data-original-attrs=\"{&quot;data-mce-style&quot;:&quot;font-size: 24px;&quot;}\"><a href=\"https:\/\/www.blogger.com\/blog\/post\/edit\/3124708230662657479\/4942062300586420798#\" data-original-attrs=\"{&quot;data-original-href&quot;:&quot;http:\/\/www.radiomaringa.com.br\/&quot;,&quot;data-mce-href&quot;:&quot;http:\/\/www.radiomaringa.com.br&quot;}\"><img loading=\"lazy\" decoding=\"async\" class=\"aligncenter\" src=\"https:\/\/public-rf-upload.minhawebradio.net\/2158\/editor\/5bc81ed04bbf910f8393f266fa32058c.png\" width=\"645\" height=\"147\" data-original-attrs=\"{&quot;data-mce-src&quot;:&quot;https:\/\/public-rf-upload.minhawebradio.net\/2158\/editor\/5bc81ed04bbf910f8393f266fa32058c.png&quot;,&quot;data-mce-style&quot;:&quot;display: block; margin-left: auto; margin-right: auto;&quot;,&quot;style&quot;:&quot;&quot;}\" \/><\/a><\/span><\/p>\n<p>\u201cFoi um fim de semana cheio de surpresas. A classifica\u00e7\u00e3o n\u00e3o foi como eu queria, mas hoje nas corridas as coisas pareciam bem. Eu estava sendo bem cauteloso no in\u00edcio da prova, o carro estava muito bom, mas infelizmente tivemos uma quebra do semieixo do carro no pit stop, o que obviamente me deixou muito desanimado. Mas uma li\u00e7\u00e3o que eu aprendi hoje \u00e9 a de que nunca devemos desistir\u201d, destacou o piloto, que no s\u00e1bado (25) completou 35 anos.<\/p>\n<p><span data-original-attrs=\"{&quot;data-mce-style&quot;:&quot;font-size: 24px;&quot;}\"><a href=\"https:\/\/www.blogger.com\/blog\/post\/edit\/3124708230662657479\/4942062300586420798#\" rel=\"noopener noreferrer\" data-original-attrs=\"{&quot;data-original-href&quot;:&quot;https:\/\/www.instagram.com\/patigonzalez_makeup\/&quot;,&quot;data-mce-href&quot;:&quot;https:\/\/www.instagram.com\/patigonzalez_makeup\/&quot;,&quot;target&quot;:&quot;_blank&quot;}\"><img loading=\"lazy\" decoding=\"async\" class=\"aligncenter wp-image-35222 size-full\" src=\"https:\/\/maringapost.com.br\/orlandogonzalez\/wp-content\/uploads\/sites\/17\/2020\/06\/anuncio_patricia.jpg\" alt=\"\" width=\"640\" height=\"452\" data-original-attrs=\"{&quot;data-mce-src&quot;:&quot;https:\/\/maringapost.com.br\/orlandogonzalez\/wp-content\/uploads\/sites\/17\/2020\/06\/anuncio_patricia.jpg&quot;,&quot;data-mce-style&quot;:&quot;display: block; margin-left: auto; margin-right: auto;&quot;,&quot;style&quot;:&quot;&quot;}\" srcset=\"https:\/\/maringapost.com.br\/orlandogonzalez\/wp-content\/uploads\/sites\/17\/2020\/06\/anuncio_patricia.jpg 640w, https:\/\/maringapost.com.br\/orlandogonzalez\/wp-content\/uploads\/sites\/17\/2020\/06\/anuncio_patricia-300x212.jpg 300w, https:\/\/maringapost.com.br\/orlandogonzalez\/wp-content\/uploads\/sites\/17\/2020\/06\/anuncio_patricia-100x70.jpg 100w, https:\/\/maringapost.com.br\/orlandogonzalez\/wp-content\/uploads\/sites\/17\/2020\/06\/anuncio_patricia-595x420.jpg 595w\" sizes=\"(max-width: 640px) 100vw, 640px\" \/><\/a><\/span><\/p>\n<p>\u201cNa segunda prova, o carro estava bom, acertamos na estrat\u00e9gia, tivemos um pouco de sorte com a entrada do Safety Car e conseguimos um p\u00f3dio, largando dos boxes, praticamente de \u00faltimo lugar\u201d, lembrou Piquet, que foi um dos seis pilotos que recebeu do p\u00fablico o voto do Fan Push.<\/p>\n<p>\u201cQueria agradecer a toda a equipe, a todos que votaram no Fan Push, que me deu uma ajuda enorme. N\u00e3o foi um fim de semana perfeito, mas foi um bom come\u00e7o para a equipe, para Toyota, ent\u00e3o, vamos seguir trabalhando forte para o restante da temporada\u201d, completou.<\/p>\n<p>A etapa marcou a estreia de uma s\u00e9rie de novidades na categoria e tamb\u00e9m come\u00e7ou sem a presen\u00e7a do p\u00fablico e um rigoroso protocolo de seguran\u00e7a sanit\u00e1ria em virtude do coronav\u00edrus. A pr\u00f3xima etapa est\u00e1 prevista para o dia 23 de agosto em Interlagos (SP), com a disputa da Corrida do Milh\u00e3o.<\/p>\n<p>Confira os resultados da 1\u00aa etapa em Goi\u00e2nia:<\/p>\n<p>Corrida 1<br \/>\n1 Ricardo Zonta (RCM Motorsport\/Corolla), 22 voltas<br \/>\n2 Allam Khodair (Blau Motorsport\/Cruze) a 2s190<br \/>\n3 Ricardo Mauricio (Eurofarma-RC\/Cruze) a 11s888<br \/>\n4 Daniel Serra (Eurofarma-RC\/Cruze) a 15s255<br \/>\n5 Cac\u00e1 Bueno (Crown Racing\/Cruze) a 16s172<br \/>\n6 Thiago Camilo (Ipiranga Racing\/Corolla) a 16s661<br \/>\n7 Rubens Barrichello (Full Time Sports\/Corolla) a 20s834<br \/>\n8 Cesar Ramos (Ipiranga Racing\/Corolla) a 23s684<br \/>\n9 Galid Osman (Shell V-Power\/Cruze) a 25s334<br \/>\n10 Vitor Genz (KTF Sports\/Cruze) a 25s441<br \/>\n11 Matias Rossi (Full Time Sports\/Corolla) a 26s226<br \/>\n12 Julio Campos (Crown Racing\/Cruze) a 26s774<br \/>\n13 Guilherme Salas (KTF Sports\/Cruze) a 27s357<br \/>\n14 Diego Nunes (Blau Motorsport\/Cruze) a 37s011<br \/>\n15 Lucas Foresti (Vogel Motorsports\/Cruze) a 40s747<br \/>\n16 \u00c1tila Abreu (Shell V-Power\/Cruze) a 42s964<br \/>\n17 Pedro Cardoso (R. Mattheis Motorsport\/Cruze) a 43s958<br \/>\n18 Tuca Antoniazi (Hot Car Competi\u00e7\u00f5es\/Cruze) a 1min02s239<br \/>\n19 Marcos Gomes (Cavaleiro Sports\/Cruze) a 10 voltas<br \/>\n20 Gabriel Casagrande (R. Mattheis Motorsport\/Cruze) a 11 voltas<br \/>\n21 Rafael Suzuki (Full Time Bassani\/Corolla) a 11 voltas<br \/>\n22 Nelson Piquet Jr (Texaco Full Time Bassani\/Corolla) a 13 voltas<br \/>\n23 Denis Navarro (Cavaleiro Sports\/Cruze) a 17 voltas<br \/>\n24 Bruno Baptista (RCM Motorsport\/Corolla) a 19 voltas<br \/>\n25 Gaetano di Mauro (Vogel Motorsports\/Cruze) a 19 voltas<\/p>\n<p>Corrida 2<br \/>\n1 Rubens Barrichello (Full Time Sports\/Corolla), 20 voltas<br \/>\n2 Nelson Piquet Jr (Texaco Full Time Bassani\/Corolla) a 4s887<br \/>\n3 Bruno Baptista (RCM Motorsport\/Corolla) a 5s643<br \/>\n4 Ricardo Mauricio (Eurofarma-RC\/Cruze) a 6s065<br \/>\n5 Diego Nunes (Blau Motorsport\/Cruze) a 8s522<br \/>\n6 \u00c1tila Abreu (Shell V-Power\/Cruze) a 9s424<br \/>\n7 Thiago Camilo (Ipiranga Racing\/Corolla) a 10s194<br \/>\n8 Daniel Serra (Eurofarma-RC\/Cruze) a 10s365<br \/>\n9 Rafael Suzuki (Full Time Bassani\/Corolla) a 11s233<br \/>\n10 Cesar Ramos (Ipiranga Racing\/Corolla) a 14s075<br \/>\n11 Cac\u00e1 Bueno (Crown Racing\/Cruze) a 14s872<br \/>\n12 Denis Navarro (Cavaleiro Sports\/Cruze) a 15s790<br \/>\n13 Guilherme Salas (KTF Sports\/Cruze) a 18s468<br \/>\n14 Matias Rossi (Full Time Sports\/Corolla) a 18s544<br \/>\n15 Galid Osman (Shell V-Power\/Cruze) a 28s111<br \/>\n16 Pedro Cardoso (R. Mattheis Motorsport\/Cruze) a 28s747<br \/>\n17 Tuca Antoniazi (Hot Car Competi\u00e7\u00f5es\/Cruze) a 50s737<br \/>\n18 Julio Campos (Crown Racing\/Cruze) a 1min24s561<br \/>\n19 Marcos Gomes (Cavaleiro Sports\/Cruze) a 11 voltas<br \/>\n20 Allam Khodair (Blau Motorsport\/Cruze) a 11 voltas<br \/>\n21 Ricardo Zonta (RCM Motorsport\/Corolla) a 13 voltas<br \/>\n22 Vitor Genz (KTF Sports\/Cruze) a 16 voltas<br \/>\n23 Lucas Foresti (Vogel Motorsports\/Cruze), a 20 voltas<br \/>\n24 Gabriel Casagrande (R. Mattheis Motorsport\/Cruze), a 20 voltas<br \/>\n25 Gaetano di Mauro (Vogel Motorsports\/Cruze), a 20 voltas<\/p>\n<p>Classifica\u00e7\u00e3o do campeonato (Top-10):<br \/>\n1 Ricardo Mauricio (Eurofarma-RC\/Cruze), 39 pontos<br \/>\n2 Rubens Barrichello (Full Time Sports\/Corolla), 38<br \/>\n3 Daniel Serra (Eurofarma-RC\/Cruze), 32<br \/>\n4 Ricardo Zonta (RCM Motorsport\/Corolla), 30<br \/>\n5 Thiago Camilo (Ipiranga Racing\/Corolla), 29<br \/>\n6 Cac\u00e1 Bueno (Crown Racing\/Cruze), 27<br \/>\n7 Allam Khodair (Blau Motorsport\/Cruze), 27<br \/>\n8 Cesar Ramos (Ipiranga Racing\/Corolla), 24<br \/>\n9 Diego Nunes (Blau Motorsport\/Cruze), 23<br \/>\n10 Nelson Piquet Jr (Full Time Bassani\/Corolla), 20<br \/>\n(Texto: Fernanda Gon\u00e7alves\/Stock Car. Foto: Carsten Horst\/Hyset)<\/p>\n","protected":false},"excerpt":{"rendered":"<p>O piloto Nelson Piquet Jr. foi literalmente do inferno ao c\u00e9u na disputa das duas corridas da Stock Car, que abriu neste domingo (26) a temporada 2020 da principal categoria do automobilismo brasileiro. Na primeira prova, em Goi\u00e2nia (GO), quando lutava entre os 10 primeiros, o piloto da equipe Texaco Full Time parou nos boxes, [&hellip;]<\/p>\n","protected":false},"author":6307,"featured_media":36239,"comment_status":"closed","ping_status":"open","sticky":false,"template":"","format":"standard","meta":{"_exactmetrics_skip_tracking":false,"_exactmetrics_sitenote_active":false,"_exactmetrics_sitenote_note":"","_exactmetrics_sitenote_category":0,"footnotes":""},"categories":[1267],"tags":[8910,47,704],"yoast_head":"<!-- This site is optimized with the Yoast SEO Premium plugin v22.7 (Yoast SEO v22.7) - https:\/\/yoast.com\/wordpress\/plugins\/seo\/ -->\n<title>R\u00c1DIO MARING\u00c1 - Nelsinho Piquet conquista p\u00f3dio na abertura da Stock Car - Orlando Gonzalez<\/title>\n<meta name=\"robots\" content=\"index, follow, max-snippet:-1, max-image-preview:large, max-video-preview:-1\" \/>\n<link rel=\"canonical\" href=\"https:\/\/maringapost.com.br\/orlandogonzalez\/2020\/07\/26\/radio-maringa-nelsinho-piquet-conquista-podio-na-abertura-da-stock-car\/\" \/>\n<meta property=\"og:locale\" content=\"pt_BR\" \/>\n<meta property=\"og:type\" content=\"article\" \/>\n<meta property=\"og:title\" content=\"R\u00c1DIO MARING\u00c1 - Nelsinho Piquet conquista p\u00f3dio na abertura da Stock Car\" \/>\n<meta property=\"og:description\" content=\"O piloto Nelson Piquet Jr. foi literalmente do inferno ao c\u00e9u na disputa das duas corridas da Stock Car, que abriu neste domingo (26) a temporada 2020 da principal categoria do automobilismo brasileiro. Na primeira prova, em Goi\u00e2nia (GO), quando lutava entre os 10 primeiros, o piloto da equipe Texaco Full Time parou nos boxes, [&hellip;]\" \/>\n<meta property=\"og:url\" content=\"https:\/\/maringapost.com.br\/orlandogonzalez\/2020\/07\/26\/radio-maringa-nelsinho-piquet-conquista-podio-na-abertura-da-stock-car\/\" \/>\n<meta property=\"og:site_name\" content=\"Orlando Gonzalez\" \/>\n<meta property=\"article:author\" content=\"https:\/\/www.facebook.com\/profile.php?id=100011095815065\" \/>\n<meta property=\"article:published_time\" content=\"2020-07-26T19:18:46+00:00\" \/>\n<meta property=\"og:image\" content=\"https:\/\/maringapost.com.br\/orlandogonzalez\/wp-content\/uploads\/sites\/17\/2020\/07\/381136_941491_ch1_3534_web_.jpg\" \/>\n\t<meta property=\"og:image:width\" content=\"600\" \/>\n\t<meta property=\"og:image:height\" content=\"400\" \/>\n\t<meta property=\"og:image:type\" content=\"image\/jpeg\" \/>\n<meta name=\"author\" content=\"Orlando Gonzalez\" \/>\n<meta name=\"twitter:card\" content=\"summary_large_image\" \/>\n<meta name=\"twitter:creator\" content=\"@gonzalezorlando\" \/>\n<meta name=\"twitter:label1\" content=\"Escrito por\" \/>\n\t<meta name=\"twitter:data1\" content=\"\" \/>\n\t<meta name=\"twitter:label2\" content=\"Est. tempo de leitura\" \/>\n\t<meta name=\"twitter:data2\" content=\"4 minutos\" \/>\n<script type=\"application\/ld+json\" class=\"yoast-schema-graph\">{\"@context\":\"https:\/\/schema.org\",\"@graph\":[{\"@type\":\"WebPage\",\"@id\":\"https:\/\/maringapost.com.br\/orlandogonzalez\/2020\/07\/26\/radio-maringa-nelsinho-piquet-conquista-podio-na-abertura-da-stock-car\/\",\"url\":\"https:\/\/maringapost.com.br\/orlandogonzalez\/2020\/07\/26\/radio-maringa-nelsinho-piquet-conquista-podio-na-abertura-da-stock-car\/\",\"name\":\"R\u00c1DIO MARING\u00c1 - Nelsinho Piquet conquista p\u00f3dio na abertura da Stock Car - Orlando Gonzalez\",\"isPartOf\":{\"@id\":\"https:\/\/maringapost.com.br\/orlandogonzalez\/#website\"},\"primaryImageOfPage\":{\"@id\":\"https:\/\/maringapost.com.br\/orlandogonzalez\/2020\/07\/26\/radio-maringa-nelsinho-piquet-conquista-podio-na-abertura-da-stock-car\/#primaryimage\"},\"image\":{\"@id\":\"https:\/\/maringapost.com.br\/orlandogonzalez\/2020\/07\/26\/radio-maringa-nelsinho-piquet-conquista-podio-na-abertura-da-stock-car\/#primaryimage\"},\"thumbnailUrl\":\"https:\/\/maringapost.com.br\/orlandogonzalez\/wp-content\/uploads\/sites\/17\/2020\/07\/381136_941491_ch1_3534_web_.jpg\",\"datePublished\":\"2020-07-26T19:18:46+00:00\",\"dateModified\":\"2020-07-26T19:18:46+00:00\",\"author\":{\"@id\":\"https:\/\/maringapost.com.br\/orlandogonzalez\/#\/schema\/person\/5cbe6257d08edea6afc9ebaa613b0633\"},\"inLanguage\":\"pt-BR\",\"potentialAction\":[{\"@type\":\"ReadAction\",\"target\":[\"https:\/\/maringapost.com.br\/orlandogonzalez\/2020\/07\/26\/radio-maringa-nelsinho-piquet-conquista-podio-na-abertura-da-stock-car\/\"]}]},{\"@type\":\"ImageObject\",\"inLanguage\":\"pt-BR\",\"@id\":\"https:\/\/maringapost.com.br\/orlandogonzalez\/2020\/07\/26\/radio-maringa-nelsinho-piquet-conquista-podio-na-abertura-da-stock-car\/#primaryimage\",\"url\":\"https:\/\/maringapost.com.br\/orlandogonzalez\/wp-content\/uploads\/sites\/17\/2020\/07\/381136_941491_ch1_3534_web_.jpg\",\"contentUrl\":\"https:\/\/maringapost.com.br\/orlandogonzalez\/wp-content\/uploads\/sites\/17\/2020\/07\/381136_941491_ch1_3534_web_.jpg\",\"width\":600,\"height\":400},{\"@type\":\"WebSite\",\"@id\":\"https:\/\/maringapost.com.br\/orlandogonzalez\/#website\",\"url\":\"https:\/\/maringapost.com.br\/orlandogonzalez\/\",\"name\":\"Orlando Gonzalez\",\"description\":\"Destaca o esporte de Maring\u00e1! Destaca o esporte do Paran\u00e1! Destaca o esporte do Brasil!\",\"potentialAction\":[{\"@type\":\"SearchAction\",\"target\":{\"@type\":\"EntryPoint\",\"urlTemplate\":\"https:\/\/maringapost.com.br\/orlandogonzalez\/?s={search_term_string}\"},\"query-input\":\"required name=search_term_string\"}],\"inLanguage\":\"pt-BR\"},{\"@type\":\"Person\",\"@id\":\"https:\/\/maringapost.com.br\/orlandogonzalez\/#\/schema\/person\/5cbe6257d08edea6afc9ebaa613b0633\",\"name\":\"Orlando Gonzalez\",\"image\":{\"@type\":\"ImageObject\",\"inLanguage\":\"pt-BR\",\"@id\":\"https:\/\/maringapost.com.br\/orlandogonzalez\/#\/schema\/person\/image\/\",\"url\":\"https:\/\/secure.gravatar.com\/avatar\/ecef9d1c9afe5ebdafadde8369065ba5?s=96&d=mm&r=g\",\"contentUrl\":\"https:\/\/secure.gravatar.com\/avatar\/ecef9d1c9afe5ebdafadde8369065ba5?s=96&d=mm&r=g\",\"caption\":\"Orlando Gonzalez\"},\"description\":\"H\u00e1 29 anos na cobertura do esporte de Maring\u00e1. Plant\u00e3o e narrador esportivo. Presta\u00e7\u00e3o de assessoria de imprensa esportiva, cobertura e transmiss\u00f5es ao vivo de eventos esportivos. E-mail: orlandogonzalez.assessoria@gmail.com WhatsApp: (44) 9 9126-6119\",\"sameAs\":[\"http:\/\/www.radiomaringa.com.br\/\",\"https:\/\/www.facebook.com\/profile.php?id=100011095815065\",\"https:\/\/www.instagram.com\/orlandomgonzalez\/\",\"https:\/\/br.pinterest.com\/ogonzalez0530\/\",\"https:\/\/x.com\/gonzalezorlando\",\"https:\/\/www.youtube.com\/channel\/UCvFpl55btth8wjnKiSS1ibA\",\"https:\/\/radiomaringaweb.tumblr.com\/\"],\"url\":\"https:\/\/maringapost.com.br\/orlandogonzalez\/author\/orlando\/\"}]}<\/script>\n<!-- \/ Yoast SEO Premium plugin. -->","yoast_head_json":{"title":"R\u00c1DIO MARING\u00c1 - Nelsinho Piquet conquista p\u00f3dio na abertura da Stock Car - Orlando Gonzalez","robots":{"index":"index","follow":"follow","max-snippet":"max-snippet:-1","max-image-preview":"max-image-preview:large","max-video-preview":"max-video-preview:-1"},"canonical":"https:\/\/maringapost.com.br\/orlandogonzalez\/2020\/07\/26\/radio-maringa-nelsinho-piquet-conquista-podio-na-abertura-da-stock-car\/","og_locale":"pt_BR","og_type":"article","og_title":"R\u00c1DIO MARING\u00c1 - Nelsinho Piquet conquista p\u00f3dio na abertura da Stock Car","og_description":"O piloto Nelson Piquet Jr. foi literalmente do inferno ao c\u00e9u na disputa das duas corridas da Stock Car, que abriu neste domingo (26) a temporada 2020 da principal categoria do automobilismo brasileiro. Na primeira prova, em Goi\u00e2nia (GO), quando lutava entre os 10 primeiros, o piloto da equipe Texaco Full Time parou nos boxes, [&hellip;]","og_url":"https:\/\/maringapost.com.br\/orlandogonzalez\/2020\/07\/26\/radio-maringa-nelsinho-piquet-conquista-podio-na-abertura-da-stock-car\/","og_site_name":"Orlando Gonzalez","article_author":"https:\/\/www.facebook.com\/profile.php?id=100011095815065","article_published_time":"2020-07-26T19:18:46+00:00","og_image":[{"width":600,"height":400,"url":"https:\/\/maringapost.com.br\/orlandogonzalez\/wp-content\/uploads\/sites\/17\/2020\/07\/381136_941491_ch1_3534_web_.jpg","type":"image\/jpeg"}],"author":"Orlando Gonzalez","twitter_card":"summary_large_image","twitter_creator":"@gonzalezorlando","twitter_misc":{"Escrito por":false,"Est. tempo de leitura":"4 minutos"},"schema":{"@context":"https:\/\/schema.org","@graph":[{"@type":"WebPage","@id":"https:\/\/maringapost.com.br\/orlandogonzalez\/2020\/07\/26\/radio-maringa-nelsinho-piquet-conquista-podio-na-abertura-da-stock-car\/","url":"https:\/\/maringapost.com.br\/orlandogonzalez\/2020\/07\/26\/radio-maringa-nelsinho-piquet-conquista-podio-na-abertura-da-stock-car\/","name":"R\u00c1DIO MARING\u00c1 - Nelsinho Piquet conquista p\u00f3dio na abertura da Stock Car - Orlando Gonzalez","isPartOf":{"@id":"https:\/\/maringapost.com.br\/orlandogonzalez\/#website"},"primaryImageOfPage":{"@id":"https:\/\/maringapost.com.br\/orlandogonzalez\/2020\/07\/26\/radio-maringa-nelsinho-piquet-conquista-podio-na-abertura-da-stock-car\/#primaryimage"},"image":{"@id":"https:\/\/maringapost.com.br\/orlandogonzalez\/2020\/07\/26\/radio-maringa-nelsinho-piquet-conquista-podio-na-abertura-da-stock-car\/#primaryimage"},"thumbnailUrl":"https:\/\/maringapost.com.br\/orlandogonzalez\/wp-content\/uploads\/sites\/17\/2020\/07\/381136_941491_ch1_3534_web_.jpg","datePublished":"2020-07-26T19:18:46+00:00","dateModified":"2020-07-26T19:18:46+00:00","author":{"@id":"https:\/\/maringapost.com.br\/orlandogonzalez\/#\/schema\/person\/5cbe6257d08edea6afc9ebaa613b0633"},"inLanguage":"pt-BR","potentialAction":[{"@type":"ReadAction","target":["https:\/\/maringapost.com.br\/orlandogonzalez\/2020\/07\/26\/radio-maringa-nelsinho-piquet-conquista-podio-na-abertura-da-stock-car\/"]}]},{"@type":"ImageObject","inLanguage":"pt-BR","@id":"https:\/\/maringapost.com.br\/orlandogonzalez\/2020\/07\/26\/radio-maringa-nelsinho-piquet-conquista-podio-na-abertura-da-stock-car\/#primaryimage","url":"https:\/\/maringapost.com.br\/orlandogonzalez\/wp-content\/uploads\/sites\/17\/2020\/07\/381136_941491_ch1_3534_web_.jpg","contentUrl":"https:\/\/maringapost.com.br\/orlandogonzalez\/wp-content\/uploads\/sites\/17\/2020\/07\/381136_941491_ch1_3534_web_.jpg","width":600,"height":400},{"@type":"WebSite","@id":"https:\/\/maringapost.com.br\/orlandogonzalez\/#website","url":"https:\/\/maringapost.com.br\/orlandogonzalez\/","name":"Orlando Gonzalez","description":"Destaca o esporte de Maring\u00e1! Destaca o esporte do Paran\u00e1! Destaca o esporte do Brasil!","potentialAction":[{"@type":"SearchAction","target":{"@type":"EntryPoint","urlTemplate":"https:\/\/maringapost.com.br\/orlandogonzalez\/?s={search_term_string}"},"query-input":"required name=search_term_string"}],"inLanguage":"pt-BR"},{"@type":"Person","@id":"https:\/\/maringapost.com.br\/orlandogonzalez\/#\/schema\/person\/5cbe6257d08edea6afc9ebaa613b0633","name":"Orlando Gonzalez","image":{"@type":"ImageObject","inLanguage":"pt-BR","@id":"https:\/\/maringapost.com.br\/orlandogonzalez\/#\/schema\/person\/image\/","url":"https:\/\/secure.gravatar.com\/avatar\/ecef9d1c9afe5ebdafadde8369065ba5?s=96&d=mm&r=g","contentUrl":"https:\/\/secure.gravatar.com\/avatar\/ecef9d1c9afe5ebdafadde8369065ba5?s=96&d=mm&r=g","caption":"Orlando Gonzalez"},"description":"H\u00e1 29 anos na cobertura do esporte de Maring\u00e1. Plant\u00e3o e narrador esportivo. Presta\u00e7\u00e3o de assessoria de imprensa esportiva, cobertura e transmiss\u00f5es ao vivo de eventos esportivos. E-mail: orlandogonzalez.assessoria@gmail.com WhatsApp: (44) 9 9126-6119","sameAs":["http:\/\/www.radiomaringa.com.br\/","https:\/\/www.facebook.com\/profile.php?id=100011095815065","https:\/\/www.instagram.com\/orlandomgonzalez\/","https:\/\/br.pinterest.com\/ogonzalez0530\/","https:\/\/x.com\/gonzalezorlando","https:\/\/www.youtube.com\/channel\/UCvFpl55btth8wjnKiSS1ibA","https:\/\/radiomaringaweb.tumblr.com\/"],"url":"https:\/\/maringapost.com.br\/orlandogonzalez\/author\/orlando\/"}]}},"_links":{"self":[{"href":"https:\/\/maringapost.com.br\/orlandogonzalez\/wp-json\/wp\/v2\/posts\/36238"}],"collection":[{"href":"https:\/\/maringapost.com.br\/orlandogonzalez\/wp-json\/wp\/v2\/posts"}],"about":[{"href":"https:\/\/maringapost.com.br\/orlandogonzalez\/wp-json\/wp\/v2\/types\/post"}],"author":[{"embeddable":true,"href":"https:\/\/maringapost.com.br\/orlandogonzalez\/wp-json\/wp\/v2\/users\/6307"}],"replies":[{"embeddable":true,"href":"https:\/\/maringapost.com.br\/orlandogonzalez\/wp-json\/wp\/v2\/comments?post=36238"}],"version-history":[{"count":1,"href":"https:\/\/maringapost.com.br\/orlandogonzalez\/wp-json\/wp\/v2\/posts\/36238\/revisions"}],"predecessor-version":[{"id":36240,"href":"https:\/\/maringapost.com.br\/orlandogonzalez\/wp-json\/wp\/v2\/posts\/36238\/revisions\/36240"}],"wp:featuredmedia":[{"embeddable":true,"href":"https:\/\/maringapost.com.br\/orlandogonzalez\/wp-json\/wp\/v2\/media\/36239"}],"wp:attachment":[{"href":"https:\/\/maringapost.com.br\/orlandogonzalez\/wp-json\/wp\/v2\/media?parent=36238"}],"wp:term":[{"taxonomy":"category","embeddable":true,"href":"https:\/\/maringapost.com.br\/orlandogonzalez\/wp-json\/wp\/v2\/categories?post=36238"},{"taxonomy":"post_tag","embeddable":true,"href":"https:\/\/maringapost.com.br\/orlandogonzalez\/wp-json\/wp\/v2\/tags?post=36238"}],"curies":[{"name":"wp","href":"https:\/\/api.w.org\/{rel}","templated":true}]}}