{"id":36119,"date":"2020-07-25T09:18:36","date_gmt":"2020-07-25T12:18:36","guid":{"rendered":"http:\/\/maringapost.com.br\/orlandogonzalez\/?p=36119"},"modified":"2020-07-25T09:18:36","modified_gmt":"2020-07-25T12:18:36","slug":"radio-maringa-referencia-do-surfe-mira-campeas-mundiais-e-quer-medalha-em-estreia","status":"publish","type":"post","link":"https:\/\/maringapost.com.br\/orlandogonzalez\/2020\/07\/25\/radio-maringa-referencia-do-surfe-mira-campeas-mundiais-e-quer-medalha-em-estreia\/","title":{"rendered":"R\u00c1DIO MARING\u00c1 &#8211; Refer\u00eancia do surfe mira campe\u00e3s mundiais e quer medalha em estreia"},"content":{"rendered":"<p>Silvana Lima j\u00e1 tinha ficado sem surfar por causa de les\u00e3o, nunca devido a uma pandemia como a do novo coronav\u00edrus (covid-19). Foram mais de dois meses sem pegar na prancha at\u00e9 as atividades na \u00e1gua serem liberadas no Rio de Janeiro, onde vive com a namorada e os cinco cachorros: quatro buldogues franceses e um poodle. Com as competi\u00e7\u00f5es internacionais canceladas em 2020, ela aproveita para treinar o m\u00e1ximo poss\u00edvel.<\/p>\n<p data-original-attrs=\"{&quot;style&quot;:&quot;&quot;}\"><span data-original-attrs=\"{&quot;data-mce-style&quot;:&quot;font-size: 24px;&quot;}\"><a href=\"https:\/\/www.hotmart.com\/product\/curso-de-excel-o-aprendizado-que-pode-mudar-a-sua-vida\/U27954605Y\" target=\"_blank\" rel=\"noopener noreferrer\" data-original-attrs=\"{&quot;data-original-href&quot;:&quot;https:\/\/www.youtube.com\/channel\/UC5yYQJwnQmF2Oy9QtygufBA&quot;,&quot;data-mce-href&quot;:&quot;https:\/\/www.youtube.com\/channel\/UC5yYQJwnQmF2Oy9QtygufBA&quot;,&quot;target&quot;:&quot;_blank&quot;}\"><img loading=\"lazy\" decoding=\"async\" class=\"aligncenter wp-image-35221 size-full\" src=\"https:\/\/maringapost.com.br\/orlandogonzalez\/wp-content\/uploads\/sites\/17\/2020\/06\/anuncio_dan.jpg\" alt=\"\" width=\"640\" height=\"183\" data-original-attrs=\"{&quot;data-mce-src&quot;:&quot;https:\/\/maringapost.com.br\/orlandogonzalez\/wp-content\/uploads\/sites\/17\/2020\/06\/anuncio_dan.jpg&quot;,&quot;data-mce-style&quot;:&quot;display: block; margin-left: auto; margin-right: auto;&quot;,&quot;style&quot;:&quot;&quot;}\" srcset=\"https:\/\/maringapost.com.br\/orlandogonzalez\/wp-content\/uploads\/sites\/17\/2020\/06\/anuncio_dan.jpg 640w, https:\/\/maringapost.com.br\/orlandogonzalez\/wp-content\/uploads\/sites\/17\/2020\/06\/anuncio_dan-300x86.jpg 300w\" sizes=\"(max-width: 640px) 100vw, 640px\" \/><\/a><\/span><\/p>\n<p>\u201cAcho que a \u00fanica coisa que tenho de consertar \u00e9 a forma de competir, tem alguns erros, a forma de come\u00e7ar as baterias. \u00c9 isso que eu e meu t\u00e9cnico [o ex-surfista Leandro Bastos] estamos vendo direitinho, em todos os treinos. Mesmo [treinar] no crowd [quando h\u00e1 muita gente na \u00e1gua] \u00e9 importante, porque voc\u00ea fica mais esperta sobre quais ondas s\u00e3o boas e quais s\u00e3o ruins\u201d, diz \u00e0 Ag\u00eancia Brasil a surfista eleita oito vezes a melhor do pa\u00eds.<\/p>\n<p data-original-attrs=\"{&quot;style&quot;:&quot;&quot;}\"><span data-original-attrs=\"{&quot;data-mce-style&quot;:&quot;font-size: 24px;&quot;}\"><a href=\"https:\/\/www.blogger.com\/blog\/post\/edit\/3124708230662657479\/4942062300586420798#\" data-original-attrs=\"{&quot;data-original-href&quot;:&quot;http:\/\/www.radiomaringa.com.br\/&quot;,&quot;data-mce-href&quot;:&quot;http:\/\/www.radiomaringa.com.br&quot;}\"><img loading=\"lazy\" decoding=\"async\" class=\"aligncenter\" src=\"https:\/\/public-rf-upload.minhawebradio.net\/2158\/editor\/5bc81ed04bbf910f8393f266fa32058c.png\" width=\"645\" height=\"147\" data-original-attrs=\"{&quot;data-mce-src&quot;:&quot;https:\/\/public-rf-upload.minhawebradio.net\/2158\/editor\/5bc81ed04bbf910f8393f266fa32058c.png&quot;,&quot;data-mce-style&quot;:&quot;display: block; margin-left: auto; margin-right: auto;&quot;,&quot;style&quot;:&quot;&quot;}\" \/><\/a><\/span><\/p>\n<p>A temporada 2021 do QS, divis\u00e3o de acesso \u00e0 elite do surfe mundial, vai de janeiro a junho. Mas \u00e9 para julho, principalmente, que a cearense de 35 anos direciona todo esse empenho. Ela integra a sele\u00e7\u00e3o que representar\u00e1 o pa\u00eds na estreia ol\u00edmpica da modalidade, ano que vem. Al\u00e9m de Silvana, Tatiana Weston-Webb, \u00cdtalo Ferreira e Gabriel Medina est\u00e3o garantidos em T\u00f3quio (Jap\u00e3o).<\/p>\n<p><span data-original-attrs=\"{&quot;data-mce-style&quot;:&quot;font-size: 24px;&quot;}\"><a href=\"https:\/\/www.blogger.com\/blog\/post\/edit\/3124708230662657479\/4942062300586420798#\" rel=\"noopener noreferrer\" data-original-attrs=\"{&quot;data-original-href&quot;:&quot;https:\/\/www.instagram.com\/patigonzalez_makeup\/&quot;,&quot;data-mce-href&quot;:&quot;https:\/\/www.instagram.com\/patigonzalez_makeup\/&quot;,&quot;target&quot;:&quot;_blank&quot;}\"><img loading=\"lazy\" decoding=\"async\" class=\"aligncenter wp-image-35222 size-full\" src=\"https:\/\/maringapost.com.br\/orlandogonzalez\/wp-content\/uploads\/sites\/17\/2020\/06\/anuncio_patricia.jpg\" alt=\"\" width=\"640\" height=\"452\" data-original-attrs=\"{&quot;data-mce-src&quot;:&quot;https:\/\/maringapost.com.br\/orlandogonzalez\/wp-content\/uploads\/sites\/17\/2020\/06\/anuncio_patricia.jpg&quot;,&quot;data-mce-style&quot;:&quot;display: block; margin-left: auto; margin-right: auto;&quot;,&quot;style&quot;:&quot;&quot;}\" srcset=\"https:\/\/maringapost.com.br\/orlandogonzalez\/wp-content\/uploads\/sites\/17\/2020\/06\/anuncio_patricia.jpg 640w, https:\/\/maringapost.com.br\/orlandogonzalez\/wp-content\/uploads\/sites\/17\/2020\/06\/anuncio_patricia-300x212.jpg 300w, https:\/\/maringapost.com.br\/orlandogonzalez\/wp-content\/uploads\/sites\/17\/2020\/06\/anuncio_patricia-100x70.jpg 100w, https:\/\/maringapost.com.br\/orlandogonzalez\/wp-content\/uploads\/sites\/17\/2020\/06\/anuncio_patricia-595x420.jpg 595w\" sizes=\"(max-width: 640px) 100vw, 640px\" \/><\/a><\/span><\/p>\n<p>Conquista da vaga<br \/>\nA vaga foi conquistada em dezembro do ano passado, na etapa de Mau\u00ed, no Hava\u00ed, do Circuito Mundial de Surfe. As oito melhores do ranking mundial se classificavam para T\u00f3quio, mas o limite de duas surfistas por pa\u00eds, que tirou atletas norte-americanas e australianas que estavam \u00e0 frente do p\u00e1reo, colocou Silvana, 12\u00ba do ranking, na briga com a neozelandesa Paige Hareb, 16\u00aa. A elimina\u00e7\u00e3o nas oitavas de final custou \u00e0 brasileira o lugar na elite do circuito, mas deu a ela um lugar na Olimp\u00edada, j\u00e1 que Hareb caiu na mesma fase.<\/p>\n<p>Por um lado, o adiamento dos Jogos devido \u00e0 pandemia postergou o sonho ol\u00edmpico por mais um ano. Por outro, pode ajud\u00e1-la a chegar 100% no Jap\u00e3o. \u201cEm 2018 fiz uma cirurgia nos dois joelhos, ent\u00e3o 2019 foi um ano muito puxado. Foi minha quarta cirurgia. Corri contra o tempo para me classificar. Para o meu lado, achei muito bom [o adiamento]\u201d, analisa.<\/p>\n<p>Al\u00e9m da compatriota Tatiana, que encerrou a \u00faltima temporada em sexto no circuito, a cearense tem como rivais em T\u00f3quio as norte-americanas Carissa Moore e Caroline Marks (atuais campe\u00e3 e vice mundiais, respectivamente) e a australiana Stephanie Gilmore, que \u00e9 heptacampe\u00e3 do mundo. Silvana, por\u00e9m, considera-se no p\u00e1reo. \u201cChego sonhando. A ansiedade \u00e9 imensa, mas quero estar 100%, representar meu Brasil da melhor forma. N\u00e3o vou s\u00f3 para participar. Estou em busca de uma medalha\u201d, afirma.<\/p>\n<p>\u201cN\u00e3o \u00e9 s\u00f3 [a vaga em] T\u00f3quio. S\u00e3o v\u00e1rias as conquistas. As da vida pessoal, de onde eu vim, onde cheguei, de ter recebido v\u00e1rios n\u00e3os, de muita gente n\u00e3o acreditar e eu fazer com que acreditassem. \u00c9 um filme passa quase todo dia na cabe\u00e7a\u201d, completa a surfista.<\/p>\n<p>Ela n\u00e3o exagera quando menciona a trajet\u00f3ria. Nascida em Paracuru, a 84 quil\u00f4metros de Fortaleza, Silvana foi criada em um quiosque \u00e0 beira da praia com a m\u00e3e e quatro irm\u00e3os. A fam\u00edlia se mantinha com a venda de bebidas e marmitas. Na inf\u00e2ncia, como a casa n\u00e3o tinha quarto ou cama, o jeito era dormir em rede. J\u00e1 para comer na escola, vendeu adesivos.<\/p>\n<p>Apaixonada pelo esporte<br \/>\nO esporte fez parte da vida desde cedo. \u201cEu fazia tudo. Surfava, jogava capoeira e futebol\u201d, recorda Silvana. E ela levava tudo a s\u00e9rio. Tanto que, hoje, acredita que parte da raz\u00e3o das les\u00f5es vem dessa inf\u00e2ncia. \u201cEu fazia mil coisas sem uma alimenta\u00e7\u00e3o boa, \u00e0s vezes nem comia direito. Acho que foi muito desgaste. Ainda mais que, jogando bola, dava aqueles trancos. Na capoeira queria dar pulo mortal. No surfe, nem se fala, queria dar a\u00e9reo\u201d, conta.<\/p>\n<p>Silvana acabou optando pelo surfe. Para seguir carreira, mudou-se para o Rio de Janeiro em 2002, aos 17 anos. Foi em cima da prancha que venceu seu primeiro campeonato e vendeu o pr\u00eamio (um autom\u00f3vel) para dar uma casa a m\u00e3e. Ela ainda se sagrou duas vezes vice-campe\u00e3 mundial, em 2008 e 2009, e bicampe\u00e3 do QS. J\u00e1 em julho deste ano, foi eleita a maior surfista do Brasil, em lista do jornal O Globo, ap\u00f3s vota\u00e7\u00e3o de 30 jornalistas especializados.<\/p>\n<p>As contus\u00f5es nos joelhos, por\u00e9m, n\u00e3o deram tr\u00e9gua. \u201cTodas foram a mesma coisa: ligamento cruzado anterior\u201d, resume a brasileira, que fez a primeira cirurgia em 2006, nas duas pernas. Cinco anos depois, a nova les\u00e3o no joelho esquerdo impactou al\u00e9m do f\u00edsico. \u201cO patroc\u00ednio me mandou embora, foi bem dif\u00edcil. Sem patroc\u00ednio, machucada, tendo que classificar novamente \u00e0 primeira divis\u00e3o. Tive que vender o apartamento e o que tinha para investir em [etapas do] QS para voltar \u00e0 elite\u201d, lembra Silvana, que, em 2012, rompeu outra vez o ligamento, mas do joelho direito.<\/p>\n<p>Surfe feminino no Brasil<br \/>\nDe l\u00e1 para c\u00e1, Silvana recuperou os patroc\u00ednios, mas, por muito tempo, sentiu na pele o que \u00e9 n\u00e3o ter apoio financeiro para a carreira. Uma realidade que avalia ser mais dr\u00e1stica entre as mulheres do surfe, com impacto no circuito mundial. Por muito tempo, a cearense foi a \u00fanica surfista do pa\u00eds na elite feminina, enquanto na masculina h\u00e1, atualmente, 11 atletas, sendo tr\u00eas campe\u00f5es mundiais. Ela espera que T\u00f3quio fa\u00e7a a diferen\u00e7a no cen\u00e1rio.<\/p>\n<p>\u201cVoc\u00ea conta nos dedos quantas surfistas do pa\u00eds t\u00eam patroc\u00ednio. V\u00e1rias desistem por falta de incentivo. Espero que a Olimp\u00edada mude o pensamento dos empres\u00e1rios. \u00c9 triste ver isso e fico sem acreditar at\u00e9 hoje. Eles olham muito a beleza das meninas, n\u00e3o o talento. Talento a gente tem, s\u00f3 precisa de apoio\u201d, desabafa Silvana. \u201cEu respeito totalmente o lado da Tatiana [que \u00e9 ga\u00facha, cresceu no Hava\u00ed e compete pelo Brasil desde 2018], mas queria era realmente aquela brasileira que passou por tudo no Brasil, que competiu no Brasil\u201d, conclui.<br \/>\n(Texto: Lincoln Chaves. Foto: Fernando Fraz\u00e3o\/Ag\u00eancia Brasil)<\/p>\n","protected":false},"excerpt":{"rendered":"<p>Silvana Lima j\u00e1 tinha ficado sem surfar por causa de les\u00e3o, nunca devido a uma pandemia como a do novo coronav\u00edrus (covid-19). Foram mais de dois meses sem pegar na prancha at\u00e9 as atividades na \u00e1gua serem liberadas no Rio de Janeiro, onde vive com a namorada e os cinco cachorros: quatro buldogues franceses e [&hellip;]<\/p>\n","protected":false},"author":6307,"featured_media":36120,"comment_status":"closed","ping_status":"open","sticky":false,"template":"","format":"standard","meta":{"_exactmetrics_skip_tracking":false,"_exactmetrics_sitenote_active":false,"_exactmetrics_sitenote_note":"","_exactmetrics_sitenote_category":0,"footnotes":""},"categories":[7995],"tags":[47,8535],"yoast_head":"<!-- This site is optimized with the Yoast SEO Premium plugin v22.7 (Yoast SEO v22.7) - https:\/\/yoast.com\/wordpress\/plugins\/seo\/ -->\n<title>R\u00c1DIO MARING\u00c1 - Refer\u00eancia do surfe mira campe\u00e3s mundiais e quer medalha em estreia - Orlando Gonzalez<\/title>\n<meta name=\"robots\" content=\"index, follow, max-snippet:-1, max-image-preview:large, max-video-preview:-1\" \/>\n<link rel=\"canonical\" href=\"https:\/\/maringapost.com.br\/orlandogonzalez\/2020\/07\/25\/radio-maringa-referencia-do-surfe-mira-campeas-mundiais-e-quer-medalha-em-estreia\/\" \/>\n<meta property=\"og:locale\" content=\"pt_BR\" \/>\n<meta property=\"og:type\" content=\"article\" \/>\n<meta property=\"og:title\" content=\"R\u00c1DIO MARING\u00c1 - Refer\u00eancia do surfe mira campe\u00e3s mundiais e quer medalha em estreia\" \/>\n<meta property=\"og:description\" content=\"Silvana Lima j\u00e1 tinha ficado sem surfar por causa de les\u00e3o, nunca devido a uma pandemia como a do novo coronav\u00edrus (covid-19). Foram mais de dois meses sem pegar na prancha at\u00e9 as atividades na \u00e1gua serem liberadas no Rio de Janeiro, onde vive com a namorada e os cinco cachorros: quatro buldogues franceses e [&hellip;]\" \/>\n<meta property=\"og:url\" content=\"https:\/\/maringapost.com.br\/orlandogonzalez\/2020\/07\/25\/radio-maringa-referencia-do-surfe-mira-campeas-mundiais-e-quer-medalha-em-estreia\/\" \/>\n<meta property=\"og:site_name\" content=\"Orlando Gonzalez\" \/>\n<meta property=\"article:author\" content=\"https:\/\/www.facebook.com\/profile.php?id=100011095815065\" \/>\n<meta property=\"article:published_time\" content=\"2020-07-25T12:18:36+00:00\" \/>\n<meta property=\"og:image\" content=\"https:\/\/maringapost.com.br\/orlandogonzalez\/wp-content\/uploads\/sites\/17\/2020\/07\/surfe.jpg\" \/>\n\t<meta property=\"og:image:width\" content=\"754\" \/>\n\t<meta property=\"og:image:height\" content=\"502\" \/>\n\t<meta property=\"og:image:type\" content=\"image\/jpeg\" \/>\n<meta name=\"author\" content=\"Orlando Gonzalez\" \/>\n<meta name=\"twitter:card\" content=\"summary_large_image\" \/>\n<meta name=\"twitter:creator\" content=\"@gonzalezorlando\" \/>\n<meta name=\"twitter:label1\" content=\"Escrito por\" \/>\n\t<meta name=\"twitter:data1\" content=\"\" \/>\n\t<meta name=\"twitter:label2\" content=\"Est. tempo de leitura\" \/>\n\t<meta name=\"twitter:data2\" content=\"5 minutos\" \/>\n<script type=\"application\/ld+json\" class=\"yoast-schema-graph\">{\"@context\":\"https:\/\/schema.org\",\"@graph\":[{\"@type\":\"WebPage\",\"@id\":\"https:\/\/maringapost.com.br\/orlandogonzalez\/2020\/07\/25\/radio-maringa-referencia-do-surfe-mira-campeas-mundiais-e-quer-medalha-em-estreia\/\",\"url\":\"https:\/\/maringapost.com.br\/orlandogonzalez\/2020\/07\/25\/radio-maringa-referencia-do-surfe-mira-campeas-mundiais-e-quer-medalha-em-estreia\/\",\"name\":\"R\u00c1DIO MARING\u00c1 - Refer\u00eancia do surfe mira campe\u00e3s mundiais e quer medalha em estreia - Orlando Gonzalez\",\"isPartOf\":{\"@id\":\"https:\/\/maringapost.com.br\/orlandogonzalez\/#website\"},\"primaryImageOfPage\":{\"@id\":\"https:\/\/maringapost.com.br\/orlandogonzalez\/2020\/07\/25\/radio-maringa-referencia-do-surfe-mira-campeas-mundiais-e-quer-medalha-em-estreia\/#primaryimage\"},\"image\":{\"@id\":\"https:\/\/maringapost.com.br\/orlandogonzalez\/2020\/07\/25\/radio-maringa-referencia-do-surfe-mira-campeas-mundiais-e-quer-medalha-em-estreia\/#primaryimage\"},\"thumbnailUrl\":\"https:\/\/maringapost.com.br\/orlandogonzalez\/wp-content\/uploads\/sites\/17\/2020\/07\/surfe.jpg\",\"datePublished\":\"2020-07-25T12:18:36+00:00\",\"dateModified\":\"2020-07-25T12:18:36+00:00\",\"author\":{\"@id\":\"https:\/\/maringapost.com.br\/orlandogonzalez\/#\/schema\/person\/5cbe6257d08edea6afc9ebaa613b0633\"},\"inLanguage\":\"pt-BR\",\"potentialAction\":[{\"@type\":\"ReadAction\",\"target\":[\"https:\/\/maringapost.com.br\/orlandogonzalez\/2020\/07\/25\/radio-maringa-referencia-do-surfe-mira-campeas-mundiais-e-quer-medalha-em-estreia\/\"]}]},{\"@type\":\"ImageObject\",\"inLanguage\":\"pt-BR\",\"@id\":\"https:\/\/maringapost.com.br\/orlandogonzalez\/2020\/07\/25\/radio-maringa-referencia-do-surfe-mira-campeas-mundiais-e-quer-medalha-em-estreia\/#primaryimage\",\"url\":\"https:\/\/maringapost.com.br\/orlandogonzalez\/wp-content\/uploads\/sites\/17\/2020\/07\/surfe.jpg\",\"contentUrl\":\"https:\/\/maringapost.com.br\/orlandogonzalez\/wp-content\/uploads\/sites\/17\/2020\/07\/surfe.jpg\",\"width\":754,\"height\":502,\"caption\":\"A surfista brasileira Silvana Lima compete na etapa brasileira da Liga Mundial de Surfe, na praia de Ita\u00fana, em Saquarema, Rio de Janeiro.\"},{\"@type\":\"WebSite\",\"@id\":\"https:\/\/maringapost.com.br\/orlandogonzalez\/#website\",\"url\":\"https:\/\/maringapost.com.br\/orlandogonzalez\/\",\"name\":\"Orlando Gonzalez\",\"description\":\"Destaca o esporte de Maring\u00e1! Destaca o esporte do Paran\u00e1! Destaca o esporte do Brasil!\",\"potentialAction\":[{\"@type\":\"SearchAction\",\"target\":{\"@type\":\"EntryPoint\",\"urlTemplate\":\"https:\/\/maringapost.com.br\/orlandogonzalez\/?s={search_term_string}\"},\"query-input\":\"required name=search_term_string\"}],\"inLanguage\":\"pt-BR\"},{\"@type\":\"Person\",\"@id\":\"https:\/\/maringapost.com.br\/orlandogonzalez\/#\/schema\/person\/5cbe6257d08edea6afc9ebaa613b0633\",\"name\":\"Orlando Gonzalez\",\"image\":{\"@type\":\"ImageObject\",\"inLanguage\":\"pt-BR\",\"@id\":\"https:\/\/maringapost.com.br\/orlandogonzalez\/#\/schema\/person\/image\/\",\"url\":\"https:\/\/secure.gravatar.com\/avatar\/ecef9d1c9afe5ebdafadde8369065ba5?s=96&d=mm&r=g\",\"contentUrl\":\"https:\/\/secure.gravatar.com\/avatar\/ecef9d1c9afe5ebdafadde8369065ba5?s=96&d=mm&r=g\",\"caption\":\"Orlando Gonzalez\"},\"description\":\"H\u00e1 29 anos na cobertura do esporte de Maring\u00e1. Plant\u00e3o e narrador esportivo. Presta\u00e7\u00e3o de assessoria de imprensa esportiva, cobertura e transmiss\u00f5es ao vivo de eventos esportivos. E-mail: orlandogonzalez.assessoria@gmail.com WhatsApp: (44) 9 9126-6119\",\"sameAs\":[\"http:\/\/www.radiomaringa.com.br\/\",\"https:\/\/www.facebook.com\/profile.php?id=100011095815065\",\"https:\/\/www.instagram.com\/orlandomgonzalez\/\",\"https:\/\/br.pinterest.com\/ogonzalez0530\/\",\"https:\/\/x.com\/gonzalezorlando\",\"https:\/\/www.youtube.com\/channel\/UCvFpl55btth8wjnKiSS1ibA\",\"https:\/\/radiomaringaweb.tumblr.com\/\"],\"url\":\"https:\/\/maringapost.com.br\/orlandogonzalez\/author\/orlando\/\"}]}<\/script>\n<!-- \/ Yoast SEO Premium plugin. -->","yoast_head_json":{"title":"R\u00c1DIO MARING\u00c1 - Refer\u00eancia do surfe mira campe\u00e3s mundiais e quer medalha em estreia - Orlando Gonzalez","robots":{"index":"index","follow":"follow","max-snippet":"max-snippet:-1","max-image-preview":"max-image-preview:large","max-video-preview":"max-video-preview:-1"},"canonical":"https:\/\/maringapost.com.br\/orlandogonzalez\/2020\/07\/25\/radio-maringa-referencia-do-surfe-mira-campeas-mundiais-e-quer-medalha-em-estreia\/","og_locale":"pt_BR","og_type":"article","og_title":"R\u00c1DIO MARING\u00c1 - Refer\u00eancia do surfe mira campe\u00e3s mundiais e quer medalha em estreia","og_description":"Silvana Lima j\u00e1 tinha ficado sem surfar por causa de les\u00e3o, nunca devido a uma pandemia como a do novo coronav\u00edrus (covid-19). Foram mais de dois meses sem pegar na prancha at\u00e9 as atividades na \u00e1gua serem liberadas no Rio de Janeiro, onde vive com a namorada e os cinco cachorros: quatro buldogues franceses e [&hellip;]","og_url":"https:\/\/maringapost.com.br\/orlandogonzalez\/2020\/07\/25\/radio-maringa-referencia-do-surfe-mira-campeas-mundiais-e-quer-medalha-em-estreia\/","og_site_name":"Orlando Gonzalez","article_author":"https:\/\/www.facebook.com\/profile.php?id=100011095815065","article_published_time":"2020-07-25T12:18:36+00:00","og_image":[{"width":754,"height":502,"url":"https:\/\/maringapost.com.br\/orlandogonzalez\/wp-content\/uploads\/sites\/17\/2020\/07\/surfe.jpg","type":"image\/jpeg"}],"author":"Orlando Gonzalez","twitter_card":"summary_large_image","twitter_creator":"@gonzalezorlando","twitter_misc":{"Escrito por":false,"Est. tempo de leitura":"5 minutos"},"schema":{"@context":"https:\/\/schema.org","@graph":[{"@type":"WebPage","@id":"https:\/\/maringapost.com.br\/orlandogonzalez\/2020\/07\/25\/radio-maringa-referencia-do-surfe-mira-campeas-mundiais-e-quer-medalha-em-estreia\/","url":"https:\/\/maringapost.com.br\/orlandogonzalez\/2020\/07\/25\/radio-maringa-referencia-do-surfe-mira-campeas-mundiais-e-quer-medalha-em-estreia\/","name":"R\u00c1DIO MARING\u00c1 - Refer\u00eancia do surfe mira campe\u00e3s mundiais e quer medalha em estreia - Orlando Gonzalez","isPartOf":{"@id":"https:\/\/maringapost.com.br\/orlandogonzalez\/#website"},"primaryImageOfPage":{"@id":"https:\/\/maringapost.com.br\/orlandogonzalez\/2020\/07\/25\/radio-maringa-referencia-do-surfe-mira-campeas-mundiais-e-quer-medalha-em-estreia\/#primaryimage"},"image":{"@id":"https:\/\/maringapost.com.br\/orlandogonzalez\/2020\/07\/25\/radio-maringa-referencia-do-surfe-mira-campeas-mundiais-e-quer-medalha-em-estreia\/#primaryimage"},"thumbnailUrl":"https:\/\/maringapost.com.br\/orlandogonzalez\/wp-content\/uploads\/sites\/17\/2020\/07\/surfe.jpg","datePublished":"2020-07-25T12:18:36+00:00","dateModified":"2020-07-25T12:18:36+00:00","author":{"@id":"https:\/\/maringapost.com.br\/orlandogonzalez\/#\/schema\/person\/5cbe6257d08edea6afc9ebaa613b0633"},"inLanguage":"pt-BR","potentialAction":[{"@type":"ReadAction","target":["https:\/\/maringapost.com.br\/orlandogonzalez\/2020\/07\/25\/radio-maringa-referencia-do-surfe-mira-campeas-mundiais-e-quer-medalha-em-estreia\/"]}]},{"@type":"ImageObject","inLanguage":"pt-BR","@id":"https:\/\/maringapost.com.br\/orlandogonzalez\/2020\/07\/25\/radio-maringa-referencia-do-surfe-mira-campeas-mundiais-e-quer-medalha-em-estreia\/#primaryimage","url":"https:\/\/maringapost.com.br\/orlandogonzalez\/wp-content\/uploads\/sites\/17\/2020\/07\/surfe.jpg","contentUrl":"https:\/\/maringapost.com.br\/orlandogonzalez\/wp-content\/uploads\/sites\/17\/2020\/07\/surfe.jpg","width":754,"height":502,"caption":"A surfista brasileira Silvana Lima compete na etapa brasileira da Liga Mundial de Surfe, na praia de Ita\u00fana, em Saquarema, Rio de Janeiro."},{"@type":"WebSite","@id":"https:\/\/maringapost.com.br\/orlandogonzalez\/#website","url":"https:\/\/maringapost.com.br\/orlandogonzalez\/","name":"Orlando Gonzalez","description":"Destaca o esporte de Maring\u00e1! Destaca o esporte do Paran\u00e1! Destaca o esporte do Brasil!","potentialAction":[{"@type":"SearchAction","target":{"@type":"EntryPoint","urlTemplate":"https:\/\/maringapost.com.br\/orlandogonzalez\/?s={search_term_string}"},"query-input":"required name=search_term_string"}],"inLanguage":"pt-BR"},{"@type":"Person","@id":"https:\/\/maringapost.com.br\/orlandogonzalez\/#\/schema\/person\/5cbe6257d08edea6afc9ebaa613b0633","name":"Orlando Gonzalez","image":{"@type":"ImageObject","inLanguage":"pt-BR","@id":"https:\/\/maringapost.com.br\/orlandogonzalez\/#\/schema\/person\/image\/","url":"https:\/\/secure.gravatar.com\/avatar\/ecef9d1c9afe5ebdafadde8369065ba5?s=96&d=mm&r=g","contentUrl":"https:\/\/secure.gravatar.com\/avatar\/ecef9d1c9afe5ebdafadde8369065ba5?s=96&d=mm&r=g","caption":"Orlando Gonzalez"},"description":"H\u00e1 29 anos na cobertura do esporte de Maring\u00e1. Plant\u00e3o e narrador esportivo. Presta\u00e7\u00e3o de assessoria de imprensa esportiva, cobertura e transmiss\u00f5es ao vivo de eventos esportivos. E-mail: orlandogonzalez.assessoria@gmail.com WhatsApp: (44) 9 9126-6119","sameAs":["http:\/\/www.radiomaringa.com.br\/","https:\/\/www.facebook.com\/profile.php?id=100011095815065","https:\/\/www.instagram.com\/orlandomgonzalez\/","https:\/\/br.pinterest.com\/ogonzalez0530\/","https:\/\/x.com\/gonzalezorlando","https:\/\/www.youtube.com\/channel\/UCvFpl55btth8wjnKiSS1ibA","https:\/\/radiomaringaweb.tumblr.com\/"],"url":"https:\/\/maringapost.com.br\/orlandogonzalez\/author\/orlando\/"}]}},"_links":{"self":[{"href":"https:\/\/maringapost.com.br\/orlandogonzalez\/wp-json\/wp\/v2\/posts\/36119"}],"collection":[{"href":"https:\/\/maringapost.com.br\/orlandogonzalez\/wp-json\/wp\/v2\/posts"}],"about":[{"href":"https:\/\/maringapost.com.br\/orlandogonzalez\/wp-json\/wp\/v2\/types\/post"}],"author":[{"embeddable":true,"href":"https:\/\/maringapost.com.br\/orlandogonzalez\/wp-json\/wp\/v2\/users\/6307"}],"replies":[{"embeddable":true,"href":"https:\/\/maringapost.com.br\/orlandogonzalez\/wp-json\/wp\/v2\/comments?post=36119"}],"version-history":[{"count":1,"href":"https:\/\/maringapost.com.br\/orlandogonzalez\/wp-json\/wp\/v2\/posts\/36119\/revisions"}],"predecessor-version":[{"id":36121,"href":"https:\/\/maringapost.com.br\/orlandogonzalez\/wp-json\/wp\/v2\/posts\/36119\/revisions\/36121"}],"wp:featuredmedia":[{"embeddable":true,"href":"https:\/\/maringapost.com.br\/orlandogonzalez\/wp-json\/wp\/v2\/media\/36120"}],"wp:attachment":[{"href":"https:\/\/maringapost.com.br\/orlandogonzalez\/wp-json\/wp\/v2\/media?parent=36119"}],"wp:term":[{"taxonomy":"category","embeddable":true,"href":"https:\/\/maringapost.com.br\/orlandogonzalez\/wp-json\/wp\/v2\/categories?post=36119"},{"taxonomy":"post_tag","embeddable":true,"href":"https:\/\/maringapost.com.br\/orlandogonzalez\/wp-json\/wp\/v2\/tags?post=36119"}],"curies":[{"name":"wp","href":"https:\/\/api.w.org\/{rel}","templated":true}]}}