{"id":35930,"date":"2020-07-22T07:19:48","date_gmt":"2020-07-22T10:19:48","guid":{"rendered":"http:\/\/maringapost.com.br\/orlandogonzalez\/?p=35930"},"modified":"2020-07-22T07:19:48","modified_gmt":"2020-07-22T10:19:48","slug":"radio-maringa-apos-recordes-guilherme-costa-quer-primeira-olimpiada","status":"publish","type":"post","link":"https:\/\/maringapost.com.br\/orlandogonzalez\/2020\/07\/22\/radio-maringa-apos-recordes-guilherme-costa-quer-primeira-olimpiada\/","title":{"rendered":"R\u00c1DIO MARING\u00c1 &#8211; Ap\u00f3s recordes, Guilherme Costa quer primeira Olimp\u00edada"},"content":{"rendered":"<p>Em dezembro do ano passado, durante o Campeonato Americano disputado em Atlanta, na Ge\u00f3rgia (EUA), o nadador carioca Guilherme Costa quebrou tr\u00eas recordes sul-americanos em provas diferentes (400m, 800m e 1500m estilo livre) em apenas quatro dias.<\/p>\n<p data-original-attrs=\"{&quot;style&quot;:&quot;&quot;}\"><span data-original-attrs=\"{&quot;data-mce-style&quot;:&quot;font-size: 24px;&quot;}\"><a href=\"https:\/\/www.hotmart.com\/product\/curso-de-excel-o-aprendizado-que-pode-mudar-a-sua-vida\/U27954605Y\" target=\"_blank\" rel=\"noopener noreferrer\" data-original-attrs=\"{&quot;data-original-href&quot;:&quot;https:\/\/www.youtube.com\/channel\/UC5yYQJwnQmF2Oy9QtygufBA&quot;,&quot;data-mce-href&quot;:&quot;https:\/\/www.youtube.com\/channel\/UC5yYQJwnQmF2Oy9QtygufBA&quot;,&quot;target&quot;:&quot;_blank&quot;}\"><img loading=\"lazy\" decoding=\"async\" class=\"aligncenter wp-image-35221 size-full\" src=\"https:\/\/maringapost.com.br\/orlandogonzalez\/wp-content\/uploads\/sites\/17\/2020\/06\/anuncio_dan.jpg\" alt=\"\" width=\"640\" height=\"183\" data-original-attrs=\"{&quot;data-mce-src&quot;:&quot;https:\/\/maringapost.com.br\/orlandogonzalez\/wp-content\/uploads\/sites\/17\/2020\/06\/anuncio_dan.jpg&quot;,&quot;data-mce-style&quot;:&quot;display: block; margin-left: auto; margin-right: auto;&quot;,&quot;style&quot;:&quot;&quot;}\" srcset=\"https:\/\/maringapost.com.br\/orlandogonzalez\/wp-content\/uploads\/sites\/17\/2020\/06\/anuncio_dan.jpg 640w, https:\/\/maringapost.com.br\/orlandogonzalez\/wp-content\/uploads\/sites\/17\/2020\/06\/anuncio_dan-300x86.jpg 300w\" sizes=\"(max-width: 640px) 100vw, 640px\" \/><\/a><\/span><\/p>\n<p data-original-attrs=\"{&quot;style&quot;:&quot;&quot;}\">\u201cEssa competi\u00e7\u00e3o me fez subir de n\u00edvel, sim. Foram marcas fortes no cen\u00e1rio mundial. Resultados que me deram ainda mais confian\u00e7a para o ano que vem e me colocaram entre os melhores do mundo. Algo que nunca tinha conquistado antes\u201d, declarou o nadador de 21 anos, que \u00e9 conhecido no meio do esporte como cachorr\u00e3o, \u00e0 Ag\u00eancia Brasil.<\/p>\n<p data-original-attrs=\"{&quot;style&quot;:&quot;&quot;}\"><span data-original-attrs=\"{&quot;data-mce-style&quot;:&quot;font-size: 24px;&quot;}\"><a href=\"https:\/\/www.blogger.com\/blog\/post\/edit\/3124708230662657479\/4942062300586420798#\" data-original-attrs=\"{&quot;data-original-href&quot;:&quot;http:\/\/www.radiomaringa.com.br\/&quot;,&quot;data-mce-href&quot;:&quot;http:\/\/www.radiomaringa.com.br&quot;}\"><img loading=\"lazy\" decoding=\"async\" class=\"aligncenter\" src=\"https:\/\/public-rf-upload.minhawebradio.net\/2158\/editor\/5bc81ed04bbf910f8393f266fa32058c.png\" width=\"645\" height=\"147\" data-original-attrs=\"{&quot;data-mce-src&quot;:&quot;https:\/\/public-rf-upload.minhawebradio.net\/2158\/editor\/5bc81ed04bbf910f8393f266fa32058c.png&quot;,&quot;data-mce-style&quot;:&quot;display: block; margin-left: auto; margin-right: auto;&quot;,&quot;style&quot;:&quot;&quot;}\" \/><\/a><\/span><\/p>\n<p>Nos 400m, os 3min46s57 ficaram mais de um segundo abaixo da marca anterior (3min47s99, do tamb\u00e9m brasileiro Fernando Scheffer). A dist\u00e2ncia do novo recorde em rela\u00e7\u00e3o ao anterior nos 800m foi ainda maior, pouco menos de quatro segundos (7min47s37 contra a marca antiga de 7min50s92, que tamb\u00e9m era de Costa). Nos 1.500m, ele baixou em tr\u00eas segundos e meio a antiga marca, que tamb\u00e9m era dele (14min55s49 contra 14min59s01).<\/p>\n<p><span data-original-attrs=\"{&quot;data-mce-style&quot;:&quot;font-size: 24px;&quot;}\"><a href=\"https:\/\/www.blogger.com\/blog\/post\/edit\/3124708230662657479\/4942062300586420798#\" rel=\"noopener noreferrer\" data-original-attrs=\"{&quot;data-original-href&quot;:&quot;https:\/\/www.instagram.com\/patigonzalez_makeup\/&quot;,&quot;data-mce-href&quot;:&quot;https:\/\/www.instagram.com\/patigonzalez_makeup\/&quot;,&quot;target&quot;:&quot;_blank&quot;}\"><img loading=\"lazy\" decoding=\"async\" class=\"aligncenter wp-image-35222 size-full\" src=\"https:\/\/maringapost.com.br\/orlandogonzalez\/wp-content\/uploads\/sites\/17\/2020\/06\/anuncio_patricia.jpg\" alt=\"\" width=\"640\" height=\"452\" data-original-attrs=\"{&quot;data-mce-src&quot;:&quot;https:\/\/maringapost.com.br\/orlandogonzalez\/wp-content\/uploads\/sites\/17\/2020\/06\/anuncio_patricia.jpg&quot;,&quot;data-mce-style&quot;:&quot;display: block; margin-left: auto; margin-right: auto;&quot;,&quot;style&quot;:&quot;&quot;}\" srcset=\"https:\/\/maringapost.com.br\/orlandogonzalez\/wp-content\/uploads\/sites\/17\/2020\/06\/anuncio_patricia.jpg 640w, https:\/\/maringapost.com.br\/orlandogonzalez\/wp-content\/uploads\/sites\/17\/2020\/06\/anuncio_patricia-300x212.jpg 300w, https:\/\/maringapost.com.br\/orlandogonzalez\/wp-content\/uploads\/sites\/17\/2020\/06\/anuncio_patricia-100x70.jpg 100w, https:\/\/maringapost.com.br\/orlandogonzalez\/wp-content\/uploads\/sites\/17\/2020\/06\/anuncio_patricia-595x420.jpg 595w\" sizes=\"(max-width: 640px) 100vw, 640px\" \/><\/a><\/span><\/p>\n<p>No melhor momento da carreira, Costa foca agora na vaga para estrear em Jogos Ol\u00edmpicos. A seletiva brasileira para os Jogos de 2021, no Jap\u00e3o, estava prevista inicialmente para o final de abril desse ano. Por\u00e9m, foi adiada pela pandemia do novo coronav\u00edrus (covid-19). Segundo a Confedera\u00e7\u00e3o Brasileira de Desportos Aqu\u00e1ticos (CBDA), ainda n\u00e3o foi definida uma nova data para o evento.<\/p>\n<p>Ainda conforme a CBDA, os \u00edndices qualificat\u00f3rios divulgados no final do ano passado ainda n\u00e3o tiveram nenhuma altera\u00e7\u00e3o. Para chegar l\u00e1, o nadador j\u00e1 escolheu a receita, seguir no Brasil trabalhando com o t\u00e9cnico Rog\u00e9rio Karfunkelstein: \u201c\u00c9 fundamental estar junto nesse momento. Ele me conhece como ningu\u00e9m. Confio demais no trabalho que estamos fazendo. Conversamos bastante e chegamos \u00e0 conclus\u00e3o de que o melhor para n\u00f3s era seguir no Brasil, por enquanto. \u00c9 mais seguro e estamos conseguindo fazer as nossas coisas bem por aqui\u201d.<\/p>\n<p>Claro que a possibilidade de treinar praticamente dentro de casa, no CT Time Brasil, reaberto na \u00faltima segunda-feira (20), \u00e9 um diferencial: \u201cMuito bom. Treino aqui h\u00e1 bastante tempo. E poder voltar \u00e9 excelente. Est\u00e3o tomando todos os cuidados. Vai ser bem seguro. Treinos com a estrutura, a academia, a piscina longa. \u00c9 um lugar perfeito para conseguir alcan\u00e7ar a melhor performance\u201d.<\/p>\n<p>No in\u00edcio do segundo semestre do ano passado, o nadador e o t\u00e9cnico tiveram experi\u00eancias diferentes em rela\u00e7\u00e3o ao volume dos treinos. Antes do Mundial da Coreia do Sul, em julho, quando ele passou por duas semanas de treinos menos intensos, os resultados ficaram abaixo do esperado (25\u00ba nas eliminat\u00f3rias dos 1.500m e 21\u00ba nos 800m livre). J\u00e1 nos Jogos Pan-americanos de Lima, em agosto, depois de retomar um trabalho mais forte, ele faturou a medalha de ouro nos 1.500m. Agora a dupla j\u00e1 sabe o que precisa fazer at\u00e9 o final do ano: \u201cJ\u00e1 trabalhamos bastante volume. Nosso foco principal agora, nos pr\u00f3ximos meses, ser\u00e1 intensidade\u201d.<br \/>\n(Texto: Juliano Justo\/Ag\u00eancia Brasil. Foto: Abelardo Mendes J\u00fanior\/Rede do Esporte)<\/p>\n","protected":false},"excerpt":{"rendered":"<p>Em dezembro do ano passado, durante o Campeonato Americano disputado em Atlanta, na Ge\u00f3rgia (EUA), o nadador carioca Guilherme Costa quebrou tr\u00eas recordes sul-americanos em provas diferentes (400m, 800m e 1500m estilo livre) em apenas quatro dias. \u201cEssa competi\u00e7\u00e3o me fez subir de n\u00edvel, sim. Foram marcas fortes no cen\u00e1rio mundial. Resultados que me deram [&hellip;]<\/p>\n","protected":false},"author":6307,"featured_media":35931,"comment_status":"closed","ping_status":"open","sticky":false,"template":"","format":"standard","meta":{"_exactmetrics_skip_tracking":false,"_exactmetrics_sitenote_active":false,"_exactmetrics_sitenote_note":"","_exactmetrics_sitenote_category":0,"footnotes":""},"categories":[1052],"tags":[7334,47],"yoast_head":"<!-- This site is optimized with the Yoast SEO Premium plugin v22.7 (Yoast SEO v22.7) - https:\/\/yoast.com\/wordpress\/plugins\/seo\/ -->\n<title>R\u00c1DIO MARING\u00c1 - Ap\u00f3s recordes, Guilherme Costa quer primeira Olimp\u00edada - Orlando Gonzalez<\/title>\n<meta name=\"robots\" content=\"index, follow, max-snippet:-1, max-image-preview:large, max-video-preview:-1\" \/>\n<link rel=\"canonical\" href=\"https:\/\/maringapost.com.br\/orlandogonzalez\/2020\/07\/22\/radio-maringa-apos-recordes-guilherme-costa-quer-primeira-olimpiada\/\" \/>\n<meta property=\"og:locale\" content=\"pt_BR\" \/>\n<meta property=\"og:type\" content=\"article\" \/>\n<meta property=\"og:title\" content=\"R\u00c1DIO MARING\u00c1 - Ap\u00f3s recordes, Guilherme Costa quer primeira Olimp\u00edada\" \/>\n<meta property=\"og:description\" content=\"Em dezembro do ano passado, durante o Campeonato Americano disputado em Atlanta, na Ge\u00f3rgia (EUA), o nadador carioca Guilherme Costa quebrou tr\u00eas recordes sul-americanos em provas diferentes (400m, 800m e 1500m estilo livre) em apenas quatro dias. \u201cEssa competi\u00e7\u00e3o me fez subir de n\u00edvel, sim. Foram marcas fortes no cen\u00e1rio mundial. Resultados que me deram [&hellip;]\" \/>\n<meta property=\"og:url\" content=\"https:\/\/maringapost.com.br\/orlandogonzalez\/2020\/07\/22\/radio-maringa-apos-recordes-guilherme-costa-quer-primeira-olimpiada\/\" \/>\n<meta property=\"og:site_name\" content=\"Orlando Gonzalez\" \/>\n<meta property=\"article:author\" content=\"https:\/\/www.facebook.com\/profile.php?id=100011095815065\" \/>\n<meta property=\"article:published_time\" content=\"2020-07-22T10:19:48+00:00\" \/>\n<meta property=\"og:image\" content=\"https:\/\/maringapost.com.br\/orlandogonzalez\/wp-content\/uploads\/sites\/17\/2020\/07\/guilherme2.jpg\" \/>\n\t<meta property=\"og:image:width\" content=\"1170\" \/>\n\t<meta property=\"og:image:height\" content=\"700\" \/>\n\t<meta property=\"og:image:type\" content=\"image\/jpeg\" \/>\n<meta name=\"author\" content=\"Orlando Gonzalez\" \/>\n<meta name=\"twitter:card\" content=\"summary_large_image\" \/>\n<meta name=\"twitter:creator\" content=\"@gonzalezorlando\" \/>\n<meta name=\"twitter:label1\" content=\"Escrito por\" \/>\n\t<meta name=\"twitter:data1\" content=\"\" \/>\n\t<meta name=\"twitter:label2\" content=\"Est. tempo de leitura\" \/>\n\t<meta name=\"twitter:data2\" content=\"3 minutos\" \/>\n<script type=\"application\/ld+json\" class=\"yoast-schema-graph\">{\"@context\":\"https:\/\/schema.org\",\"@graph\":[{\"@type\":\"WebPage\",\"@id\":\"https:\/\/maringapost.com.br\/orlandogonzalez\/2020\/07\/22\/radio-maringa-apos-recordes-guilherme-costa-quer-primeira-olimpiada\/\",\"url\":\"https:\/\/maringapost.com.br\/orlandogonzalez\/2020\/07\/22\/radio-maringa-apos-recordes-guilherme-costa-quer-primeira-olimpiada\/\",\"name\":\"R\u00c1DIO MARING\u00c1 - Ap\u00f3s recordes, Guilherme Costa quer primeira Olimp\u00edada - Orlando Gonzalez\",\"isPartOf\":{\"@id\":\"https:\/\/maringapost.com.br\/orlandogonzalez\/#website\"},\"primaryImageOfPage\":{\"@id\":\"https:\/\/maringapost.com.br\/orlandogonzalez\/2020\/07\/22\/radio-maringa-apos-recordes-guilherme-costa-quer-primeira-olimpiada\/#primaryimage\"},\"image\":{\"@id\":\"https:\/\/maringapost.com.br\/orlandogonzalez\/2020\/07\/22\/radio-maringa-apos-recordes-guilherme-costa-quer-primeira-olimpiada\/#primaryimage\"},\"thumbnailUrl\":\"https:\/\/maringapost.com.br\/orlandogonzalez\/wp-content\/uploads\/sites\/17\/2020\/07\/guilherme2.jpg\",\"datePublished\":\"2020-07-22T10:19:48+00:00\",\"dateModified\":\"2020-07-22T10:19:48+00:00\",\"author\":{\"@id\":\"https:\/\/maringapost.com.br\/orlandogonzalez\/#\/schema\/person\/5cbe6257d08edea6afc9ebaa613b0633\"},\"inLanguage\":\"pt-BR\",\"potentialAction\":[{\"@type\":\"ReadAction\",\"target\":[\"https:\/\/maringapost.com.br\/orlandogonzalez\/2020\/07\/22\/radio-maringa-apos-recordes-guilherme-costa-quer-primeira-olimpiada\/\"]}]},{\"@type\":\"ImageObject\",\"inLanguage\":\"pt-BR\",\"@id\":\"https:\/\/maringapost.com.br\/orlandogonzalez\/2020\/07\/22\/radio-maringa-apos-recordes-guilherme-costa-quer-primeira-olimpiada\/#primaryimage\",\"url\":\"https:\/\/maringapost.com.br\/orlandogonzalez\/wp-content\/uploads\/sites\/17\/2020\/07\/guilherme2.jpg\",\"contentUrl\":\"https:\/\/maringapost.com.br\/orlandogonzalez\/wp-content\/uploads\/sites\/17\/2020\/07\/guilherme2.jpg\",\"width\":1170,\"height\":700},{\"@type\":\"WebSite\",\"@id\":\"https:\/\/maringapost.com.br\/orlandogonzalez\/#website\",\"url\":\"https:\/\/maringapost.com.br\/orlandogonzalez\/\",\"name\":\"Orlando Gonzalez\",\"description\":\"Destaca o esporte de Maring\u00e1! Destaca o esporte do Paran\u00e1! Destaca o esporte do Brasil!\",\"potentialAction\":[{\"@type\":\"SearchAction\",\"target\":{\"@type\":\"EntryPoint\",\"urlTemplate\":\"https:\/\/maringapost.com.br\/orlandogonzalez\/?s={search_term_string}\"},\"query-input\":\"required name=search_term_string\"}],\"inLanguage\":\"pt-BR\"},{\"@type\":\"Person\",\"@id\":\"https:\/\/maringapost.com.br\/orlandogonzalez\/#\/schema\/person\/5cbe6257d08edea6afc9ebaa613b0633\",\"name\":\"Orlando Gonzalez\",\"image\":{\"@type\":\"ImageObject\",\"inLanguage\":\"pt-BR\",\"@id\":\"https:\/\/maringapost.com.br\/orlandogonzalez\/#\/schema\/person\/image\/\",\"url\":\"https:\/\/secure.gravatar.com\/avatar\/ecef9d1c9afe5ebdafadde8369065ba5?s=96&d=mm&r=g\",\"contentUrl\":\"https:\/\/secure.gravatar.com\/avatar\/ecef9d1c9afe5ebdafadde8369065ba5?s=96&d=mm&r=g\",\"caption\":\"Orlando Gonzalez\"},\"description\":\"H\u00e1 29 anos na cobertura do esporte de Maring\u00e1. Plant\u00e3o e narrador esportivo. Presta\u00e7\u00e3o de assessoria de imprensa esportiva, cobertura e transmiss\u00f5es ao vivo de eventos esportivos. E-mail: orlandogonzalez.assessoria@gmail.com WhatsApp: (44) 9 9126-6119\",\"sameAs\":[\"http:\/\/www.radiomaringa.com.br\/\",\"https:\/\/www.facebook.com\/profile.php?id=100011095815065\",\"https:\/\/www.instagram.com\/orlandomgonzalez\/\",\"https:\/\/br.pinterest.com\/ogonzalez0530\/\",\"https:\/\/x.com\/gonzalezorlando\",\"https:\/\/www.youtube.com\/channel\/UCvFpl55btth8wjnKiSS1ibA\",\"https:\/\/radiomaringaweb.tumblr.com\/\"],\"url\":\"https:\/\/maringapost.com.br\/orlandogonzalez\/author\/orlando\/\"}]}<\/script>\n<!-- \/ Yoast SEO Premium plugin. -->","yoast_head_json":{"title":"R\u00c1DIO MARING\u00c1 - Ap\u00f3s recordes, Guilherme Costa quer primeira Olimp\u00edada - Orlando Gonzalez","robots":{"index":"index","follow":"follow","max-snippet":"max-snippet:-1","max-image-preview":"max-image-preview:large","max-video-preview":"max-video-preview:-1"},"canonical":"https:\/\/maringapost.com.br\/orlandogonzalez\/2020\/07\/22\/radio-maringa-apos-recordes-guilherme-costa-quer-primeira-olimpiada\/","og_locale":"pt_BR","og_type":"article","og_title":"R\u00c1DIO MARING\u00c1 - Ap\u00f3s recordes, Guilherme Costa quer primeira Olimp\u00edada","og_description":"Em dezembro do ano passado, durante o Campeonato Americano disputado em Atlanta, na Ge\u00f3rgia (EUA), o nadador carioca Guilherme Costa quebrou tr\u00eas recordes sul-americanos em provas diferentes (400m, 800m e 1500m estilo livre) em apenas quatro dias. \u201cEssa competi\u00e7\u00e3o me fez subir de n\u00edvel, sim. Foram marcas fortes no cen\u00e1rio mundial. Resultados que me deram [&hellip;]","og_url":"https:\/\/maringapost.com.br\/orlandogonzalez\/2020\/07\/22\/radio-maringa-apos-recordes-guilherme-costa-quer-primeira-olimpiada\/","og_site_name":"Orlando Gonzalez","article_author":"https:\/\/www.facebook.com\/profile.php?id=100011095815065","article_published_time":"2020-07-22T10:19:48+00:00","og_image":[{"width":1170,"height":700,"url":"https:\/\/maringapost.com.br\/orlandogonzalez\/wp-content\/uploads\/sites\/17\/2020\/07\/guilherme2.jpg","type":"image\/jpeg"}],"author":"Orlando Gonzalez","twitter_card":"summary_large_image","twitter_creator":"@gonzalezorlando","twitter_misc":{"Escrito por":false,"Est. tempo de leitura":"3 minutos"},"schema":{"@context":"https:\/\/schema.org","@graph":[{"@type":"WebPage","@id":"https:\/\/maringapost.com.br\/orlandogonzalez\/2020\/07\/22\/radio-maringa-apos-recordes-guilherme-costa-quer-primeira-olimpiada\/","url":"https:\/\/maringapost.com.br\/orlandogonzalez\/2020\/07\/22\/radio-maringa-apos-recordes-guilherme-costa-quer-primeira-olimpiada\/","name":"R\u00c1DIO MARING\u00c1 - Ap\u00f3s recordes, Guilherme Costa quer primeira Olimp\u00edada - Orlando Gonzalez","isPartOf":{"@id":"https:\/\/maringapost.com.br\/orlandogonzalez\/#website"},"primaryImageOfPage":{"@id":"https:\/\/maringapost.com.br\/orlandogonzalez\/2020\/07\/22\/radio-maringa-apos-recordes-guilherme-costa-quer-primeira-olimpiada\/#primaryimage"},"image":{"@id":"https:\/\/maringapost.com.br\/orlandogonzalez\/2020\/07\/22\/radio-maringa-apos-recordes-guilherme-costa-quer-primeira-olimpiada\/#primaryimage"},"thumbnailUrl":"https:\/\/maringapost.com.br\/orlandogonzalez\/wp-content\/uploads\/sites\/17\/2020\/07\/guilherme2.jpg","datePublished":"2020-07-22T10:19:48+00:00","dateModified":"2020-07-22T10:19:48+00:00","author":{"@id":"https:\/\/maringapost.com.br\/orlandogonzalez\/#\/schema\/person\/5cbe6257d08edea6afc9ebaa613b0633"},"inLanguage":"pt-BR","potentialAction":[{"@type":"ReadAction","target":["https:\/\/maringapost.com.br\/orlandogonzalez\/2020\/07\/22\/radio-maringa-apos-recordes-guilherme-costa-quer-primeira-olimpiada\/"]}]},{"@type":"ImageObject","inLanguage":"pt-BR","@id":"https:\/\/maringapost.com.br\/orlandogonzalez\/2020\/07\/22\/radio-maringa-apos-recordes-guilherme-costa-quer-primeira-olimpiada\/#primaryimage","url":"https:\/\/maringapost.com.br\/orlandogonzalez\/wp-content\/uploads\/sites\/17\/2020\/07\/guilherme2.jpg","contentUrl":"https:\/\/maringapost.com.br\/orlandogonzalez\/wp-content\/uploads\/sites\/17\/2020\/07\/guilherme2.jpg","width":1170,"height":700},{"@type":"WebSite","@id":"https:\/\/maringapost.com.br\/orlandogonzalez\/#website","url":"https:\/\/maringapost.com.br\/orlandogonzalez\/","name":"Orlando Gonzalez","description":"Destaca o esporte de Maring\u00e1! Destaca o esporte do Paran\u00e1! Destaca o esporte do Brasil!","potentialAction":[{"@type":"SearchAction","target":{"@type":"EntryPoint","urlTemplate":"https:\/\/maringapost.com.br\/orlandogonzalez\/?s={search_term_string}"},"query-input":"required name=search_term_string"}],"inLanguage":"pt-BR"},{"@type":"Person","@id":"https:\/\/maringapost.com.br\/orlandogonzalez\/#\/schema\/person\/5cbe6257d08edea6afc9ebaa613b0633","name":"Orlando Gonzalez","image":{"@type":"ImageObject","inLanguage":"pt-BR","@id":"https:\/\/maringapost.com.br\/orlandogonzalez\/#\/schema\/person\/image\/","url":"https:\/\/secure.gravatar.com\/avatar\/ecef9d1c9afe5ebdafadde8369065ba5?s=96&d=mm&r=g","contentUrl":"https:\/\/secure.gravatar.com\/avatar\/ecef9d1c9afe5ebdafadde8369065ba5?s=96&d=mm&r=g","caption":"Orlando Gonzalez"},"description":"H\u00e1 29 anos na cobertura do esporte de Maring\u00e1. Plant\u00e3o e narrador esportivo. Presta\u00e7\u00e3o de assessoria de imprensa esportiva, cobertura e transmiss\u00f5es ao vivo de eventos esportivos. E-mail: orlandogonzalez.assessoria@gmail.com WhatsApp: (44) 9 9126-6119","sameAs":["http:\/\/www.radiomaringa.com.br\/","https:\/\/www.facebook.com\/profile.php?id=100011095815065","https:\/\/www.instagram.com\/orlandomgonzalez\/","https:\/\/br.pinterest.com\/ogonzalez0530\/","https:\/\/x.com\/gonzalezorlando","https:\/\/www.youtube.com\/channel\/UCvFpl55btth8wjnKiSS1ibA","https:\/\/radiomaringaweb.tumblr.com\/"],"url":"https:\/\/maringapost.com.br\/orlandogonzalez\/author\/orlando\/"}]}},"_links":{"self":[{"href":"https:\/\/maringapost.com.br\/orlandogonzalez\/wp-json\/wp\/v2\/posts\/35930"}],"collection":[{"href":"https:\/\/maringapost.com.br\/orlandogonzalez\/wp-json\/wp\/v2\/posts"}],"about":[{"href":"https:\/\/maringapost.com.br\/orlandogonzalez\/wp-json\/wp\/v2\/types\/post"}],"author":[{"embeddable":true,"href":"https:\/\/maringapost.com.br\/orlandogonzalez\/wp-json\/wp\/v2\/users\/6307"}],"replies":[{"embeddable":true,"href":"https:\/\/maringapost.com.br\/orlandogonzalez\/wp-json\/wp\/v2\/comments?post=35930"}],"version-history":[{"count":1,"href":"https:\/\/maringapost.com.br\/orlandogonzalez\/wp-json\/wp\/v2\/posts\/35930\/revisions"}],"predecessor-version":[{"id":35932,"href":"https:\/\/maringapost.com.br\/orlandogonzalez\/wp-json\/wp\/v2\/posts\/35930\/revisions\/35932"}],"wp:featuredmedia":[{"embeddable":true,"href":"https:\/\/maringapost.com.br\/orlandogonzalez\/wp-json\/wp\/v2\/media\/35931"}],"wp:attachment":[{"href":"https:\/\/maringapost.com.br\/orlandogonzalez\/wp-json\/wp\/v2\/media?parent=35930"}],"wp:term":[{"taxonomy":"category","embeddable":true,"href":"https:\/\/maringapost.com.br\/orlandogonzalez\/wp-json\/wp\/v2\/categories?post=35930"},{"taxonomy":"post_tag","embeddable":true,"href":"https:\/\/maringapost.com.br\/orlandogonzalez\/wp-json\/wp\/v2\/tags?post=35930"}],"curies":[{"name":"wp","href":"https:\/\/api.w.org\/{rel}","templated":true}]}}