{"id":35553,"date":"2020-07-14T01:40:06","date_gmt":"2020-07-14T04:40:06","guid":{"rendered":"http:\/\/maringapost.com.br\/orlandogonzalez\/?p=35553"},"modified":"2020-07-14T01:40:06","modified_gmt":"2020-07-14T04:40:06","slug":"radio-maringa-por-toquio-guilherme-guido-integra-missao-europa-do-cob","status":"publish","type":"post","link":"https:\/\/maringapost.com.br\/orlandogonzalez\/2020\/07\/14\/radio-maringa-por-toquio-guilherme-guido-integra-missao-europa-do-cob\/","title":{"rendered":"R\u00c1DIO MARING\u00c1 &#8211; Por T\u00f3quio, Guilherme Guido integra Miss\u00e3o Europa do COB"},"content":{"rendered":"<p>Em busca da terceira olimp\u00edada da carreira, o nadador paulista Guilherme Guido, 33 anos, ser\u00e1 um dos 74 atletas de cinco modalidades diferentes que far\u00e3o parte do primeiro grupo da Miss\u00e3o Europa do Comit\u00ea Ol\u00edmpico Brasileiro (COB) a viajar para Portugal. A sa\u00edda dessa primeira turma ser\u00e1 na pr\u00f3xima sexta (17). Guido e os outros 14 integrantes da equipe de nata\u00e7\u00e3o ficar\u00e3o instalados em Rio Maior, cidade da regi\u00e3o metropolitana de Lisboa, que conta com o principal Centro de Treinamento Ol\u00edmpico do pa\u00eds europeu. (<a href=\"http:\/\/www.radiomaringa.com.br\" target=\"_blank\" rel=\"noopener noreferrer\">mais&#8230;R\u00c1DIO MARING\u00c1<\/a>)<\/p>\n<p>\u201c\u00c9 um local bem conhecido dos brasileiros. Vamos l\u00e1 sempre antes de competi\u00e7\u00f5es importantes na Europa. Eu mesmo j\u00e1 treinei l\u00e1 quatro vezes. \u00c9 um CT muito bom. A parte de alimenta\u00e7\u00e3o, a hospedagem e o deslocamento s\u00e3o excelentes. Portugal tamb\u00e9m j\u00e1 tem os casos da covid-19 bem mais controlados. Ent\u00e3o, acredito que tem tudo para dar certo\u201d, disse \u00e0 Ag\u00eancia Brasil o atleta especialista no estilo costas.<\/p>\n<p>Enquanto grande parte da delega\u00e7\u00e3o brasileira vai partir para a Europa dos aeroportos de Guarulhos e Campinas, Guido come\u00e7ar\u00e1 a viagem de Curitiba: \u201cMinha esposa e a fam\u00edlia dela s\u00e3o daqui. E decidi passar esses \u00faltimos dias antes de embarcar com eles. Vou fazer os exames por aqui tamb\u00e9m. Espero que d\u00ea tudo certo e que possa voltar ao trabalho de uma forma mais forte mesmo dentro da \u00e1gua. Estou treinando aqui em uma academia, mas \u00e9 claro que n\u00e3o \u00e9 a mesma coisa. \u00c9 diferente quando voc\u00ea tem um grupo e o seu t\u00e9cnico contigo. Acredito que esse projeto vai ser determinante para o nosso resultado l\u00e1 em T\u00f3quio\u201d.<\/p>\n<p>Nesse per\u00edodo de pandemia, al\u00e9m da capital do Paran\u00e1, o nadador esteve em S\u00e3o Paulo, Limeira (SP) e Bombinhas (SC). \u201cTreinei em S\u00e3o Paulo at\u00e9 18 de mar\u00e7o. Ainda segui por l\u00e1 mais um pouco, pois n\u00e3o sab\u00edamos bem a dimens\u00e3o que esse v\u00edrus teria. Depois fiquei em Bombinhas por dois meses no apartamento da fam\u00edlia da minha esposa. Mas estive fora da \u00e1gua por mais de 100 dias, aproveitei para fazer bastante trabalho de for\u00e7a nas academias de l\u00e1. Isso \u00e9 vital para minhas provas. E agora nesse m\u00eas, como tenho uma academia na minha cidade, Limeira, abri o espa\u00e7o s\u00f3 para que pudesse fazer um trabalho de base na \u00e1gua. Assim j\u00e1 vou partir direto para a parte mais forte da prepara\u00e7\u00e3o l\u00e1 em Portugal\u201d, declara.<\/p>\n<p>Melhor ciclo ol\u00edmpico da carreira<br \/>\nDepois dos Jogos de 2016 (Rio de Janeiro), nos quais Guido conquistou o 6\u00ba lugar no revezamento 4&#215;100 medley (ao lado de Jo\u00e3o Gomes J\u00fanior, Henrique Martins e Marcelo Chierighini) e o 14\u00ba lugar nos 100 metros costas, o nadador considera que est\u00e1 vivendo o melhor ciclo ol\u00edmpico da sua carreira, aos 33 anos. Foram duas finais em Mundiais de Piscinas Longas, em 2017 e em 2019, e prata nos Jogos Pan-Americanos de Lima 2019. \u201cUma sequ\u00eancia muito boa. Sem d\u00favida, est\u00e1 sendo o meu melhor ciclo. Muito em fun\u00e7\u00e3o dos meus treinos direcionando mais para a qualidade e deixando um pouco de lado o volume\u201d, diz.<\/p>\n<p>No Mundial de 2019, em Gwangju (Coreia do Sul), o atleta rompeu tamb\u00e9m uma barreira que vinha buscando h\u00e1 muitos anos, a marca dos 53 segundos nos 100 metros costas. Fez 52s95 e quebrou o recorde sul-americano da prova: \u201cAquilo me motivou ainda mais para melhorar minha marca dos Jogos do Rio. Preciso agora encontrar uma const\u00e2ncia maior. Considero que, em T\u00f3quio, dificilmente o p\u00f3dio vai fechar 51 segundos. Ent\u00e3o, se nadar 52 baixo, tenho muitas chances de voltar com uma medalha. Vou para Portugal buscando exatamente isso: tirar meio segundo do meu melhor tempo\u201d.<\/p>\n<p>No revezamento, o Brasil j\u00e1 tem a vaga ol\u00edmpica. A conquista da equipe (composta pelo Guilherme Guido, Vin\u00edcius Lanza, Jo\u00e3o Gomes J\u00fanior e Breno Correia) veio tamb\u00e9m na Coreia do Sul, com o tempo de 3min32s58. \u201cO objetivo \u00e9 estar no p\u00f3dio tamb\u00e9m. Estamos batendo na trave desde 2009 um lugar em Mundiais e Olimp\u00edadas. Todos sabem que t\u00eam potencial. Precisamos estar bem na hora e se doar 100% para chegar l\u00e1\u201d, concluiu. Com a vaga ol\u00edmpica j\u00e1 garantida no revezamento, a equipe brasileira para essa prova ser\u00e1 definida apenas na seletiva nacional, prevista para o ano que vem no Parque Aqu\u00e1tico Maria Lenk, no Rio de Janeiro.<br \/>\n(Texto: Juliano Justo\/Ag\u00eancia Brasil. Foto: Abelardo Mendes Jr\/Rede do Esporte)<\/p>\n","protected":false},"excerpt":{"rendered":"<p>Em busca da terceira olimp\u00edada da carreira, o nadador paulista Guilherme Guido, 33 anos, ser\u00e1 um dos 74 atletas de cinco modalidades diferentes que far\u00e3o parte do primeiro grupo da Miss\u00e3o Europa do Comit\u00ea Ol\u00edmpico Brasileiro (COB) a viajar para Portugal. A sa\u00edda dessa primeira turma ser\u00e1 na pr\u00f3xima sexta (17). Guido e os outros [&hellip;]<\/p>\n","protected":false},"author":6307,"featured_media":35554,"comment_status":"closed","ping_status":"open","sticky":false,"template":"","format":"standard","meta":{"_exactmetrics_skip_tracking":false,"_exactmetrics_sitenote_active":false,"_exactmetrics_sitenote_note":"","_exactmetrics_sitenote_category":0,"footnotes":""},"categories":[1052],"tags":[7334,47],"yoast_head":"<!-- This site is optimized with the Yoast SEO Premium plugin v22.7 (Yoast SEO v22.7) - https:\/\/yoast.com\/wordpress\/plugins\/seo\/ -->\n<title>R\u00c1DIO MARING\u00c1 - Por T\u00f3quio, Guilherme Guido integra Miss\u00e3o Europa do COB - Orlando Gonzalez<\/title>\n<meta name=\"robots\" content=\"index, follow, max-snippet:-1, max-image-preview:large, max-video-preview:-1\" \/>\n<link rel=\"canonical\" href=\"https:\/\/maringapost.com.br\/orlandogonzalez\/2020\/07\/14\/radio-maringa-por-toquio-guilherme-guido-integra-missao-europa-do-cob\/\" \/>\n<meta property=\"og:locale\" content=\"pt_BR\" \/>\n<meta property=\"og:type\" content=\"article\" \/>\n<meta property=\"og:title\" content=\"R\u00c1DIO MARING\u00c1 - Por T\u00f3quio, Guilherme Guido integra Miss\u00e3o Europa do COB\" \/>\n<meta property=\"og:description\" content=\"Em busca da terceira olimp\u00edada da carreira, o nadador paulista Guilherme Guido, 33 anos, ser\u00e1 um dos 74 atletas de cinco modalidades diferentes que far\u00e3o parte do primeiro grupo da Miss\u00e3o Europa do Comit\u00ea Ol\u00edmpico Brasileiro (COB) a viajar para Portugal. A sa\u00edda dessa primeira turma ser\u00e1 na pr\u00f3xima sexta (17). Guido e os outros [&hellip;]\" \/>\n<meta property=\"og:url\" content=\"https:\/\/maringapost.com.br\/orlandogonzalez\/2020\/07\/14\/radio-maringa-por-toquio-guilherme-guido-integra-missao-europa-do-cob\/\" \/>\n<meta property=\"og:site_name\" content=\"Orlando Gonzalez\" \/>\n<meta property=\"article:author\" content=\"https:\/\/www.facebook.com\/profile.php?id=100011095815065\" \/>\n<meta property=\"article:published_time\" content=\"2020-07-14T04:40:06+00:00\" \/>\n<meta property=\"og:image\" content=\"https:\/\/maringapost.com.br\/orlandogonzalez\/wp-content\/uploads\/sites\/17\/2020\/07\/GUILHERME.jpg\" \/>\n\t<meta property=\"og:image:width\" content=\"1170\" \/>\n\t<meta property=\"og:image:height\" content=\"700\" \/>\n\t<meta property=\"og:image:type\" content=\"image\/jpeg\" \/>\n<meta name=\"author\" content=\"Orlando Gonzalez\" \/>\n<meta name=\"twitter:card\" content=\"summary_large_image\" \/>\n<meta name=\"twitter:creator\" content=\"@gonzalezorlando\" \/>\n<meta name=\"twitter:label1\" content=\"Escrito por\" \/>\n\t<meta name=\"twitter:data1\" content=\"\" \/>\n\t<meta name=\"twitter:label2\" content=\"Est. tempo de leitura\" \/>\n\t<meta name=\"twitter:data2\" content=\"4 minutos\" \/>\n<script type=\"application\/ld+json\" class=\"yoast-schema-graph\">{\"@context\":\"https:\/\/schema.org\",\"@graph\":[{\"@type\":\"WebPage\",\"@id\":\"https:\/\/maringapost.com.br\/orlandogonzalez\/2020\/07\/14\/radio-maringa-por-toquio-guilherme-guido-integra-missao-europa-do-cob\/\",\"url\":\"https:\/\/maringapost.com.br\/orlandogonzalez\/2020\/07\/14\/radio-maringa-por-toquio-guilherme-guido-integra-missao-europa-do-cob\/\",\"name\":\"R\u00c1DIO MARING\u00c1 - Por T\u00f3quio, Guilherme Guido integra Miss\u00e3o Europa do COB - Orlando Gonzalez\",\"isPartOf\":{\"@id\":\"https:\/\/maringapost.com.br\/orlandogonzalez\/#website\"},\"primaryImageOfPage\":{\"@id\":\"https:\/\/maringapost.com.br\/orlandogonzalez\/2020\/07\/14\/radio-maringa-por-toquio-guilherme-guido-integra-missao-europa-do-cob\/#primaryimage\"},\"image\":{\"@id\":\"https:\/\/maringapost.com.br\/orlandogonzalez\/2020\/07\/14\/radio-maringa-por-toquio-guilherme-guido-integra-missao-europa-do-cob\/#primaryimage\"},\"thumbnailUrl\":\"https:\/\/maringapost.com.br\/orlandogonzalez\/wp-content\/uploads\/sites\/17\/2020\/07\/GUILHERME.jpg\",\"datePublished\":\"2020-07-14T04:40:06+00:00\",\"dateModified\":\"2020-07-14T04:40:06+00:00\",\"author\":{\"@id\":\"https:\/\/maringapost.com.br\/orlandogonzalez\/#\/schema\/person\/5cbe6257d08edea6afc9ebaa613b0633\"},\"inLanguage\":\"pt-BR\",\"potentialAction\":[{\"@type\":\"ReadAction\",\"target\":[\"https:\/\/maringapost.com.br\/orlandogonzalez\/2020\/07\/14\/radio-maringa-por-toquio-guilherme-guido-integra-missao-europa-do-cob\/\"]}]},{\"@type\":\"ImageObject\",\"inLanguage\":\"pt-BR\",\"@id\":\"https:\/\/maringapost.com.br\/orlandogonzalez\/2020\/07\/14\/radio-maringa-por-toquio-guilherme-guido-integra-missao-europa-do-cob\/#primaryimage\",\"url\":\"https:\/\/maringapost.com.br\/orlandogonzalez\/wp-content\/uploads\/sites\/17\/2020\/07\/GUILHERME.jpg\",\"contentUrl\":\"https:\/\/maringapost.com.br\/orlandogonzalez\/wp-content\/uploads\/sites\/17\/2020\/07\/GUILHERME.jpg\",\"width\":1170,\"height\":700,\"caption\":\"Guilherme Guido. Medalha de prata. Nata\u00e7\u00e3o - 100m costas masculino. Jogos Pan-Americanos Lima 2019. Local: Centro Aqu\u00e1tico Videna, em Lima (Peru). Data: 08.08.2019. Cr\u00e9dito obrigat\u00f3rio: Abelardo Mendes Jr\/ rededoesporte.gov.br\"},{\"@type\":\"WebSite\",\"@id\":\"https:\/\/maringapost.com.br\/orlandogonzalez\/#website\",\"url\":\"https:\/\/maringapost.com.br\/orlandogonzalez\/\",\"name\":\"Orlando Gonzalez\",\"description\":\"Destaca o esporte de Maring\u00e1! Destaca o esporte do Paran\u00e1! Destaca o esporte do Brasil!\",\"potentialAction\":[{\"@type\":\"SearchAction\",\"target\":{\"@type\":\"EntryPoint\",\"urlTemplate\":\"https:\/\/maringapost.com.br\/orlandogonzalez\/?s={search_term_string}\"},\"query-input\":\"required name=search_term_string\"}],\"inLanguage\":\"pt-BR\"},{\"@type\":\"Person\",\"@id\":\"https:\/\/maringapost.com.br\/orlandogonzalez\/#\/schema\/person\/5cbe6257d08edea6afc9ebaa613b0633\",\"name\":\"Orlando Gonzalez\",\"image\":{\"@type\":\"ImageObject\",\"inLanguage\":\"pt-BR\",\"@id\":\"https:\/\/maringapost.com.br\/orlandogonzalez\/#\/schema\/person\/image\/\",\"url\":\"https:\/\/secure.gravatar.com\/avatar\/ecef9d1c9afe5ebdafadde8369065ba5?s=96&d=mm&r=g\",\"contentUrl\":\"https:\/\/secure.gravatar.com\/avatar\/ecef9d1c9afe5ebdafadde8369065ba5?s=96&d=mm&r=g\",\"caption\":\"Orlando Gonzalez\"},\"description\":\"H\u00e1 29 anos na cobertura do esporte de Maring\u00e1. Plant\u00e3o e narrador esportivo. Presta\u00e7\u00e3o de assessoria de imprensa esportiva, cobertura e transmiss\u00f5es ao vivo de eventos esportivos. E-mail: orlandogonzalez.assessoria@gmail.com WhatsApp: (44) 9 9126-6119\",\"sameAs\":[\"http:\/\/www.radiomaringa.com.br\/\",\"https:\/\/www.facebook.com\/profile.php?id=100011095815065\",\"https:\/\/www.instagram.com\/orlandomgonzalez\/\",\"https:\/\/br.pinterest.com\/ogonzalez0530\/\",\"https:\/\/x.com\/gonzalezorlando\",\"https:\/\/www.youtube.com\/channel\/UCvFpl55btth8wjnKiSS1ibA\",\"https:\/\/radiomaringaweb.tumblr.com\/\"],\"url\":\"https:\/\/maringapost.com.br\/orlandogonzalez\/author\/orlando\/\"}]}<\/script>\n<!-- \/ Yoast SEO Premium plugin. -->","yoast_head_json":{"title":"R\u00c1DIO MARING\u00c1 - Por T\u00f3quio, Guilherme Guido integra Miss\u00e3o Europa do COB - Orlando Gonzalez","robots":{"index":"index","follow":"follow","max-snippet":"max-snippet:-1","max-image-preview":"max-image-preview:large","max-video-preview":"max-video-preview:-1"},"canonical":"https:\/\/maringapost.com.br\/orlandogonzalez\/2020\/07\/14\/radio-maringa-por-toquio-guilherme-guido-integra-missao-europa-do-cob\/","og_locale":"pt_BR","og_type":"article","og_title":"R\u00c1DIO MARING\u00c1 - Por T\u00f3quio, Guilherme Guido integra Miss\u00e3o Europa do COB","og_description":"Em busca da terceira olimp\u00edada da carreira, o nadador paulista Guilherme Guido, 33 anos, ser\u00e1 um dos 74 atletas de cinco modalidades diferentes que far\u00e3o parte do primeiro grupo da Miss\u00e3o Europa do Comit\u00ea Ol\u00edmpico Brasileiro (COB) a viajar para Portugal. A sa\u00edda dessa primeira turma ser\u00e1 na pr\u00f3xima sexta (17). Guido e os outros [&hellip;]","og_url":"https:\/\/maringapost.com.br\/orlandogonzalez\/2020\/07\/14\/radio-maringa-por-toquio-guilherme-guido-integra-missao-europa-do-cob\/","og_site_name":"Orlando Gonzalez","article_author":"https:\/\/www.facebook.com\/profile.php?id=100011095815065","article_published_time":"2020-07-14T04:40:06+00:00","og_image":[{"width":1170,"height":700,"url":"https:\/\/maringapost.com.br\/orlandogonzalez\/wp-content\/uploads\/sites\/17\/2020\/07\/GUILHERME.jpg","type":"image\/jpeg"}],"author":"Orlando Gonzalez","twitter_card":"summary_large_image","twitter_creator":"@gonzalezorlando","twitter_misc":{"Escrito por":false,"Est. tempo de leitura":"4 minutos"},"schema":{"@context":"https:\/\/schema.org","@graph":[{"@type":"WebPage","@id":"https:\/\/maringapost.com.br\/orlandogonzalez\/2020\/07\/14\/radio-maringa-por-toquio-guilherme-guido-integra-missao-europa-do-cob\/","url":"https:\/\/maringapost.com.br\/orlandogonzalez\/2020\/07\/14\/radio-maringa-por-toquio-guilherme-guido-integra-missao-europa-do-cob\/","name":"R\u00c1DIO MARING\u00c1 - Por T\u00f3quio, Guilherme Guido integra Miss\u00e3o Europa do COB - Orlando Gonzalez","isPartOf":{"@id":"https:\/\/maringapost.com.br\/orlandogonzalez\/#website"},"primaryImageOfPage":{"@id":"https:\/\/maringapost.com.br\/orlandogonzalez\/2020\/07\/14\/radio-maringa-por-toquio-guilherme-guido-integra-missao-europa-do-cob\/#primaryimage"},"image":{"@id":"https:\/\/maringapost.com.br\/orlandogonzalez\/2020\/07\/14\/radio-maringa-por-toquio-guilherme-guido-integra-missao-europa-do-cob\/#primaryimage"},"thumbnailUrl":"https:\/\/maringapost.com.br\/orlandogonzalez\/wp-content\/uploads\/sites\/17\/2020\/07\/GUILHERME.jpg","datePublished":"2020-07-14T04:40:06+00:00","dateModified":"2020-07-14T04:40:06+00:00","author":{"@id":"https:\/\/maringapost.com.br\/orlandogonzalez\/#\/schema\/person\/5cbe6257d08edea6afc9ebaa613b0633"},"inLanguage":"pt-BR","potentialAction":[{"@type":"ReadAction","target":["https:\/\/maringapost.com.br\/orlandogonzalez\/2020\/07\/14\/radio-maringa-por-toquio-guilherme-guido-integra-missao-europa-do-cob\/"]}]},{"@type":"ImageObject","inLanguage":"pt-BR","@id":"https:\/\/maringapost.com.br\/orlandogonzalez\/2020\/07\/14\/radio-maringa-por-toquio-guilherme-guido-integra-missao-europa-do-cob\/#primaryimage","url":"https:\/\/maringapost.com.br\/orlandogonzalez\/wp-content\/uploads\/sites\/17\/2020\/07\/GUILHERME.jpg","contentUrl":"https:\/\/maringapost.com.br\/orlandogonzalez\/wp-content\/uploads\/sites\/17\/2020\/07\/GUILHERME.jpg","width":1170,"height":700,"caption":"Guilherme Guido. Medalha de prata. Nata\u00e7\u00e3o - 100m costas masculino. Jogos Pan-Americanos Lima 2019. Local: Centro Aqu\u00e1tico Videna, em Lima (Peru). Data: 08.08.2019. Cr\u00e9dito obrigat\u00f3rio: Abelardo Mendes Jr\/ rededoesporte.gov.br"},{"@type":"WebSite","@id":"https:\/\/maringapost.com.br\/orlandogonzalez\/#website","url":"https:\/\/maringapost.com.br\/orlandogonzalez\/","name":"Orlando Gonzalez","description":"Destaca o esporte de Maring\u00e1! Destaca o esporte do Paran\u00e1! Destaca o esporte do Brasil!","potentialAction":[{"@type":"SearchAction","target":{"@type":"EntryPoint","urlTemplate":"https:\/\/maringapost.com.br\/orlandogonzalez\/?s={search_term_string}"},"query-input":"required name=search_term_string"}],"inLanguage":"pt-BR"},{"@type":"Person","@id":"https:\/\/maringapost.com.br\/orlandogonzalez\/#\/schema\/person\/5cbe6257d08edea6afc9ebaa613b0633","name":"Orlando Gonzalez","image":{"@type":"ImageObject","inLanguage":"pt-BR","@id":"https:\/\/maringapost.com.br\/orlandogonzalez\/#\/schema\/person\/image\/","url":"https:\/\/secure.gravatar.com\/avatar\/ecef9d1c9afe5ebdafadde8369065ba5?s=96&d=mm&r=g","contentUrl":"https:\/\/secure.gravatar.com\/avatar\/ecef9d1c9afe5ebdafadde8369065ba5?s=96&d=mm&r=g","caption":"Orlando Gonzalez"},"description":"H\u00e1 29 anos na cobertura do esporte de Maring\u00e1. Plant\u00e3o e narrador esportivo. Presta\u00e7\u00e3o de assessoria de imprensa esportiva, cobertura e transmiss\u00f5es ao vivo de eventos esportivos. E-mail: orlandogonzalez.assessoria@gmail.com WhatsApp: (44) 9 9126-6119","sameAs":["http:\/\/www.radiomaringa.com.br\/","https:\/\/www.facebook.com\/profile.php?id=100011095815065","https:\/\/www.instagram.com\/orlandomgonzalez\/","https:\/\/br.pinterest.com\/ogonzalez0530\/","https:\/\/x.com\/gonzalezorlando","https:\/\/www.youtube.com\/channel\/UCvFpl55btth8wjnKiSS1ibA","https:\/\/radiomaringaweb.tumblr.com\/"],"url":"https:\/\/maringapost.com.br\/orlandogonzalez\/author\/orlando\/"}]}},"_links":{"self":[{"href":"https:\/\/maringapost.com.br\/orlandogonzalez\/wp-json\/wp\/v2\/posts\/35553"}],"collection":[{"href":"https:\/\/maringapost.com.br\/orlandogonzalez\/wp-json\/wp\/v2\/posts"}],"about":[{"href":"https:\/\/maringapost.com.br\/orlandogonzalez\/wp-json\/wp\/v2\/types\/post"}],"author":[{"embeddable":true,"href":"https:\/\/maringapost.com.br\/orlandogonzalez\/wp-json\/wp\/v2\/users\/6307"}],"replies":[{"embeddable":true,"href":"https:\/\/maringapost.com.br\/orlandogonzalez\/wp-json\/wp\/v2\/comments?post=35553"}],"version-history":[{"count":1,"href":"https:\/\/maringapost.com.br\/orlandogonzalez\/wp-json\/wp\/v2\/posts\/35553\/revisions"}],"predecessor-version":[{"id":35555,"href":"https:\/\/maringapost.com.br\/orlandogonzalez\/wp-json\/wp\/v2\/posts\/35553\/revisions\/35555"}],"wp:featuredmedia":[{"embeddable":true,"href":"https:\/\/maringapost.com.br\/orlandogonzalez\/wp-json\/wp\/v2\/media\/35554"}],"wp:attachment":[{"href":"https:\/\/maringapost.com.br\/orlandogonzalez\/wp-json\/wp\/v2\/media?parent=35553"}],"wp:term":[{"taxonomy":"category","embeddable":true,"href":"https:\/\/maringapost.com.br\/orlandogonzalez\/wp-json\/wp\/v2\/categories?post=35553"},{"taxonomy":"post_tag","embeddable":true,"href":"https:\/\/maringapost.com.br\/orlandogonzalez\/wp-json\/wp\/v2\/tags?post=35553"}],"curies":[{"name":"wp","href":"https:\/\/api.w.org\/{rel}","templated":true}]}}