{"id":34996,"date":"2020-06-12T09:20:11","date_gmt":"2020-06-12T12:20:11","guid":{"rendered":"http:\/\/maringapost.com.br\/orlandogonzalez\/?p=34996"},"modified":"2020-06-12T09:21:20","modified_gmt":"2020-06-12T12:21:20","slug":"radio-maringa-japs-combate-sera-em-outubro-em-londrina","status":"publish","type":"post","link":"https:\/\/maringapost.com.br\/orlandogonzalez\/2020\/06\/12\/radio-maringa-japs-combate-sera-em-outubro-em-londrina\/","title":{"rendered":"R\u00c1DIO MARING\u00c1 &#8211; JAPs Combate ser\u00e3o em outubro em Londrina"},"content":{"rendered":"<p>Os Jogos Abertos de Combate est\u00e3o previstos entre os dias 9 e 12 de outubro em Londrina. O calend\u00e1rio de eventos esportivos do Paran\u00e1 foi suspenso no in\u00edcio da pandemia e agora retorna gradualmente. A informa\u00e7\u00e3o foi dada em uma live realizada ontem, ter\u00e7a-feira (9), pelo facebook do Esporte Paran\u00e1, com o superintendente do Esporte, H\u00e9lio Wirbiski, e o diretor de esporte, Cristiano Barros Del Rei. (<a href=\"http:\/\/www.radiomaringa.com.br\" target=\"_blank\" rel=\"noopener noreferrer\">mais&#8230;<\/a>)<\/p>\n<p>Cinco etapas dos Jogos Oficiais do Estado foram mantidas em 2020. Os Jogos Abertos Paradesportivos (PARAJAPs); os Jogos Universit\u00e1rios do Paran\u00e1 (JUPs), os Jogos de Aventura e Natureza, etapa Lindeiros; a fase final da Divis\u00e3o A dos Jogos da Juventude do Paran\u00e1 (JOJUPs) e os Jogos de Combate (JAPs Combate), que ser\u00e1 realizado no munic\u00edpio.<\/p>\n<p>Anteriormente, o JAPs Combate seria realizado em setembro. Agora a data prevista \u00e9 do dia 9 ao dia 12 de outubro. Ao todo, ser\u00e3o nove modalidades: boxe, capoeira, jiu-jitsu, jud\u00f4, karate, kickboxing, kung fu, muay thai e taekwondo, divididas em categorias A (ol\u00edmpica) e B (esportes n\u00e3o ol\u00edmpicos). O presidente da Funda\u00e7\u00e3o de Esportes de Londrina (FEL), Sandro Henrique Moreira dos Santos, afirmou que o JAPs Combate \u00e9 um evento que foi planejado pelo presidente anterior, Fernando Madureira, que levou a proposta \u00e0 Secretaria de Estado, e a foi aprovada.<\/p>\n<p>\u201cO projeto visa incentivar as modalidades de artes marciais, as lutas. \u00c9 com alegria que Londrina recebe o primeiro evento do JAPs Combate. O intuito \u00e9 faz\u00ea-lo bem organizado, bem din\u00e2mico. A cidade tem uma veia muito forte de artes marciais, faremos desse evento refer\u00eancia para as pr\u00f3ximas edi\u00e7\u00f5es. Essa altera\u00e7\u00e3o de data \u00e9 interessante que tenha acontecido mesmo, at\u00e9 pelo momento da pandemia. Acreditamos que at\u00e9 a data dos Jogos j\u00e1 tenha sido resolvido esta situa\u00e7\u00e3o. E Londrina vai se organizar de uma forma bem coerente, segura e tranquila, da melhor forma poss\u00edvel para realizar um grande evento aqui. Um evento, que a gente acredita que possa chegar em torno de 2.500 atletas participantes\u201d, afirmou.<\/p>\n<p>Al\u00e9m da mudan\u00e7a do calend\u00e1rio dos Jogos Oficiais do Paran\u00e1, foi discuto a respeito de um pacote de mudan\u00e7as visando a retomada do esporte e o apoio \u00e0s entidades esportivas do Estado. Como a cria\u00e7\u00e3o da liga escolar de e-games, competi\u00e7\u00e3o realizada de modo remoto e em fases, que ser\u00e1 transmitida por uma plataforma on-line, com as primeiras disputas previstas para o in\u00edcio de julho. Tamb\u00e9m est\u00e3o previstos o lan\u00e7amento do curso de gest\u00e3o p\u00fablica do esporte em EAD, o aumento do investimento na lei de incentivo ao esporte e a manuten\u00e7\u00e3o das bolsas da Gera\u00e7\u00e3o Ol\u00edmpica.<\/p>\n<p>Foi informado ainda que as a\u00e7\u00f5es apresentadas dependem dos decretos e orienta\u00e7\u00f5es do Governo do Estado e da Secretaria da Sa\u00fade. O monitoramento do avan\u00e7o da pandemia \u00e9 feito diariamente e ajustes, se necess\u00e1rios, ser\u00e3o tomados pela Superintend\u00eancia do Esporte em conformidade a essas determina\u00e7\u00f5es.<\/p>\n<p>Para imprensa: outras informa\u00e7\u00f5es com o presidente da FEL, Sandro Henrique Moreira dos Santos, pelo 3372-9191.<br \/>\n(Texto: Heloisa Correa\/PML)<\/p>\n","protected":false},"excerpt":{"rendered":"<p>Os Jogos Abertos de Combate est\u00e3o previstos entre os dias 9 e 12 de outubro em Londrina. O calend\u00e1rio de eventos esportivos do Paran\u00e1 foi suspenso no in\u00edcio da pandemia e agora retorna gradualmente. A informa\u00e7\u00e3o foi dada em uma live realizada ontem, ter\u00e7a-feira (9), pelo facebook do Esporte Paran\u00e1, com o superintendente do Esporte, [&hellip;]<\/p>\n","protected":false},"author":6307,"featured_media":34997,"comment_status":"closed","ping_status":"open","sticky":false,"template":"","format":"standard","meta":{"_exactmetrics_skip_tracking":false,"_exactmetrics_sitenote_active":false,"_exactmetrics_sitenote_note":"","_exactmetrics_sitenote_category":0,"footnotes":""},"categories":[1918],"tags":[1068,6193,47],"yoast_head":"<!-- This site is optimized with the Yoast SEO Premium plugin v22.7 (Yoast SEO v22.7) - https:\/\/yoast.com\/wordpress\/plugins\/seo\/ -->\n<title>R\u00c1DIO MARING\u00c1 - JAPs Combate ser\u00e3o em outubro em Londrina - Orlando Gonzalez<\/title>\n<meta name=\"robots\" content=\"index, follow, max-snippet:-1, max-image-preview:large, max-video-preview:-1\" \/>\n<link rel=\"canonical\" href=\"https:\/\/maringapost.com.br\/orlandogonzalez\/2020\/06\/12\/radio-maringa-japs-combate-sera-em-outubro-em-londrina\/\" \/>\n<meta property=\"og:locale\" content=\"pt_BR\" \/>\n<meta property=\"og:type\" content=\"article\" \/>\n<meta property=\"og:title\" content=\"R\u00c1DIO MARING\u00c1 - JAPs Combate ser\u00e3o em outubro em Londrina\" \/>\n<meta property=\"og:description\" content=\"Os Jogos Abertos de Combate est\u00e3o previstos entre os dias 9 e 12 de outubro em Londrina. O calend\u00e1rio de eventos esportivos do Paran\u00e1 foi suspenso no in\u00edcio da pandemia e agora retorna gradualmente. A informa\u00e7\u00e3o foi dada em uma live realizada ontem, ter\u00e7a-feira (9), pelo facebook do Esporte Paran\u00e1, com o superintendente do Esporte, [&hellip;]\" \/>\n<meta property=\"og:url\" content=\"https:\/\/maringapost.com.br\/orlandogonzalez\/2020\/06\/12\/radio-maringa-japs-combate-sera-em-outubro-em-londrina\/\" \/>\n<meta property=\"og:site_name\" content=\"Orlando Gonzalez\" \/>\n<meta property=\"article:author\" content=\"https:\/\/www.facebook.com\/profile.php?id=100011095815065\" \/>\n<meta property=\"article:published_time\" content=\"2020-06-12T12:20:11+00:00\" \/>\n<meta property=\"article:modified_time\" content=\"2020-06-12T12:21:20+00:00\" \/>\n<meta property=\"og:image\" content=\"https:\/\/maringapost.com.br\/orlandogonzalez\/wp-content\/uploads\/sites\/17\/2020\/06\/londrina_combate.jpg\" \/>\n\t<meta property=\"og:image:width\" content=\"770\" \/>\n\t<meta property=\"og:image:height\" content=\"400\" \/>\n\t<meta property=\"og:image:type\" content=\"image\/jpeg\" \/>\n<meta name=\"author\" content=\"Orlando Gonzalez\" \/>\n<meta name=\"twitter:card\" content=\"summary_large_image\" \/>\n<meta name=\"twitter:creator\" content=\"@gonzalezorlando\" \/>\n<meta name=\"twitter:label1\" content=\"Escrito por\" \/>\n\t<meta name=\"twitter:data1\" content=\"\" \/>\n\t<meta name=\"twitter:label2\" content=\"Est. tempo de leitura\" \/>\n\t<meta name=\"twitter:data2\" content=\"3 minutos\" \/>\n<script type=\"application\/ld+json\" class=\"yoast-schema-graph\">{\"@context\":\"https:\/\/schema.org\",\"@graph\":[{\"@type\":\"WebPage\",\"@id\":\"https:\/\/maringapost.com.br\/orlandogonzalez\/2020\/06\/12\/radio-maringa-japs-combate-sera-em-outubro-em-londrina\/\",\"url\":\"https:\/\/maringapost.com.br\/orlandogonzalez\/2020\/06\/12\/radio-maringa-japs-combate-sera-em-outubro-em-londrina\/\",\"name\":\"R\u00c1DIO MARING\u00c1 - JAPs Combate ser\u00e3o em outubro em Londrina - Orlando Gonzalez\",\"isPartOf\":{\"@id\":\"https:\/\/maringapost.com.br\/orlandogonzalez\/#website\"},\"primaryImageOfPage\":{\"@id\":\"https:\/\/maringapost.com.br\/orlandogonzalez\/2020\/06\/12\/radio-maringa-japs-combate-sera-em-outubro-em-londrina\/#primaryimage\"},\"image\":{\"@id\":\"https:\/\/maringapost.com.br\/orlandogonzalez\/2020\/06\/12\/radio-maringa-japs-combate-sera-em-outubro-em-londrina\/#primaryimage\"},\"thumbnailUrl\":\"https:\/\/maringapost.com.br\/orlandogonzalez\/wp-content\/uploads\/sites\/17\/2020\/06\/londrina_combate.jpg\",\"datePublished\":\"2020-06-12T12:20:11+00:00\",\"dateModified\":\"2020-06-12T12:21:20+00:00\",\"author\":{\"@id\":\"https:\/\/maringapost.com.br\/orlandogonzalez\/#\/schema\/person\/5cbe6257d08edea6afc9ebaa613b0633\"},\"inLanguage\":\"pt-BR\",\"potentialAction\":[{\"@type\":\"ReadAction\",\"target\":[\"https:\/\/maringapost.com.br\/orlandogonzalez\/2020\/06\/12\/radio-maringa-japs-combate-sera-em-outubro-em-londrina\/\"]}]},{\"@type\":\"ImageObject\",\"inLanguage\":\"pt-BR\",\"@id\":\"https:\/\/maringapost.com.br\/orlandogonzalez\/2020\/06\/12\/radio-maringa-japs-combate-sera-em-outubro-em-londrina\/#primaryimage\",\"url\":\"https:\/\/maringapost.com.br\/orlandogonzalez\/wp-content\/uploads\/sites\/17\/2020\/06\/londrina_combate.jpg\",\"contentUrl\":\"https:\/\/maringapost.com.br\/orlandogonzalez\/wp-content\/uploads\/sites\/17\/2020\/06\/londrina_combate.jpg\",\"width\":770,\"height\":400},{\"@type\":\"WebSite\",\"@id\":\"https:\/\/maringapost.com.br\/orlandogonzalez\/#website\",\"url\":\"https:\/\/maringapost.com.br\/orlandogonzalez\/\",\"name\":\"Orlando Gonzalez\",\"description\":\"Destaca o esporte de Maring\u00e1! Destaca o esporte do Paran\u00e1! Destaca o esporte do Brasil!\",\"potentialAction\":[{\"@type\":\"SearchAction\",\"target\":{\"@type\":\"EntryPoint\",\"urlTemplate\":\"https:\/\/maringapost.com.br\/orlandogonzalez\/?s={search_term_string}\"},\"query-input\":\"required name=search_term_string\"}],\"inLanguage\":\"pt-BR\"},{\"@type\":\"Person\",\"@id\":\"https:\/\/maringapost.com.br\/orlandogonzalez\/#\/schema\/person\/5cbe6257d08edea6afc9ebaa613b0633\",\"name\":\"Orlando Gonzalez\",\"image\":{\"@type\":\"ImageObject\",\"inLanguage\":\"pt-BR\",\"@id\":\"https:\/\/maringapost.com.br\/orlandogonzalez\/#\/schema\/person\/image\/\",\"url\":\"https:\/\/secure.gravatar.com\/avatar\/ecef9d1c9afe5ebdafadde8369065ba5?s=96&d=mm&r=g\",\"contentUrl\":\"https:\/\/secure.gravatar.com\/avatar\/ecef9d1c9afe5ebdafadde8369065ba5?s=96&d=mm&r=g\",\"caption\":\"Orlando Gonzalez\"},\"description\":\"H\u00e1 29 anos na cobertura do esporte de Maring\u00e1. Plant\u00e3o e narrador esportivo. Presta\u00e7\u00e3o de assessoria de imprensa esportiva, cobertura e transmiss\u00f5es ao vivo de eventos esportivos. E-mail: orlandogonzalez.assessoria@gmail.com WhatsApp: (44) 9 9126-6119\",\"sameAs\":[\"http:\/\/www.radiomaringa.com.br\/\",\"https:\/\/www.facebook.com\/profile.php?id=100011095815065\",\"https:\/\/www.instagram.com\/orlandomgonzalez\/\",\"https:\/\/br.pinterest.com\/ogonzalez0530\/\",\"https:\/\/x.com\/gonzalezorlando\",\"https:\/\/www.youtube.com\/channel\/UCvFpl55btth8wjnKiSS1ibA\",\"https:\/\/radiomaringaweb.tumblr.com\/\"],\"url\":\"https:\/\/maringapost.com.br\/orlandogonzalez\/author\/orlando\/\"}]}<\/script>\n<!-- \/ Yoast SEO Premium plugin. -->","yoast_head_json":{"title":"R\u00c1DIO MARING\u00c1 - JAPs Combate ser\u00e3o em outubro em Londrina - Orlando Gonzalez","robots":{"index":"index","follow":"follow","max-snippet":"max-snippet:-1","max-image-preview":"max-image-preview:large","max-video-preview":"max-video-preview:-1"},"canonical":"https:\/\/maringapost.com.br\/orlandogonzalez\/2020\/06\/12\/radio-maringa-japs-combate-sera-em-outubro-em-londrina\/","og_locale":"pt_BR","og_type":"article","og_title":"R\u00c1DIO MARING\u00c1 - JAPs Combate ser\u00e3o em outubro em Londrina","og_description":"Os Jogos Abertos de Combate est\u00e3o previstos entre os dias 9 e 12 de outubro em Londrina. O calend\u00e1rio de eventos esportivos do Paran\u00e1 foi suspenso no in\u00edcio da pandemia e agora retorna gradualmente. A informa\u00e7\u00e3o foi dada em uma live realizada ontem, ter\u00e7a-feira (9), pelo facebook do Esporte Paran\u00e1, com o superintendente do Esporte, [&hellip;]","og_url":"https:\/\/maringapost.com.br\/orlandogonzalez\/2020\/06\/12\/radio-maringa-japs-combate-sera-em-outubro-em-londrina\/","og_site_name":"Orlando Gonzalez","article_author":"https:\/\/www.facebook.com\/profile.php?id=100011095815065","article_published_time":"2020-06-12T12:20:11+00:00","article_modified_time":"2020-06-12T12:21:20+00:00","og_image":[{"width":770,"height":400,"url":"https:\/\/maringapost.com.br\/orlandogonzalez\/wp-content\/uploads\/sites\/17\/2020\/06\/londrina_combate.jpg","type":"image\/jpeg"}],"author":"Orlando Gonzalez","twitter_card":"summary_large_image","twitter_creator":"@gonzalezorlando","twitter_misc":{"Escrito por":false,"Est. tempo de leitura":"3 minutos"},"schema":{"@context":"https:\/\/schema.org","@graph":[{"@type":"WebPage","@id":"https:\/\/maringapost.com.br\/orlandogonzalez\/2020\/06\/12\/radio-maringa-japs-combate-sera-em-outubro-em-londrina\/","url":"https:\/\/maringapost.com.br\/orlandogonzalez\/2020\/06\/12\/radio-maringa-japs-combate-sera-em-outubro-em-londrina\/","name":"R\u00c1DIO MARING\u00c1 - JAPs Combate ser\u00e3o em outubro em Londrina - Orlando Gonzalez","isPartOf":{"@id":"https:\/\/maringapost.com.br\/orlandogonzalez\/#website"},"primaryImageOfPage":{"@id":"https:\/\/maringapost.com.br\/orlandogonzalez\/2020\/06\/12\/radio-maringa-japs-combate-sera-em-outubro-em-londrina\/#primaryimage"},"image":{"@id":"https:\/\/maringapost.com.br\/orlandogonzalez\/2020\/06\/12\/radio-maringa-japs-combate-sera-em-outubro-em-londrina\/#primaryimage"},"thumbnailUrl":"https:\/\/maringapost.com.br\/orlandogonzalez\/wp-content\/uploads\/sites\/17\/2020\/06\/londrina_combate.jpg","datePublished":"2020-06-12T12:20:11+00:00","dateModified":"2020-06-12T12:21:20+00:00","author":{"@id":"https:\/\/maringapost.com.br\/orlandogonzalez\/#\/schema\/person\/5cbe6257d08edea6afc9ebaa613b0633"},"inLanguage":"pt-BR","potentialAction":[{"@type":"ReadAction","target":["https:\/\/maringapost.com.br\/orlandogonzalez\/2020\/06\/12\/radio-maringa-japs-combate-sera-em-outubro-em-londrina\/"]}]},{"@type":"ImageObject","inLanguage":"pt-BR","@id":"https:\/\/maringapost.com.br\/orlandogonzalez\/2020\/06\/12\/radio-maringa-japs-combate-sera-em-outubro-em-londrina\/#primaryimage","url":"https:\/\/maringapost.com.br\/orlandogonzalez\/wp-content\/uploads\/sites\/17\/2020\/06\/londrina_combate.jpg","contentUrl":"https:\/\/maringapost.com.br\/orlandogonzalez\/wp-content\/uploads\/sites\/17\/2020\/06\/londrina_combate.jpg","width":770,"height":400},{"@type":"WebSite","@id":"https:\/\/maringapost.com.br\/orlandogonzalez\/#website","url":"https:\/\/maringapost.com.br\/orlandogonzalez\/","name":"Orlando Gonzalez","description":"Destaca o esporte de Maring\u00e1! Destaca o esporte do Paran\u00e1! Destaca o esporte do Brasil!","potentialAction":[{"@type":"SearchAction","target":{"@type":"EntryPoint","urlTemplate":"https:\/\/maringapost.com.br\/orlandogonzalez\/?s={search_term_string}"},"query-input":"required name=search_term_string"}],"inLanguage":"pt-BR"},{"@type":"Person","@id":"https:\/\/maringapost.com.br\/orlandogonzalez\/#\/schema\/person\/5cbe6257d08edea6afc9ebaa613b0633","name":"Orlando Gonzalez","image":{"@type":"ImageObject","inLanguage":"pt-BR","@id":"https:\/\/maringapost.com.br\/orlandogonzalez\/#\/schema\/person\/image\/","url":"https:\/\/secure.gravatar.com\/avatar\/ecef9d1c9afe5ebdafadde8369065ba5?s=96&d=mm&r=g","contentUrl":"https:\/\/secure.gravatar.com\/avatar\/ecef9d1c9afe5ebdafadde8369065ba5?s=96&d=mm&r=g","caption":"Orlando Gonzalez"},"description":"H\u00e1 29 anos na cobertura do esporte de Maring\u00e1. Plant\u00e3o e narrador esportivo. Presta\u00e7\u00e3o de assessoria de imprensa esportiva, cobertura e transmiss\u00f5es ao vivo de eventos esportivos. E-mail: orlandogonzalez.assessoria@gmail.com WhatsApp: (44) 9 9126-6119","sameAs":["http:\/\/www.radiomaringa.com.br\/","https:\/\/www.facebook.com\/profile.php?id=100011095815065","https:\/\/www.instagram.com\/orlandomgonzalez\/","https:\/\/br.pinterest.com\/ogonzalez0530\/","https:\/\/x.com\/gonzalezorlando","https:\/\/www.youtube.com\/channel\/UCvFpl55btth8wjnKiSS1ibA","https:\/\/radiomaringaweb.tumblr.com\/"],"url":"https:\/\/maringapost.com.br\/orlandogonzalez\/author\/orlando\/"}]}},"_links":{"self":[{"href":"https:\/\/maringapost.com.br\/orlandogonzalez\/wp-json\/wp\/v2\/posts\/34996"}],"collection":[{"href":"https:\/\/maringapost.com.br\/orlandogonzalez\/wp-json\/wp\/v2\/posts"}],"about":[{"href":"https:\/\/maringapost.com.br\/orlandogonzalez\/wp-json\/wp\/v2\/types\/post"}],"author":[{"embeddable":true,"href":"https:\/\/maringapost.com.br\/orlandogonzalez\/wp-json\/wp\/v2\/users\/6307"}],"replies":[{"embeddable":true,"href":"https:\/\/maringapost.com.br\/orlandogonzalez\/wp-json\/wp\/v2\/comments?post=34996"}],"version-history":[{"count":3,"href":"https:\/\/maringapost.com.br\/orlandogonzalez\/wp-json\/wp\/v2\/posts\/34996\/revisions"}],"predecessor-version":[{"id":35000,"href":"https:\/\/maringapost.com.br\/orlandogonzalez\/wp-json\/wp\/v2\/posts\/34996\/revisions\/35000"}],"wp:featuredmedia":[{"embeddable":true,"href":"https:\/\/maringapost.com.br\/orlandogonzalez\/wp-json\/wp\/v2\/media\/34997"}],"wp:attachment":[{"href":"https:\/\/maringapost.com.br\/orlandogonzalez\/wp-json\/wp\/v2\/media?parent=34996"}],"wp:term":[{"taxonomy":"category","embeddable":true,"href":"https:\/\/maringapost.com.br\/orlandogonzalez\/wp-json\/wp\/v2\/categories?post=34996"},{"taxonomy":"post_tag","embeddable":true,"href":"https:\/\/maringapost.com.br\/orlandogonzalez\/wp-json\/wp\/v2\/tags?post=34996"}],"curies":[{"name":"wp","href":"https:\/\/api.w.org\/{rel}","templated":true}]}}