{"id":34958,"date":"2020-06-10T13:12:33","date_gmt":"2020-06-10T16:12:33","guid":{"rendered":"http:\/\/maringapost.com.br\/orlandogonzalez\/?p=34958"},"modified":"2020-06-10T13:15:04","modified_gmt":"2020-06-10T16:15:04","slug":"radio-maringa-multicampeao-roger-federer-anuncia-que-nao-joga-mais-em-2020","status":"publish","type":"post","link":"https:\/\/maringapost.com.br\/orlandogonzalez\/2020\/06\/10\/radio-maringa-multicampeao-roger-federer-anuncia-que-nao-joga-mais-em-2020\/","title":{"rendered":"R\u00c1DIO MARING\u00c1 &#8211; Multicampe\u00e3o Roger Federer anuncia que n\u00e3o joga mais em 2020"},"content":{"rendered":"<p>Roger Federer n\u00e3o vai mais entrar em quadra em 2020. Nesta quarta-feira (10), o tenista anunciou em seu perfil oficial do Twitter que precisou de nova cirurgia no joelho direito, que j\u00e1 tinha sido operado em fevereiro, e vai aproveitar o restante do ano para se condicionar.<br \/>\nO atual n\u00famero quatro do mundo anunciou no in\u00edcio do ano que sentia inc\u00f4modos no joelho e, ap\u00f3s exames e discuss\u00f5es com sua equipe, passou por uma artroscopia na Sui\u00e7a. Com isso, Federer j\u00e1 ficaria de fora de Roland Garros, al\u00e9m dos torneios do circuito profissional da ATP de Bogot\u00e1, Indian Wells e Miami.<\/p>\n<p>A expectativa era de que o su\u00ed\u00e7o de 38 anos retornasse \u00e0s quadras para a temporada de grama, por\u00e9m, a recupera\u00e7\u00e3o do tenista n\u00e3o foi como a esperada e seu pr\u00f3prio t\u00e9cnico, Severin Luthi, admitiu que o processo estava sendo lento, e Federer s\u00f3 voltaria \u00e0s quadras em setembro.<\/p>\n<p>Entretanto, o tenista utilizou hoje (10) o Twitter para encerrar as expectativas.<br \/>\n(Ag\u00eancia Brasil)<\/p>\n","protected":false},"excerpt":{"rendered":"<p>Roger Federer n\u00e3o vai mais entrar em quadra em 2020. Nesta quarta-feira (10), o tenista anunciou em seu perfil oficial do Twitter que precisou de nova cirurgia no joelho direito, que j\u00e1 tinha sido operado em fevereiro, e vai aproveitar o restante do ano para se condicionar. O atual n\u00famero quatro do mundo anunciou no [&hellip;]<\/p>\n","protected":false},"author":6307,"featured_media":34961,"comment_status":"closed","ping_status":"open","sticky":false,"template":"","format":"standard","meta":{"_exactmetrics_skip_tracking":false,"_exactmetrics_sitenote_active":false,"_exactmetrics_sitenote_note":"","_exactmetrics_sitenote_category":0,"footnotes":""},"categories":[2544],"tags":[47,6104],"yoast_head":"<!-- This site is optimized with the Yoast SEO Premium plugin v22.7 (Yoast SEO v22.7) - https:\/\/yoast.com\/wordpress\/plugins\/seo\/ -->\n<title>R\u00c1DIO MARING\u00c1 - Multicampe\u00e3o Roger Federer anuncia que n\u00e3o joga mais em 2020 - Orlando Gonzalez<\/title>\n<meta name=\"robots\" content=\"index, follow, max-snippet:-1, max-image-preview:large, max-video-preview:-1\" \/>\n<link rel=\"canonical\" href=\"https:\/\/maringapost.com.br\/orlandogonzalez\/2020\/06\/10\/radio-maringa-multicampeao-roger-federer-anuncia-que-nao-joga-mais-em-2020\/\" \/>\n<meta property=\"og:locale\" content=\"pt_BR\" \/>\n<meta property=\"og:type\" content=\"article\" \/>\n<meta property=\"og:title\" content=\"R\u00c1DIO MARING\u00c1 - Multicampe\u00e3o Roger Federer anuncia que n\u00e3o joga mais em 2020\" \/>\n<meta property=\"og:description\" content=\"Roger Federer n\u00e3o vai mais entrar em quadra em 2020. Nesta quarta-feira (10), o tenista anunciou em seu perfil oficial do Twitter que precisou de nova cirurgia no joelho direito, que j\u00e1 tinha sido operado em fevereiro, e vai aproveitar o restante do ano para se condicionar. O atual n\u00famero quatro do mundo anunciou no [&hellip;]\" \/>\n<meta property=\"og:url\" content=\"https:\/\/maringapost.com.br\/orlandogonzalez\/2020\/06\/10\/radio-maringa-multicampeao-roger-federer-anuncia-que-nao-joga-mais-em-2020\/\" \/>\n<meta property=\"og:site_name\" content=\"Orlando Gonzalez\" \/>\n<meta property=\"article:author\" content=\"https:\/\/www.facebook.com\/profile.php?id=100011095815065\" \/>\n<meta property=\"article:published_time\" content=\"2020-06-10T16:12:33+00:00\" \/>\n<meta property=\"article:modified_time\" content=\"2020-06-10T16:15:04+00:00\" \/>\n<meta property=\"og:image\" content=\"https:\/\/maringapost.com.br\/orlandogonzalez\/wp-content\/uploads\/sites\/17\/2020\/06\/federer.jpg\" \/>\n\t<meta property=\"og:image:width\" content=\"1170\" \/>\n\t<meta property=\"og:image:height\" content=\"700\" \/>\n\t<meta property=\"og:image:type\" content=\"image\/jpeg\" \/>\n<meta name=\"author\" content=\"Orlando Gonzalez\" \/>\n<meta name=\"twitter:card\" content=\"summary_large_image\" \/>\n<meta name=\"twitter:creator\" content=\"@gonzalezorlando\" \/>\n<meta name=\"twitter:label1\" content=\"Escrito por\" \/>\n\t<meta name=\"twitter:data1\" content=\"\" \/>\n\t<meta name=\"twitter:label2\" content=\"Est. tempo de leitura\" \/>\n\t<meta name=\"twitter:data2\" content=\"1 minuto\" \/>\n<script type=\"application\/ld+json\" class=\"yoast-schema-graph\">{\"@context\":\"https:\/\/schema.org\",\"@graph\":[{\"@type\":\"WebPage\",\"@id\":\"https:\/\/maringapost.com.br\/orlandogonzalez\/2020\/06\/10\/radio-maringa-multicampeao-roger-federer-anuncia-que-nao-joga-mais-em-2020\/\",\"url\":\"https:\/\/maringapost.com.br\/orlandogonzalez\/2020\/06\/10\/radio-maringa-multicampeao-roger-federer-anuncia-que-nao-joga-mais-em-2020\/\",\"name\":\"R\u00c1DIO MARING\u00c1 - Multicampe\u00e3o Roger Federer anuncia que n\u00e3o joga mais em 2020 - Orlando Gonzalez\",\"isPartOf\":{\"@id\":\"https:\/\/maringapost.com.br\/orlandogonzalez\/#website\"},\"primaryImageOfPage\":{\"@id\":\"https:\/\/maringapost.com.br\/orlandogonzalez\/2020\/06\/10\/radio-maringa-multicampeao-roger-federer-anuncia-que-nao-joga-mais-em-2020\/#primaryimage\"},\"image\":{\"@id\":\"https:\/\/maringapost.com.br\/orlandogonzalez\/2020\/06\/10\/radio-maringa-multicampeao-roger-federer-anuncia-que-nao-joga-mais-em-2020\/#primaryimage\"},\"thumbnailUrl\":\"https:\/\/maringapost.com.br\/orlandogonzalez\/wp-content\/uploads\/sites\/17\/2020\/06\/federer.jpg\",\"datePublished\":\"2020-06-10T16:12:33+00:00\",\"dateModified\":\"2020-06-10T16:15:04+00:00\",\"author\":{\"@id\":\"https:\/\/maringapost.com.br\/orlandogonzalez\/#\/schema\/person\/5cbe6257d08edea6afc9ebaa613b0633\"},\"inLanguage\":\"pt-BR\",\"potentialAction\":[{\"@type\":\"ReadAction\",\"target\":[\"https:\/\/maringapost.com.br\/orlandogonzalez\/2020\/06\/10\/radio-maringa-multicampeao-roger-federer-anuncia-que-nao-joga-mais-em-2020\/\"]}]},{\"@type\":\"ImageObject\",\"inLanguage\":\"pt-BR\",\"@id\":\"https:\/\/maringapost.com.br\/orlandogonzalez\/2020\/06\/10\/radio-maringa-multicampeao-roger-federer-anuncia-que-nao-joga-mais-em-2020\/#primaryimage\",\"url\":\"https:\/\/maringapost.com.br\/orlandogonzalez\/wp-content\/uploads\/sites\/17\/2020\/06\/federer.jpg\",\"contentUrl\":\"https:\/\/maringapost.com.br\/orlandogonzalez\/wp-content\/uploads\/sites\/17\/2020\/06\/federer.jpg\",\"width\":1170,\"height\":700},{\"@type\":\"WebSite\",\"@id\":\"https:\/\/maringapost.com.br\/orlandogonzalez\/#website\",\"url\":\"https:\/\/maringapost.com.br\/orlandogonzalez\/\",\"name\":\"Orlando Gonzalez\",\"description\":\"Destaca o esporte de Maring\u00e1! Destaca o esporte do Paran\u00e1! Destaca o esporte do Brasil!\",\"potentialAction\":[{\"@type\":\"SearchAction\",\"target\":{\"@type\":\"EntryPoint\",\"urlTemplate\":\"https:\/\/maringapost.com.br\/orlandogonzalez\/?s={search_term_string}\"},\"query-input\":\"required name=search_term_string\"}],\"inLanguage\":\"pt-BR\"},{\"@type\":\"Person\",\"@id\":\"https:\/\/maringapost.com.br\/orlandogonzalez\/#\/schema\/person\/5cbe6257d08edea6afc9ebaa613b0633\",\"name\":\"Orlando Gonzalez\",\"image\":{\"@type\":\"ImageObject\",\"inLanguage\":\"pt-BR\",\"@id\":\"https:\/\/maringapost.com.br\/orlandogonzalez\/#\/schema\/person\/image\/\",\"url\":\"https:\/\/secure.gravatar.com\/avatar\/ecef9d1c9afe5ebdafadde8369065ba5?s=96&d=mm&r=g\",\"contentUrl\":\"https:\/\/secure.gravatar.com\/avatar\/ecef9d1c9afe5ebdafadde8369065ba5?s=96&d=mm&r=g\",\"caption\":\"Orlando Gonzalez\"},\"description\":\"H\u00e1 29 anos na cobertura do esporte de Maring\u00e1. Plant\u00e3o e narrador esportivo. Presta\u00e7\u00e3o de assessoria de imprensa esportiva, cobertura e transmiss\u00f5es ao vivo de eventos esportivos. E-mail: orlandogonzalez.assessoria@gmail.com WhatsApp: (44) 9 9126-6119\",\"sameAs\":[\"http:\/\/www.radiomaringa.com.br\/\",\"https:\/\/www.facebook.com\/profile.php?id=100011095815065\",\"https:\/\/www.instagram.com\/orlandomgonzalez\/\",\"https:\/\/br.pinterest.com\/ogonzalez0530\/\",\"https:\/\/x.com\/gonzalezorlando\",\"https:\/\/www.youtube.com\/channel\/UCvFpl55btth8wjnKiSS1ibA\",\"https:\/\/radiomaringaweb.tumblr.com\/\"],\"url\":\"https:\/\/maringapost.com.br\/orlandogonzalez\/author\/orlando\/\"}]}<\/script>\n<!-- \/ Yoast SEO Premium plugin. -->","yoast_head_json":{"title":"R\u00c1DIO MARING\u00c1 - Multicampe\u00e3o Roger Federer anuncia que n\u00e3o joga mais em 2020 - Orlando Gonzalez","robots":{"index":"index","follow":"follow","max-snippet":"max-snippet:-1","max-image-preview":"max-image-preview:large","max-video-preview":"max-video-preview:-1"},"canonical":"https:\/\/maringapost.com.br\/orlandogonzalez\/2020\/06\/10\/radio-maringa-multicampeao-roger-federer-anuncia-que-nao-joga-mais-em-2020\/","og_locale":"pt_BR","og_type":"article","og_title":"R\u00c1DIO MARING\u00c1 - Multicampe\u00e3o Roger Federer anuncia que n\u00e3o joga mais em 2020","og_description":"Roger Federer n\u00e3o vai mais entrar em quadra em 2020. Nesta quarta-feira (10), o tenista anunciou em seu perfil oficial do Twitter que precisou de nova cirurgia no joelho direito, que j\u00e1 tinha sido operado em fevereiro, e vai aproveitar o restante do ano para se condicionar. O atual n\u00famero quatro do mundo anunciou no [&hellip;]","og_url":"https:\/\/maringapost.com.br\/orlandogonzalez\/2020\/06\/10\/radio-maringa-multicampeao-roger-federer-anuncia-que-nao-joga-mais-em-2020\/","og_site_name":"Orlando Gonzalez","article_author":"https:\/\/www.facebook.com\/profile.php?id=100011095815065","article_published_time":"2020-06-10T16:12:33+00:00","article_modified_time":"2020-06-10T16:15:04+00:00","og_image":[{"width":1170,"height":700,"url":"https:\/\/maringapost.com.br\/orlandogonzalez\/wp-content\/uploads\/sites\/17\/2020\/06\/federer.jpg","type":"image\/jpeg"}],"author":"Orlando Gonzalez","twitter_card":"summary_large_image","twitter_creator":"@gonzalezorlando","twitter_misc":{"Escrito por":false,"Est. tempo de leitura":"1 minuto"},"schema":{"@context":"https:\/\/schema.org","@graph":[{"@type":"WebPage","@id":"https:\/\/maringapost.com.br\/orlandogonzalez\/2020\/06\/10\/radio-maringa-multicampeao-roger-federer-anuncia-que-nao-joga-mais-em-2020\/","url":"https:\/\/maringapost.com.br\/orlandogonzalez\/2020\/06\/10\/radio-maringa-multicampeao-roger-federer-anuncia-que-nao-joga-mais-em-2020\/","name":"R\u00c1DIO MARING\u00c1 - Multicampe\u00e3o Roger Federer anuncia que n\u00e3o joga mais em 2020 - Orlando Gonzalez","isPartOf":{"@id":"https:\/\/maringapost.com.br\/orlandogonzalez\/#website"},"primaryImageOfPage":{"@id":"https:\/\/maringapost.com.br\/orlandogonzalez\/2020\/06\/10\/radio-maringa-multicampeao-roger-federer-anuncia-que-nao-joga-mais-em-2020\/#primaryimage"},"image":{"@id":"https:\/\/maringapost.com.br\/orlandogonzalez\/2020\/06\/10\/radio-maringa-multicampeao-roger-federer-anuncia-que-nao-joga-mais-em-2020\/#primaryimage"},"thumbnailUrl":"https:\/\/maringapost.com.br\/orlandogonzalez\/wp-content\/uploads\/sites\/17\/2020\/06\/federer.jpg","datePublished":"2020-06-10T16:12:33+00:00","dateModified":"2020-06-10T16:15:04+00:00","author":{"@id":"https:\/\/maringapost.com.br\/orlandogonzalez\/#\/schema\/person\/5cbe6257d08edea6afc9ebaa613b0633"},"inLanguage":"pt-BR","potentialAction":[{"@type":"ReadAction","target":["https:\/\/maringapost.com.br\/orlandogonzalez\/2020\/06\/10\/radio-maringa-multicampeao-roger-federer-anuncia-que-nao-joga-mais-em-2020\/"]}]},{"@type":"ImageObject","inLanguage":"pt-BR","@id":"https:\/\/maringapost.com.br\/orlandogonzalez\/2020\/06\/10\/radio-maringa-multicampeao-roger-federer-anuncia-que-nao-joga-mais-em-2020\/#primaryimage","url":"https:\/\/maringapost.com.br\/orlandogonzalez\/wp-content\/uploads\/sites\/17\/2020\/06\/federer.jpg","contentUrl":"https:\/\/maringapost.com.br\/orlandogonzalez\/wp-content\/uploads\/sites\/17\/2020\/06\/federer.jpg","width":1170,"height":700},{"@type":"WebSite","@id":"https:\/\/maringapost.com.br\/orlandogonzalez\/#website","url":"https:\/\/maringapost.com.br\/orlandogonzalez\/","name":"Orlando Gonzalez","description":"Destaca o esporte de Maring\u00e1! Destaca o esporte do Paran\u00e1! Destaca o esporte do Brasil!","potentialAction":[{"@type":"SearchAction","target":{"@type":"EntryPoint","urlTemplate":"https:\/\/maringapost.com.br\/orlandogonzalez\/?s={search_term_string}"},"query-input":"required name=search_term_string"}],"inLanguage":"pt-BR"},{"@type":"Person","@id":"https:\/\/maringapost.com.br\/orlandogonzalez\/#\/schema\/person\/5cbe6257d08edea6afc9ebaa613b0633","name":"Orlando Gonzalez","image":{"@type":"ImageObject","inLanguage":"pt-BR","@id":"https:\/\/maringapost.com.br\/orlandogonzalez\/#\/schema\/person\/image\/","url":"https:\/\/secure.gravatar.com\/avatar\/ecef9d1c9afe5ebdafadde8369065ba5?s=96&d=mm&r=g","contentUrl":"https:\/\/secure.gravatar.com\/avatar\/ecef9d1c9afe5ebdafadde8369065ba5?s=96&d=mm&r=g","caption":"Orlando Gonzalez"},"description":"H\u00e1 29 anos na cobertura do esporte de Maring\u00e1. Plant\u00e3o e narrador esportivo. Presta\u00e7\u00e3o de assessoria de imprensa esportiva, cobertura e transmiss\u00f5es ao vivo de eventos esportivos. E-mail: orlandogonzalez.assessoria@gmail.com WhatsApp: (44) 9 9126-6119","sameAs":["http:\/\/www.radiomaringa.com.br\/","https:\/\/www.facebook.com\/profile.php?id=100011095815065","https:\/\/www.instagram.com\/orlandomgonzalez\/","https:\/\/br.pinterest.com\/ogonzalez0530\/","https:\/\/x.com\/gonzalezorlando","https:\/\/www.youtube.com\/channel\/UCvFpl55btth8wjnKiSS1ibA","https:\/\/radiomaringaweb.tumblr.com\/"],"url":"https:\/\/maringapost.com.br\/orlandogonzalez\/author\/orlando\/"}]}},"_links":{"self":[{"href":"https:\/\/maringapost.com.br\/orlandogonzalez\/wp-json\/wp\/v2\/posts\/34958"}],"collection":[{"href":"https:\/\/maringapost.com.br\/orlandogonzalez\/wp-json\/wp\/v2\/posts"}],"about":[{"href":"https:\/\/maringapost.com.br\/orlandogonzalez\/wp-json\/wp\/v2\/types\/post"}],"author":[{"embeddable":true,"href":"https:\/\/maringapost.com.br\/orlandogonzalez\/wp-json\/wp\/v2\/users\/6307"}],"replies":[{"embeddable":true,"href":"https:\/\/maringapost.com.br\/orlandogonzalez\/wp-json\/wp\/v2\/comments?post=34958"}],"version-history":[{"count":1,"href":"https:\/\/maringapost.com.br\/orlandogonzalez\/wp-json\/wp\/v2\/posts\/34958\/revisions"}],"predecessor-version":[{"id":34960,"href":"https:\/\/maringapost.com.br\/orlandogonzalez\/wp-json\/wp\/v2\/posts\/34958\/revisions\/34960"}],"wp:featuredmedia":[{"embeddable":true,"href":"https:\/\/maringapost.com.br\/orlandogonzalez\/wp-json\/wp\/v2\/media\/34961"}],"wp:attachment":[{"href":"https:\/\/maringapost.com.br\/orlandogonzalez\/wp-json\/wp\/v2\/media?parent=34958"}],"wp:term":[{"taxonomy":"category","embeddable":true,"href":"https:\/\/maringapost.com.br\/orlandogonzalez\/wp-json\/wp\/v2\/categories?post=34958"},{"taxonomy":"post_tag","embeddable":true,"href":"https:\/\/maringapost.com.br\/orlandogonzalez\/wp-json\/wp\/v2\/tags?post=34958"}],"curies":[{"name":"wp","href":"https:\/\/api.w.org\/{rel}","templated":true}]}}