{"id":34830,"date":"2020-06-01T10:54:46","date_gmt":"2020-06-01T13:54:46","guid":{"rendered":"http:\/\/maringapost.com.br\/orlandogonzalez\/?p=34830"},"modified":"2020-06-01T10:55:07","modified_gmt":"2020-06-01T13:55:07","slug":"radio-maringa-fluminense-anuncia-contratacao-de-fred","status":"publish","type":"post","link":"https:\/\/maringapost.com.br\/orlandogonzalez\/2020\/06\/01\/radio-maringa-fluminense-anuncia-contratacao-de-fred\/","title":{"rendered":"R\u00c1DIO MARING\u00c1 &#8211; Fluminense anuncia contrata\u00e7\u00e3o de Fred"},"content":{"rendered":"<p>O Fluminense anunciou neste domingo (31), a contrata\u00e7\u00e3o do atacante Fred, que vestiu a camisa do Cruzeiro na \u00faltima temporada. Esta ser\u00e1 a segunda passagem do jogador pela equipe tricolor: a primeira ocorreu entre 2009 e 2016. Neste per\u00edodo, ele se tornou o terceiro maior artilheiro da hist\u00f3ria do clube, com 172 gols em 288 jogos, ficando atr\u00e1s somente de Waldo (319) e Orlando Pingo de Ouro (184). Em nota oficial, publicada no site do Tricolor, o presidente M\u00e1rio Bittencourt, comemora o retorno do \u00eddolo, que aceitou uma redu\u00e7\u00e3o salarial enquanto o Campeonato Brasileiro n\u00e3o iretorna, em decorr\u00eancia da pandemia do novo coronav\u00edrus (covid-19). (<a href=\"http:\/\/www.radiomaringa.com.br\" target=\"_blank\" rel=\"noopener noreferrer\">MAIS&#8230;<\/a>)<\/p>\n<p>\u201cTrazer de volta um \u00eddolo como o Fred \u00e9 realmente muito especial, ainda mais para ajudar na reconstru\u00e7\u00e3o do Fluminense. \u00c9 importante destacar que o atleta est\u00e1 totalmente ciente desse nosso momento, entendendo essa nossa atual realidade. Prova disso \u00e9 que, enquanto o Campeonato Brasileiro n\u00e3o se iniciar, o jogador abrir\u00e1 m\u00e3o da maior parte de seu sal\u00e1rio para receber 2 sal\u00e1rios m\u00ednimos.\u201d<\/p>\n<p>O clube ainda explica que a remunera\u00e7\u00e3o paga ao jogador ser\u00e1 dividida em duas partes, uma fixa e a outra vari\u00e1vel. Esta vai depender da venda da linha de produtos, ingresso de novos s\u00f3cios torcedores, patroc\u00ednios exclusivos, venda de camisas e outros projetos de marketing. O contrato come\u00e7a a valer j\u00e1 a partir de amanh\u00e3 (1\u00ba de junho) e seguir\u00e1 at\u00e9 at\u00e9 julho de 2021, data que ser\u00e1 comemorada os 120 anos do Fluminense.<\/p>\n<p>Ap\u00f3s o an\u00fancio, o atacante, de 36 anos, prometeu dedica\u00e7\u00e3o total \u00e0 equipe carioca. \u201cVou dar vida com essa camisa e acho que estou voltando para um desafio muito grande na minha carreira. Mas n\u00e3o estou indo s\u00f3 pelo que eu j\u00e1 fiz, mas para provar mais uma vez que sou capaz de continuar jogando em alto n\u00edvel para a nossa torcida, eles sabem que eu posso fazer isso por eles. Vou fazer de tudo, o poss\u00edvel e o imposs\u00edvel, para fazer o Fluminense melhor e conseguir vit\u00f3rias a cada jogo. Podem ficar tranquilos que estou me doando no dia a dia 100% para fazer meu melhor e a gente comemorar muita coisa juntos\u201d<\/p>\n<p>A\u00e7\u00e3o beneficente na volta ao RJ<br \/>\nNa tarde deste domingo (31), durante transmiss\u00e3o da TV Globo, que reprisou o tetracampeonato do Flu no Brasileir\u00e3o de 2012, Fred revelou que voltar\u00e1 pedalando de Belo Horizonte (MG) at\u00e9 o CT Tricolor no Rio de Janeiro, um percurso de aproximadamente 400 quil\u00f4metros. A iniciativa faz parte de um projeto para ajudar fam\u00edlias carentes.<\/p>\n<p>\u201cAntes desse projeto funcionar, j\u00e1 tenho alimentos para ajudar mais de tr\u00eas mil fam\u00edlias. E tamb\u00e9m vou lan\u00e7ar o desafio: para cada quil\u00f4metro que percorrer, tamb\u00e9m vou doar cesta b\u00e1sica. A torcida do Fluminense \u00e9 muito solid\u00e1ria, o povo brasileiro \u00e9 muito solid\u00e1rio, e estamos conseguindo atrav\u00e9s das redes sociais, do esporte de alguma forma, levar alegria e ajudar algu\u00e9m\u201d.<br \/>\n(Texto: Rafael Monteiro\/Ag\u00eancia Brasil. Foto: Nelson Perez\/Fluminense)<\/p>\n","protected":false},"excerpt":{"rendered":"<p>O Fluminense anunciou neste domingo (31), a contrata\u00e7\u00e3o do atacante Fred, que vestiu a camisa do Cruzeiro na \u00faltima temporada. Esta ser\u00e1 a segunda passagem do jogador pela equipe tricolor: a primeira ocorreu entre 2009 e 2016. Neste per\u00edodo, ele se tornou o terceiro maior artilheiro da hist\u00f3ria do clube, com 172 gols em 288 [&hellip;]<\/p>\n","protected":false},"author":6307,"featured_media":34831,"comment_status":"closed","ping_status":"open","sticky":false,"template":"","format":"standard","meta":{"_exactmetrics_skip_tracking":false,"_exactmetrics_sitenote_active":false,"_exactmetrics_sitenote_note":"","_exactmetrics_sitenote_category":0,"footnotes":""},"categories":[4983],"tags":[5831,5830,47],"yoast_head":"<!-- This site is optimized with the Yoast SEO Premium plugin v22.7 (Yoast SEO v22.7) - https:\/\/yoast.com\/wordpress\/plugins\/seo\/ -->\n<title>R\u00c1DIO MARING\u00c1 - Fluminense anuncia contrata\u00e7\u00e3o de Fred - Orlando Gonzalez<\/title>\n<meta name=\"robots\" content=\"index, follow, max-snippet:-1, max-image-preview:large, max-video-preview:-1\" \/>\n<link rel=\"canonical\" href=\"https:\/\/maringapost.com.br\/orlandogonzalez\/2020\/06\/01\/radio-maringa-fluminense-anuncia-contratacao-de-fred\/\" \/>\n<meta property=\"og:locale\" content=\"pt_BR\" \/>\n<meta property=\"og:type\" content=\"article\" \/>\n<meta property=\"og:title\" content=\"R\u00c1DIO MARING\u00c1 - Fluminense anuncia contrata\u00e7\u00e3o de Fred\" \/>\n<meta property=\"og:description\" content=\"O Fluminense anunciou neste domingo (31), a contrata\u00e7\u00e3o do atacante Fred, que vestiu a camisa do Cruzeiro na \u00faltima temporada. Esta ser\u00e1 a segunda passagem do jogador pela equipe tricolor: a primeira ocorreu entre 2009 e 2016. Neste per\u00edodo, ele se tornou o terceiro maior artilheiro da hist\u00f3ria do clube, com 172 gols em 288 [&hellip;]\" \/>\n<meta property=\"og:url\" content=\"https:\/\/maringapost.com.br\/orlandogonzalez\/2020\/06\/01\/radio-maringa-fluminense-anuncia-contratacao-de-fred\/\" \/>\n<meta property=\"og:site_name\" content=\"Orlando Gonzalez\" \/>\n<meta property=\"article:author\" content=\"https:\/\/www.facebook.com\/profile.php?id=100011095815065\" \/>\n<meta property=\"article:published_time\" content=\"2020-06-01T13:54:46+00:00\" \/>\n<meta property=\"article:modified_time\" content=\"2020-06-01T13:55:07+00:00\" \/>\n<meta property=\"og:image\" content=\"https:\/\/maringapost.com.br\/orlandogonzalez\/wp-content\/uploads\/sites\/17\/2020\/06\/fred.jpg\" \/>\n\t<meta property=\"og:image:width\" content=\"1170\" \/>\n\t<meta property=\"og:image:height\" content=\"700\" \/>\n\t<meta property=\"og:image:type\" content=\"image\/jpeg\" \/>\n<meta name=\"author\" content=\"Orlando Gonzalez\" \/>\n<meta name=\"twitter:card\" content=\"summary_large_image\" \/>\n<meta name=\"twitter:creator\" content=\"@gonzalezorlando\" \/>\n<meta name=\"twitter:label1\" content=\"Escrito por\" \/>\n\t<meta name=\"twitter:data1\" content=\"\" \/>\n\t<meta name=\"twitter:label2\" content=\"Est. tempo de leitura\" \/>\n\t<meta name=\"twitter:data2\" content=\"3 minutos\" \/>\n<script type=\"application\/ld+json\" class=\"yoast-schema-graph\">{\"@context\":\"https:\/\/schema.org\",\"@graph\":[{\"@type\":\"WebPage\",\"@id\":\"https:\/\/maringapost.com.br\/orlandogonzalez\/2020\/06\/01\/radio-maringa-fluminense-anuncia-contratacao-de-fred\/\",\"url\":\"https:\/\/maringapost.com.br\/orlandogonzalez\/2020\/06\/01\/radio-maringa-fluminense-anuncia-contratacao-de-fred\/\",\"name\":\"R\u00c1DIO MARING\u00c1 - Fluminense anuncia contrata\u00e7\u00e3o de Fred - Orlando Gonzalez\",\"isPartOf\":{\"@id\":\"https:\/\/maringapost.com.br\/orlandogonzalez\/#website\"},\"primaryImageOfPage\":{\"@id\":\"https:\/\/maringapost.com.br\/orlandogonzalez\/2020\/06\/01\/radio-maringa-fluminense-anuncia-contratacao-de-fred\/#primaryimage\"},\"image\":{\"@id\":\"https:\/\/maringapost.com.br\/orlandogonzalez\/2020\/06\/01\/radio-maringa-fluminense-anuncia-contratacao-de-fred\/#primaryimage\"},\"thumbnailUrl\":\"https:\/\/maringapost.com.br\/orlandogonzalez\/wp-content\/uploads\/sites\/17\/2020\/06\/fred.jpg\",\"datePublished\":\"2020-06-01T13:54:46+00:00\",\"dateModified\":\"2020-06-01T13:55:07+00:00\",\"author\":{\"@id\":\"https:\/\/maringapost.com.br\/orlandogonzalez\/#\/schema\/person\/5cbe6257d08edea6afc9ebaa613b0633\"},\"inLanguage\":\"pt-BR\",\"potentialAction\":[{\"@type\":\"ReadAction\",\"target\":[\"https:\/\/maringapost.com.br\/orlandogonzalez\/2020\/06\/01\/radio-maringa-fluminense-anuncia-contratacao-de-fred\/\"]}]},{\"@type\":\"ImageObject\",\"inLanguage\":\"pt-BR\",\"@id\":\"https:\/\/maringapost.com.br\/orlandogonzalez\/2020\/06\/01\/radio-maringa-fluminense-anuncia-contratacao-de-fred\/#primaryimage\",\"url\":\"https:\/\/maringapost.com.br\/orlandogonzalez\/wp-content\/uploads\/sites\/17\/2020\/06\/fred.jpg\",\"contentUrl\":\"https:\/\/maringapost.com.br\/orlandogonzalez\/wp-content\/uploads\/sites\/17\/2020\/06\/fred.jpg\",\"width\":1170,\"height\":700},{\"@type\":\"WebSite\",\"@id\":\"https:\/\/maringapost.com.br\/orlandogonzalez\/#website\",\"url\":\"https:\/\/maringapost.com.br\/orlandogonzalez\/\",\"name\":\"Orlando Gonzalez\",\"description\":\"Destaca o esporte de Maring\u00e1! Destaca o esporte do Paran\u00e1! Destaca o esporte do Brasil!\",\"potentialAction\":[{\"@type\":\"SearchAction\",\"target\":{\"@type\":\"EntryPoint\",\"urlTemplate\":\"https:\/\/maringapost.com.br\/orlandogonzalez\/?s={search_term_string}\"},\"query-input\":\"required name=search_term_string\"}],\"inLanguage\":\"pt-BR\"},{\"@type\":\"Person\",\"@id\":\"https:\/\/maringapost.com.br\/orlandogonzalez\/#\/schema\/person\/5cbe6257d08edea6afc9ebaa613b0633\",\"name\":\"Orlando Gonzalez\",\"image\":{\"@type\":\"ImageObject\",\"inLanguage\":\"pt-BR\",\"@id\":\"https:\/\/maringapost.com.br\/orlandogonzalez\/#\/schema\/person\/image\/\",\"url\":\"https:\/\/secure.gravatar.com\/avatar\/ecef9d1c9afe5ebdafadde8369065ba5?s=96&d=mm&r=g\",\"contentUrl\":\"https:\/\/secure.gravatar.com\/avatar\/ecef9d1c9afe5ebdafadde8369065ba5?s=96&d=mm&r=g\",\"caption\":\"Orlando Gonzalez\"},\"description\":\"H\u00e1 29 anos na cobertura do esporte de Maring\u00e1. Plant\u00e3o e narrador esportivo. Presta\u00e7\u00e3o de assessoria de imprensa esportiva, cobertura e transmiss\u00f5es ao vivo de eventos esportivos. E-mail: orlandogonzalez.assessoria@gmail.com WhatsApp: (44) 9 9126-6119\",\"sameAs\":[\"http:\/\/www.radiomaringa.com.br\/\",\"https:\/\/www.facebook.com\/profile.php?id=100011095815065\",\"https:\/\/www.instagram.com\/orlandomgonzalez\/\",\"https:\/\/br.pinterest.com\/ogonzalez0530\/\",\"https:\/\/x.com\/gonzalezorlando\",\"https:\/\/www.youtube.com\/channel\/UCvFpl55btth8wjnKiSS1ibA\",\"https:\/\/radiomaringaweb.tumblr.com\/\"],\"url\":\"https:\/\/maringapost.com.br\/orlandogonzalez\/author\/orlando\/\"}]}<\/script>\n<!-- \/ Yoast SEO Premium plugin. -->","yoast_head_json":{"title":"R\u00c1DIO MARING\u00c1 - Fluminense anuncia contrata\u00e7\u00e3o de Fred - Orlando Gonzalez","robots":{"index":"index","follow":"follow","max-snippet":"max-snippet:-1","max-image-preview":"max-image-preview:large","max-video-preview":"max-video-preview:-1"},"canonical":"https:\/\/maringapost.com.br\/orlandogonzalez\/2020\/06\/01\/radio-maringa-fluminense-anuncia-contratacao-de-fred\/","og_locale":"pt_BR","og_type":"article","og_title":"R\u00c1DIO MARING\u00c1 - Fluminense anuncia contrata\u00e7\u00e3o de Fred","og_description":"O Fluminense anunciou neste domingo (31), a contrata\u00e7\u00e3o do atacante Fred, que vestiu a camisa do Cruzeiro na \u00faltima temporada. Esta ser\u00e1 a segunda passagem do jogador pela equipe tricolor: a primeira ocorreu entre 2009 e 2016. Neste per\u00edodo, ele se tornou o terceiro maior artilheiro da hist\u00f3ria do clube, com 172 gols em 288 [&hellip;]","og_url":"https:\/\/maringapost.com.br\/orlandogonzalez\/2020\/06\/01\/radio-maringa-fluminense-anuncia-contratacao-de-fred\/","og_site_name":"Orlando Gonzalez","article_author":"https:\/\/www.facebook.com\/profile.php?id=100011095815065","article_published_time":"2020-06-01T13:54:46+00:00","article_modified_time":"2020-06-01T13:55:07+00:00","og_image":[{"width":1170,"height":700,"url":"https:\/\/maringapost.com.br\/orlandogonzalez\/wp-content\/uploads\/sites\/17\/2020\/06\/fred.jpg","type":"image\/jpeg"}],"author":"Orlando Gonzalez","twitter_card":"summary_large_image","twitter_creator":"@gonzalezorlando","twitter_misc":{"Escrito por":false,"Est. tempo de leitura":"3 minutos"},"schema":{"@context":"https:\/\/schema.org","@graph":[{"@type":"WebPage","@id":"https:\/\/maringapost.com.br\/orlandogonzalez\/2020\/06\/01\/radio-maringa-fluminense-anuncia-contratacao-de-fred\/","url":"https:\/\/maringapost.com.br\/orlandogonzalez\/2020\/06\/01\/radio-maringa-fluminense-anuncia-contratacao-de-fred\/","name":"R\u00c1DIO MARING\u00c1 - Fluminense anuncia contrata\u00e7\u00e3o de Fred - Orlando Gonzalez","isPartOf":{"@id":"https:\/\/maringapost.com.br\/orlandogonzalez\/#website"},"primaryImageOfPage":{"@id":"https:\/\/maringapost.com.br\/orlandogonzalez\/2020\/06\/01\/radio-maringa-fluminense-anuncia-contratacao-de-fred\/#primaryimage"},"image":{"@id":"https:\/\/maringapost.com.br\/orlandogonzalez\/2020\/06\/01\/radio-maringa-fluminense-anuncia-contratacao-de-fred\/#primaryimage"},"thumbnailUrl":"https:\/\/maringapost.com.br\/orlandogonzalez\/wp-content\/uploads\/sites\/17\/2020\/06\/fred.jpg","datePublished":"2020-06-01T13:54:46+00:00","dateModified":"2020-06-01T13:55:07+00:00","author":{"@id":"https:\/\/maringapost.com.br\/orlandogonzalez\/#\/schema\/person\/5cbe6257d08edea6afc9ebaa613b0633"},"inLanguage":"pt-BR","potentialAction":[{"@type":"ReadAction","target":["https:\/\/maringapost.com.br\/orlandogonzalez\/2020\/06\/01\/radio-maringa-fluminense-anuncia-contratacao-de-fred\/"]}]},{"@type":"ImageObject","inLanguage":"pt-BR","@id":"https:\/\/maringapost.com.br\/orlandogonzalez\/2020\/06\/01\/radio-maringa-fluminense-anuncia-contratacao-de-fred\/#primaryimage","url":"https:\/\/maringapost.com.br\/orlandogonzalez\/wp-content\/uploads\/sites\/17\/2020\/06\/fred.jpg","contentUrl":"https:\/\/maringapost.com.br\/orlandogonzalez\/wp-content\/uploads\/sites\/17\/2020\/06\/fred.jpg","width":1170,"height":700},{"@type":"WebSite","@id":"https:\/\/maringapost.com.br\/orlandogonzalez\/#website","url":"https:\/\/maringapost.com.br\/orlandogonzalez\/","name":"Orlando Gonzalez","description":"Destaca o esporte de Maring\u00e1! Destaca o esporte do Paran\u00e1! Destaca o esporte do Brasil!","potentialAction":[{"@type":"SearchAction","target":{"@type":"EntryPoint","urlTemplate":"https:\/\/maringapost.com.br\/orlandogonzalez\/?s={search_term_string}"},"query-input":"required name=search_term_string"}],"inLanguage":"pt-BR"},{"@type":"Person","@id":"https:\/\/maringapost.com.br\/orlandogonzalez\/#\/schema\/person\/5cbe6257d08edea6afc9ebaa613b0633","name":"Orlando Gonzalez","image":{"@type":"ImageObject","inLanguage":"pt-BR","@id":"https:\/\/maringapost.com.br\/orlandogonzalez\/#\/schema\/person\/image\/","url":"https:\/\/secure.gravatar.com\/avatar\/ecef9d1c9afe5ebdafadde8369065ba5?s=96&d=mm&r=g","contentUrl":"https:\/\/secure.gravatar.com\/avatar\/ecef9d1c9afe5ebdafadde8369065ba5?s=96&d=mm&r=g","caption":"Orlando Gonzalez"},"description":"H\u00e1 29 anos na cobertura do esporte de Maring\u00e1. Plant\u00e3o e narrador esportivo. Presta\u00e7\u00e3o de assessoria de imprensa esportiva, cobertura e transmiss\u00f5es ao vivo de eventos esportivos. E-mail: orlandogonzalez.assessoria@gmail.com WhatsApp: (44) 9 9126-6119","sameAs":["http:\/\/www.radiomaringa.com.br\/","https:\/\/www.facebook.com\/profile.php?id=100011095815065","https:\/\/www.instagram.com\/orlandomgonzalez\/","https:\/\/br.pinterest.com\/ogonzalez0530\/","https:\/\/x.com\/gonzalezorlando","https:\/\/www.youtube.com\/channel\/UCvFpl55btth8wjnKiSS1ibA","https:\/\/radiomaringaweb.tumblr.com\/"],"url":"https:\/\/maringapost.com.br\/orlandogonzalez\/author\/orlando\/"}]}},"_links":{"self":[{"href":"https:\/\/maringapost.com.br\/orlandogonzalez\/wp-json\/wp\/v2\/posts\/34830"}],"collection":[{"href":"https:\/\/maringapost.com.br\/orlandogonzalez\/wp-json\/wp\/v2\/posts"}],"about":[{"href":"https:\/\/maringapost.com.br\/orlandogonzalez\/wp-json\/wp\/v2\/types\/post"}],"author":[{"embeddable":true,"href":"https:\/\/maringapost.com.br\/orlandogonzalez\/wp-json\/wp\/v2\/users\/6307"}],"replies":[{"embeddable":true,"href":"https:\/\/maringapost.com.br\/orlandogonzalez\/wp-json\/wp\/v2\/comments?post=34830"}],"version-history":[{"count":1,"href":"https:\/\/maringapost.com.br\/orlandogonzalez\/wp-json\/wp\/v2\/posts\/34830\/revisions"}],"predecessor-version":[{"id":34832,"href":"https:\/\/maringapost.com.br\/orlandogonzalez\/wp-json\/wp\/v2\/posts\/34830\/revisions\/34832"}],"wp:featuredmedia":[{"embeddable":true,"href":"https:\/\/maringapost.com.br\/orlandogonzalez\/wp-json\/wp\/v2\/media\/34831"}],"wp:attachment":[{"href":"https:\/\/maringapost.com.br\/orlandogonzalez\/wp-json\/wp\/v2\/media?parent=34830"}],"wp:term":[{"taxonomy":"category","embeddable":true,"href":"https:\/\/maringapost.com.br\/orlandogonzalez\/wp-json\/wp\/v2\/categories?post=34830"},{"taxonomy":"post_tag","embeddable":true,"href":"https:\/\/maringapost.com.br\/orlandogonzalez\/wp-json\/wp\/v2\/tags?post=34830"}],"curies":[{"name":"wp","href":"https:\/\/api.w.org\/{rel}","templated":true}]}}