{"id":33067,"date":"2020-02-20T23:07:06","date_gmt":"2020-02-21T02:07:06","guid":{"rendered":"http:\/\/maringapost.com.br\/orlandogonzalez\/?p=33067"},"modified":"2020-02-20T23:07:34","modified_gmt":"2020-02-21T02:07:34","slug":"nadadora-emily-bazan-da-apan-maringa-volta-apos-6-meses-nos-eua","status":"publish","type":"post","link":"https:\/\/maringapost.com.br\/orlandogonzalez\/2020\/02\/20\/nadadora-emily-bazan-da-apan-maringa-volta-apos-6-meses-nos-eua\/","title":{"rendered":"Nadadora Emily Bazan, da APAN Maring\u00e1, volta ap\u00f3s 6 meses nos EUA"},"content":{"rendered":"<p><em>Orlando Gonzalez<\/em><br \/>\nA nadadora Emily Bazan, 17 anos, \u00e9 o refor\u00e7o da APAN Maring\u00e1 nas disputas do Torneio Regional, que acontece agora em mar\u00e7o, nas piscinas da Vila Ol\u00edmpica, em Maring\u00e1. Bazan esteve nos \u00faltimos seis meses residindo em Dallas, no Texas-EUA. Aproveitou para estudar, melhorar o ingl\u00eas e, \u00e9 claro, nadar.<\/p>\n<p>Emily retornou nesta quinta \u00e0 Cidade Can\u00e7\u00e3o e j\u00e1 foi direto para a Vila Ol\u00edmpica. Conversou com os amigos, estudantes-nadadores de Maring\u00e1, e voltou a treinar. Emily \u00e9 irm\u00e3 do tamb\u00e9m nadador Enzo e filha de Raquel Bazan, presidente da APAN Maring\u00e1.<\/p>\n<div id='gallery-1' class='gallery galleryid-33067 gallery-columns-3 gallery-size-thumbnail'><figure class='gallery-item'>\n\t\t\t<div class='gallery-icon landscape'>\n\t\t\t\t<a href='https:\/\/maringapost.com.br\/orlandogonzalez\/2020\/02\/20\/nadadora-emily-bazan-da-apan-maringa-volta-apos-6-meses-nos-eua\/emily2-2\/'><img loading=\"lazy\" decoding=\"async\" width=\"150\" height=\"150\" src=\"https:\/\/maringapost.com.br\/orlandogonzalez\/wp-content\/uploads\/sites\/17\/2020\/02\/emily2-150x150.jpg\" class=\"attachment-thumbnail size-thumbnail\" alt=\"\" \/><\/a>\n\t\t\t<\/div><\/figure><figure class='gallery-item'>\n\t\t\t<div class='gallery-icon portrait'>\n\t\t\t\t<a href='https:\/\/maringapost.com.br\/orlandogonzalez\/2020\/02\/20\/nadadora-emily-bazan-da-apan-maringa-volta-apos-6-meses-nos-eua\/emily3\/'><img loading=\"lazy\" decoding=\"async\" width=\"150\" height=\"150\" src=\"https:\/\/maringapost.com.br\/orlandogonzalez\/wp-content\/uploads\/sites\/17\/2020\/02\/emily3-150x150.jpg\" class=\"attachment-thumbnail size-thumbnail\" alt=\"\" srcset=\"https:\/\/maringapost.com.br\/orlandogonzalez\/wp-content\/uploads\/sites\/17\/2020\/02\/emily3-150x150.jpg 150w, https:\/\/maringapost.com.br\/orlandogonzalez\/wp-content\/uploads\/sites\/17\/2020\/02\/emily3-300x300.jpg 300w, https:\/\/maringapost.com.br\/orlandogonzalez\/wp-content\/uploads\/sites\/17\/2020\/02\/emily3-768x770.jpg 768w, https:\/\/maringapost.com.br\/orlandogonzalez\/wp-content\/uploads\/sites\/17\/2020\/02\/emily3-696x697.jpg 696w, https:\/\/maringapost.com.br\/orlandogonzalez\/wp-content\/uploads\/sites\/17\/2020\/02\/emily3-419x420.jpg 419w, https:\/\/maringapost.com.br\/orlandogonzalez\/wp-content\/uploads\/sites\/17\/2020\/02\/emily3.jpg 960w\" sizes=\"(max-width: 150px) 100vw, 150px\" \/><\/a>\n\t\t\t<\/div><\/figure><figure class='gallery-item'>\n\t\t\t<div class='gallery-icon landscape'>\n\t\t\t\t<a href='https:\/\/maringapost.com.br\/orlandogonzalez\/2020\/02\/20\/nadadora-emily-bazan-da-apan-maringa-volta-apos-6-meses-nos-eua\/emily4\/'><img loading=\"lazy\" decoding=\"async\" width=\"150\" height=\"150\" src=\"https:\/\/maringapost.com.br\/orlandogonzalez\/wp-content\/uploads\/sites\/17\/2020\/02\/emily4-150x150.jpg\" class=\"attachment-thumbnail size-thumbnail\" alt=\"\" \/><\/a>\n\t\t\t<\/div><\/figure>\n\t\t<\/div>\n\n<p><a href=\"http:\/\/www.orlandogonzalez.com.br\" target=\"_blank\" rel=\"noopener noreferrer\">MAIS&#8230;<\/a><\/p>\n","protected":false},"excerpt":{"rendered":"<p>Orlando Gonzalez A nadadora Emily Bazan, 17 anos, \u00e9 o refor\u00e7o da APAN Maring\u00e1 nas disputas do Torneio Regional, que acontece agora em mar\u00e7o, nas piscinas da Vila Ol\u00edmpica, em Maring\u00e1. Bazan esteve nos \u00faltimos seis meses residindo em Dallas, no Texas-EUA. Aproveitou para estudar, melhorar o ingl\u00eas e, \u00e9 claro, nadar. Emily retornou nesta [&hellip;]<\/p>\n","protected":false},"author":6307,"featured_media":33071,"comment_status":"closed","ping_status":"open","sticky":false,"template":"","format":"standard","meta":{"_exactmetrics_skip_tracking":false,"_exactmetrics_sitenote_active":false,"_exactmetrics_sitenote_note":"","_exactmetrics_sitenote_category":0,"footnotes":""},"categories":[1052],"tags":[1053,936,1054,47,107],"yoast_head":"<!-- This site is optimized with the Yoast SEO Premium plugin v22.7 (Yoast SEO v22.7) - https:\/\/yoast.com\/wordpress\/plugins\/seo\/ -->\n<title>Nadadora Emily Bazan, da APAN Maring\u00e1, volta ap\u00f3s 6 meses nos EUA - Orlando Gonzalez<\/title>\n<meta name=\"robots\" content=\"index, follow, max-snippet:-1, max-image-preview:large, max-video-preview:-1\" \/>\n<link rel=\"canonical\" href=\"https:\/\/maringapost.com.br\/orlandogonzalez\/2020\/02\/20\/nadadora-emily-bazan-da-apan-maringa-volta-apos-6-meses-nos-eua\/\" \/>\n<meta property=\"og:locale\" content=\"pt_BR\" \/>\n<meta property=\"og:type\" content=\"article\" \/>\n<meta property=\"og:title\" content=\"Nadadora Emily Bazan, da APAN Maring\u00e1, volta ap\u00f3s 6 meses nos EUA\" \/>\n<meta property=\"og:description\" content=\"Orlando Gonzalez A nadadora Emily Bazan, 17 anos, \u00e9 o refor\u00e7o da APAN Maring\u00e1 nas disputas do Torneio Regional, que acontece agora em mar\u00e7o, nas piscinas da Vila Ol\u00edmpica, em Maring\u00e1. Bazan esteve nos \u00faltimos seis meses residindo em Dallas, no Texas-EUA. Aproveitou para estudar, melhorar o ingl\u00eas e, \u00e9 claro, nadar. Emily retornou nesta [&hellip;]\" \/>\n<meta property=\"og:url\" content=\"https:\/\/maringapost.com.br\/orlandogonzalez\/2020\/02\/20\/nadadora-emily-bazan-da-apan-maringa-volta-apos-6-meses-nos-eua\/\" \/>\n<meta property=\"og:site_name\" content=\"Orlando Gonzalez\" \/>\n<meta property=\"article:author\" content=\"https:\/\/www.facebook.com\/profile.php?id=100011095815065\" \/>\n<meta property=\"article:published_time\" content=\"2020-02-21T02:07:06+00:00\" \/>\n<meta property=\"article:modified_time\" content=\"2020-02-21T02:07:34+00:00\" \/>\n<meta property=\"og:image\" content=\"https:\/\/maringapost.com.br\/orlandogonzalez\/wp-content\/uploads\/sites\/17\/2020\/02\/emily1.jpg\" \/>\n\t<meta property=\"og:image:width\" content=\"960\" \/>\n\t<meta property=\"og:image:height\" content=\"832\" \/>\n\t<meta property=\"og:image:type\" content=\"image\/jpeg\" \/>\n<meta name=\"author\" content=\"Orlando Gonzalez\" \/>\n<meta name=\"twitter:card\" content=\"summary_large_image\" \/>\n<meta name=\"twitter:creator\" content=\"@gonzalezorlando\" \/>\n<meta name=\"twitter:label1\" content=\"Escrito por\" \/>\n\t<meta name=\"twitter:data1\" content=\"\" \/>\n<script type=\"application\/ld+json\" class=\"yoast-schema-graph\">{\"@context\":\"https:\/\/schema.org\",\"@graph\":[{\"@type\":\"WebPage\",\"@id\":\"https:\/\/maringapost.com.br\/orlandogonzalez\/2020\/02\/20\/nadadora-emily-bazan-da-apan-maringa-volta-apos-6-meses-nos-eua\/\",\"url\":\"https:\/\/maringapost.com.br\/orlandogonzalez\/2020\/02\/20\/nadadora-emily-bazan-da-apan-maringa-volta-apos-6-meses-nos-eua\/\",\"name\":\"Nadadora Emily Bazan, da APAN Maring\u00e1, volta ap\u00f3s 6 meses nos EUA - Orlando Gonzalez\",\"isPartOf\":{\"@id\":\"https:\/\/maringapost.com.br\/orlandogonzalez\/#website\"},\"primaryImageOfPage\":{\"@id\":\"https:\/\/maringapost.com.br\/orlandogonzalez\/2020\/02\/20\/nadadora-emily-bazan-da-apan-maringa-volta-apos-6-meses-nos-eua\/#primaryimage\"},\"image\":{\"@id\":\"https:\/\/maringapost.com.br\/orlandogonzalez\/2020\/02\/20\/nadadora-emily-bazan-da-apan-maringa-volta-apos-6-meses-nos-eua\/#primaryimage\"},\"thumbnailUrl\":\"https:\/\/maringapost.com.br\/orlandogonzalez\/wp-content\/uploads\/sites\/17\/2020\/02\/emily1.jpg\",\"datePublished\":\"2020-02-21T02:07:06+00:00\",\"dateModified\":\"2020-02-21T02:07:34+00:00\",\"author\":{\"@id\":\"https:\/\/maringapost.com.br\/orlandogonzalez\/#\/schema\/person\/5cbe6257d08edea6afc9ebaa613b0633\"},\"inLanguage\":\"pt-BR\",\"potentialAction\":[{\"@type\":\"ReadAction\",\"target\":[\"https:\/\/maringapost.com.br\/orlandogonzalez\/2020\/02\/20\/nadadora-emily-bazan-da-apan-maringa-volta-apos-6-meses-nos-eua\/\"]}]},{\"@type\":\"ImageObject\",\"inLanguage\":\"pt-BR\",\"@id\":\"https:\/\/maringapost.com.br\/orlandogonzalez\/2020\/02\/20\/nadadora-emily-bazan-da-apan-maringa-volta-apos-6-meses-nos-eua\/#primaryimage\",\"url\":\"https:\/\/maringapost.com.br\/orlandogonzalez\/wp-content\/uploads\/sites\/17\/2020\/02\/emily1.jpg\",\"contentUrl\":\"https:\/\/maringapost.com.br\/orlandogonzalez\/wp-content\/uploads\/sites\/17\/2020\/02\/emily1.jpg\",\"width\":960,\"height\":832},{\"@type\":\"WebSite\",\"@id\":\"https:\/\/maringapost.com.br\/orlandogonzalez\/#website\",\"url\":\"https:\/\/maringapost.com.br\/orlandogonzalez\/\",\"name\":\"Orlando Gonzalez\",\"description\":\"Destaca o esporte de Maring\u00e1! Destaca o esporte do Paran\u00e1! Destaca o esporte do Brasil!\",\"potentialAction\":[{\"@type\":\"SearchAction\",\"target\":{\"@type\":\"EntryPoint\",\"urlTemplate\":\"https:\/\/maringapost.com.br\/orlandogonzalez\/?s={search_term_string}\"},\"query-input\":\"required name=search_term_string\"}],\"inLanguage\":\"pt-BR\"},{\"@type\":\"Person\",\"@id\":\"https:\/\/maringapost.com.br\/orlandogonzalez\/#\/schema\/person\/5cbe6257d08edea6afc9ebaa613b0633\",\"name\":\"Orlando Gonzalez\",\"image\":{\"@type\":\"ImageObject\",\"inLanguage\":\"pt-BR\",\"@id\":\"https:\/\/maringapost.com.br\/orlandogonzalez\/#\/schema\/person\/image\/\",\"url\":\"https:\/\/secure.gravatar.com\/avatar\/ecef9d1c9afe5ebdafadde8369065ba5?s=96&d=mm&r=g\",\"contentUrl\":\"https:\/\/secure.gravatar.com\/avatar\/ecef9d1c9afe5ebdafadde8369065ba5?s=96&d=mm&r=g\",\"caption\":\"Orlando Gonzalez\"},\"description\":\"H\u00e1 29 anos na cobertura do esporte de Maring\u00e1. Plant\u00e3o e narrador esportivo. Presta\u00e7\u00e3o de assessoria de imprensa esportiva, cobertura e transmiss\u00f5es ao vivo de eventos esportivos. E-mail: orlandogonzalez.assessoria@gmail.com WhatsApp: (44) 9 9126-6119\",\"sameAs\":[\"http:\/\/www.radiomaringa.com.br\/\",\"https:\/\/www.facebook.com\/profile.php?id=100011095815065\",\"https:\/\/www.instagram.com\/orlandomgonzalez\/\",\"https:\/\/br.pinterest.com\/ogonzalez0530\/\",\"https:\/\/x.com\/gonzalezorlando\",\"https:\/\/www.youtube.com\/channel\/UCvFpl55btth8wjnKiSS1ibA\",\"https:\/\/radiomaringaweb.tumblr.com\/\"],\"url\":\"https:\/\/maringapost.com.br\/orlandogonzalez\/author\/orlando\/\"}]}<\/script>\n<!-- \/ Yoast SEO Premium plugin. -->","yoast_head_json":{"title":"Nadadora Emily Bazan, da APAN Maring\u00e1, volta ap\u00f3s 6 meses nos EUA - Orlando Gonzalez","robots":{"index":"index","follow":"follow","max-snippet":"max-snippet:-1","max-image-preview":"max-image-preview:large","max-video-preview":"max-video-preview:-1"},"canonical":"https:\/\/maringapost.com.br\/orlandogonzalez\/2020\/02\/20\/nadadora-emily-bazan-da-apan-maringa-volta-apos-6-meses-nos-eua\/","og_locale":"pt_BR","og_type":"article","og_title":"Nadadora Emily Bazan, da APAN Maring\u00e1, volta ap\u00f3s 6 meses nos EUA","og_description":"Orlando Gonzalez A nadadora Emily Bazan, 17 anos, \u00e9 o refor\u00e7o da APAN Maring\u00e1 nas disputas do Torneio Regional, que acontece agora em mar\u00e7o, nas piscinas da Vila Ol\u00edmpica, em Maring\u00e1. Bazan esteve nos \u00faltimos seis meses residindo em Dallas, no Texas-EUA. Aproveitou para estudar, melhorar o ingl\u00eas e, \u00e9 claro, nadar. Emily retornou nesta [&hellip;]","og_url":"https:\/\/maringapost.com.br\/orlandogonzalez\/2020\/02\/20\/nadadora-emily-bazan-da-apan-maringa-volta-apos-6-meses-nos-eua\/","og_site_name":"Orlando Gonzalez","article_author":"https:\/\/www.facebook.com\/profile.php?id=100011095815065","article_published_time":"2020-02-21T02:07:06+00:00","article_modified_time":"2020-02-21T02:07:34+00:00","og_image":[{"width":960,"height":832,"url":"https:\/\/maringapost.com.br\/orlandogonzalez\/wp-content\/uploads\/sites\/17\/2020\/02\/emily1.jpg","type":"image\/jpeg"}],"author":"Orlando Gonzalez","twitter_card":"summary_large_image","twitter_creator":"@gonzalezorlando","twitter_misc":{"Escrito por":false},"schema":{"@context":"https:\/\/schema.org","@graph":[{"@type":"WebPage","@id":"https:\/\/maringapost.com.br\/orlandogonzalez\/2020\/02\/20\/nadadora-emily-bazan-da-apan-maringa-volta-apos-6-meses-nos-eua\/","url":"https:\/\/maringapost.com.br\/orlandogonzalez\/2020\/02\/20\/nadadora-emily-bazan-da-apan-maringa-volta-apos-6-meses-nos-eua\/","name":"Nadadora Emily Bazan, da APAN Maring\u00e1, volta ap\u00f3s 6 meses nos EUA - Orlando Gonzalez","isPartOf":{"@id":"https:\/\/maringapost.com.br\/orlandogonzalez\/#website"},"primaryImageOfPage":{"@id":"https:\/\/maringapost.com.br\/orlandogonzalez\/2020\/02\/20\/nadadora-emily-bazan-da-apan-maringa-volta-apos-6-meses-nos-eua\/#primaryimage"},"image":{"@id":"https:\/\/maringapost.com.br\/orlandogonzalez\/2020\/02\/20\/nadadora-emily-bazan-da-apan-maringa-volta-apos-6-meses-nos-eua\/#primaryimage"},"thumbnailUrl":"https:\/\/maringapost.com.br\/orlandogonzalez\/wp-content\/uploads\/sites\/17\/2020\/02\/emily1.jpg","datePublished":"2020-02-21T02:07:06+00:00","dateModified":"2020-02-21T02:07:34+00:00","author":{"@id":"https:\/\/maringapost.com.br\/orlandogonzalez\/#\/schema\/person\/5cbe6257d08edea6afc9ebaa613b0633"},"inLanguage":"pt-BR","potentialAction":[{"@type":"ReadAction","target":["https:\/\/maringapost.com.br\/orlandogonzalez\/2020\/02\/20\/nadadora-emily-bazan-da-apan-maringa-volta-apos-6-meses-nos-eua\/"]}]},{"@type":"ImageObject","inLanguage":"pt-BR","@id":"https:\/\/maringapost.com.br\/orlandogonzalez\/2020\/02\/20\/nadadora-emily-bazan-da-apan-maringa-volta-apos-6-meses-nos-eua\/#primaryimage","url":"https:\/\/maringapost.com.br\/orlandogonzalez\/wp-content\/uploads\/sites\/17\/2020\/02\/emily1.jpg","contentUrl":"https:\/\/maringapost.com.br\/orlandogonzalez\/wp-content\/uploads\/sites\/17\/2020\/02\/emily1.jpg","width":960,"height":832},{"@type":"WebSite","@id":"https:\/\/maringapost.com.br\/orlandogonzalez\/#website","url":"https:\/\/maringapost.com.br\/orlandogonzalez\/","name":"Orlando Gonzalez","description":"Destaca o esporte de Maring\u00e1! Destaca o esporte do Paran\u00e1! Destaca o esporte do Brasil!","potentialAction":[{"@type":"SearchAction","target":{"@type":"EntryPoint","urlTemplate":"https:\/\/maringapost.com.br\/orlandogonzalez\/?s={search_term_string}"},"query-input":"required name=search_term_string"}],"inLanguage":"pt-BR"},{"@type":"Person","@id":"https:\/\/maringapost.com.br\/orlandogonzalez\/#\/schema\/person\/5cbe6257d08edea6afc9ebaa613b0633","name":"Orlando Gonzalez","image":{"@type":"ImageObject","inLanguage":"pt-BR","@id":"https:\/\/maringapost.com.br\/orlandogonzalez\/#\/schema\/person\/image\/","url":"https:\/\/secure.gravatar.com\/avatar\/ecef9d1c9afe5ebdafadde8369065ba5?s=96&d=mm&r=g","contentUrl":"https:\/\/secure.gravatar.com\/avatar\/ecef9d1c9afe5ebdafadde8369065ba5?s=96&d=mm&r=g","caption":"Orlando Gonzalez"},"description":"H\u00e1 29 anos na cobertura do esporte de Maring\u00e1. Plant\u00e3o e narrador esportivo. Presta\u00e7\u00e3o de assessoria de imprensa esportiva, cobertura e transmiss\u00f5es ao vivo de eventos esportivos. E-mail: orlandogonzalez.assessoria@gmail.com WhatsApp: (44) 9 9126-6119","sameAs":["http:\/\/www.radiomaringa.com.br\/","https:\/\/www.facebook.com\/profile.php?id=100011095815065","https:\/\/www.instagram.com\/orlandomgonzalez\/","https:\/\/br.pinterest.com\/ogonzalez0530\/","https:\/\/x.com\/gonzalezorlando","https:\/\/www.youtube.com\/channel\/UCvFpl55btth8wjnKiSS1ibA","https:\/\/radiomaringaweb.tumblr.com\/"],"url":"https:\/\/maringapost.com.br\/orlandogonzalez\/author\/orlando\/"}]}},"_links":{"self":[{"href":"https:\/\/maringapost.com.br\/orlandogonzalez\/wp-json\/wp\/v2\/posts\/33067"}],"collection":[{"href":"https:\/\/maringapost.com.br\/orlandogonzalez\/wp-json\/wp\/v2\/posts"}],"about":[{"href":"https:\/\/maringapost.com.br\/orlandogonzalez\/wp-json\/wp\/v2\/types\/post"}],"author":[{"embeddable":true,"href":"https:\/\/maringapost.com.br\/orlandogonzalez\/wp-json\/wp\/v2\/users\/6307"}],"replies":[{"embeddable":true,"href":"https:\/\/maringapost.com.br\/orlandogonzalez\/wp-json\/wp\/v2\/comments?post=33067"}],"version-history":[{"count":1,"href":"https:\/\/maringapost.com.br\/orlandogonzalez\/wp-json\/wp\/v2\/posts\/33067\/revisions"}],"predecessor-version":[{"id":33072,"href":"https:\/\/maringapost.com.br\/orlandogonzalez\/wp-json\/wp\/v2\/posts\/33067\/revisions\/33072"}],"wp:featuredmedia":[{"embeddable":true,"href":"https:\/\/maringapost.com.br\/orlandogonzalez\/wp-json\/wp\/v2\/media\/33071"}],"wp:attachment":[{"href":"https:\/\/maringapost.com.br\/orlandogonzalez\/wp-json\/wp\/v2\/media?parent=33067"}],"wp:term":[{"taxonomy":"category","embeddable":true,"href":"https:\/\/maringapost.com.br\/orlandogonzalez\/wp-json\/wp\/v2\/categories?post=33067"},{"taxonomy":"post_tag","embeddable":true,"href":"https:\/\/maringapost.com.br\/orlandogonzalez\/wp-json\/wp\/v2\/tags?post=33067"}],"curies":[{"name":"wp","href":"https:\/\/api.w.org\/{rel}","templated":true}]}}