{"id":32258,"date":"2020-01-05T10:19:53","date_gmt":"2020-01-05T13:19:53","guid":{"rendered":"http:\/\/maringapost.com.br\/orlandogonzalez\/?p=32258"},"modified":"2020-01-05T10:19:53","modified_gmt":"2020-01-05T13:19:53","slug":"esporte-maringa-coluna-orlando-gonzalez-5-1","status":"publish","type":"post","link":"https:\/\/maringapost.com.br\/orlandogonzalez\/2020\/01\/05\/esporte-maringa-coluna-orlando-gonzalez-5-1\/","title":{"rendered":"ESPORTE MARING\u00c1 &#8211; Coluna Orlando Gonzalez &#8211; 5\/1"},"content":{"rendered":"<p style=\"text-align: center\"><strong>NO LITORAL CATARINENSE<\/strong><br \/>\n<strong>Curte f\u00e9rias no litoral catarinense, em Balne\u00e1rio Cambori\u00fa, a l\u00edbero Bianca Marcely, do Projeto V\u00f4lei Maring\u00e1.<\/strong><\/p>\n<p><strong>TIME PROFISSIONAL<\/strong><br \/>\nParece que o Maring\u00e1 Futebol Clube far\u00e1 avalia\u00e7\u00e3o com jogadores interessados em ingressar no time profissional para as disputas do Campeonato Paranaense da Segunda Divis\u00e3o. Ser\u00e1?<\/p>\n<p><strong>CAMPEONATO COMPLICADO<\/strong><br \/>\nA Segundona \u00e9 fraca tecnicamente, mas tamb\u00e9m n\u00e3o acredito que seja t\u00e3o f\u00e1cil assim garantir o acesso. Ser\u00e1 que j\u00e1 se esqueceram de como o Tricolor, h\u00e1 algum anos, ent\u00e3o na Segundona, voltou \u00e0 Primeira Divis\u00e3o Estadual?<\/p>\n<p><strong>MARING\u00c1 V\u00d4LEI<\/strong><br \/>\nA obriga\u00e7\u00e3o \u00e9 fazer a vit\u00f3ria contra o Blumenau-SC, dia 8 no Gin\u00e1sio Chico Neto. Somente vencendo os concorrentes diretos, o Denk Maring\u00e1 V\u00f4lei continuar\u00e1 com chances de avan\u00e7ar \u00e0 segunda fase da competi\u00e7\u00e3o.<\/p>\n<p><strong>TIME \u00c9 FRACO<\/strong><br \/>\nEspecialistas j\u00e1 dizem que o atual elenco do Maring\u00e1 V\u00f4lei \u00e9 mais fraco em rela\u00e7\u00e3o ao time que disputou a temporada 2018\/19 da Superliga masculina. Vamos aguardar&#8230; Ainda \u00e9 in\u00edcio de temporada.<\/p>\n<p><strong>ALI\u00c1S&#8230;<\/strong><br \/>\n\u00c9 um absurdo a altura do som no Gin\u00e1sio Chico Neto. \u00c9 para surdos ou para deixar \u00b4todo mundo\u00b4 surdo. At\u00e9 entendo que isso espanta a torcida.<\/p>\n<p><strong>R\u00c1DIO MARING\u00c1<\/strong><br \/>\nNot\u00edcias do esporte local, estadual e nacional o internauta confere no nosso Portal R\u00e1dio Maring\u00e1 &#8211; www.radiomaringa.com.br -, o mais acessado de Maring\u00e1.<\/p>\n<p><strong>NA COPA S\u00c3O PAULO<\/strong><br \/>\nO Paran\u00e1 tem cinco representantes na Copa S\u00e3o Paulo de Juniores: Londrina e Oper\u00e1rio (interior), Athletico, Coritiba e Paran\u00e1 Clube (capital).<\/p>\n","protected":false},"excerpt":{"rendered":"<p>NO LITORAL CATARINENSE Curte f\u00e9rias no litoral catarinense, em Balne\u00e1rio Cambori\u00fa, a l\u00edbero Bianca Marcely, do Projeto V\u00f4lei Maring\u00e1. TIME PROFISSIONAL Parece que o Maring\u00e1 Futebol Clube far\u00e1 avalia\u00e7\u00e3o com jogadores interessados em ingressar no time profissional para as disputas do Campeonato Paranaense da Segunda Divis\u00e3o. Ser\u00e1? CAMPEONATO COMPLICADO A Segundona \u00e9 fraca tecnicamente, mas [&hellip;]<\/p>\n","protected":false},"author":6307,"featured_media":32259,"comment_status":"closed","ping_status":"open","sticky":false,"template":"","format":"standard","meta":{"_exactmetrics_skip_tracking":false,"_exactmetrics_sitenote_active":false,"_exactmetrics_sitenote_note":"","_exactmetrics_sitenote_category":0,"footnotes":""},"categories":[1148],"tags":[47],"yoast_head":"<!-- This site is optimized with the Yoast SEO Premium plugin v22.7 (Yoast SEO v22.7) - https:\/\/yoast.com\/wordpress\/plugins\/seo\/ -->\n<title>ESPORTE MARING\u00c1 - Coluna Orlando Gonzalez - 5\/1 - Orlando Gonzalez<\/title>\n<meta name=\"robots\" content=\"index, follow, max-snippet:-1, max-image-preview:large, max-video-preview:-1\" \/>\n<link rel=\"canonical\" href=\"https:\/\/maringapost.com.br\/orlandogonzalez\/2020\/01\/05\/esporte-maringa-coluna-orlando-gonzalez-5-1\/\" \/>\n<meta property=\"og:locale\" content=\"pt_BR\" \/>\n<meta property=\"og:type\" content=\"article\" \/>\n<meta property=\"og:title\" content=\"ESPORTE MARING\u00c1 - Coluna Orlando Gonzalez - 5\/1\" \/>\n<meta property=\"og:description\" content=\"NO LITORAL CATARINENSE Curte f\u00e9rias no litoral catarinense, em Balne\u00e1rio Cambori\u00fa, a l\u00edbero Bianca Marcely, do Projeto V\u00f4lei Maring\u00e1. TIME PROFISSIONAL Parece que o Maring\u00e1 Futebol Clube far\u00e1 avalia\u00e7\u00e3o com jogadores interessados em ingressar no time profissional para as disputas do Campeonato Paranaense da Segunda Divis\u00e3o. Ser\u00e1? CAMPEONATO COMPLICADO A Segundona \u00e9 fraca tecnicamente, mas [&hellip;]\" \/>\n<meta property=\"og:url\" content=\"https:\/\/maringapost.com.br\/orlandogonzalez\/2020\/01\/05\/esporte-maringa-coluna-orlando-gonzalez-5-1\/\" \/>\n<meta property=\"og:site_name\" content=\"Orlando Gonzalez\" \/>\n<meta property=\"article:author\" content=\"https:\/\/www.facebook.com\/profile.php?id=100011095815065\" \/>\n<meta property=\"article:published_time\" content=\"2020-01-05T13:19:53+00:00\" \/>\n<meta property=\"og:image\" content=\"https:\/\/maringapost.com.br\/orlandogonzalez\/wp-content\/uploads\/sites\/17\/2020\/01\/volei_bianca.jpg\" \/>\n\t<meta property=\"og:image:width\" content=\"475\" \/>\n\t<meta property=\"og:image:height\" content=\"471\" \/>\n\t<meta property=\"og:image:type\" content=\"image\/jpeg\" \/>\n<meta name=\"author\" content=\"Orlando Gonzalez\" \/>\n<meta name=\"twitter:card\" content=\"summary_large_image\" \/>\n<meta name=\"twitter:creator\" content=\"@gonzalezorlando\" \/>\n<meta name=\"twitter:label1\" content=\"Escrito por\" \/>\n\t<meta name=\"twitter:data1\" content=\"\" \/>\n\t<meta name=\"twitter:label2\" content=\"Est. tempo de leitura\" \/>\n\t<meta name=\"twitter:data2\" content=\"1 minuto\" \/>\n<script type=\"application\/ld+json\" class=\"yoast-schema-graph\">{\"@context\":\"https:\/\/schema.org\",\"@graph\":[{\"@type\":\"WebPage\",\"@id\":\"https:\/\/maringapost.com.br\/orlandogonzalez\/2020\/01\/05\/esporte-maringa-coluna-orlando-gonzalez-5-1\/\",\"url\":\"https:\/\/maringapost.com.br\/orlandogonzalez\/2020\/01\/05\/esporte-maringa-coluna-orlando-gonzalez-5-1\/\",\"name\":\"ESPORTE MARING\u00c1 - Coluna Orlando Gonzalez - 5\/1 - Orlando Gonzalez\",\"isPartOf\":{\"@id\":\"https:\/\/maringapost.com.br\/orlandogonzalez\/#website\"},\"primaryImageOfPage\":{\"@id\":\"https:\/\/maringapost.com.br\/orlandogonzalez\/2020\/01\/05\/esporte-maringa-coluna-orlando-gonzalez-5-1\/#primaryimage\"},\"image\":{\"@id\":\"https:\/\/maringapost.com.br\/orlandogonzalez\/2020\/01\/05\/esporte-maringa-coluna-orlando-gonzalez-5-1\/#primaryimage\"},\"thumbnailUrl\":\"https:\/\/maringapost.com.br\/orlandogonzalez\/wp-content\/uploads\/sites\/17\/2020\/01\/volei_bianca.jpg\",\"datePublished\":\"2020-01-05T13:19:53+00:00\",\"dateModified\":\"2020-01-05T13:19:53+00:00\",\"author\":{\"@id\":\"https:\/\/maringapost.com.br\/orlandogonzalez\/#\/schema\/person\/5cbe6257d08edea6afc9ebaa613b0633\"},\"inLanguage\":\"pt-BR\",\"potentialAction\":[{\"@type\":\"ReadAction\",\"target\":[\"https:\/\/maringapost.com.br\/orlandogonzalez\/2020\/01\/05\/esporte-maringa-coluna-orlando-gonzalez-5-1\/\"]}]},{\"@type\":\"ImageObject\",\"inLanguage\":\"pt-BR\",\"@id\":\"https:\/\/maringapost.com.br\/orlandogonzalez\/2020\/01\/05\/esporte-maringa-coluna-orlando-gonzalez-5-1\/#primaryimage\",\"url\":\"https:\/\/maringapost.com.br\/orlandogonzalez\/wp-content\/uploads\/sites\/17\/2020\/01\/volei_bianca.jpg\",\"contentUrl\":\"https:\/\/maringapost.com.br\/orlandogonzalez\/wp-content\/uploads\/sites\/17\/2020\/01\/volei_bianca.jpg\",\"width\":475,\"height\":471},{\"@type\":\"WebSite\",\"@id\":\"https:\/\/maringapost.com.br\/orlandogonzalez\/#website\",\"url\":\"https:\/\/maringapost.com.br\/orlandogonzalez\/\",\"name\":\"Orlando Gonzalez\",\"description\":\"Destaca o esporte de Maring\u00e1! Destaca o esporte do Paran\u00e1! Destaca o esporte do Brasil!\",\"potentialAction\":[{\"@type\":\"SearchAction\",\"target\":{\"@type\":\"EntryPoint\",\"urlTemplate\":\"https:\/\/maringapost.com.br\/orlandogonzalez\/?s={search_term_string}\"},\"query-input\":\"required name=search_term_string\"}],\"inLanguage\":\"pt-BR\"},{\"@type\":\"Person\",\"@id\":\"https:\/\/maringapost.com.br\/orlandogonzalez\/#\/schema\/person\/5cbe6257d08edea6afc9ebaa613b0633\",\"name\":\"Orlando Gonzalez\",\"image\":{\"@type\":\"ImageObject\",\"inLanguage\":\"pt-BR\",\"@id\":\"https:\/\/maringapost.com.br\/orlandogonzalez\/#\/schema\/person\/image\/\",\"url\":\"https:\/\/secure.gravatar.com\/avatar\/ecef9d1c9afe5ebdafadde8369065ba5?s=96&d=mm&r=g\",\"contentUrl\":\"https:\/\/secure.gravatar.com\/avatar\/ecef9d1c9afe5ebdafadde8369065ba5?s=96&d=mm&r=g\",\"caption\":\"Orlando Gonzalez\"},\"description\":\"H\u00e1 29 anos na cobertura do esporte de Maring\u00e1. Plant\u00e3o e narrador esportivo. Presta\u00e7\u00e3o de assessoria de imprensa esportiva, cobertura e transmiss\u00f5es ao vivo de eventos esportivos. E-mail: orlandogonzalez.assessoria@gmail.com WhatsApp: (44) 9 9126-6119\",\"sameAs\":[\"http:\/\/www.radiomaringa.com.br\/\",\"https:\/\/www.facebook.com\/profile.php?id=100011095815065\",\"https:\/\/www.instagram.com\/orlandomgonzalez\/\",\"https:\/\/br.pinterest.com\/ogonzalez0530\/\",\"https:\/\/x.com\/gonzalezorlando\",\"https:\/\/www.youtube.com\/channel\/UCvFpl55btth8wjnKiSS1ibA\",\"https:\/\/radiomaringaweb.tumblr.com\/\"],\"url\":\"https:\/\/maringapost.com.br\/orlandogonzalez\/author\/orlando\/\"}]}<\/script>\n<!-- \/ Yoast SEO Premium plugin. -->","yoast_head_json":{"title":"ESPORTE MARING\u00c1 - Coluna Orlando Gonzalez - 5\/1 - Orlando Gonzalez","robots":{"index":"index","follow":"follow","max-snippet":"max-snippet:-1","max-image-preview":"max-image-preview:large","max-video-preview":"max-video-preview:-1"},"canonical":"https:\/\/maringapost.com.br\/orlandogonzalez\/2020\/01\/05\/esporte-maringa-coluna-orlando-gonzalez-5-1\/","og_locale":"pt_BR","og_type":"article","og_title":"ESPORTE MARING\u00c1 - Coluna Orlando Gonzalez - 5\/1","og_description":"NO LITORAL CATARINENSE Curte f\u00e9rias no litoral catarinense, em Balne\u00e1rio Cambori\u00fa, a l\u00edbero Bianca Marcely, do Projeto V\u00f4lei Maring\u00e1. TIME PROFISSIONAL Parece que o Maring\u00e1 Futebol Clube far\u00e1 avalia\u00e7\u00e3o com jogadores interessados em ingressar no time profissional para as disputas do Campeonato Paranaense da Segunda Divis\u00e3o. Ser\u00e1? CAMPEONATO COMPLICADO A Segundona \u00e9 fraca tecnicamente, mas [&hellip;]","og_url":"https:\/\/maringapost.com.br\/orlandogonzalez\/2020\/01\/05\/esporte-maringa-coluna-orlando-gonzalez-5-1\/","og_site_name":"Orlando Gonzalez","article_author":"https:\/\/www.facebook.com\/profile.php?id=100011095815065","article_published_time":"2020-01-05T13:19:53+00:00","og_image":[{"width":475,"height":471,"url":"https:\/\/maringapost.com.br\/orlandogonzalez\/wp-content\/uploads\/sites\/17\/2020\/01\/volei_bianca.jpg","type":"image\/jpeg"}],"author":"Orlando Gonzalez","twitter_card":"summary_large_image","twitter_creator":"@gonzalezorlando","twitter_misc":{"Escrito por":false,"Est. tempo de leitura":"1 minuto"},"schema":{"@context":"https:\/\/schema.org","@graph":[{"@type":"WebPage","@id":"https:\/\/maringapost.com.br\/orlandogonzalez\/2020\/01\/05\/esporte-maringa-coluna-orlando-gonzalez-5-1\/","url":"https:\/\/maringapost.com.br\/orlandogonzalez\/2020\/01\/05\/esporte-maringa-coluna-orlando-gonzalez-5-1\/","name":"ESPORTE MARING\u00c1 - Coluna Orlando Gonzalez - 5\/1 - Orlando Gonzalez","isPartOf":{"@id":"https:\/\/maringapost.com.br\/orlandogonzalez\/#website"},"primaryImageOfPage":{"@id":"https:\/\/maringapost.com.br\/orlandogonzalez\/2020\/01\/05\/esporte-maringa-coluna-orlando-gonzalez-5-1\/#primaryimage"},"image":{"@id":"https:\/\/maringapost.com.br\/orlandogonzalez\/2020\/01\/05\/esporte-maringa-coluna-orlando-gonzalez-5-1\/#primaryimage"},"thumbnailUrl":"https:\/\/maringapost.com.br\/orlandogonzalez\/wp-content\/uploads\/sites\/17\/2020\/01\/volei_bianca.jpg","datePublished":"2020-01-05T13:19:53+00:00","dateModified":"2020-01-05T13:19:53+00:00","author":{"@id":"https:\/\/maringapost.com.br\/orlandogonzalez\/#\/schema\/person\/5cbe6257d08edea6afc9ebaa613b0633"},"inLanguage":"pt-BR","potentialAction":[{"@type":"ReadAction","target":["https:\/\/maringapost.com.br\/orlandogonzalez\/2020\/01\/05\/esporte-maringa-coluna-orlando-gonzalez-5-1\/"]}]},{"@type":"ImageObject","inLanguage":"pt-BR","@id":"https:\/\/maringapost.com.br\/orlandogonzalez\/2020\/01\/05\/esporte-maringa-coluna-orlando-gonzalez-5-1\/#primaryimage","url":"https:\/\/maringapost.com.br\/orlandogonzalez\/wp-content\/uploads\/sites\/17\/2020\/01\/volei_bianca.jpg","contentUrl":"https:\/\/maringapost.com.br\/orlandogonzalez\/wp-content\/uploads\/sites\/17\/2020\/01\/volei_bianca.jpg","width":475,"height":471},{"@type":"WebSite","@id":"https:\/\/maringapost.com.br\/orlandogonzalez\/#website","url":"https:\/\/maringapost.com.br\/orlandogonzalez\/","name":"Orlando Gonzalez","description":"Destaca o esporte de Maring\u00e1! Destaca o esporte do Paran\u00e1! Destaca o esporte do Brasil!","potentialAction":[{"@type":"SearchAction","target":{"@type":"EntryPoint","urlTemplate":"https:\/\/maringapost.com.br\/orlandogonzalez\/?s={search_term_string}"},"query-input":"required name=search_term_string"}],"inLanguage":"pt-BR"},{"@type":"Person","@id":"https:\/\/maringapost.com.br\/orlandogonzalez\/#\/schema\/person\/5cbe6257d08edea6afc9ebaa613b0633","name":"Orlando Gonzalez","image":{"@type":"ImageObject","inLanguage":"pt-BR","@id":"https:\/\/maringapost.com.br\/orlandogonzalez\/#\/schema\/person\/image\/","url":"https:\/\/secure.gravatar.com\/avatar\/ecef9d1c9afe5ebdafadde8369065ba5?s=96&d=mm&r=g","contentUrl":"https:\/\/secure.gravatar.com\/avatar\/ecef9d1c9afe5ebdafadde8369065ba5?s=96&d=mm&r=g","caption":"Orlando Gonzalez"},"description":"H\u00e1 29 anos na cobertura do esporte de Maring\u00e1. Plant\u00e3o e narrador esportivo. Presta\u00e7\u00e3o de assessoria de imprensa esportiva, cobertura e transmiss\u00f5es ao vivo de eventos esportivos. E-mail: orlandogonzalez.assessoria@gmail.com WhatsApp: (44) 9 9126-6119","sameAs":["http:\/\/www.radiomaringa.com.br\/","https:\/\/www.facebook.com\/profile.php?id=100011095815065","https:\/\/www.instagram.com\/orlandomgonzalez\/","https:\/\/br.pinterest.com\/ogonzalez0530\/","https:\/\/x.com\/gonzalezorlando","https:\/\/www.youtube.com\/channel\/UCvFpl55btth8wjnKiSS1ibA","https:\/\/radiomaringaweb.tumblr.com\/"],"url":"https:\/\/maringapost.com.br\/orlandogonzalez\/author\/orlando\/"}]}},"_links":{"self":[{"href":"https:\/\/maringapost.com.br\/orlandogonzalez\/wp-json\/wp\/v2\/posts\/32258"}],"collection":[{"href":"https:\/\/maringapost.com.br\/orlandogonzalez\/wp-json\/wp\/v2\/posts"}],"about":[{"href":"https:\/\/maringapost.com.br\/orlandogonzalez\/wp-json\/wp\/v2\/types\/post"}],"author":[{"embeddable":true,"href":"https:\/\/maringapost.com.br\/orlandogonzalez\/wp-json\/wp\/v2\/users\/6307"}],"replies":[{"embeddable":true,"href":"https:\/\/maringapost.com.br\/orlandogonzalez\/wp-json\/wp\/v2\/comments?post=32258"}],"version-history":[{"count":1,"href":"https:\/\/maringapost.com.br\/orlandogonzalez\/wp-json\/wp\/v2\/posts\/32258\/revisions"}],"predecessor-version":[{"id":32260,"href":"https:\/\/maringapost.com.br\/orlandogonzalez\/wp-json\/wp\/v2\/posts\/32258\/revisions\/32260"}],"wp:featuredmedia":[{"embeddable":true,"href":"https:\/\/maringapost.com.br\/orlandogonzalez\/wp-json\/wp\/v2\/media\/32259"}],"wp:attachment":[{"href":"https:\/\/maringapost.com.br\/orlandogonzalez\/wp-json\/wp\/v2\/media?parent=32258"}],"wp:term":[{"taxonomy":"category","embeddable":true,"href":"https:\/\/maringapost.com.br\/orlandogonzalez\/wp-json\/wp\/v2\/categories?post=32258"},{"taxonomy":"post_tag","embeddable":true,"href":"https:\/\/maringapost.com.br\/orlandogonzalez\/wp-json\/wp\/v2\/tags?post=32258"}],"curies":[{"name":"wp","href":"https:\/\/api.w.org\/{rel}","templated":true}]}}