{"id":32082,"date":"2019-12-16T14:20:25","date_gmt":"2019-12-16T17:20:25","guid":{"rendered":"http:\/\/maringapost.com.br\/orlandogonzalez\/?p=32082"},"modified":"2019-12-16T14:20:25","modified_gmt":"2019-12-16T17:20:25","slug":"weverton-holanda-o-destaque-do-basquete-de-maringa-em-2019","status":"publish","type":"post","link":"https:\/\/maringapost.com.br\/orlandogonzalez\/2019\/12\/16\/weverton-holanda-o-destaque-do-basquete-de-maringa-em-2019\/","title":{"rendered":"Weverton Holanda, o destaque do basquete de Maring\u00e1 em 2019"},"content":{"rendered":"<p><em>Orlando Gonzalez<\/em><br \/>\nO ala e piv\u00f4 Weverton Holanda, 25 anos, foi o atleta que apresentou melhor desempenho em defesa do time de basquete masculino de Maring\u00e1 em competi\u00e7\u00f5es oficiais na temporada 2019, segundo os profissionais da comiss\u00e3o t\u00e9cnica maringaense.<\/p>\n<p>Em 2019, Holanda atuou pela equipe campe\u00e3 estadual da S\u00e9rie Prata.<\/p>\n<p><a href=\"https:\/\/radiomaringa.com.br\/noticia\/621234\/weverton-holanda-o-melhor-do-basquete-de-maringa-em-2019\" target=\"_blank\" rel=\"noopener noreferrer\">MAIS&#8230;<\/a><\/p>\n","protected":false},"excerpt":{"rendered":"<p>Orlando Gonzalez O ala e piv\u00f4 Weverton Holanda, 25 anos, foi o atleta que apresentou melhor desempenho em defesa do time de basquete masculino de Maring\u00e1 em competi\u00e7\u00f5es oficiais na temporada 2019, segundo os profissionais da comiss\u00e3o t\u00e9cnica maringaense. Em 2019, Holanda atuou pela equipe campe\u00e3 estadual da S\u00e9rie Prata. MAIS&#8230;<\/p>\n","protected":false},"author":6307,"featured_media":32083,"comment_status":"closed","ping_status":"open","sticky":false,"template":"","format":"standard","meta":{"_exactmetrics_skip_tracking":false,"_exactmetrics_sitenote_active":false,"_exactmetrics_sitenote_note":"","_exactmetrics_sitenote_category":0,"footnotes":""},"categories":[1067],"tags":[3400],"yoast_head":"<!-- This site is optimized with the Yoast SEO Premium plugin v22.7 (Yoast SEO v22.7) - https:\/\/yoast.com\/wordpress\/plugins\/seo\/ -->\n<title>Weverton Holanda, o destaque do basquete de Maring\u00e1 em 2019 - Orlando Gonzalez<\/title>\n<meta name=\"robots\" content=\"index, follow, max-snippet:-1, max-image-preview:large, max-video-preview:-1\" \/>\n<link rel=\"canonical\" href=\"https:\/\/maringapost.com.br\/orlandogonzalez\/2019\/12\/16\/weverton-holanda-o-destaque-do-basquete-de-maringa-em-2019\/\" \/>\n<meta property=\"og:locale\" content=\"pt_BR\" \/>\n<meta property=\"og:type\" content=\"article\" \/>\n<meta property=\"og:title\" content=\"Weverton Holanda, o destaque do basquete de Maring\u00e1 em 2019\" \/>\n<meta property=\"og:description\" content=\"Orlando Gonzalez O ala e piv\u00f4 Weverton Holanda, 25 anos, foi o atleta que apresentou melhor desempenho em defesa do time de basquete masculino de Maring\u00e1 em competi\u00e7\u00f5es oficiais na temporada 2019, segundo os profissionais da comiss\u00e3o t\u00e9cnica maringaense. Em 2019, Holanda atuou pela equipe campe\u00e3 estadual da S\u00e9rie Prata. MAIS&#8230;\" \/>\n<meta property=\"og:url\" content=\"https:\/\/maringapost.com.br\/orlandogonzalez\/2019\/12\/16\/weverton-holanda-o-destaque-do-basquete-de-maringa-em-2019\/\" \/>\n<meta property=\"og:site_name\" content=\"Orlando Gonzalez\" \/>\n<meta property=\"article:author\" content=\"https:\/\/www.facebook.com\/profile.php?id=100011095815065\" \/>\n<meta property=\"article:published_time\" content=\"2019-12-16T17:20:25+00:00\" \/>\n<meta property=\"og:image\" content=\"https:\/\/maringapost.com.br\/orlandogonzalez\/wp-content\/uploads\/sites\/17\/2019\/12\/WEVERTON.jpg\" \/>\n\t<meta property=\"og:image:width\" content=\"640\" \/>\n\t<meta property=\"og:image:height\" content=\"640\" \/>\n\t<meta property=\"og:image:type\" content=\"image\/jpeg\" \/>\n<meta name=\"author\" content=\"Orlando Gonzalez\" \/>\n<meta name=\"twitter:card\" content=\"summary_large_image\" \/>\n<meta name=\"twitter:creator\" content=\"@gonzalezorlando\" \/>\n<meta name=\"twitter:label1\" content=\"Escrito por\" \/>\n\t<meta name=\"twitter:data1\" content=\"\" \/>\n<script type=\"application\/ld+json\" class=\"yoast-schema-graph\">{\"@context\":\"https:\/\/schema.org\",\"@graph\":[{\"@type\":\"WebPage\",\"@id\":\"https:\/\/maringapost.com.br\/orlandogonzalez\/2019\/12\/16\/weverton-holanda-o-destaque-do-basquete-de-maringa-em-2019\/\",\"url\":\"https:\/\/maringapost.com.br\/orlandogonzalez\/2019\/12\/16\/weverton-holanda-o-destaque-do-basquete-de-maringa-em-2019\/\",\"name\":\"Weverton Holanda, o destaque do basquete de Maring\u00e1 em 2019 - Orlando Gonzalez\",\"isPartOf\":{\"@id\":\"https:\/\/maringapost.com.br\/orlandogonzalez\/#website\"},\"primaryImageOfPage\":{\"@id\":\"https:\/\/maringapost.com.br\/orlandogonzalez\/2019\/12\/16\/weverton-holanda-o-destaque-do-basquete-de-maringa-em-2019\/#primaryimage\"},\"image\":{\"@id\":\"https:\/\/maringapost.com.br\/orlandogonzalez\/2019\/12\/16\/weverton-holanda-o-destaque-do-basquete-de-maringa-em-2019\/#primaryimage\"},\"thumbnailUrl\":\"https:\/\/maringapost.com.br\/orlandogonzalez\/wp-content\/uploads\/sites\/17\/2019\/12\/WEVERTON.jpg\",\"datePublished\":\"2019-12-16T17:20:25+00:00\",\"dateModified\":\"2019-12-16T17:20:25+00:00\",\"author\":{\"@id\":\"https:\/\/maringapost.com.br\/orlandogonzalez\/#\/schema\/person\/5cbe6257d08edea6afc9ebaa613b0633\"},\"inLanguage\":\"pt-BR\",\"potentialAction\":[{\"@type\":\"ReadAction\",\"target\":[\"https:\/\/maringapost.com.br\/orlandogonzalez\/2019\/12\/16\/weverton-holanda-o-destaque-do-basquete-de-maringa-em-2019\/\"]}]},{\"@type\":\"ImageObject\",\"inLanguage\":\"pt-BR\",\"@id\":\"https:\/\/maringapost.com.br\/orlandogonzalez\/2019\/12\/16\/weverton-holanda-o-destaque-do-basquete-de-maringa-em-2019\/#primaryimage\",\"url\":\"https:\/\/maringapost.com.br\/orlandogonzalez\/wp-content\/uploads\/sites\/17\/2019\/12\/WEVERTON.jpg\",\"contentUrl\":\"https:\/\/maringapost.com.br\/orlandogonzalez\/wp-content\/uploads\/sites\/17\/2019\/12\/WEVERTON.jpg\",\"width\":640,\"height\":640},{\"@type\":\"WebSite\",\"@id\":\"https:\/\/maringapost.com.br\/orlandogonzalez\/#website\",\"url\":\"https:\/\/maringapost.com.br\/orlandogonzalez\/\",\"name\":\"Orlando Gonzalez\",\"description\":\"Destaca o esporte de Maring\u00e1! Destaca o esporte do Paran\u00e1! Destaca o esporte do Brasil!\",\"potentialAction\":[{\"@type\":\"SearchAction\",\"target\":{\"@type\":\"EntryPoint\",\"urlTemplate\":\"https:\/\/maringapost.com.br\/orlandogonzalez\/?s={search_term_string}\"},\"query-input\":\"required name=search_term_string\"}],\"inLanguage\":\"pt-BR\"},{\"@type\":\"Person\",\"@id\":\"https:\/\/maringapost.com.br\/orlandogonzalez\/#\/schema\/person\/5cbe6257d08edea6afc9ebaa613b0633\",\"name\":\"Orlando Gonzalez\",\"image\":{\"@type\":\"ImageObject\",\"inLanguage\":\"pt-BR\",\"@id\":\"https:\/\/maringapost.com.br\/orlandogonzalez\/#\/schema\/person\/image\/\",\"url\":\"https:\/\/secure.gravatar.com\/avatar\/ecef9d1c9afe5ebdafadde8369065ba5?s=96&d=mm&r=g\",\"contentUrl\":\"https:\/\/secure.gravatar.com\/avatar\/ecef9d1c9afe5ebdafadde8369065ba5?s=96&d=mm&r=g\",\"caption\":\"Orlando Gonzalez\"},\"description\":\"H\u00e1 29 anos na cobertura do esporte de Maring\u00e1. Plant\u00e3o e narrador esportivo. Presta\u00e7\u00e3o de assessoria de imprensa esportiva, cobertura e transmiss\u00f5es ao vivo de eventos esportivos. E-mail: orlandogonzalez.assessoria@gmail.com WhatsApp: (44) 9 9126-6119\",\"sameAs\":[\"http:\/\/www.radiomaringa.com.br\/\",\"https:\/\/www.facebook.com\/profile.php?id=100011095815065\",\"https:\/\/www.instagram.com\/orlandomgonzalez\/\",\"https:\/\/br.pinterest.com\/ogonzalez0530\/\",\"https:\/\/x.com\/gonzalezorlando\",\"https:\/\/www.youtube.com\/channel\/UCvFpl55btth8wjnKiSS1ibA\",\"https:\/\/radiomaringaweb.tumblr.com\/\"],\"url\":\"https:\/\/maringapost.com.br\/orlandogonzalez\/author\/orlando\/\"}]}<\/script>\n<!-- \/ Yoast SEO Premium plugin. -->","yoast_head_json":{"title":"Weverton Holanda, o destaque do basquete de Maring\u00e1 em 2019 - Orlando Gonzalez","robots":{"index":"index","follow":"follow","max-snippet":"max-snippet:-1","max-image-preview":"max-image-preview:large","max-video-preview":"max-video-preview:-1"},"canonical":"https:\/\/maringapost.com.br\/orlandogonzalez\/2019\/12\/16\/weverton-holanda-o-destaque-do-basquete-de-maringa-em-2019\/","og_locale":"pt_BR","og_type":"article","og_title":"Weverton Holanda, o destaque do basquete de Maring\u00e1 em 2019","og_description":"Orlando Gonzalez O ala e piv\u00f4 Weverton Holanda, 25 anos, foi o atleta que apresentou melhor desempenho em defesa do time de basquete masculino de Maring\u00e1 em competi\u00e7\u00f5es oficiais na temporada 2019, segundo os profissionais da comiss\u00e3o t\u00e9cnica maringaense. Em 2019, Holanda atuou pela equipe campe\u00e3 estadual da S\u00e9rie Prata. MAIS&#8230;","og_url":"https:\/\/maringapost.com.br\/orlandogonzalez\/2019\/12\/16\/weverton-holanda-o-destaque-do-basquete-de-maringa-em-2019\/","og_site_name":"Orlando Gonzalez","article_author":"https:\/\/www.facebook.com\/profile.php?id=100011095815065","article_published_time":"2019-12-16T17:20:25+00:00","og_image":[{"width":640,"height":640,"url":"https:\/\/maringapost.com.br\/orlandogonzalez\/wp-content\/uploads\/sites\/17\/2019\/12\/WEVERTON.jpg","type":"image\/jpeg"}],"author":"Orlando Gonzalez","twitter_card":"summary_large_image","twitter_creator":"@gonzalezorlando","twitter_misc":{"Escrito por":false},"schema":{"@context":"https:\/\/schema.org","@graph":[{"@type":"WebPage","@id":"https:\/\/maringapost.com.br\/orlandogonzalez\/2019\/12\/16\/weverton-holanda-o-destaque-do-basquete-de-maringa-em-2019\/","url":"https:\/\/maringapost.com.br\/orlandogonzalez\/2019\/12\/16\/weverton-holanda-o-destaque-do-basquete-de-maringa-em-2019\/","name":"Weverton Holanda, o destaque do basquete de Maring\u00e1 em 2019 - Orlando Gonzalez","isPartOf":{"@id":"https:\/\/maringapost.com.br\/orlandogonzalez\/#website"},"primaryImageOfPage":{"@id":"https:\/\/maringapost.com.br\/orlandogonzalez\/2019\/12\/16\/weverton-holanda-o-destaque-do-basquete-de-maringa-em-2019\/#primaryimage"},"image":{"@id":"https:\/\/maringapost.com.br\/orlandogonzalez\/2019\/12\/16\/weverton-holanda-o-destaque-do-basquete-de-maringa-em-2019\/#primaryimage"},"thumbnailUrl":"https:\/\/maringapost.com.br\/orlandogonzalez\/wp-content\/uploads\/sites\/17\/2019\/12\/WEVERTON.jpg","datePublished":"2019-12-16T17:20:25+00:00","dateModified":"2019-12-16T17:20:25+00:00","author":{"@id":"https:\/\/maringapost.com.br\/orlandogonzalez\/#\/schema\/person\/5cbe6257d08edea6afc9ebaa613b0633"},"inLanguage":"pt-BR","potentialAction":[{"@type":"ReadAction","target":["https:\/\/maringapost.com.br\/orlandogonzalez\/2019\/12\/16\/weverton-holanda-o-destaque-do-basquete-de-maringa-em-2019\/"]}]},{"@type":"ImageObject","inLanguage":"pt-BR","@id":"https:\/\/maringapost.com.br\/orlandogonzalez\/2019\/12\/16\/weverton-holanda-o-destaque-do-basquete-de-maringa-em-2019\/#primaryimage","url":"https:\/\/maringapost.com.br\/orlandogonzalez\/wp-content\/uploads\/sites\/17\/2019\/12\/WEVERTON.jpg","contentUrl":"https:\/\/maringapost.com.br\/orlandogonzalez\/wp-content\/uploads\/sites\/17\/2019\/12\/WEVERTON.jpg","width":640,"height":640},{"@type":"WebSite","@id":"https:\/\/maringapost.com.br\/orlandogonzalez\/#website","url":"https:\/\/maringapost.com.br\/orlandogonzalez\/","name":"Orlando Gonzalez","description":"Destaca o esporte de Maring\u00e1! Destaca o esporte do Paran\u00e1! Destaca o esporte do Brasil!","potentialAction":[{"@type":"SearchAction","target":{"@type":"EntryPoint","urlTemplate":"https:\/\/maringapost.com.br\/orlandogonzalez\/?s={search_term_string}"},"query-input":"required name=search_term_string"}],"inLanguage":"pt-BR"},{"@type":"Person","@id":"https:\/\/maringapost.com.br\/orlandogonzalez\/#\/schema\/person\/5cbe6257d08edea6afc9ebaa613b0633","name":"Orlando Gonzalez","image":{"@type":"ImageObject","inLanguage":"pt-BR","@id":"https:\/\/maringapost.com.br\/orlandogonzalez\/#\/schema\/person\/image\/","url":"https:\/\/secure.gravatar.com\/avatar\/ecef9d1c9afe5ebdafadde8369065ba5?s=96&d=mm&r=g","contentUrl":"https:\/\/secure.gravatar.com\/avatar\/ecef9d1c9afe5ebdafadde8369065ba5?s=96&d=mm&r=g","caption":"Orlando Gonzalez"},"description":"H\u00e1 29 anos na cobertura do esporte de Maring\u00e1. Plant\u00e3o e narrador esportivo. Presta\u00e7\u00e3o de assessoria de imprensa esportiva, cobertura e transmiss\u00f5es ao vivo de eventos esportivos. E-mail: orlandogonzalez.assessoria@gmail.com WhatsApp: (44) 9 9126-6119","sameAs":["http:\/\/www.radiomaringa.com.br\/","https:\/\/www.facebook.com\/profile.php?id=100011095815065","https:\/\/www.instagram.com\/orlandomgonzalez\/","https:\/\/br.pinterest.com\/ogonzalez0530\/","https:\/\/x.com\/gonzalezorlando","https:\/\/www.youtube.com\/channel\/UCvFpl55btth8wjnKiSS1ibA","https:\/\/radiomaringaweb.tumblr.com\/"],"url":"https:\/\/maringapost.com.br\/orlandogonzalez\/author\/orlando\/"}]}},"_links":{"self":[{"href":"https:\/\/maringapost.com.br\/orlandogonzalez\/wp-json\/wp\/v2\/posts\/32082"}],"collection":[{"href":"https:\/\/maringapost.com.br\/orlandogonzalez\/wp-json\/wp\/v2\/posts"}],"about":[{"href":"https:\/\/maringapost.com.br\/orlandogonzalez\/wp-json\/wp\/v2\/types\/post"}],"author":[{"embeddable":true,"href":"https:\/\/maringapost.com.br\/orlandogonzalez\/wp-json\/wp\/v2\/users\/6307"}],"replies":[{"embeddable":true,"href":"https:\/\/maringapost.com.br\/orlandogonzalez\/wp-json\/wp\/v2\/comments?post=32082"}],"version-history":[{"count":1,"href":"https:\/\/maringapost.com.br\/orlandogonzalez\/wp-json\/wp\/v2\/posts\/32082\/revisions"}],"predecessor-version":[{"id":32084,"href":"https:\/\/maringapost.com.br\/orlandogonzalez\/wp-json\/wp\/v2\/posts\/32082\/revisions\/32084"}],"wp:featuredmedia":[{"embeddable":true,"href":"https:\/\/maringapost.com.br\/orlandogonzalez\/wp-json\/wp\/v2\/media\/32083"}],"wp:attachment":[{"href":"https:\/\/maringapost.com.br\/orlandogonzalez\/wp-json\/wp\/v2\/media?parent=32082"}],"wp:term":[{"taxonomy":"category","embeddable":true,"href":"https:\/\/maringapost.com.br\/orlandogonzalez\/wp-json\/wp\/v2\/categories?post=32082"},{"taxonomy":"post_tag","embeddable":true,"href":"https:\/\/maringapost.com.br\/orlandogonzalez\/wp-json\/wp\/v2\/tags?post=32082"}],"curies":[{"name":"wp","href":"https:\/\/api.w.org\/{rel}","templated":true}]}}